{"id":2853,"date":"2020-10-25T16:49:05","date_gmt":"2020-10-25T19:49:05","guid":{"rendered":"http:\/\/autosdelpodio.com\/autos\/?p=2853"},"modified":"2020-10-25T16:54:25","modified_gmt":"2020-10-25T19:54:25","slug":"panorama-definido-en-el-tc-mouras-y-tc-pista-mouras","status":"publish","type":"post","link":"http:\/\/autosdelpodio.com\/autos\/panorama-definido-en-el-tc-mouras-y-tc-pista-mouras\/","title":{"rendered":"Panorama definido en el TC Mouras y TC Pista Mouras"},"content":{"rendered":"\n<p>Tras las deserciones de los Ford de Mat\u00edas Frano y Agust\u00edn Martinez en el epilogo de la competencia, Bruno Boccanera con Chevrolet gan\u00f3 en el TC Mouras en una complicada final de la Etapa Regular en el Autodromo de La Plata.<br>Christian Ivan Ramos con Torino se llev\u00f3 la etapa regular tras arribar d\u00e9cimo en una competencia que tuvo bandera roja en el inicio y que finaliz\u00f3 por tiempo.<br>Previamente, en una carrera alocada debido a la condici\u00f3n de pista producto del mal clima tras 24 presentaciones en la categor\u00eda TC Pista Mouras lleg\u00f3 el primer triunfo para Alberto Jaime.La etapa regular para Rodrigo Gonzalez, quedar\u00e1 sujeta a la ratificaci\u00f3n o rectificaci\u00f3n del clasificador final que tuvo varias incidencias.<br>Sin descanso alguno pr\u00f3ximo fin de semana, la Copa de Oro y Plata comenzar\u00e1n en el mismo escenario bonaerense Roberto Mouras a lo que se sumar\u00e1 una nueva presentaci\u00f3n de las TC Pick Up.<\/p>\n\n\n\n<p><strong>Final TC Mouras<\/strong><\/p>\n\n\n\n<p><em>1\u00b0 129 BOCCANERA, BRUNO Chevrolet 14 52:00.703<br>2\u00b0 113 GANDULIA, GABRIEL Chevrolet 14 52:11.581 10.878<br>3\u00b0 100 REUTEMANN, IAN Dodge 14 52:11.759 11.056<br>4\u00b0 68 CANAPINO, MAT\u00cdAS Chevrolet 14 52:12.342 11.639<br>5\u00b0 92 BUNDZIAK, RUDI Ford 14 52:12.435 11.732<br>6\u00b0 98 REINOSO, BRAIAN Ford 14 52:14.554 13.851<br>7\u00b0 77 MACEIRA, JUAN IGNACIO Chevrolet 14 52:15.018 14.315<br>8\u00b0 14 MART\u00cdNEZ, AGUST\u00cdN Ford 14 52:15.386 14.683<br>9\u00b0 178 TOMASELLO, JUAN MANUEL Chevrolet 14 52:15.490 14.787<br>10\u00b0 103 RAMOS, CHRISTIAN IV\u00c1N Torino 14 52:17.874 17.171<br>11\u00b0 46 TETI, JER\u00d3NIMO Torino 14 52:20.368 19.665<br>12\u00b0 177 PILO, JUAN PABLO Chevrolet 14 52:24.001 23.298<br>13\u00b0 166 IGLESIAS, FERNANDO M. Chevrolet 14 52:30.122 29.419<br>14\u00b0 157 LIMA CAPITAO, AGUST\u00cdN Dodge 14 52:35.695 34.992<br>15\u00b0 55 GRANARA, RAMIRO Dodge 14 52:37.694 36.991<br>16\u00b0 37 TOMASELLO, JUAN JOS\u00c9 Chevrolet 13 51:02.036 1 VTA<br>17\u00b0 121 GHIRARDI, NICOL\u00c1S Ford 13 52:27.541 1 VTA<br>18\u00b0 107 VALLE, LUCAS Dodge 13 52:54.485 1 VTA<br>19\u00b0 18 LO VALVO, GAST\u00d3N Torino 13 53:43.750 1 VTA<br>20\u00b0 75 FRANO, MAT\u00cdAS Ford 12 48:19.030 2 VTAS<br>21\u00b0 45 LEGUIZAM\u00d3N, BALTAZAR Dodge 12 48:56.684 2 VTAS<br>22\u00b0 12 VIVOT, MAXIMILIANO Chevrolet 12 49:34.273 2 VTAS<br>23\u00b0 108 CONTA, GREGORIO Chevrolet 11 52:57.317 3 VTAS<br>24\u00b0 56 FRITZLER, OTTO Ford 3 28:46.101 11 VTAS<br>25\u00b0 79 CHAPUR, FACUNDO Ford 3 39:52.178 11 VTAS<br>26\u00b0 35 DANTI, DIEGO Chevrolet 1 25:31.142 13 VTAS<br>EXCLUIDO: NRO 193 (CASTRO) POR TOQUE AL NRO 45 (LEGUIZAMON)<\/em><br><\/p>\n\n\n\n<p><strong>Final TCPM<\/strong><\/p>\n\n\n\n<p><em>1\u00b0 188 JAIME, ALBERTO DANIEL Dodge 13 30:16.492<br>2\u00b0 187 P\u00c9REZ BRAVO, EMMANUEL Chevrolet 13 30:17.493 1.001<br>3\u00b0 71 BREZZO, TOM\u00c1S Chevrolet 13 30:23.424 6.932<br>4\u00b0 19 GONZ\u00c1LEZ, RODRIGO Ford 13 30:23.671 7.179<br>5\u00b0 177 QUIJADA, MARCOS Dodge 13 30:24.438 7.946<br>6\u00b0 9 FEITO , MAXIMILIANO Ford 13 30:29.245 12.753<br>7\u00b0 69 MION, EDDY Dodge 13 30:33.345 16.853<br>8\u00b0 115 SU\u00c1REZ, AGUST\u00cdN Chevrolet 13 30:33.896 17.404<br>9\u00b0 137 SCIALCHI, JEREM\u00cdAS Chevrolet 13 30:35.735 19.243<br>10\u00b0 107 MART\u00cdNEZ, TOB\u00cdAS Chevrolet 13 30:38.756 22.264<br>11\u00b0 10 MOR\u00c1N, NICOL\u00c1S Ford 13 30:44.788 28.296<br>12\u00b0 99 EGU\u00cdA, JUAN JOS\u00c9 Ford 13 30:46.851 30.359<br>13\u00b0 146 OLMEDO, JEREM\u00cdAS Torino 13 30:47.249 30.757<br>14\u00b0 76 PIETRANERA, GERM\u00c1N Chevrolet 13 30:51.606 35.114<br>15\u00b0 96 SAVA, VALENTIN Ford 13 31:13.760 57.268<br>16\u00b0 31 OLIVER, AMILCAR Dodge 13 31:18.412 1:01.920<br>17\u00b0 119 LEDESMA , FACUNDO Ford 13 31:20.901 1:04.409<br>18\u00b0 123 GONNET, GER\u00d3NIMO Ford 13 31:45.452 1:28.960<br>19\u00b0 106 FERR\u00d3N, GUILLERMO Dodge 13 32:10.485 1:53.993<br>20\u00b0 100 GONZ\u00c1LEZ, TOM\u00c1S Dodge 12 30:36.378 1 VTA<br>21\u00b0 112 CANELA, IGNACIO Dodge 12 30:51.268 1 VTA<br>22\u00b0 88 ESQUIVEL, IGNACIO Ford 11 26:49.355 2 VTAS<br>23\u00b0 101 TESTA, RENZO Ford 11 31:28.573 2 VTAS<br>24\u00b0 77 VIGGIANI, IGNACIO Dodge 7 22:23.132 6 VTAS<br>25\u00b0 93 JAP, Dodge 3 08:19.720 10 VTAS<br>26\u00b0 44 CABELLO, LAUTARO Dodge 3 08:22.175 10 VTAS<br>27\u00b0 92 OLIVER, AXEL Chevrolet 3 08:28.725 10 VTAS<br>28\u00b0 90 MASQUERE, EZEQUIEL Chevrolet 3 08:31.224 10 VTAS<br>29\u00b0 62 ZUBERBUHLER, ESTEBAN JOEL Ford 3 08:32.093 10 VTAS<br>30\u00b0 18 BRACCO, EDUARDO Dodge 1 03:35.191 12 VTAS<br>31\u00b0 129 MONTEAGUDO, JUAN CLARO Dodge 1 04:32.421 12 VTAS<\/em><\/p>\n","protected":false},"excerpt":{"rendered":"<p>Tras las deserciones de los Ford de Mat\u00edas Frano y Agust\u00edn Martinez en el epilogo de la competencia, Bruno Boccanera<\/p>\n","protected":false},"author":3,"featured_media":0,"comment_status":"open","ping_status":"open","sticky":false,"template":"","format":"standard","meta":{"colormag_page_container_layout":"default_layout","colormag_page_sidebar_layout":"default_layout","footnotes":""},"categories":[5],"tags":[143,302,322,323],"class_list":["post-2853","post","type-post","status-publish","format-standard","hentry","category-latest-news","tag-actc","tag-la-plata","tag-tc-mouras","tag-tcpm"],"yoast_head":"<!-- This site is optimized with the Yoast SEO plugin v27.5 - https:\/\/yoast.com\/product\/yoast-seo-wordpress\/ -->\n<title>Autos del Podio | Panorama definido en el TC Mouras y TC Pista Mouras<\/title>\n<meta name=\"description\" content=\"Autos del Podio Boccanera y Jaime, los vencedores del TC Mouras y TC Pista Mouras en La Plata\" \/>\n<meta name=\"robots\" content=\"index, follow, max-snippet:-1, max-image-preview:large, max-video-preview:-1\" \/>\n<link rel=\"canonical\" href=\"https:\/\/autosdelpodio.com\/autos\/panorama-definido-en-el-tc-mouras-y-tc-pista-mouras\/\" \/>\n<meta property=\"og:locale\" content=\"es_ES\" \/>\n<meta property=\"og:type\" content=\"article\" \/>\n<meta property=\"og:title\" content=\"Autos del Podio | Panorama definido en el TC Mouras y TC Pista Mouras\" \/>\n<meta property=\"og:description\" content=\"Autos del Podio Boccanera y Jaime, los vencedores del TC Mouras y TC Pista Mouras en La Plata\" \/>\n<meta property=\"og:url\" content=\"https:\/\/autosdelpodio.com\/autos\/panorama-definido-en-el-tc-mouras-y-tc-pista-mouras\/\" \/>\n<meta property=\"og:site_name\" content=\"Autos del Podio\" \/>\n<meta property=\"article:publisher\" content=\"https:\/\/www.facebook.com\/profile.php?id=100057192590976&amp;amp%3bamp%3bamp%3bamp%3bamp%3bamp%3bamp%3bamp%3bamp%3bamp%3bamp%3bamp%3bamp%3bamp%3bamp%3bamp%3bamp%3bamp%3bref=ts\" \/>\n<meta property=\"article:published_time\" content=\"2020-10-25T19:49:05+00:00\" \/>\n<meta property=\"article:modified_time\" content=\"2020-10-25T19:54:25+00:00\" \/>\n<meta name=\"author\" content=\"autosdelpodio\" \/>\n<meta name=\"twitter:card\" content=\"summary_large_image\" \/>\n<meta name=\"twitter:creator\" content=\"@autosdelpodio\" \/>\n<meta name=\"twitter:site\" content=\"@autosdelpodio\" \/>\n<meta name=\"twitter:label1\" content=\"Escrito por\" \/>\n\t<meta name=\"twitter:data1\" content=\"autosdelpodio\" \/>\n\t<meta name=\"twitter:label2\" content=\"Tiempo de lectura\" \/>\n\t<meta name=\"twitter:data2\" content=\"2 minutos\" \/>\n<script type=\"application\/ld+json\" class=\"yoast-schema-graph\">{\"@context\":\"https:\\\/\\\/schema.org\",\"@graph\":[{\"@type\":\"Article\",\"@id\":\"https:\\\/\\\/autosdelpodio.com\\\/autos\\\/panorama-definido-en-el-tc-mouras-y-tc-pista-mouras\\\/#article\",\"isPartOf\":{\"@id\":\"https:\\\/\\\/autosdelpodio.com\\\/autos\\\/panorama-definido-en-el-tc-mouras-y-tc-pista-mouras\\\/\"},\"author\":{\"name\":\"autosdelpodio\",\"@id\":\"http:\\\/\\\/autosdelpodio.com\\\/autos\\\/#\\\/schema\\\/person\\\/993527a4d01c3acdd3d6bce3770bc942\"},\"headline\":\"Panorama definido en el TC Mouras y TC Pista Mouras\",\"datePublished\":\"2020-10-25T19:49:05+00:00\",\"dateModified\":\"2020-10-25T19:54:25+00:00\",\"mainEntityOfPage\":{\"@id\":\"https:\\\/\\\/autosdelpodio.com\\\/autos\\\/panorama-definido-en-el-tc-mouras-y-tc-pista-mouras\\\/\"},\"wordCount\":418,\"commentCount\":0,\"publisher\":{\"@id\":\"http:\\\/\\\/autosdelpodio.com\\\/autos\\\/#organization\"},\"keywords\":[\"ACTC\",\"La Plata\",\"TC Mouras\",\"TCPM\"],\"articleSection\":[\"\u00daltimas noticias\"],\"inLanguage\":\"es\",\"potentialAction\":[{\"@type\":\"CommentAction\",\"name\":\"Comment\",\"target\":[\"https:\\\/\\\/autosdelpodio.com\\\/autos\\\/panorama-definido-en-el-tc-mouras-y-tc-pista-mouras\\\/#respond\"]}]},{\"@type\":\"WebPage\",\"@id\":\"https:\\\/\\\/autosdelpodio.com\\\/autos\\\/panorama-definido-en-el-tc-mouras-y-tc-pista-mouras\\\/\",\"url\":\"https:\\\/\\\/autosdelpodio.com\\\/autos\\\/panorama-definido-en-el-tc-mouras-y-tc-pista-mouras\\\/\",\"name\":\"Autos del Podio | Panorama definido en el TC Mouras y TC Pista Mouras\",\"isPartOf\":{\"@id\":\"http:\\\/\\\/autosdelpodio.com\\\/autos\\\/#website\"},\"datePublished\":\"2020-10-25T19:49:05+00:00\",\"dateModified\":\"2020-10-25T19:54:25+00:00\",\"description\":\"Autos del Podio Boccanera y Jaime, los vencedores del TC Mouras y TC Pista Mouras en La Plata\",\"breadcrumb\":{\"@id\":\"https:\\\/\\\/autosdelpodio.com\\\/autos\\\/panorama-definido-en-el-tc-mouras-y-tc-pista-mouras\\\/#breadcrumb\"},\"inLanguage\":\"es\",\"potentialAction\":[{\"@type\":\"ReadAction\",\"target\":[\"https:\\\/\\\/autosdelpodio.com\\\/autos\\\/panorama-definido-en-el-tc-mouras-y-tc-pista-mouras\\\/\"]}]},{\"@type\":\"BreadcrumbList\",\"@id\":\"https:\\\/\\\/autosdelpodio.com\\\/autos\\\/panorama-definido-en-el-tc-mouras-y-tc-pista-mouras\\\/#breadcrumb\",\"itemListElement\":[{\"@type\":\"ListItem\",\"position\":1,\"name\":\"Portada\",\"item\":\"http:\\\/\\\/autosdelpodio.com\\\/autos\\\/\"},{\"@type\":\"ListItem\",\"position\":2,\"name\":\"Panorama definido en el TC Mouras y TC Pista Mouras\"}]},{\"@type\":\"WebSite\",\"@id\":\"http:\\\/\\\/autosdelpodio.com\\\/autos\\\/#website\",\"url\":\"http:\\\/\\\/autosdelpodio.com\\\/autos\\\/\",\"name\":\"Autos del Podio\",\"description\":\"La sexta del deporte motor\",\"publisher\":{\"@id\":\"http:\\\/\\\/autosdelpodio.com\\\/autos\\\/#organization\"},\"potentialAction\":[{\"@type\":\"SearchAction\",\"target\":{\"@type\":\"EntryPoint\",\"urlTemplate\":\"http:\\\/\\\/autosdelpodio.com\\\/autos\\\/?s={search_term_string}\"},\"query-input\":{\"@type\":\"PropertyValueSpecification\",\"valueRequired\":true,\"valueName\":\"search_term_string\"}}],\"inLanguage\":\"es\"},{\"@type\":\"Organization\",\"@id\":\"http:\\\/\\\/autosdelpodio.com\\\/autos\\\/#organization\",\"name\":\"Autos del Podio\",\"url\":\"http:\\\/\\\/autosdelpodio.com\\\/autos\\\/\",\"logo\":{\"@type\":\"ImageObject\",\"inLanguage\":\"es\",\"@id\":\"http:\\\/\\\/autosdelpodio.com\\\/autos\\\/#\\\/schema\\\/logo\\\/image\\\/\",\"url\":\"http:\\\/\\\/autosdelpodio.com\\\/autos\\\/wp-content\\\/uploads\\\/2020\\\/08\\\/Logo_AR.jpg\",\"contentUrl\":\"http:\\\/\\\/autosdelpodio.com\\\/autos\\\/wp-content\\\/uploads\\\/2020\\\/08\\\/Logo_AR.jpg\",\"width\":1038,\"height\":1044,\"caption\":\"Autos del Podio\"},\"image\":{\"@id\":\"http:\\\/\\\/autosdelpodio.com\\\/autos\\\/#\\\/schema\\\/logo\\\/image\\\/\"},\"sameAs\":[\"https:\\\/\\\/www.facebook.com\\\/profile.php?id=100057192590976&amp;amp;amp;amp;amp;amp;amp;amp;amp;amp;amp;amp;amp;amp;amp;amp;amp;amp;ref=ts\",\"https:\\\/\\\/x.com\\\/autosdelpodio\",\"https:\\\/\\\/www.youtube.com\\\/user\\\/AutosdelPodio\"]},{\"@type\":\"Person\",\"@id\":\"http:\\\/\\\/autosdelpodio.com\\\/autos\\\/#\\\/schema\\\/person\\\/993527a4d01c3acdd3d6bce3770bc942\",\"name\":\"autosdelpodio\",\"image\":{\"@type\":\"ImageObject\",\"inLanguage\":\"es\",\"@id\":\"http:\\\/\\\/autosdelpodio.com\\\/autos\\\/wp-content\\\/litespeed\\\/avatar\\\/aa8f65cd201a80f6b844f63278aa84af.jpg?ver=1777403005\",\"url\":\"http:\\\/\\\/autosdelpodio.com\\\/autos\\\/wp-content\\\/litespeed\\\/avatar\\\/aa8f65cd201a80f6b844f63278aa84af.jpg?ver=1777403005\",\"contentUrl\":\"http:\\\/\\\/autosdelpodio.com\\\/autos\\\/wp-content\\\/litespeed\\\/avatar\\\/aa8f65cd201a80f6b844f63278aa84af.jpg?ver=1777403005\",\"caption\":\"autosdelpodio\"}}]}<\/script>\n<!-- \/ Yoast SEO plugin. -->","yoast_head_json":{"title":"Autos del Podio | Panorama definido en el TC Mouras y TC Pista Mouras","description":"Autos del Podio Boccanera y Jaime, los vencedores del TC Mouras y TC Pista Mouras en La Plata","robots":{"index":"index","follow":"follow","max-snippet":"max-snippet:-1","max-image-preview":"max-image-preview:large","max-video-preview":"max-video-preview:-1"},"canonical":"https:\/\/autosdelpodio.com\/autos\/panorama-definido-en-el-tc-mouras-y-tc-pista-mouras\/","og_locale":"es_ES","og_type":"article","og_title":"Autos del Podio | Panorama definido en el TC Mouras y TC Pista Mouras","og_description":"Autos del Podio Boccanera y Jaime, los vencedores del TC Mouras y TC Pista Mouras en La Plata","og_url":"https:\/\/autosdelpodio.com\/autos\/panorama-definido-en-el-tc-mouras-y-tc-pista-mouras\/","og_site_name":"Autos del Podio","article_publisher":"https:\/\/www.facebook.com\/profile.php?id=100057192590976&amp%3bamp%3bamp%3bamp%3bamp%3bamp%3bamp%3bamp%3bamp%3bamp%3bamp%3bamp%3bamp%3bamp%3bamp%3bamp%3bamp%3bamp%3bref=ts","article_published_time":"2020-10-25T19:49:05+00:00","article_modified_time":"2020-10-25T19:54:25+00:00","author":"autosdelpodio","twitter_card":"summary_large_image","twitter_creator":"@autosdelpodio","twitter_site":"@autosdelpodio","twitter_misc":{"Escrito por":"autosdelpodio","Tiempo de lectura":"2 minutos"},"schema":{"@context":"https:\/\/schema.org","@graph":[{"@type":"Article","@id":"https:\/\/autosdelpodio.com\/autos\/panorama-definido-en-el-tc-mouras-y-tc-pista-mouras\/#article","isPartOf":{"@id":"https:\/\/autosdelpodio.com\/autos\/panorama-definido-en-el-tc-mouras-y-tc-pista-mouras\/"},"author":{"name":"autosdelpodio","@id":"http:\/\/autosdelpodio.com\/autos\/#\/schema\/person\/993527a4d01c3acdd3d6bce3770bc942"},"headline":"Panorama definido en el TC Mouras y TC Pista Mouras","datePublished":"2020-10-25T19:49:05+00:00","dateModified":"2020-10-25T19:54:25+00:00","mainEntityOfPage":{"@id":"https:\/\/autosdelpodio.com\/autos\/panorama-definido-en-el-tc-mouras-y-tc-pista-mouras\/"},"wordCount":418,"commentCount":0,"publisher":{"@id":"http:\/\/autosdelpodio.com\/autos\/#organization"},"keywords":["ACTC","La Plata","TC Mouras","TCPM"],"articleSection":["\u00daltimas noticias"],"inLanguage":"es","potentialAction":[{"@type":"CommentAction","name":"Comment","target":["https:\/\/autosdelpodio.com\/autos\/panorama-definido-en-el-tc-mouras-y-tc-pista-mouras\/#respond"]}]},{"@type":"WebPage","@id":"https:\/\/autosdelpodio.com\/autos\/panorama-definido-en-el-tc-mouras-y-tc-pista-mouras\/","url":"https:\/\/autosdelpodio.com\/autos\/panorama-definido-en-el-tc-mouras-y-tc-pista-mouras\/","name":"Autos del Podio | Panorama definido en el TC Mouras y TC Pista Mouras","isPartOf":{"@id":"http:\/\/autosdelpodio.com\/autos\/#website"},"datePublished":"2020-10-25T19:49:05+00:00","dateModified":"2020-10-25T19:54:25+00:00","description":"Autos del Podio Boccanera y Jaime, los vencedores del TC Mouras y TC Pista Mouras en La Plata","breadcrumb":{"@id":"https:\/\/autosdelpodio.com\/autos\/panorama-definido-en-el-tc-mouras-y-tc-pista-mouras\/#breadcrumb"},"inLanguage":"es","potentialAction":[{"@type":"ReadAction","target":["https:\/\/autosdelpodio.com\/autos\/panorama-definido-en-el-tc-mouras-y-tc-pista-mouras\/"]}]},{"@type":"BreadcrumbList","@id":"https:\/\/autosdelpodio.com\/autos\/panorama-definido-en-el-tc-mouras-y-tc-pista-mouras\/#breadcrumb","itemListElement":[{"@type":"ListItem","position":1,"name":"Portada","item":"http:\/\/autosdelpodio.com\/autos\/"},{"@type":"ListItem","position":2,"name":"Panorama definido en el TC Mouras y TC Pista Mouras"}]},{"@type":"WebSite","@id":"http:\/\/autosdelpodio.com\/autos\/#website","url":"http:\/\/autosdelpodio.com\/autos\/","name":"Autos del Podio","description":"La sexta del deporte motor","publisher":{"@id":"http:\/\/autosdelpodio.com\/autos\/#organization"},"potentialAction":[{"@type":"SearchAction","target":{"@type":"EntryPoint","urlTemplate":"http:\/\/autosdelpodio.com\/autos\/?s={search_term_string}"},"query-input":{"@type":"PropertyValueSpecification","valueRequired":true,"valueName":"search_term_string"}}],"inLanguage":"es"},{"@type":"Organization","@id":"http:\/\/autosdelpodio.com\/autos\/#organization","name":"Autos del Podio","url":"http:\/\/autosdelpodio.com\/autos\/","logo":{"@type":"ImageObject","inLanguage":"es","@id":"http:\/\/autosdelpodio.com\/autos\/#\/schema\/logo\/image\/","url":"http:\/\/autosdelpodio.com\/autos\/wp-content\/uploads\/2020\/08\/Logo_AR.jpg","contentUrl":"http:\/\/autosdelpodio.com\/autos\/wp-content\/uploads\/2020\/08\/Logo_AR.jpg","width":1038,"height":1044,"caption":"Autos del Podio"},"image":{"@id":"http:\/\/autosdelpodio.com\/autos\/#\/schema\/logo\/image\/"},"sameAs":["https:\/\/www.facebook.com\/profile.php?id=100057192590976&amp;amp;amp;amp;amp;amp;amp;amp;amp;amp;amp;amp;amp;amp;amp;amp;amp;amp;ref=ts","https:\/\/x.com\/autosdelpodio","https:\/\/www.youtube.com\/user\/AutosdelPodio"]},{"@type":"Person","@id":"http:\/\/autosdelpodio.com\/autos\/#\/schema\/person\/993527a4d01c3acdd3d6bce3770bc942","name":"autosdelpodio","image":{"@type":"ImageObject","inLanguage":"es","@id":"http:\/\/autosdelpodio.com\/autos\/wp-content\/litespeed\/avatar\/aa8f65cd201a80f6b844f63278aa84af.jpg?ver=1777403005","url":"http:\/\/autosdelpodio.com\/autos\/wp-content\/litespeed\/avatar\/aa8f65cd201a80f6b844f63278aa84af.jpg?ver=1777403005","contentUrl":"http:\/\/autosdelpodio.com\/autos\/wp-content\/litespeed\/avatar\/aa8f65cd201a80f6b844f63278aa84af.jpg?ver=1777403005","caption":"autosdelpodio"}}]}},"views":1058,"_links":{"self":[{"href":"http:\/\/autosdelpodio.com\/autos\/wp-json\/wp\/v2\/posts\/2853","targetHints":{"allow":["GET"]}}],"collection":[{"href":"http:\/\/autosdelpodio.com\/autos\/wp-json\/wp\/v2\/posts"}],"about":[{"href":"http:\/\/autosdelpodio.com\/autos\/wp-json\/wp\/v2\/types\/post"}],"author":[{"embeddable":true,"href":"http:\/\/autosdelpodio.com\/autos\/wp-json\/wp\/v2\/users\/3"}],"replies":[{"embeddable":true,"href":"http:\/\/autosdelpodio.com\/autos\/wp-json\/wp\/v2\/comments?post=2853"}],"version-history":[{"count":2,"href":"http:\/\/autosdelpodio.com\/autos\/wp-json\/wp\/v2\/posts\/2853\/revisions"}],"predecessor-version":[{"id":2855,"href":"http:\/\/autosdelpodio.com\/autos\/wp-json\/wp\/v2\/posts\/2853\/revisions\/2855"}],"wp:attachment":[{"href":"http:\/\/autosdelpodio.com\/autos\/wp-json\/wp\/v2\/media?parent=2853"}],"wp:term":[{"taxonomy":"category","embeddable":true,"href":"http:\/\/autosdelpodio.com\/autos\/wp-json\/wp\/v2\/categories?post=2853"},{"taxonomy":"post_tag","embeddable":true,"href":"http:\/\/autosdelpodio.com\/autos\/wp-json\/wp\/v2\/tags?post=2853"}],"curies":[{"name":"wp","href":"https:\/\/api.w.org\/{rel}","templated":true}]}}