{"id":2858,"date":"2020-10-27T20:33:06","date_gmt":"2020-10-27T23:33:06","guid":{"rendered":"http:\/\/autosdelpodio.com\/autos\/?p=2858"},"modified":"2020-10-27T20:33:09","modified_gmt":"2020-10-27T23:33:09","slug":"el-tn-volvio-y-santero-volo","status":"publish","type":"post","link":"http:\/\/autosdelpodio.com\/autos\/el-tn-volvio-y-santero-volo\/","title":{"rendered":"El TN volvi\u00f3 y Santero vol\u00f3"},"content":{"rendered":"\n<p>Julian Santero (Toyota Corolla) encabez\u00f3 todos los registros en el retorno a las pistas de la Clase 3 del Turismo Nacional en el Autodromo Roberto Mouras de La Plata. El segundo lugar de la final lo ocup\u00f3 Antonino Garc\u00eda (Ford Focus) y el tercero Leonel Larrauri (Honda Civic).<br>Entrenamiento, Pole Position, Serie y final meti\u00f3 el mendocino que ahora deber\u00e1 lidiar con los 60 kg de lastre para defender la punta del campeonato.<br>En la clase menor Geronimo Nu\u00f1ez tuvo su festejo primerizo en una competencia un tanto mas din\u00e1mica seguido por Gast\u00f3n Iansa y Mauro Salvi.Ma\u00f1ana a partir de las 8 de la ma\u00f1ana se volver\u00e1 a poner en marcha las Clase 2 y 3 del TN.<\/p>\n\n\n\n<p><strong>Final TN &#8211; Fecha 3 &#8211;  La Plata I<\/strong><\/p>\n\n\n\n<p><em>1 68 JULIAN SANTERO TOYOTA COROLLA 1:36.149<br>2 118 ANTONINO GARCIA FORD FOCUS 0.589<br>3 14 LEONEL LARRAURI HONDA CIVIC 0.998<br>4 17 MAT: MU\u00d1OZ MARCHESI FORD FOCUS 1.850<br>5 3 FACUNDO CHAPUR FORD FOCUS 2.313<br>6 15 LEANDRO CARDUCCI FORD FOCUS 7.530<br>7 10 FABRICIO PEZZINI TOYOTA COROLLA 8.889<br>8 55 MANUEL MALLO CHEVROLET CRUZE 9.174<br>9 27 MANUEL LUQUE FIAT TIPO 9.458<br>10 141 JONATAN CASTELLANO FORD FOCUS 9.803<br>11 1 JOSE M. URCERA HONDA CIVIC 10.226<br>12 100 CARLOS OKULOVICH HONDA CIVIC 10.477<br>13 92 FACUNDO CONTA FORD FOCUS 15.517<br>14 18 ADRIAN CHIRIANO FORD FOCUS 15.917<br>15 9 ALFONSO DOMENECH TOYOTA COROLLA 16.280<br>16 48 SANTIAGO MALLO C4 LOUNGE 16.512<br>17 4 LEONEL PERNIA VW VENTO 17.060<br>18 113 RODRIGO LUGON FORD FOCUS 17.232<br>19 56 GERMAN TODINO KIA CERATO 17.671<br>20 22 JERONIMO TETI CHEVROLET CRUZE 18.081<br>21 144 Mariano WERNER C4 LOUNGE 18.818<br>22 69 PEDRO GENTILE CHEVROLET CRUZE 20.311<br>23 38 JUAN P. ROSSOTTI VW VENTO 22.819<br>24 43 MATIAS MENVIELLE CHEVROLET CRUZE 23.093<br>25 66 ADRIAN PERCAZ FORD FOCUS 24.205<br>26 73 LUCAS BAGNERA MITSUBISHI LANCER 25.203<br>27 8 MAURICIO LAMBIRIS FIAT TIPO 25.593<br>28 63 CARLOS JAVIER MERLO TOYOTA COROLLA 36.596<br>29 114 MARTIN CHIALVO FORD FOCUS 1 Vuelta<br>30 46 MATIAS COHEN FORD FOCUS 2 Vueltas<br>31 101 FABIAN YANNANTUONI HONDA CIVIC 11 Vueltas<br>32 19 MARIANO PERNIA VW VENTO<br>33 41 EVER FRANETOVICH TOYOTA COROLLA<\/em><\/p>\n","protected":false},"excerpt":{"rendered":"<p>Julian Santero (Toyota Corolla) encabez\u00f3 todos los registros en el retorno a las pistas de la Clase 3 del Turismo<\/p>\n","protected":false},"author":3,"featured_media":1614,"comment_status":"open","ping_status":"open","sticky":false,"template":"","format":"standard","meta":{"colormag_page_container_layout":"default_layout","colormag_page_sidebar_layout":"default_layout","footnotes":""},"categories":[6,5],"tags":[394,302,326,78],"class_list":["post-2858","post","type-post","status-publish","format-standard","has-post-thumbnail","hentry","category-newsflash","category-latest-news","tag-julian-santero","tag-la-plata","tag-toyota","tag-turismo-nacional"],"yoast_head":"<!-- This site is optimized with the Yoast SEO plugin v27.5 - https:\/\/yoast.com\/product\/yoast-seo-wordpress\/ -->\n<title>Autos del Podio | El TN volvi\u00f3 y Santero vol\u00f3<\/title>\n<meta name=\"description\" content=\"Autos del Podio Dominio absoluto para Julian Santero en la vuelta del TN entre semana\" \/>\n<meta name=\"robots\" content=\"index, follow, max-snippet:-1, max-image-preview:large, max-video-preview:-1\" \/>\n<link rel=\"canonical\" href=\"https:\/\/autosdelpodio.com\/autos\/el-tn-volvio-y-santero-volo\/\" \/>\n<meta property=\"og:locale\" content=\"es_ES\" \/>\n<meta property=\"og:type\" content=\"article\" \/>\n<meta property=\"og:title\" content=\"Autos del Podio | El TN volvi\u00f3 y Santero vol\u00f3\" \/>\n<meta property=\"og:description\" content=\"Autos del Podio Dominio absoluto para Julian Santero en la vuelta del TN entre semana\" \/>\n<meta property=\"og:url\" content=\"https:\/\/autosdelpodio.com\/autos\/el-tn-volvio-y-santero-volo\/\" \/>\n<meta property=\"og:site_name\" content=\"Autos del Podio\" \/>\n<meta property=\"article:publisher\" content=\"https:\/\/www.facebook.com\/profile.php?id=100057192590976&amp;amp%3bamp%3bamp%3bamp%3bamp%3bamp%3bamp%3bamp%3bamp%3bamp%3bamp%3bamp%3bamp%3bamp%3bamp%3bamp%3bamp%3bamp%3bref=ts\" \/>\n<meta property=\"article:published_time\" content=\"2020-10-27T23:33:06+00:00\" \/>\n<meta property=\"article:modified_time\" content=\"2020-10-27T23:33:09+00:00\" \/>\n<meta property=\"og:image\" content=\"https:\/\/autosdelpodio.com\/autos\/wp-content\/uploads\/2020\/04\/Logo_Turismo_Nacional.jpg\" \/>\n\t<meta property=\"og:image:width\" content=\"420\" \/>\n\t<meta property=\"og:image:height\" content=\"192\" \/>\n\t<meta property=\"og:image:type\" content=\"image\/jpeg\" \/>\n<meta name=\"author\" content=\"autosdelpodio\" \/>\n<meta name=\"twitter:card\" content=\"summary_large_image\" \/>\n<meta name=\"twitter:creator\" content=\"@autosdelpodio\" \/>\n<meta name=\"twitter:site\" content=\"@autosdelpodio\" \/>\n<meta name=\"twitter:label1\" content=\"Escrito por\" \/>\n\t<meta name=\"twitter:data1\" content=\"autosdelpodio\" \/>\n\t<meta name=\"twitter:label2\" content=\"Tiempo de lectura\" \/>\n\t<meta name=\"twitter:data2\" content=\"1 minuto\" \/>\n<script type=\"application\/ld+json\" class=\"yoast-schema-graph\">{\"@context\":\"https:\\\/\\\/schema.org\",\"@graph\":[{\"@type\":\"Article\",\"@id\":\"https:\\\/\\\/autosdelpodio.com\\\/autos\\\/el-tn-volvio-y-santero-volo\\\/#article\",\"isPartOf\":{\"@id\":\"https:\\\/\\\/autosdelpodio.com\\\/autos\\\/el-tn-volvio-y-santero-volo\\\/\"},\"author\":{\"name\":\"autosdelpodio\",\"@id\":\"http:\\\/\\\/autosdelpodio.com\\\/autos\\\/#\\\/schema\\\/person\\\/993527a4d01c3acdd3d6bce3770bc942\"},\"headline\":\"El TN volvi\u00f3 y Santero vol\u00f3\",\"datePublished\":\"2020-10-27T23:33:06+00:00\",\"dateModified\":\"2020-10-27T23:33:09+00:00\",\"mainEntityOfPage\":{\"@id\":\"https:\\\/\\\/autosdelpodio.com\\\/autos\\\/el-tn-volvio-y-santero-volo\\\/\"},\"wordCount\":274,\"commentCount\":1,\"publisher\":{\"@id\":\"http:\\\/\\\/autosdelpodio.com\\\/autos\\\/#organization\"},\"image\":{\"@id\":\"https:\\\/\\\/autosdelpodio.com\\\/autos\\\/el-tn-volvio-y-santero-volo\\\/#primaryimage\"},\"thumbnailUrl\":\"http:\\\/\\\/autosdelpodio.com\\\/autos\\\/wp-content\\\/uploads\\\/2020\\\/04\\\/Logo_Turismo_Nacional.jpg\",\"keywords\":[\"Julian Santero\",\"La Plata\",\"Toyota\",\"Turismo Nacional\"],\"articleSection\":[\"Destacado\",\"\u00daltimas noticias\"],\"inLanguage\":\"es\",\"potentialAction\":[{\"@type\":\"CommentAction\",\"name\":\"Comment\",\"target\":[\"https:\\\/\\\/autosdelpodio.com\\\/autos\\\/el-tn-volvio-y-santero-volo\\\/#respond\"]}]},{\"@type\":\"WebPage\",\"@id\":\"https:\\\/\\\/autosdelpodio.com\\\/autos\\\/el-tn-volvio-y-santero-volo\\\/\",\"url\":\"https:\\\/\\\/autosdelpodio.com\\\/autos\\\/el-tn-volvio-y-santero-volo\\\/\",\"name\":\"Autos del Podio | El TN volvi\u00f3 y Santero vol\u00f3\",\"isPartOf\":{\"@id\":\"http:\\\/\\\/autosdelpodio.com\\\/autos\\\/#website\"},\"primaryImageOfPage\":{\"@id\":\"https:\\\/\\\/autosdelpodio.com\\\/autos\\\/el-tn-volvio-y-santero-volo\\\/#primaryimage\"},\"image\":{\"@id\":\"https:\\\/\\\/autosdelpodio.com\\\/autos\\\/el-tn-volvio-y-santero-volo\\\/#primaryimage\"},\"thumbnailUrl\":\"http:\\\/\\\/autosdelpodio.com\\\/autos\\\/wp-content\\\/uploads\\\/2020\\\/04\\\/Logo_Turismo_Nacional.jpg\",\"datePublished\":\"2020-10-27T23:33:06+00:00\",\"dateModified\":\"2020-10-27T23:33:09+00:00\",\"description\":\"Autos del Podio Dominio absoluto para Julian Santero en la vuelta del TN entre semana\",\"breadcrumb\":{\"@id\":\"https:\\\/\\\/autosdelpodio.com\\\/autos\\\/el-tn-volvio-y-santero-volo\\\/#breadcrumb\"},\"inLanguage\":\"es\",\"potentialAction\":[{\"@type\":\"ReadAction\",\"target\":[\"https:\\\/\\\/autosdelpodio.com\\\/autos\\\/el-tn-volvio-y-santero-volo\\\/\"]}]},{\"@type\":\"ImageObject\",\"inLanguage\":\"es\",\"@id\":\"https:\\\/\\\/autosdelpodio.com\\\/autos\\\/el-tn-volvio-y-santero-volo\\\/#primaryimage\",\"url\":\"http:\\\/\\\/autosdelpodio.com\\\/autos\\\/wp-content\\\/uploads\\\/2020\\\/04\\\/Logo_Turismo_Nacional.jpg\",\"contentUrl\":\"http:\\\/\\\/autosdelpodio.com\\\/autos\\\/wp-content\\\/uploads\\\/2020\\\/04\\\/Logo_Turismo_Nacional.jpg\",\"width\":420,\"height\":192},{\"@type\":\"BreadcrumbList\",\"@id\":\"https:\\\/\\\/autosdelpodio.com\\\/autos\\\/el-tn-volvio-y-santero-volo\\\/#breadcrumb\",\"itemListElement\":[{\"@type\":\"ListItem\",\"position\":1,\"name\":\"Portada\",\"item\":\"http:\\\/\\\/autosdelpodio.com\\\/autos\\\/\"},{\"@type\":\"ListItem\",\"position\":2,\"name\":\"El TN volvi\u00f3 y Santero vol\u00f3\"}]},{\"@type\":\"WebSite\",\"@id\":\"http:\\\/\\\/autosdelpodio.com\\\/autos\\\/#website\",\"url\":\"http:\\\/\\\/autosdelpodio.com\\\/autos\\\/\",\"name\":\"Autos del Podio\",\"description\":\"La sexta del deporte motor\",\"publisher\":{\"@id\":\"http:\\\/\\\/autosdelpodio.com\\\/autos\\\/#organization\"},\"potentialAction\":[{\"@type\":\"SearchAction\",\"target\":{\"@type\":\"EntryPoint\",\"urlTemplate\":\"http:\\\/\\\/autosdelpodio.com\\\/autos\\\/?s={search_term_string}\"},\"query-input\":{\"@type\":\"PropertyValueSpecification\",\"valueRequired\":true,\"valueName\":\"search_term_string\"}}],\"inLanguage\":\"es\"},{\"@type\":\"Organization\",\"@id\":\"http:\\\/\\\/autosdelpodio.com\\\/autos\\\/#organization\",\"name\":\"Autos del Podio\",\"url\":\"http:\\\/\\\/autosdelpodio.com\\\/autos\\\/\",\"logo\":{\"@type\":\"ImageObject\",\"inLanguage\":\"es\",\"@id\":\"http:\\\/\\\/autosdelpodio.com\\\/autos\\\/#\\\/schema\\\/logo\\\/image\\\/\",\"url\":\"http:\\\/\\\/autosdelpodio.com\\\/autos\\\/wp-content\\\/uploads\\\/2020\\\/08\\\/Logo_AR.jpg\",\"contentUrl\":\"http:\\\/\\\/autosdelpodio.com\\\/autos\\\/wp-content\\\/uploads\\\/2020\\\/08\\\/Logo_AR.jpg\",\"width\":1038,\"height\":1044,\"caption\":\"Autos del Podio\"},\"image\":{\"@id\":\"http:\\\/\\\/autosdelpodio.com\\\/autos\\\/#\\\/schema\\\/logo\\\/image\\\/\"},\"sameAs\":[\"https:\\\/\\\/www.facebook.com\\\/profile.php?id=100057192590976&amp;amp;amp;amp;amp;amp;amp;amp;amp;amp;amp;amp;amp;amp;amp;amp;amp;amp;ref=ts\",\"https:\\\/\\\/x.com\\\/autosdelpodio\",\"https:\\\/\\\/www.youtube.com\\\/user\\\/AutosdelPodio\"]},{\"@type\":\"Person\",\"@id\":\"http:\\\/\\\/autosdelpodio.com\\\/autos\\\/#\\\/schema\\\/person\\\/993527a4d01c3acdd3d6bce3770bc942\",\"name\":\"autosdelpodio\",\"image\":{\"@type\":\"ImageObject\",\"inLanguage\":\"es\",\"@id\":\"http:\\\/\\\/autosdelpodio.com\\\/autos\\\/wp-content\\\/litespeed\\\/avatar\\\/aa8f65cd201a80f6b844f63278aa84af.jpg?ver=1777403005\",\"url\":\"http:\\\/\\\/autosdelpodio.com\\\/autos\\\/wp-content\\\/litespeed\\\/avatar\\\/aa8f65cd201a80f6b844f63278aa84af.jpg?ver=1777403005\",\"contentUrl\":\"http:\\\/\\\/autosdelpodio.com\\\/autos\\\/wp-content\\\/litespeed\\\/avatar\\\/aa8f65cd201a80f6b844f63278aa84af.jpg?ver=1777403005\",\"caption\":\"autosdelpodio\"}}]}<\/script>\n<!-- \/ Yoast SEO plugin. -->","yoast_head_json":{"title":"Autos del Podio | El TN volvi\u00f3 y Santero vol\u00f3","description":"Autos del Podio Dominio absoluto para Julian Santero en la vuelta del TN entre semana","robots":{"index":"index","follow":"follow","max-snippet":"max-snippet:-1","max-image-preview":"max-image-preview:large","max-video-preview":"max-video-preview:-1"},"canonical":"https:\/\/autosdelpodio.com\/autos\/el-tn-volvio-y-santero-volo\/","og_locale":"es_ES","og_type":"article","og_title":"Autos del Podio | El TN volvi\u00f3 y Santero vol\u00f3","og_description":"Autos del Podio Dominio absoluto para Julian Santero en la vuelta del TN entre semana","og_url":"https:\/\/autosdelpodio.com\/autos\/el-tn-volvio-y-santero-volo\/","og_site_name":"Autos del Podio","article_publisher":"https:\/\/www.facebook.com\/profile.php?id=100057192590976&amp%3bamp%3bamp%3bamp%3bamp%3bamp%3bamp%3bamp%3bamp%3bamp%3bamp%3bamp%3bamp%3bamp%3bamp%3bamp%3bamp%3bamp%3bref=ts","article_published_time":"2020-10-27T23:33:06+00:00","article_modified_time":"2020-10-27T23:33:09+00:00","og_image":[{"width":420,"height":192,"url":"https:\/\/autosdelpodio.com\/autos\/wp-content\/uploads\/2020\/04\/Logo_Turismo_Nacional.jpg","type":"image\/jpeg"}],"author":"autosdelpodio","twitter_card":"summary_large_image","twitter_creator":"@autosdelpodio","twitter_site":"@autosdelpodio","twitter_misc":{"Escrito por":"autosdelpodio","Tiempo de lectura":"1 minuto"},"schema":{"@context":"https:\/\/schema.org","@graph":[{"@type":"Article","@id":"https:\/\/autosdelpodio.com\/autos\/el-tn-volvio-y-santero-volo\/#article","isPartOf":{"@id":"https:\/\/autosdelpodio.com\/autos\/el-tn-volvio-y-santero-volo\/"},"author":{"name":"autosdelpodio","@id":"http:\/\/autosdelpodio.com\/autos\/#\/schema\/person\/993527a4d01c3acdd3d6bce3770bc942"},"headline":"El TN volvi\u00f3 y Santero vol\u00f3","datePublished":"2020-10-27T23:33:06+00:00","dateModified":"2020-10-27T23:33:09+00:00","mainEntityOfPage":{"@id":"https:\/\/autosdelpodio.com\/autos\/el-tn-volvio-y-santero-volo\/"},"wordCount":274,"commentCount":1,"publisher":{"@id":"http:\/\/autosdelpodio.com\/autos\/#organization"},"image":{"@id":"https:\/\/autosdelpodio.com\/autos\/el-tn-volvio-y-santero-volo\/#primaryimage"},"thumbnailUrl":"http:\/\/autosdelpodio.com\/autos\/wp-content\/uploads\/2020\/04\/Logo_Turismo_Nacional.jpg","keywords":["Julian Santero","La Plata","Toyota","Turismo Nacional"],"articleSection":["Destacado","\u00daltimas noticias"],"inLanguage":"es","potentialAction":[{"@type":"CommentAction","name":"Comment","target":["https:\/\/autosdelpodio.com\/autos\/el-tn-volvio-y-santero-volo\/#respond"]}]},{"@type":"WebPage","@id":"https:\/\/autosdelpodio.com\/autos\/el-tn-volvio-y-santero-volo\/","url":"https:\/\/autosdelpodio.com\/autos\/el-tn-volvio-y-santero-volo\/","name":"Autos del Podio | El TN volvi\u00f3 y Santero vol\u00f3","isPartOf":{"@id":"http:\/\/autosdelpodio.com\/autos\/#website"},"primaryImageOfPage":{"@id":"https:\/\/autosdelpodio.com\/autos\/el-tn-volvio-y-santero-volo\/#primaryimage"},"image":{"@id":"https:\/\/autosdelpodio.com\/autos\/el-tn-volvio-y-santero-volo\/#primaryimage"},"thumbnailUrl":"http:\/\/autosdelpodio.com\/autos\/wp-content\/uploads\/2020\/04\/Logo_Turismo_Nacional.jpg","datePublished":"2020-10-27T23:33:06+00:00","dateModified":"2020-10-27T23:33:09+00:00","description":"Autos del Podio Dominio absoluto para Julian Santero en la vuelta del TN entre semana","breadcrumb":{"@id":"https:\/\/autosdelpodio.com\/autos\/el-tn-volvio-y-santero-volo\/#breadcrumb"},"inLanguage":"es","potentialAction":[{"@type":"ReadAction","target":["https:\/\/autosdelpodio.com\/autos\/el-tn-volvio-y-santero-volo\/"]}]},{"@type":"ImageObject","inLanguage":"es","@id":"https:\/\/autosdelpodio.com\/autos\/el-tn-volvio-y-santero-volo\/#primaryimage","url":"http:\/\/autosdelpodio.com\/autos\/wp-content\/uploads\/2020\/04\/Logo_Turismo_Nacional.jpg","contentUrl":"http:\/\/autosdelpodio.com\/autos\/wp-content\/uploads\/2020\/04\/Logo_Turismo_Nacional.jpg","width":420,"height":192},{"@type":"BreadcrumbList","@id":"https:\/\/autosdelpodio.com\/autos\/el-tn-volvio-y-santero-volo\/#breadcrumb","itemListElement":[{"@type":"ListItem","position":1,"name":"Portada","item":"http:\/\/autosdelpodio.com\/autos\/"},{"@type":"ListItem","position":2,"name":"El TN volvi\u00f3 y Santero vol\u00f3"}]},{"@type":"WebSite","@id":"http:\/\/autosdelpodio.com\/autos\/#website","url":"http:\/\/autosdelpodio.com\/autos\/","name":"Autos del Podio","description":"La sexta del deporte motor","publisher":{"@id":"http:\/\/autosdelpodio.com\/autos\/#organization"},"potentialAction":[{"@type":"SearchAction","target":{"@type":"EntryPoint","urlTemplate":"http:\/\/autosdelpodio.com\/autos\/?s={search_term_string}"},"query-input":{"@type":"PropertyValueSpecification","valueRequired":true,"valueName":"search_term_string"}}],"inLanguage":"es"},{"@type":"Organization","@id":"http:\/\/autosdelpodio.com\/autos\/#organization","name":"Autos del Podio","url":"http:\/\/autosdelpodio.com\/autos\/","logo":{"@type":"ImageObject","inLanguage":"es","@id":"http:\/\/autosdelpodio.com\/autos\/#\/schema\/logo\/image\/","url":"http:\/\/autosdelpodio.com\/autos\/wp-content\/uploads\/2020\/08\/Logo_AR.jpg","contentUrl":"http:\/\/autosdelpodio.com\/autos\/wp-content\/uploads\/2020\/08\/Logo_AR.jpg","width":1038,"height":1044,"caption":"Autos del Podio"},"image":{"@id":"http:\/\/autosdelpodio.com\/autos\/#\/schema\/logo\/image\/"},"sameAs":["https:\/\/www.facebook.com\/profile.php?id=100057192590976&amp;amp;amp;amp;amp;amp;amp;amp;amp;amp;amp;amp;amp;amp;amp;amp;amp;amp;ref=ts","https:\/\/x.com\/autosdelpodio","https:\/\/www.youtube.com\/user\/AutosdelPodio"]},{"@type":"Person","@id":"http:\/\/autosdelpodio.com\/autos\/#\/schema\/person\/993527a4d01c3acdd3d6bce3770bc942","name":"autosdelpodio","image":{"@type":"ImageObject","inLanguage":"es","@id":"http:\/\/autosdelpodio.com\/autos\/wp-content\/litespeed\/avatar\/aa8f65cd201a80f6b844f63278aa84af.jpg?ver=1777403005","url":"http:\/\/autosdelpodio.com\/autos\/wp-content\/litespeed\/avatar\/aa8f65cd201a80f6b844f63278aa84af.jpg?ver=1777403005","contentUrl":"http:\/\/autosdelpodio.com\/autos\/wp-content\/litespeed\/avatar\/aa8f65cd201a80f6b844f63278aa84af.jpg?ver=1777403005","caption":"autosdelpodio"}}]}},"views":552,"_links":{"self":[{"href":"http:\/\/autosdelpodio.com\/autos\/wp-json\/wp\/v2\/posts\/2858","targetHints":{"allow":["GET"]}}],"collection":[{"href":"http:\/\/autosdelpodio.com\/autos\/wp-json\/wp\/v2\/posts"}],"about":[{"href":"http:\/\/autosdelpodio.com\/autos\/wp-json\/wp\/v2\/types\/post"}],"author":[{"embeddable":true,"href":"http:\/\/autosdelpodio.com\/autos\/wp-json\/wp\/v2\/users\/3"}],"replies":[{"embeddable":true,"href":"http:\/\/autosdelpodio.com\/autos\/wp-json\/wp\/v2\/comments?post=2858"}],"version-history":[{"count":2,"href":"http:\/\/autosdelpodio.com\/autos\/wp-json\/wp\/v2\/posts\/2858\/revisions"}],"predecessor-version":[{"id":2860,"href":"http:\/\/autosdelpodio.com\/autos\/wp-json\/wp\/v2\/posts\/2858\/revisions\/2860"}],"wp:featuredmedia":[{"embeddable":true,"href":"http:\/\/autosdelpodio.com\/autos\/wp-json\/wp\/v2\/media\/1614"}],"wp:attachment":[{"href":"http:\/\/autosdelpodio.com\/autos\/wp-json\/wp\/v2\/media?parent=2858"}],"wp:term":[{"taxonomy":"category","embeddable":true,"href":"http:\/\/autosdelpodio.com\/autos\/wp-json\/wp\/v2\/categories?post=2858"},{"taxonomy":"post_tag","embeddable":true,"href":"http:\/\/autosdelpodio.com\/autos\/wp-json\/wp\/v2\/tags?post=2858"}],"curies":[{"name":"wp","href":"https:\/\/api.w.org\/{rel}","templated":true}]}}