{"id":2960,"date":"2020-11-21T17:22:11","date_gmt":"2020-11-21T20:22:11","guid":{"rendered":"http:\/\/autosdelpodio.com\/autos\/?p=2960"},"modified":"2020-11-25T20:04:03","modified_gmt":"2020-11-25T23:04:03","slug":"todo-para-manu","status":"publish","type":"post","link":"http:\/\/autosdelpodio.com\/autos\/todo-para-manu\/","title":{"rendered":"Todo para Manu"},"content":{"rendered":"\n<p>Solo 5 presentaciones le bastaron a Manuel Mallo para ganar en la Clase 3 del Turismo Nacional en el Autodromo de La Plata.Mat\u00edas Mu\u00f1oz Marchesi y Jeronimo Teti completaron el podio.<br>Previamente, en la calurosa jornada sabatina tuvo su desarrollo la final de la clase menor en favor de Tom\u00e1s Bergallo (Toyota Etios).<br>Ma\u00f1ana en el Mouras continuar\u00e1n girando ambas categor\u00edas que tendr\u00e1n sus respectivas finales correspondientes a la sexta fecha de este 2020.<\/p>\n\n\n\n<p><strong>Final Clase 3 del TN &#8211; Fecha 5<\/strong><\/p>\n\n\n\n<p><em>1 55 MALLO M 16 Chevrolet Cruze 28;50.956<br>2 17 MU\u00d1OZ MARCHESI 16 Ford Focus 28;51.255 299<br>3 22 TETI 16 Chevrolet Cruze 28;51.898 942<br>4 100 OKULOVICH 16 Hona New Civic 28;53.575 2.619<br>5 141 CASTELLANO 16 Ford Focus 28;53.718 2.762<br>6 66 PERCAZ 16 Ford Focus 28;56.738 5.782<br>7 111 GASSMANN 16 Chevrolet Cruze 28;56.848 5.892<br>8 4 PERNIA L 16 Volkswagen Vento 28;57.463 6.507<br>9 14 LARRAURI 16 Hona New Civic 28;57.705 6.749<br>10 113 LUGON 16 Ford Focus 28;58.120 7.164<br>11 27 LUQUE 16 Fiat Tipo 28;59.741 8.785<br>12 68 SANTERO 16 Toyota Corolla 28;59.932 8.976<br>13 92 CONTA 16 Ford Focus 29;00.359 9.403<br>14 56 TODINO 16 KIA Cerato 29;00.843 9.887<br>15 3 CHAPUR 16 Ford Focus 29;04.508 13.552<br>16 63 MERLO 16 Toyota Corolla 29;05.890 14.934<br>17 1 URCERA 16 Hona New Civic 29;08.511 17.555<br>18 101 YANNANTUONI 16 Hona New Civic 29;08.659 17.703<br>19 46 COHEN 16 Ford Focus 29;08.782 17.826<br>20 49 SCHENONE 16 Fiat Tipo 29;14.926 23.970<br>21 48 MALLO S 16 Citroen C4 Lounge 29;17.497 26.541<br>22 61 NOCETI 16 Ford Focus 29;24.962 34.006<br>23 41 FRANETOVICH 15 Toyota Corolla 27;28.522 1 vta<br>24 10 PEZZINI 14 Toyota Corolla 26;04.300 2 vtas<br>25 18 CHIRIANO 13 Ford Focus 24;04.309 3 vtas<br>26 39 VICINO 13 Citroen C4 Lounge 24;07.642 3 vtas<br>27 9 DOMENECH 13 Toyota Corolla 24;57.686 3 vtas<br>28 15 CARDUCCI 9 Ford Focus 14;43.554 7 vtas<br>29 118 GARCIA 9 Ford Focus 14;44.942 7 vtas<br>30 43 MENVIELLE 9 Chevrolet Cruze 17;46.025 7 vtas<br>31 144 WERNER 8 Citroen C4 Lounge 13;35.378 8 vtas<br>32 19 PERNIA M 7 Volkswagen Vento 12;12.383 9 vtas<br>33 114 CHIALVO 6 Ford Focus 10;07.078 10 vtas<br>34 69 GENTILE 6 Chevrolet Cruze 10;15.686 10 vtas<br>35 38 ROSSOTTI 6 Volkswagen Vento 12;19.086 10 vtas<\/em><\/p>\n\n\n\n<p>Excluido Carlos Okulovich por maniobra peligrosa.<\/p>\n","protected":false},"excerpt":{"rendered":"<p>Solo 5 presentaciones le bastaron a Manuel Mallo para ganar en la Clase 3 del Turismo Nacional en el Autodromo<\/p>\n","protected":false},"author":3,"featured_media":0,"comment_status":"open","ping_status":"open","sticky":false,"template":"","format":"standard","meta":{"colormag_page_container_layout":"default_layout","colormag_page_sidebar_layout":"default_layout","footnotes":""},"categories":[5],"tags":[368,302,405,78],"class_list":["post-2960","post","type-post","status-publish","format-standard","hentry","category-latest-news","tag-chevrolet-cruze","tag-la-plata","tag-manuel-mallo","tag-turismo-nacional"],"yoast_head":"<!-- This site is optimized with the Yoast SEO plugin v27.5 - https:\/\/yoast.com\/product\/yoast-seo-wordpress\/ -->\n<title>Autos del Podio | Todo para Manu<\/title>\n<meta name=\"description\" content=\"Autos del Podio El poleman Manu Mallo tuvo su bautismo triunfal en el Turismo Nacional\" \/>\n<meta name=\"robots\" content=\"index, follow, max-snippet:-1, max-image-preview:large, max-video-preview:-1\" \/>\n<link rel=\"canonical\" href=\"http:\/\/autosdelpodio.com\/autos\/todo-para-manu\/\" \/>\n<meta property=\"og:locale\" content=\"es_ES\" \/>\n<meta property=\"og:type\" content=\"article\" \/>\n<meta property=\"og:title\" content=\"Autos del Podio | Todo para Manu\" \/>\n<meta property=\"og:description\" content=\"Autos del Podio El poleman Manu Mallo tuvo su bautismo triunfal en el Turismo Nacional\" \/>\n<meta property=\"og:url\" content=\"http:\/\/autosdelpodio.com\/autos\/todo-para-manu\/\" \/>\n<meta property=\"og:site_name\" content=\"Autos del Podio\" \/>\n<meta property=\"article:publisher\" content=\"https:\/\/www.facebook.com\/profile.php?id=100057192590976&amp;amp%3bamp%3bamp%3bamp%3bamp%3bamp%3bamp%3bamp%3bamp%3bamp%3bamp%3bamp%3bamp%3bamp%3bamp%3bamp%3bamp%3bamp%3bref=ts\" \/>\n<meta property=\"article:published_time\" content=\"2020-11-21T20:22:11+00:00\" \/>\n<meta property=\"article:modified_time\" content=\"2020-11-25T23:04:03+00:00\" \/>\n<meta name=\"author\" content=\"autosdelpodio\" \/>\n<meta name=\"twitter:card\" content=\"summary_large_image\" \/>\n<meta name=\"twitter:creator\" content=\"@autosdelpodio\" \/>\n<meta name=\"twitter:site\" content=\"@autosdelpodio\" \/>\n<meta name=\"twitter:label1\" content=\"Escrito por\" \/>\n\t<meta name=\"twitter:data1\" content=\"autosdelpodio\" \/>\n\t<meta name=\"twitter:label2\" content=\"Tiempo de lectura\" \/>\n\t<meta name=\"twitter:data2\" content=\"1 minuto\" \/>\n<script type=\"application\/ld+json\" class=\"yoast-schema-graph\">{\"@context\":\"https:\\\/\\\/schema.org\",\"@graph\":[{\"@type\":\"Article\",\"@id\":\"http:\\\/\\\/autosdelpodio.com\\\/autos\\\/todo-para-manu\\\/#article\",\"isPartOf\":{\"@id\":\"http:\\\/\\\/autosdelpodio.com\\\/autos\\\/todo-para-manu\\\/\"},\"author\":{\"name\":\"autosdelpodio\",\"@id\":\"http:\\\/\\\/autosdelpodio.com\\\/autos\\\/#\\\/schema\\\/person\\\/993527a4d01c3acdd3d6bce3770bc942\"},\"headline\":\"Todo para Manu\",\"datePublished\":\"2020-11-21T20:22:11+00:00\",\"dateModified\":\"2020-11-25T23:04:03+00:00\",\"mainEntityOfPage\":{\"@id\":\"http:\\\/\\\/autosdelpodio.com\\\/autos\\\/todo-para-manu\\\/\"},\"wordCount\":225,\"commentCount\":1,\"publisher\":{\"@id\":\"http:\\\/\\\/autosdelpodio.com\\\/autos\\\/#organization\"},\"keywords\":[\"Chevrolet Cruze\",\"La Plata\",\"Manuel Mallo\",\"Turismo Nacional\"],\"articleSection\":[\"\u00daltimas noticias\"],\"inLanguage\":\"es\",\"potentialAction\":[{\"@type\":\"CommentAction\",\"name\":\"Comment\",\"target\":[\"http:\\\/\\\/autosdelpodio.com\\\/autos\\\/todo-para-manu\\\/#respond\"]}]},{\"@type\":\"WebPage\",\"@id\":\"http:\\\/\\\/autosdelpodio.com\\\/autos\\\/todo-para-manu\\\/\",\"url\":\"http:\\\/\\\/autosdelpodio.com\\\/autos\\\/todo-para-manu\\\/\",\"name\":\"Autos del Podio | Todo para Manu\",\"isPartOf\":{\"@id\":\"http:\\\/\\\/autosdelpodio.com\\\/autos\\\/#website\"},\"datePublished\":\"2020-11-21T20:22:11+00:00\",\"dateModified\":\"2020-11-25T23:04:03+00:00\",\"description\":\"Autos del Podio El poleman Manu Mallo tuvo su bautismo triunfal en el Turismo Nacional\",\"breadcrumb\":{\"@id\":\"http:\\\/\\\/autosdelpodio.com\\\/autos\\\/todo-para-manu\\\/#breadcrumb\"},\"inLanguage\":\"es\",\"potentialAction\":[{\"@type\":\"ReadAction\",\"target\":[\"http:\\\/\\\/autosdelpodio.com\\\/autos\\\/todo-para-manu\\\/\"]}]},{\"@type\":\"BreadcrumbList\",\"@id\":\"http:\\\/\\\/autosdelpodio.com\\\/autos\\\/todo-para-manu\\\/#breadcrumb\",\"itemListElement\":[{\"@type\":\"ListItem\",\"position\":1,\"name\":\"Portada\",\"item\":\"http:\\\/\\\/autosdelpodio.com\\\/autos\\\/\"},{\"@type\":\"ListItem\",\"position\":2,\"name\":\"Todo para Manu\"}]},{\"@type\":\"WebSite\",\"@id\":\"http:\\\/\\\/autosdelpodio.com\\\/autos\\\/#website\",\"url\":\"http:\\\/\\\/autosdelpodio.com\\\/autos\\\/\",\"name\":\"Autos del Podio\",\"description\":\"La sexta del deporte motor\",\"publisher\":{\"@id\":\"http:\\\/\\\/autosdelpodio.com\\\/autos\\\/#organization\"},\"potentialAction\":[{\"@type\":\"SearchAction\",\"target\":{\"@type\":\"EntryPoint\",\"urlTemplate\":\"http:\\\/\\\/autosdelpodio.com\\\/autos\\\/?s={search_term_string}\"},\"query-input\":{\"@type\":\"PropertyValueSpecification\",\"valueRequired\":true,\"valueName\":\"search_term_string\"}}],\"inLanguage\":\"es\"},{\"@type\":\"Organization\",\"@id\":\"http:\\\/\\\/autosdelpodio.com\\\/autos\\\/#organization\",\"name\":\"Autos del Podio\",\"url\":\"http:\\\/\\\/autosdelpodio.com\\\/autos\\\/\",\"logo\":{\"@type\":\"ImageObject\",\"inLanguage\":\"es\",\"@id\":\"http:\\\/\\\/autosdelpodio.com\\\/autos\\\/#\\\/schema\\\/logo\\\/image\\\/\",\"url\":\"http:\\\/\\\/autosdelpodio.com\\\/autos\\\/wp-content\\\/uploads\\\/2020\\\/08\\\/Logo_AR.jpg\",\"contentUrl\":\"http:\\\/\\\/autosdelpodio.com\\\/autos\\\/wp-content\\\/uploads\\\/2020\\\/08\\\/Logo_AR.jpg\",\"width\":1038,\"height\":1044,\"caption\":\"Autos del Podio\"},\"image\":{\"@id\":\"http:\\\/\\\/autosdelpodio.com\\\/autos\\\/#\\\/schema\\\/logo\\\/image\\\/\"},\"sameAs\":[\"https:\\\/\\\/www.facebook.com\\\/profile.php?id=100057192590976&amp;amp;amp;amp;amp;amp;amp;amp;amp;amp;amp;amp;amp;amp;amp;amp;amp;amp;ref=ts\",\"https:\\\/\\\/x.com\\\/autosdelpodio\",\"https:\\\/\\\/www.youtube.com\\\/user\\\/AutosdelPodio\"]},{\"@type\":\"Person\",\"@id\":\"http:\\\/\\\/autosdelpodio.com\\\/autos\\\/#\\\/schema\\\/person\\\/993527a4d01c3acdd3d6bce3770bc942\",\"name\":\"autosdelpodio\",\"image\":{\"@type\":\"ImageObject\",\"inLanguage\":\"es\",\"@id\":\"http:\\\/\\\/autosdelpodio.com\\\/autos\\\/wp-content\\\/litespeed\\\/avatar\\\/aa8f65cd201a80f6b844f63278aa84af.jpg?ver=1777403005\",\"url\":\"http:\\\/\\\/autosdelpodio.com\\\/autos\\\/wp-content\\\/litespeed\\\/avatar\\\/aa8f65cd201a80f6b844f63278aa84af.jpg?ver=1777403005\",\"contentUrl\":\"http:\\\/\\\/autosdelpodio.com\\\/autos\\\/wp-content\\\/litespeed\\\/avatar\\\/aa8f65cd201a80f6b844f63278aa84af.jpg?ver=1777403005\",\"caption\":\"autosdelpodio\"}}]}<\/script>\n<!-- \/ Yoast SEO plugin. -->","yoast_head_json":{"title":"Autos del Podio | Todo para Manu","description":"Autos del Podio El poleman Manu Mallo tuvo su bautismo triunfal en el Turismo Nacional","robots":{"index":"index","follow":"follow","max-snippet":"max-snippet:-1","max-image-preview":"max-image-preview:large","max-video-preview":"max-video-preview:-1"},"canonical":"http:\/\/autosdelpodio.com\/autos\/todo-para-manu\/","og_locale":"es_ES","og_type":"article","og_title":"Autos del Podio | Todo para Manu","og_description":"Autos del Podio El poleman Manu Mallo tuvo su bautismo triunfal en el Turismo Nacional","og_url":"http:\/\/autosdelpodio.com\/autos\/todo-para-manu\/","og_site_name":"Autos del Podio","article_publisher":"https:\/\/www.facebook.com\/profile.php?id=100057192590976&amp%3bamp%3bamp%3bamp%3bamp%3bamp%3bamp%3bamp%3bamp%3bamp%3bamp%3bamp%3bamp%3bamp%3bamp%3bamp%3bamp%3bamp%3bref=ts","article_published_time":"2020-11-21T20:22:11+00:00","article_modified_time":"2020-11-25T23:04:03+00:00","author":"autosdelpodio","twitter_card":"summary_large_image","twitter_creator":"@autosdelpodio","twitter_site":"@autosdelpodio","twitter_misc":{"Escrito por":"autosdelpodio","Tiempo de lectura":"1 minuto"},"schema":{"@context":"https:\/\/schema.org","@graph":[{"@type":"Article","@id":"http:\/\/autosdelpodio.com\/autos\/todo-para-manu\/#article","isPartOf":{"@id":"http:\/\/autosdelpodio.com\/autos\/todo-para-manu\/"},"author":{"name":"autosdelpodio","@id":"http:\/\/autosdelpodio.com\/autos\/#\/schema\/person\/993527a4d01c3acdd3d6bce3770bc942"},"headline":"Todo para Manu","datePublished":"2020-11-21T20:22:11+00:00","dateModified":"2020-11-25T23:04:03+00:00","mainEntityOfPage":{"@id":"http:\/\/autosdelpodio.com\/autos\/todo-para-manu\/"},"wordCount":225,"commentCount":1,"publisher":{"@id":"http:\/\/autosdelpodio.com\/autos\/#organization"},"keywords":["Chevrolet Cruze","La Plata","Manuel Mallo","Turismo Nacional"],"articleSection":["\u00daltimas noticias"],"inLanguage":"es","potentialAction":[{"@type":"CommentAction","name":"Comment","target":["http:\/\/autosdelpodio.com\/autos\/todo-para-manu\/#respond"]}]},{"@type":"WebPage","@id":"http:\/\/autosdelpodio.com\/autos\/todo-para-manu\/","url":"http:\/\/autosdelpodio.com\/autos\/todo-para-manu\/","name":"Autos del Podio | Todo para Manu","isPartOf":{"@id":"http:\/\/autosdelpodio.com\/autos\/#website"},"datePublished":"2020-11-21T20:22:11+00:00","dateModified":"2020-11-25T23:04:03+00:00","description":"Autos del Podio El poleman Manu Mallo tuvo su bautismo triunfal en el Turismo Nacional","breadcrumb":{"@id":"http:\/\/autosdelpodio.com\/autos\/todo-para-manu\/#breadcrumb"},"inLanguage":"es","potentialAction":[{"@type":"ReadAction","target":["http:\/\/autosdelpodio.com\/autos\/todo-para-manu\/"]}]},{"@type":"BreadcrumbList","@id":"http:\/\/autosdelpodio.com\/autos\/todo-para-manu\/#breadcrumb","itemListElement":[{"@type":"ListItem","position":1,"name":"Portada","item":"http:\/\/autosdelpodio.com\/autos\/"},{"@type":"ListItem","position":2,"name":"Todo para Manu"}]},{"@type":"WebSite","@id":"http:\/\/autosdelpodio.com\/autos\/#website","url":"http:\/\/autosdelpodio.com\/autos\/","name":"Autos del Podio","description":"La sexta del deporte motor","publisher":{"@id":"http:\/\/autosdelpodio.com\/autos\/#organization"},"potentialAction":[{"@type":"SearchAction","target":{"@type":"EntryPoint","urlTemplate":"http:\/\/autosdelpodio.com\/autos\/?s={search_term_string}"},"query-input":{"@type":"PropertyValueSpecification","valueRequired":true,"valueName":"search_term_string"}}],"inLanguage":"es"},{"@type":"Organization","@id":"http:\/\/autosdelpodio.com\/autos\/#organization","name":"Autos del Podio","url":"http:\/\/autosdelpodio.com\/autos\/","logo":{"@type":"ImageObject","inLanguage":"es","@id":"http:\/\/autosdelpodio.com\/autos\/#\/schema\/logo\/image\/","url":"http:\/\/autosdelpodio.com\/autos\/wp-content\/uploads\/2020\/08\/Logo_AR.jpg","contentUrl":"http:\/\/autosdelpodio.com\/autos\/wp-content\/uploads\/2020\/08\/Logo_AR.jpg","width":1038,"height":1044,"caption":"Autos del Podio"},"image":{"@id":"http:\/\/autosdelpodio.com\/autos\/#\/schema\/logo\/image\/"},"sameAs":["https:\/\/www.facebook.com\/profile.php?id=100057192590976&amp;amp;amp;amp;amp;amp;amp;amp;amp;amp;amp;amp;amp;amp;amp;amp;amp;amp;ref=ts","https:\/\/x.com\/autosdelpodio","https:\/\/www.youtube.com\/user\/AutosdelPodio"]},{"@type":"Person","@id":"http:\/\/autosdelpodio.com\/autos\/#\/schema\/person\/993527a4d01c3acdd3d6bce3770bc942","name":"autosdelpodio","image":{"@type":"ImageObject","inLanguage":"es","@id":"http:\/\/autosdelpodio.com\/autos\/wp-content\/litespeed\/avatar\/aa8f65cd201a80f6b844f63278aa84af.jpg?ver=1777403005","url":"http:\/\/autosdelpodio.com\/autos\/wp-content\/litespeed\/avatar\/aa8f65cd201a80f6b844f63278aa84af.jpg?ver=1777403005","contentUrl":"http:\/\/autosdelpodio.com\/autos\/wp-content\/litespeed\/avatar\/aa8f65cd201a80f6b844f63278aa84af.jpg?ver=1777403005","caption":"autosdelpodio"}}]}},"views":868,"_links":{"self":[{"href":"http:\/\/autosdelpodio.com\/autos\/wp-json\/wp\/v2\/posts\/2960","targetHints":{"allow":["GET"]}}],"collection":[{"href":"http:\/\/autosdelpodio.com\/autos\/wp-json\/wp\/v2\/posts"}],"about":[{"href":"http:\/\/autosdelpodio.com\/autos\/wp-json\/wp\/v2\/types\/post"}],"author":[{"embeddable":true,"href":"http:\/\/autosdelpodio.com\/autos\/wp-json\/wp\/v2\/users\/3"}],"replies":[{"embeddable":true,"href":"http:\/\/autosdelpodio.com\/autos\/wp-json\/wp\/v2\/comments?post=2960"}],"version-history":[{"count":2,"href":"http:\/\/autosdelpodio.com\/autos\/wp-json\/wp\/v2\/posts\/2960\/revisions"}],"predecessor-version":[{"id":2963,"href":"http:\/\/autosdelpodio.com\/autos\/wp-json\/wp\/v2\/posts\/2960\/revisions\/2963"}],"wp:attachment":[{"href":"http:\/\/autosdelpodio.com\/autos\/wp-json\/wp\/v2\/media?parent=2960"}],"wp:term":[{"taxonomy":"category","embeddable":true,"href":"http:\/\/autosdelpodio.com\/autos\/wp-json\/wp\/v2\/categories?post=2960"},{"taxonomy":"post_tag","embeddable":true,"href":"http:\/\/autosdelpodio.com\/autos\/wp-json\/wp\/v2\/tags?post=2960"}],"curies":[{"name":"wp","href":"https:\/\/api.w.org\/{rel}","templated":true}]}}