{"id":298,"date":"2011-10-13T21:28:19","date_gmt":"2011-10-13T21:28:19","guid":{"rendered":"http:\/\/autosdelpodio.com\/autos\/2011\/10\/13\/qquiero-continuar-otro-ano-masq\/"},"modified":"2011-10-13T21:28:19","modified_gmt":"2011-10-13T21:28:19","slug":"qquiero-continuar-otro-ano-masq","status":"publish","type":"post","link":"http:\/\/autosdelpodio.com\/autos\/qquiero-continuar-otro-ano-masq\/","title":{"rendered":"\u00abQuiero continuar otro a\u00f1o mas\u00bb"},"content":{"rendered":"<\/p>\n<p>\u00a0<\/p>\n<p><span> <\/p>\n<p style=\"text-align: justify;\">Juan Manuel \u00abCochito\u00bb Lopez analiza su primer a\u00f1o en el GT Open Europeo, las posibilidades concretas de pelear por el campeonato que se define el 29 y 30 de Octubre en Catalunya, Barcelona (Espa\u00f1a)\u00a0y la continuidad para el proximo a\u00f1o.<\/p>\n<p><p style=\"text-align: justify;\">\u00a0<\/p>\n<p style=\"text-align: justify;\">\u00a0<\/p>\n<\/p>\n<p> <\/span><\/p>\n<p>\u00a0<\/p>\n<p>  <!--more-->  <\/p>\n<p><p style=\"text-align: justify;\"><strong>_Estando a 11 puntos del l\u00edder del certamen, a una fecha doble del final, cual es la estrategia? Es un a todo o nada en la primera o se especula un poco en la primera y se va a todo o nada en la segunda?<\/strong><\/p>\n<p style=\"text-align: justify;\">_Creo que tenemos que arriesgar un poco en esta \u00faltima fecha ya que al estar peleando el campeonato con otros 3 autos no se puede especular.<\/p>\n<p style=\"text-align: justify;\">Porque tendr\u00edan que parar los otros 3 que est\u00e1n peleando,lo cual es muy, por eso hay que tratar de terminar adelante de ellos para poder descontarle puntos y tener la suerte q ellos terminen un poco mas atr\u00e1s para poder descontar esa diferencia tanto en la primera como en la segunda carrera.<\/p>\n<p style=\"text-align: justify;\"><strong>_El circuito de Catalunya, teniendo en cuenta que vas con la Ferrari F430, favorece o restringe tus aspiraciones?<\/strong><\/p>\n<p style=\"text-align: justify;\">Hoy por hoy ning\u00fan circuito favorece a la F430, ya el nuevo modelo llego a un punto donde es mejor en todos los circuitos que vamos.Inclusive en Monza, donde pensamos que el 430 pod\u00eda funcionar mejor ya que es mas liviano y tiene menos carga.Monza era un circuito con rectas largas y curvas en su mayor\u00eda de media y baja velocidad, pero as\u00ed todo funcionaron mejor los 458.<\/p>\n<p style=\"text-align: justify;\">De modo que en Barcelona sin duda la diferencia va a ser mayor, por esto estamos tratando con el equipo de conseguir como sea una F458 para la ultima fecha pero esta dificil.<\/p>\n<p style=\"text-align: justify;\"><strong>_Porque no se pudo poner en pista la nueva F438? Pensas que esto condiciono tus posibilidades a lo largo de este 2011?<\/strong><\/p>\n<p style=\"text-align: justify;\">_Se debi\u00f3 a un problema econ\u00f3mico del equipo, que en principio pago el adelanto por el auto y despu\u00e9s cuando estaba listo un socio del equipo se fue y no pago la parte restante por eso Ferrari no le entrego el auto y creo q ah\u00ed perdimos las grandes chances que ten\u00edamos para ser campeones este a\u00f1o.<\/p>\n<p style=\"text-align: justify;\"><strong>_Teniendo en cuenta has corrido en distintos lugares de Europa, que sufre un proceso de crisis y recesion. Lo han sufrido los equipos, ha habido un recorte presupuestario.O ha bajado la concurrencia de publico en los autodromo.<\/strong><\/p>\n<p style=\"text-align: justify;\">_Creo que sin duda la crisis afecta a todo el automovilismo en Europa, seguramente fue unas de las causas de no contar con la F458 este a\u00f1o.Asi y todo el campeonato tuvo en la mayor\u00eda de carreras gran cantidad de autos y publico, aunque para los equipos mas chicos se les hizo mas dif\u00edcil.<\/p>\n<p style=\"text-align: justify;\"><strong>_Como te llevas con el publico, como son respecto a como se vive en Argentina.<\/strong><\/p>\n<p style=\"text-align: justify;\">_El p\u00fablico en Argentina es mucho m\u00e1s apasionado y lo vive de otra manera, en Europa varia mucho el p\u00fablico de un pa\u00eds a otro ya que es un campeonato europeo, y se vive muy distinto cada carrera con la gente. Pero en general no son tan apasionados, es un publico mas tranquilo donde no se los ven alentar como ac\u00e1, o con tantas banderas.<\/p>\n<p style=\"text-align: justify;\"><strong>_Cuales son los planes para el pr\u00f3ximo a\u00f1o, estas en tratativas con alg\u00fan equipo o la continuidad esta sujeta al resultado deportivo.<\/strong><\/p>\n<p style=\"text-align: justify;\">_Para el 2012 la idea es seguir en Europa, en lo posible me gustar\u00eda hacer otro a\u00f1o mas en este campeonato porque me sent\u00ed muy c\u00f3modo y me gusto mucho, quiere seguir con Ferrari pero como sea con un 458, porque es imposible correr este torneo con el auto viejo. Seguramente va a depender un poco como termine, y creo que aunque no se consiga el campeonato fue un gran a\u00f1o y espero q eso me ayude a continuar con un buen equipo para poder pelear de nuevo en el 2012.<\/p><\/p>\n","protected":false},"excerpt":{"rendered":"<p>\u00a0 Juan Manuel \u00abCochito\u00bb Lopez analiza su primer a\u00f1o en el GT Open Europeo, las posibilidades concretas de pelear por<\/p>\n","protected":false},"author":1,"featured_media":297,"comment_status":"open","ping_status":"open","sticky":false,"template":"","format":"standard","meta":{"colormag_page_container_layout":"default_layout","colormag_page_sidebar_layout":"default_layout","footnotes":""},"categories":[17],"tags":[],"class_list":["post-298","post","type-post","status-publish","format-standard","has-post-thumbnail","hentry","category-entrevistas"],"yoast_head":"<!-- This site is optimized with the Yoast SEO plugin v27.5 - https:\/\/yoast.com\/product\/yoast-seo-wordpress\/ -->\n<title>Autos del Podio | &quot;Quiero continuar otro a\u00f1o mas&quot;<\/title>\n<meta name=\"description\" content=\"Autos del Podio\" \/>\n<meta name=\"robots\" content=\"index, follow, max-snippet:-1, max-image-preview:large, max-video-preview:-1\" \/>\n<link rel=\"canonical\" href=\"http:\/\/autosdelpodio.com\/autos\/qquiero-continuar-otro-ano-masq\/\" \/>\n<meta property=\"og:locale\" content=\"es_ES\" \/>\n<meta property=\"og:type\" content=\"article\" \/>\n<meta property=\"og:title\" content=\"Autos del Podio | &quot;Quiero continuar otro a\u00f1o mas&quot;\" \/>\n<meta property=\"og:description\" content=\"Autos del Podio\" \/>\n<meta property=\"og:url\" content=\"http:\/\/autosdelpodio.com\/autos\/qquiero-continuar-otro-ano-masq\/\" \/>\n<meta property=\"og:site_name\" content=\"Autos del Podio\" \/>\n<meta property=\"article:publisher\" content=\"https:\/\/www.facebook.com\/profile.php?id=100057192590976&amp;amp%3bamp%3bamp%3bamp%3bamp%3bamp%3bamp%3bamp%3bamp%3bamp%3bamp%3bamp%3bamp%3bamp%3bamp%3bamp%3bamp%3bamp%3bref=ts\" \/>\n<meta property=\"article:published_time\" content=\"2011-10-13T21:28:19+00:00\" \/>\n<meta property=\"og:image\" content=\"http:\/\/autosdelpodio.com\/autos\/wp-content\/uploads\/2011\/10\/f2e5970-scaled.jpg\" \/>\n\t<meta property=\"og:image:width\" content=\"2560\" \/>\n\t<meta property=\"og:image:height\" content=\"1707\" \/>\n\t<meta property=\"og:image:type\" content=\"image\/jpeg\" \/>\n<meta name=\"author\" content=\"wi022230\" \/>\n<meta name=\"twitter:card\" content=\"summary_large_image\" \/>\n<meta name=\"twitter:creator\" content=\"@autosdelpodio\" \/>\n<meta name=\"twitter:site\" content=\"@autosdelpodio\" \/>\n<meta name=\"twitter:label1\" content=\"Escrito por\" \/>\n\t<meta name=\"twitter:data1\" content=\"wi022230\" \/>\n\t<meta name=\"twitter:label2\" content=\"Tiempo de lectura\" \/>\n\t<meta name=\"twitter:data2\" content=\"3 minutos\" \/>\n<script type=\"application\/ld+json\" class=\"yoast-schema-graph\">{\"@context\":\"https:\\\/\\\/schema.org\",\"@graph\":[{\"@type\":\"Article\",\"@id\":\"http:\\\/\\\/autosdelpodio.com\\\/autos\\\/qquiero-continuar-otro-ano-masq\\\/#article\",\"isPartOf\":{\"@id\":\"http:\\\/\\\/autosdelpodio.com\\\/autos\\\/qquiero-continuar-otro-ano-masq\\\/\"},\"author\":{\"name\":\"wi022230\",\"@id\":\"http:\\\/\\\/autosdelpodio.com\\\/autos\\\/#\\\/schema\\\/person\\\/e88353cabf768863fdf874e30120f3ba\"},\"headline\":\"\u00abQuiero continuar otro a\u00f1o mas\u00bb\",\"datePublished\":\"2011-10-13T21:28:19+00:00\",\"mainEntityOfPage\":{\"@id\":\"http:\\\/\\\/autosdelpodio.com\\\/autos\\\/qquiero-continuar-otro-ano-masq\\\/\"},\"wordCount\":674,\"commentCount\":0,\"publisher\":{\"@id\":\"http:\\\/\\\/autosdelpodio.com\\\/autos\\\/#organization\"},\"image\":{\"@id\":\"http:\\\/\\\/autosdelpodio.com\\\/autos\\\/qquiero-continuar-otro-ano-masq\\\/#primaryimage\"},\"thumbnailUrl\":\"http:\\\/\\\/autosdelpodio.com\\\/autos\\\/wp-content\\\/uploads\\\/2011\\\/10\\\/f2e5970-scaled.jpg\",\"articleSection\":[\"Entrevistas\"],\"inLanguage\":\"es\",\"potentialAction\":[{\"@type\":\"CommentAction\",\"name\":\"Comment\",\"target\":[\"http:\\\/\\\/autosdelpodio.com\\\/autos\\\/qquiero-continuar-otro-ano-masq\\\/#respond\"]}]},{\"@type\":\"WebPage\",\"@id\":\"http:\\\/\\\/autosdelpodio.com\\\/autos\\\/qquiero-continuar-otro-ano-masq\\\/\",\"url\":\"http:\\\/\\\/autosdelpodio.com\\\/autos\\\/qquiero-continuar-otro-ano-masq\\\/\",\"name\":\"Autos del Podio | \\\"Quiero continuar otro a\u00f1o mas\\\"\",\"isPartOf\":{\"@id\":\"http:\\\/\\\/autosdelpodio.com\\\/autos\\\/#website\"},\"primaryImageOfPage\":{\"@id\":\"http:\\\/\\\/autosdelpodio.com\\\/autos\\\/qquiero-continuar-otro-ano-masq\\\/#primaryimage\"},\"image\":{\"@id\":\"http:\\\/\\\/autosdelpodio.com\\\/autos\\\/qquiero-continuar-otro-ano-masq\\\/#primaryimage\"},\"thumbnailUrl\":\"http:\\\/\\\/autosdelpodio.com\\\/autos\\\/wp-content\\\/uploads\\\/2011\\\/10\\\/f2e5970-scaled.jpg\",\"datePublished\":\"2011-10-13T21:28:19+00:00\",\"description\":\"Autos del Podio\",\"breadcrumb\":{\"@id\":\"http:\\\/\\\/autosdelpodio.com\\\/autos\\\/qquiero-continuar-otro-ano-masq\\\/#breadcrumb\"},\"inLanguage\":\"es\",\"potentialAction\":[{\"@type\":\"ReadAction\",\"target\":[\"http:\\\/\\\/autosdelpodio.com\\\/autos\\\/qquiero-continuar-otro-ano-masq\\\/\"]}]},{\"@type\":\"ImageObject\",\"inLanguage\":\"es\",\"@id\":\"http:\\\/\\\/autosdelpodio.com\\\/autos\\\/qquiero-continuar-otro-ano-masq\\\/#primaryimage\",\"url\":\"http:\\\/\\\/autosdelpodio.com\\\/autos\\\/wp-content\\\/uploads\\\/2011\\\/10\\\/f2e5970-scaled.jpg\",\"contentUrl\":\"http:\\\/\\\/autosdelpodio.com\\\/autos\\\/wp-content\\\/uploads\\\/2011\\\/10\\\/f2e5970-scaled.jpg\",\"width\":2560,\"height\":1707},{\"@type\":\"BreadcrumbList\",\"@id\":\"http:\\\/\\\/autosdelpodio.com\\\/autos\\\/qquiero-continuar-otro-ano-masq\\\/#breadcrumb\",\"itemListElement\":[{\"@type\":\"ListItem\",\"position\":1,\"name\":\"Portada\",\"item\":\"http:\\\/\\\/autosdelpodio.com\\\/autos\\\/\"},{\"@type\":\"ListItem\",\"position\":2,\"name\":\"\u00abQuiero continuar otro a\u00f1o mas\u00bb\"}]},{\"@type\":\"WebSite\",\"@id\":\"http:\\\/\\\/autosdelpodio.com\\\/autos\\\/#website\",\"url\":\"http:\\\/\\\/autosdelpodio.com\\\/autos\\\/\",\"name\":\"Autos del Podio\",\"description\":\"La sexta del deporte motor\",\"publisher\":{\"@id\":\"http:\\\/\\\/autosdelpodio.com\\\/autos\\\/#organization\"},\"potentialAction\":[{\"@type\":\"SearchAction\",\"target\":{\"@type\":\"EntryPoint\",\"urlTemplate\":\"http:\\\/\\\/autosdelpodio.com\\\/autos\\\/?s={search_term_string}\"},\"query-input\":{\"@type\":\"PropertyValueSpecification\",\"valueRequired\":true,\"valueName\":\"search_term_string\"}}],\"inLanguage\":\"es\"},{\"@type\":\"Organization\",\"@id\":\"http:\\\/\\\/autosdelpodio.com\\\/autos\\\/#organization\",\"name\":\"Autos del Podio\",\"url\":\"http:\\\/\\\/autosdelpodio.com\\\/autos\\\/\",\"logo\":{\"@type\":\"ImageObject\",\"inLanguage\":\"es\",\"@id\":\"http:\\\/\\\/autosdelpodio.com\\\/autos\\\/#\\\/schema\\\/logo\\\/image\\\/\",\"url\":\"http:\\\/\\\/autosdelpodio.com\\\/autos\\\/wp-content\\\/uploads\\\/2020\\\/08\\\/Logo_AR.jpg\",\"contentUrl\":\"http:\\\/\\\/autosdelpodio.com\\\/autos\\\/wp-content\\\/uploads\\\/2020\\\/08\\\/Logo_AR.jpg\",\"width\":1038,\"height\":1044,\"caption\":\"Autos del Podio\"},\"image\":{\"@id\":\"http:\\\/\\\/autosdelpodio.com\\\/autos\\\/#\\\/schema\\\/logo\\\/image\\\/\"},\"sameAs\":[\"https:\\\/\\\/www.facebook.com\\\/profile.php?id=100057192590976&amp;amp;amp;amp;amp;amp;amp;amp;amp;amp;amp;amp;amp;amp;amp;amp;amp;amp;ref=ts\",\"https:\\\/\\\/x.com\\\/autosdelpodio\",\"https:\\\/\\\/www.youtube.com\\\/user\\\/AutosdelPodio\"]},{\"@type\":\"Person\",\"@id\":\"http:\\\/\\\/autosdelpodio.com\\\/autos\\\/#\\\/schema\\\/person\\\/e88353cabf768863fdf874e30120f3ba\",\"name\":\"wi022230\",\"image\":{\"@type\":\"ImageObject\",\"inLanguage\":\"es\",\"@id\":\"http:\\\/\\\/autosdelpodio.com\\\/autos\\\/wp-content\\\/litespeed\\\/avatar\\\/453fc9bdbb11d766ba4c7f14d0bd0aa9.jpg?ver=1777404874\",\"url\":\"http:\\\/\\\/autosdelpodio.com\\\/autos\\\/wp-content\\\/litespeed\\\/avatar\\\/453fc9bdbb11d766ba4c7f14d0bd0aa9.jpg?ver=1777404874\",\"contentUrl\":\"http:\\\/\\\/autosdelpodio.com\\\/autos\\\/wp-content\\\/litespeed\\\/avatar\\\/453fc9bdbb11d766ba4c7f14d0bd0aa9.jpg?ver=1777404874\",\"caption\":\"wi022230\"}}]}<\/script>\n<!-- \/ Yoast SEO plugin. -->","yoast_head_json":{"title":"Autos del Podio | \"Quiero continuar otro a\u00f1o mas\"","description":"Autos del Podio","robots":{"index":"index","follow":"follow","max-snippet":"max-snippet:-1","max-image-preview":"max-image-preview:large","max-video-preview":"max-video-preview:-1"},"canonical":"http:\/\/autosdelpodio.com\/autos\/qquiero-continuar-otro-ano-masq\/","og_locale":"es_ES","og_type":"article","og_title":"Autos del Podio | \"Quiero continuar otro a\u00f1o mas\"","og_description":"Autos del Podio","og_url":"http:\/\/autosdelpodio.com\/autos\/qquiero-continuar-otro-ano-masq\/","og_site_name":"Autos del Podio","article_publisher":"https:\/\/www.facebook.com\/profile.php?id=100057192590976&amp%3bamp%3bamp%3bamp%3bamp%3bamp%3bamp%3bamp%3bamp%3bamp%3bamp%3bamp%3bamp%3bamp%3bamp%3bamp%3bamp%3bamp%3bref=ts","article_published_time":"2011-10-13T21:28:19+00:00","og_image":[{"width":2560,"height":1707,"url":"http:\/\/autosdelpodio.com\/autos\/wp-content\/uploads\/2011\/10\/f2e5970-scaled.jpg","type":"image\/jpeg"}],"author":"wi022230","twitter_card":"summary_large_image","twitter_creator":"@autosdelpodio","twitter_site":"@autosdelpodio","twitter_misc":{"Escrito por":"wi022230","Tiempo de lectura":"3 minutos"},"schema":{"@context":"https:\/\/schema.org","@graph":[{"@type":"Article","@id":"http:\/\/autosdelpodio.com\/autos\/qquiero-continuar-otro-ano-masq\/#article","isPartOf":{"@id":"http:\/\/autosdelpodio.com\/autos\/qquiero-continuar-otro-ano-masq\/"},"author":{"name":"wi022230","@id":"http:\/\/autosdelpodio.com\/autos\/#\/schema\/person\/e88353cabf768863fdf874e30120f3ba"},"headline":"\u00abQuiero continuar otro a\u00f1o mas\u00bb","datePublished":"2011-10-13T21:28:19+00:00","mainEntityOfPage":{"@id":"http:\/\/autosdelpodio.com\/autos\/qquiero-continuar-otro-ano-masq\/"},"wordCount":674,"commentCount":0,"publisher":{"@id":"http:\/\/autosdelpodio.com\/autos\/#organization"},"image":{"@id":"http:\/\/autosdelpodio.com\/autos\/qquiero-continuar-otro-ano-masq\/#primaryimage"},"thumbnailUrl":"http:\/\/autosdelpodio.com\/autos\/wp-content\/uploads\/2011\/10\/f2e5970-scaled.jpg","articleSection":["Entrevistas"],"inLanguage":"es","potentialAction":[{"@type":"CommentAction","name":"Comment","target":["http:\/\/autosdelpodio.com\/autos\/qquiero-continuar-otro-ano-masq\/#respond"]}]},{"@type":"WebPage","@id":"http:\/\/autosdelpodio.com\/autos\/qquiero-continuar-otro-ano-masq\/","url":"http:\/\/autosdelpodio.com\/autos\/qquiero-continuar-otro-ano-masq\/","name":"Autos del Podio | \"Quiero continuar otro a\u00f1o mas\"","isPartOf":{"@id":"http:\/\/autosdelpodio.com\/autos\/#website"},"primaryImageOfPage":{"@id":"http:\/\/autosdelpodio.com\/autos\/qquiero-continuar-otro-ano-masq\/#primaryimage"},"image":{"@id":"http:\/\/autosdelpodio.com\/autos\/qquiero-continuar-otro-ano-masq\/#primaryimage"},"thumbnailUrl":"http:\/\/autosdelpodio.com\/autos\/wp-content\/uploads\/2011\/10\/f2e5970-scaled.jpg","datePublished":"2011-10-13T21:28:19+00:00","description":"Autos del Podio","breadcrumb":{"@id":"http:\/\/autosdelpodio.com\/autos\/qquiero-continuar-otro-ano-masq\/#breadcrumb"},"inLanguage":"es","potentialAction":[{"@type":"ReadAction","target":["http:\/\/autosdelpodio.com\/autos\/qquiero-continuar-otro-ano-masq\/"]}]},{"@type":"ImageObject","inLanguage":"es","@id":"http:\/\/autosdelpodio.com\/autos\/qquiero-continuar-otro-ano-masq\/#primaryimage","url":"http:\/\/autosdelpodio.com\/autos\/wp-content\/uploads\/2011\/10\/f2e5970-scaled.jpg","contentUrl":"http:\/\/autosdelpodio.com\/autos\/wp-content\/uploads\/2011\/10\/f2e5970-scaled.jpg","width":2560,"height":1707},{"@type":"BreadcrumbList","@id":"http:\/\/autosdelpodio.com\/autos\/qquiero-continuar-otro-ano-masq\/#breadcrumb","itemListElement":[{"@type":"ListItem","position":1,"name":"Portada","item":"http:\/\/autosdelpodio.com\/autos\/"},{"@type":"ListItem","position":2,"name":"\u00abQuiero continuar otro a\u00f1o mas\u00bb"}]},{"@type":"WebSite","@id":"http:\/\/autosdelpodio.com\/autos\/#website","url":"http:\/\/autosdelpodio.com\/autos\/","name":"Autos del Podio","description":"La sexta del deporte motor","publisher":{"@id":"http:\/\/autosdelpodio.com\/autos\/#organization"},"potentialAction":[{"@type":"SearchAction","target":{"@type":"EntryPoint","urlTemplate":"http:\/\/autosdelpodio.com\/autos\/?s={search_term_string}"},"query-input":{"@type":"PropertyValueSpecification","valueRequired":true,"valueName":"search_term_string"}}],"inLanguage":"es"},{"@type":"Organization","@id":"http:\/\/autosdelpodio.com\/autos\/#organization","name":"Autos del Podio","url":"http:\/\/autosdelpodio.com\/autos\/","logo":{"@type":"ImageObject","inLanguage":"es","@id":"http:\/\/autosdelpodio.com\/autos\/#\/schema\/logo\/image\/","url":"http:\/\/autosdelpodio.com\/autos\/wp-content\/uploads\/2020\/08\/Logo_AR.jpg","contentUrl":"http:\/\/autosdelpodio.com\/autos\/wp-content\/uploads\/2020\/08\/Logo_AR.jpg","width":1038,"height":1044,"caption":"Autos del Podio"},"image":{"@id":"http:\/\/autosdelpodio.com\/autos\/#\/schema\/logo\/image\/"},"sameAs":["https:\/\/www.facebook.com\/profile.php?id=100057192590976&amp;amp;amp;amp;amp;amp;amp;amp;amp;amp;amp;amp;amp;amp;amp;amp;amp;amp;ref=ts","https:\/\/x.com\/autosdelpodio","https:\/\/www.youtube.com\/user\/AutosdelPodio"]},{"@type":"Person","@id":"http:\/\/autosdelpodio.com\/autos\/#\/schema\/person\/e88353cabf768863fdf874e30120f3ba","name":"wi022230","image":{"@type":"ImageObject","inLanguage":"es","@id":"http:\/\/autosdelpodio.com\/autos\/wp-content\/litespeed\/avatar\/453fc9bdbb11d766ba4c7f14d0bd0aa9.jpg?ver=1777404874","url":"http:\/\/autosdelpodio.com\/autos\/wp-content\/litespeed\/avatar\/453fc9bdbb11d766ba4c7f14d0bd0aa9.jpg?ver=1777404874","contentUrl":"http:\/\/autosdelpodio.com\/autos\/wp-content\/litespeed\/avatar\/453fc9bdbb11d766ba4c7f14d0bd0aa9.jpg?ver=1777404874","caption":"wi022230"}}]}},"views":608,"_links":{"self":[{"href":"http:\/\/autosdelpodio.com\/autos\/wp-json\/wp\/v2\/posts\/298","targetHints":{"allow":["GET"]}}],"collection":[{"href":"http:\/\/autosdelpodio.com\/autos\/wp-json\/wp\/v2\/posts"}],"about":[{"href":"http:\/\/autosdelpodio.com\/autos\/wp-json\/wp\/v2\/types\/post"}],"author":[{"embeddable":true,"href":"http:\/\/autosdelpodio.com\/autos\/wp-json\/wp\/v2\/users\/1"}],"replies":[{"embeddable":true,"href":"http:\/\/autosdelpodio.com\/autos\/wp-json\/wp\/v2\/comments?post=298"}],"version-history":[{"count":0,"href":"http:\/\/autosdelpodio.com\/autos\/wp-json\/wp\/v2\/posts\/298\/revisions"}],"wp:featuredmedia":[{"embeddable":true,"href":"http:\/\/autosdelpodio.com\/autos\/wp-json\/wp\/v2\/media\/297"}],"wp:attachment":[{"href":"http:\/\/autosdelpodio.com\/autos\/wp-json\/wp\/v2\/media?parent=298"}],"wp:term":[{"taxonomy":"category","embeddable":true,"href":"http:\/\/autosdelpodio.com\/autos\/wp-json\/wp\/v2\/categories?post=298"},{"taxonomy":"post_tag","embeddable":true,"href":"http:\/\/autosdelpodio.com\/autos\/wp-json\/wp\/v2\/tags?post=298"}],"curies":[{"name":"wp","href":"https:\/\/api.w.org\/{rel}","templated":true}]}}