{"id":311,"date":"2011-11-15T02:06:32","date_gmt":"2011-11-15T02:06:32","guid":{"rendered":"http:\/\/autosdelpodio.com\/autos\/2011\/11\/15\/furlan-fue-un-choque-que-era-evitable\/"},"modified":"2011-11-15T02:06:32","modified_gmt":"2011-11-15T02:06:32","slug":"furlan-fue-un-choque-que-era-evitable","status":"publish","type":"post","link":"http:\/\/autosdelpodio.com\/autos\/furlan-fue-un-choque-que-era-evitable\/","title":{"rendered":"Furlan: \u00bbFue un choque que era evitable\u00bb"},"content":{"rendered":"<p><span> <\/p>\n<p style=\"text-align: justify;\">Movido por el dolor que le caus\u00f3 la muerte de Guido Falaschi, Gabriel Furlan se present\u00f3 en varios programas de TV y dio su opini\u00f3n de lo sucedido.<\/p>\n<p> <\/span><\/p>\n<p>  <!--more-->  <\/p>\n<p><p style=\"text-align: justify;\">Primero pas\u00f3 por Cr\u00f3nica TV y despu\u00e9s por TN. En ambos canales habl\u00f3 de lo mismo: el accidente que le cost\u00f3 la vida a Guido Falaschi, quien fue su alumno en la F\u00f3rmula Renault. Con un gran grado de emoci\u00f3n en cada una de sus palabras, Gabriel Furlan dijo lo suyo. Veamos\u2026<\/p>\n<p style=\"text-align: justify;\">-\u00abCuando uno corre en auto sabe que se expone m\u00e1s que en otro deporte. Ten\u00eda un afecto muy cercano a Guido. \u00c9l corri\u00f3 en mi equipo en la F\u00f3rmula Renault y sali\u00f3 campe\u00f3n en 2008. Sab\u00eda de su condici\u00f3n humana y le ten\u00eda mucho cari\u00f1o\u00bb.<\/p>\n<p style=\"text-align: justify;\">-\u00abHace muchos a\u00f1os que digo que en Balcarce no se puede correr. Lo que ocurre es que muchos dicen que se puede competir all\u00e1 porque es la tierra de Juan Manuel Fangio. No me siento due\u00f1o de la verdad, pero m\u00e1s all\u00e1 de que el automovilismo es un deporte de riesgo, no deber\u00edamos tener muertes\u00bb.<\/p>\n<p style=\"text-align: justify;\">-\u00abFue un choque que era evitable, por la tanto no era un accidente. Le dediqu\u00e9 mucho tiempo de mi vida a la seguridad. Me involucr\u00e9 para ello y tengo derecho a opinar\u00bb.<\/p>\n<p style=\"text-align: justify;\">-\u00abLo dice el Autom\u00f3vil Club Argentino: la pista no est\u00e1 habilitada para correr. Pero la ACTC insiste con hacerlo. El TC es la categor\u00eda donde m\u00e1s pilotos se murieron\u00bb.<\/p>\n<p style=\"text-align: justify;\">-\u00abEl accidente del viernes, protagonizado por Agust\u00edn Canapino, estuvo dentro de los ponderables por la rotura de uno de los elementos como el freno, pero no puede ser que el auto vuele como lo hizo\u00bb.<\/p>\n<p style=\"text-align: justify;\">-\u00abSi uno ve la imagen el auto del rezagado (Leo Larrauri), \u00e9ste se golpea y tira las gomas sobre la pista. Se ve una goma de un cami\u00f3n, la cu\u00e1l est\u00e1 prohibida por el manual de seguridad de la Federaci\u00f3n Internacional del Autom\u00f3vil\u00bb.<\/p>\n<p style=\"text-align: justify;\">-\u00abPor evitar las gomas, Falaschi se golpe\u00f3 contra otros neum\u00e1ticos, que deben estar amuradas. \u00c9stas no lo estaban. A Guido Falaschi le cuesta la vida el rebote contra los neum\u00e1ticos. Es decir el hecho de que auto vuelva al circuito, algo que no debe pasar para evitar que sea embestido por otros competidores. No se cumplieron las medidas de seguridad\u00bb.<\/p>\n<p style=\"text-align: justify;\">-\u00abN\u00e9stor Girolami ven\u00eda demasiado r\u00e1pido. Lo que ocurri\u00f3 es que quiz\u00e1s no vio por la nube de tierra. M\u00e1s all\u00e1 de eso, el polvo tampoco puede estar. El tema es que a los 40 a\u00f1os uno saca el pie del acelerador, pero a los 20 no\u2026\u00bb.<\/p>\n<p style=\"text-align: justify;\">-\u00abEstoy muy dolido y trato de no desubicarme cuando hablo de este tema. Tenemos que tener un automovilismo ciento por ciento seguro. Es mentira que estas cosas pueden pasar. Lo que ocurre es que no se est\u00e1 trabajando bien\u00bb.<\/p>\n<p style=\"text-align: justify;\">-\u00abSer\u00eda bueno preguntarle al ingeniero Carlos Garc\u00eda Remoh\u00ed, presidente de la CDA del ACA c\u00f3mo puede ser que la entidad madre no habilit\u00f3 este circuito y un ente menor como lo es la ACTC, decide lo contrario\u2026\u00bb.<\/p><\/p>\n","protected":false},"excerpt":{"rendered":"<p>Movido por el dolor que le caus\u00f3 la muerte de Guido Falaschi, Gabriel Furlan se present\u00f3 en varios programas de<\/p>\n","protected":false},"author":1,"featured_media":0,"comment_status":"open","ping_status":"open","sticky":false,"template":"","format":"standard","meta":{"colormag_page_container_layout":"default_layout","colormag_page_sidebar_layout":"default_layout","footnotes":""},"categories":[5],"tags":[],"class_list":["post-311","post","type-post","status-publish","format-standard","hentry","category-latest-news"],"yoast_head":"<!-- This site is optimized with the Yoast SEO plugin v27.4 - https:\/\/yoast.com\/product\/yoast-seo-wordpress\/ -->\n<title>Autos del Podio | Furlan: &#039;&#039;Fue un choque que era evitable&#039;&#039;<\/title>\n<meta name=\"description\" content=\"Autos del Podio\" \/>\n<meta name=\"robots\" content=\"index, follow, max-snippet:-1, max-image-preview:large, max-video-preview:-1\" \/>\n<link rel=\"canonical\" href=\"http:\/\/autosdelpodio.com\/autos\/furlan-fue-un-choque-que-era-evitable\/\" \/>\n<meta property=\"og:locale\" content=\"es_ES\" \/>\n<meta property=\"og:type\" content=\"article\" \/>\n<meta property=\"og:title\" content=\"Autos del Podio | Furlan: &#039;&#039;Fue un choque que era evitable&#039;&#039;\" \/>\n<meta property=\"og:description\" content=\"Autos del Podio\" \/>\n<meta property=\"og:url\" content=\"http:\/\/autosdelpodio.com\/autos\/furlan-fue-un-choque-que-era-evitable\/\" \/>\n<meta property=\"og:site_name\" content=\"Autos del Podio\" \/>\n<meta property=\"article:publisher\" content=\"https:\/\/www.facebook.com\/profile.php?id=100057192590976&amp;amp%3bamp%3bamp%3bamp%3bamp%3bamp%3bamp%3bamp%3bamp%3bamp%3bamp%3bamp%3bamp%3bamp%3bamp%3bamp%3bamp%3bamp%3bref=ts\" \/>\n<meta property=\"article:published_time\" content=\"2011-11-15T02:06:32+00:00\" \/>\n<meta name=\"author\" content=\"wi022230\" \/>\n<meta name=\"twitter:card\" content=\"summary_large_image\" \/>\n<meta name=\"twitter:creator\" content=\"@autosdelpodio\" \/>\n<meta name=\"twitter:site\" content=\"@autosdelpodio\" \/>\n<meta name=\"twitter:label1\" content=\"Escrito por\" \/>\n\t<meta name=\"twitter:data1\" content=\"wi022230\" \/>\n\t<meta name=\"twitter:label2\" content=\"Tiempo de lectura\" \/>\n\t<meta name=\"twitter:data2\" content=\"3 minutos\" \/>\n<script type=\"application\/ld+json\" class=\"yoast-schema-graph\">{\"@context\":\"https:\\\/\\\/schema.org\",\"@graph\":[{\"@type\":\"Article\",\"@id\":\"http:\\\/\\\/autosdelpodio.com\\\/autos\\\/furlan-fue-un-choque-que-era-evitable\\\/#article\",\"isPartOf\":{\"@id\":\"http:\\\/\\\/autosdelpodio.com\\\/autos\\\/furlan-fue-un-choque-que-era-evitable\\\/\"},\"author\":{\"name\":\"wi022230\",\"@id\":\"http:\\\/\\\/autosdelpodio.com\\\/autos\\\/#\\\/schema\\\/person\\\/e88353cabf768863fdf874e30120f3ba\"},\"headline\":\"Furlan: \u00bbFue un choque que era evitable\u00bb\",\"datePublished\":\"2011-11-15T02:06:32+00:00\",\"mainEntityOfPage\":{\"@id\":\"http:\\\/\\\/autosdelpodio.com\\\/autos\\\/furlan-fue-un-choque-que-era-evitable\\\/\"},\"wordCount\":551,\"commentCount\":0,\"publisher\":{\"@id\":\"http:\\\/\\\/autosdelpodio.com\\\/autos\\\/#organization\"},\"articleSection\":[\"\u00daltimas noticias\"],\"inLanguage\":\"es\",\"potentialAction\":[{\"@type\":\"CommentAction\",\"name\":\"Comment\",\"target\":[\"http:\\\/\\\/autosdelpodio.com\\\/autos\\\/furlan-fue-un-choque-que-era-evitable\\\/#respond\"]}]},{\"@type\":\"WebPage\",\"@id\":\"http:\\\/\\\/autosdelpodio.com\\\/autos\\\/furlan-fue-un-choque-que-era-evitable\\\/\",\"url\":\"http:\\\/\\\/autosdelpodio.com\\\/autos\\\/furlan-fue-un-choque-que-era-evitable\\\/\",\"name\":\"Autos del Podio | Furlan: ''Fue un choque que era evitable''\",\"isPartOf\":{\"@id\":\"http:\\\/\\\/autosdelpodio.com\\\/autos\\\/#website\"},\"datePublished\":\"2011-11-15T02:06:32+00:00\",\"description\":\"Autos del Podio\",\"breadcrumb\":{\"@id\":\"http:\\\/\\\/autosdelpodio.com\\\/autos\\\/furlan-fue-un-choque-que-era-evitable\\\/#breadcrumb\"},\"inLanguage\":\"es\",\"potentialAction\":[{\"@type\":\"ReadAction\",\"target\":[\"http:\\\/\\\/autosdelpodio.com\\\/autos\\\/furlan-fue-un-choque-que-era-evitable\\\/\"]}]},{\"@type\":\"BreadcrumbList\",\"@id\":\"http:\\\/\\\/autosdelpodio.com\\\/autos\\\/furlan-fue-un-choque-que-era-evitable\\\/#breadcrumb\",\"itemListElement\":[{\"@type\":\"ListItem\",\"position\":1,\"name\":\"Portada\",\"item\":\"http:\\\/\\\/autosdelpodio.com\\\/autos\\\/\"},{\"@type\":\"ListItem\",\"position\":2,\"name\":\"Furlan: \u00bbFue un choque que era evitable\u00bb\"}]},{\"@type\":\"WebSite\",\"@id\":\"http:\\\/\\\/autosdelpodio.com\\\/autos\\\/#website\",\"url\":\"http:\\\/\\\/autosdelpodio.com\\\/autos\\\/\",\"name\":\"Autos del Podio\",\"description\":\"La sexta del deporte motor\",\"publisher\":{\"@id\":\"http:\\\/\\\/autosdelpodio.com\\\/autos\\\/#organization\"},\"potentialAction\":[{\"@type\":\"SearchAction\",\"target\":{\"@type\":\"EntryPoint\",\"urlTemplate\":\"http:\\\/\\\/autosdelpodio.com\\\/autos\\\/?s={search_term_string}\"},\"query-input\":{\"@type\":\"PropertyValueSpecification\",\"valueRequired\":true,\"valueName\":\"search_term_string\"}}],\"inLanguage\":\"es\"},{\"@type\":\"Organization\",\"@id\":\"http:\\\/\\\/autosdelpodio.com\\\/autos\\\/#organization\",\"name\":\"Autos del Podio\",\"url\":\"http:\\\/\\\/autosdelpodio.com\\\/autos\\\/\",\"logo\":{\"@type\":\"ImageObject\",\"inLanguage\":\"es\",\"@id\":\"http:\\\/\\\/autosdelpodio.com\\\/autos\\\/#\\\/schema\\\/logo\\\/image\\\/\",\"url\":\"http:\\\/\\\/autosdelpodio.com\\\/autos\\\/wp-content\\\/uploads\\\/2020\\\/08\\\/Logo_AR.jpg\",\"contentUrl\":\"http:\\\/\\\/autosdelpodio.com\\\/autos\\\/wp-content\\\/uploads\\\/2020\\\/08\\\/Logo_AR.jpg\",\"width\":1038,\"height\":1044,\"caption\":\"Autos del Podio\"},\"image\":{\"@id\":\"http:\\\/\\\/autosdelpodio.com\\\/autos\\\/#\\\/schema\\\/logo\\\/image\\\/\"},\"sameAs\":[\"https:\\\/\\\/www.facebook.com\\\/profile.php?id=100057192590976&amp;amp;amp;amp;amp;amp;amp;amp;amp;amp;amp;amp;amp;amp;amp;amp;amp;amp;ref=ts\",\"https:\\\/\\\/x.com\\\/autosdelpodio\",\"https:\\\/\\\/www.youtube.com\\\/user\\\/AutosdelPodio\"]},{\"@type\":\"Person\",\"@id\":\"http:\\\/\\\/autosdelpodio.com\\\/autos\\\/#\\\/schema\\\/person\\\/e88353cabf768863fdf874e30120f3ba\",\"name\":\"wi022230\",\"image\":{\"@type\":\"ImageObject\",\"inLanguage\":\"es\",\"@id\":\"http:\\\/\\\/autosdelpodio.com\\\/autos\\\/wp-content\\\/litespeed\\\/avatar\\\/453fc9bdbb11d766ba4c7f14d0bd0aa9.jpg?ver=1776800006\",\"url\":\"http:\\\/\\\/autosdelpodio.com\\\/autos\\\/wp-content\\\/litespeed\\\/avatar\\\/453fc9bdbb11d766ba4c7f14d0bd0aa9.jpg?ver=1776800006\",\"contentUrl\":\"http:\\\/\\\/autosdelpodio.com\\\/autos\\\/wp-content\\\/litespeed\\\/avatar\\\/453fc9bdbb11d766ba4c7f14d0bd0aa9.jpg?ver=1776800006\",\"caption\":\"wi022230\"}}]}<\/script>\n<!-- \/ Yoast SEO plugin. -->","yoast_head_json":{"title":"Autos del Podio | Furlan: ''Fue un choque que era evitable''","description":"Autos del Podio","robots":{"index":"index","follow":"follow","max-snippet":"max-snippet:-1","max-image-preview":"max-image-preview:large","max-video-preview":"max-video-preview:-1"},"canonical":"http:\/\/autosdelpodio.com\/autos\/furlan-fue-un-choque-que-era-evitable\/","og_locale":"es_ES","og_type":"article","og_title":"Autos del Podio | Furlan: ''Fue un choque que era evitable''","og_description":"Autos del Podio","og_url":"http:\/\/autosdelpodio.com\/autos\/furlan-fue-un-choque-que-era-evitable\/","og_site_name":"Autos del Podio","article_publisher":"https:\/\/www.facebook.com\/profile.php?id=100057192590976&amp%3bamp%3bamp%3bamp%3bamp%3bamp%3bamp%3bamp%3bamp%3bamp%3bamp%3bamp%3bamp%3bamp%3bamp%3bamp%3bamp%3bamp%3bref=ts","article_published_time":"2011-11-15T02:06:32+00:00","author":"wi022230","twitter_card":"summary_large_image","twitter_creator":"@autosdelpodio","twitter_site":"@autosdelpodio","twitter_misc":{"Escrito por":"wi022230","Tiempo de lectura":"3 minutos"},"schema":{"@context":"https:\/\/schema.org","@graph":[{"@type":"Article","@id":"http:\/\/autosdelpodio.com\/autos\/furlan-fue-un-choque-que-era-evitable\/#article","isPartOf":{"@id":"http:\/\/autosdelpodio.com\/autos\/furlan-fue-un-choque-que-era-evitable\/"},"author":{"name":"wi022230","@id":"http:\/\/autosdelpodio.com\/autos\/#\/schema\/person\/e88353cabf768863fdf874e30120f3ba"},"headline":"Furlan: \u00bbFue un choque que era evitable\u00bb","datePublished":"2011-11-15T02:06:32+00:00","mainEntityOfPage":{"@id":"http:\/\/autosdelpodio.com\/autos\/furlan-fue-un-choque-que-era-evitable\/"},"wordCount":551,"commentCount":0,"publisher":{"@id":"http:\/\/autosdelpodio.com\/autos\/#organization"},"articleSection":["\u00daltimas noticias"],"inLanguage":"es","potentialAction":[{"@type":"CommentAction","name":"Comment","target":["http:\/\/autosdelpodio.com\/autos\/furlan-fue-un-choque-que-era-evitable\/#respond"]}]},{"@type":"WebPage","@id":"http:\/\/autosdelpodio.com\/autos\/furlan-fue-un-choque-que-era-evitable\/","url":"http:\/\/autosdelpodio.com\/autos\/furlan-fue-un-choque-que-era-evitable\/","name":"Autos del Podio | Furlan: ''Fue un choque que era evitable''","isPartOf":{"@id":"http:\/\/autosdelpodio.com\/autos\/#website"},"datePublished":"2011-11-15T02:06:32+00:00","description":"Autos del Podio","breadcrumb":{"@id":"http:\/\/autosdelpodio.com\/autos\/furlan-fue-un-choque-que-era-evitable\/#breadcrumb"},"inLanguage":"es","potentialAction":[{"@type":"ReadAction","target":["http:\/\/autosdelpodio.com\/autos\/furlan-fue-un-choque-que-era-evitable\/"]}]},{"@type":"BreadcrumbList","@id":"http:\/\/autosdelpodio.com\/autos\/furlan-fue-un-choque-que-era-evitable\/#breadcrumb","itemListElement":[{"@type":"ListItem","position":1,"name":"Portada","item":"http:\/\/autosdelpodio.com\/autos\/"},{"@type":"ListItem","position":2,"name":"Furlan: \u00bbFue un choque que era evitable\u00bb"}]},{"@type":"WebSite","@id":"http:\/\/autosdelpodio.com\/autos\/#website","url":"http:\/\/autosdelpodio.com\/autos\/","name":"Autos del Podio","description":"La sexta del deporte motor","publisher":{"@id":"http:\/\/autosdelpodio.com\/autos\/#organization"},"potentialAction":[{"@type":"SearchAction","target":{"@type":"EntryPoint","urlTemplate":"http:\/\/autosdelpodio.com\/autos\/?s={search_term_string}"},"query-input":{"@type":"PropertyValueSpecification","valueRequired":true,"valueName":"search_term_string"}}],"inLanguage":"es"},{"@type":"Organization","@id":"http:\/\/autosdelpodio.com\/autos\/#organization","name":"Autos del Podio","url":"http:\/\/autosdelpodio.com\/autos\/","logo":{"@type":"ImageObject","inLanguage":"es","@id":"http:\/\/autosdelpodio.com\/autos\/#\/schema\/logo\/image\/","url":"http:\/\/autosdelpodio.com\/autos\/wp-content\/uploads\/2020\/08\/Logo_AR.jpg","contentUrl":"http:\/\/autosdelpodio.com\/autos\/wp-content\/uploads\/2020\/08\/Logo_AR.jpg","width":1038,"height":1044,"caption":"Autos del Podio"},"image":{"@id":"http:\/\/autosdelpodio.com\/autos\/#\/schema\/logo\/image\/"},"sameAs":["https:\/\/www.facebook.com\/profile.php?id=100057192590976&amp;amp;amp;amp;amp;amp;amp;amp;amp;amp;amp;amp;amp;amp;amp;amp;amp;amp;ref=ts","https:\/\/x.com\/autosdelpodio","https:\/\/www.youtube.com\/user\/AutosdelPodio"]},{"@type":"Person","@id":"http:\/\/autosdelpodio.com\/autos\/#\/schema\/person\/e88353cabf768863fdf874e30120f3ba","name":"wi022230","image":{"@type":"ImageObject","inLanguage":"es","@id":"http:\/\/autosdelpodio.com\/autos\/wp-content\/litespeed\/avatar\/453fc9bdbb11d766ba4c7f14d0bd0aa9.jpg?ver=1776800006","url":"http:\/\/autosdelpodio.com\/autos\/wp-content\/litespeed\/avatar\/453fc9bdbb11d766ba4c7f14d0bd0aa9.jpg?ver=1776800006","contentUrl":"http:\/\/autosdelpodio.com\/autos\/wp-content\/litespeed\/avatar\/453fc9bdbb11d766ba4c7f14d0bd0aa9.jpg?ver=1776800006","caption":"wi022230"}}]}},"views":833,"_links":{"self":[{"href":"http:\/\/autosdelpodio.com\/autos\/wp-json\/wp\/v2\/posts\/311","targetHints":{"allow":["GET"]}}],"collection":[{"href":"http:\/\/autosdelpodio.com\/autos\/wp-json\/wp\/v2\/posts"}],"about":[{"href":"http:\/\/autosdelpodio.com\/autos\/wp-json\/wp\/v2\/types\/post"}],"author":[{"embeddable":true,"href":"http:\/\/autosdelpodio.com\/autos\/wp-json\/wp\/v2\/users\/1"}],"replies":[{"embeddable":true,"href":"http:\/\/autosdelpodio.com\/autos\/wp-json\/wp\/v2\/comments?post=311"}],"version-history":[{"count":0,"href":"http:\/\/autosdelpodio.com\/autos\/wp-json\/wp\/v2\/posts\/311\/revisions"}],"wp:attachment":[{"href":"http:\/\/autosdelpodio.com\/autos\/wp-json\/wp\/v2\/media?parent=311"}],"wp:term":[{"taxonomy":"category","embeddable":true,"href":"http:\/\/autosdelpodio.com\/autos\/wp-json\/wp\/v2\/categories?post=311"},{"taxonomy":"post_tag","embeddable":true,"href":"http:\/\/autosdelpodio.com\/autos\/wp-json\/wp\/v2\/tags?post=311"}],"curies":[{"name":"wp","href":"https:\/\/api.w.org\/{rel}","templated":true}]}}