{"id":315,"date":"2011-11-17T01:11:36","date_gmt":"2011-11-17T01:11:36","guid":{"rendered":"http:\/\/autosdelpodio.com\/autos\/2011\/11\/17\/seguridad-barrera-de-neumaticos\/"},"modified":"2011-11-17T01:11:36","modified_gmt":"2011-11-17T01:11:36","slug":"seguridad-barrera-de-neumaticos","status":"publish","type":"post","link":"http:\/\/autosdelpodio.com\/autos\/seguridad-barrera-de-neumaticos\/","title":{"rendered":"Seguridad: Barrera de neum\u00e1ticos"},"content":{"rendered":"<\/p>\n<p>\u00a0<\/p>\n<p>Al periodismo y la opini\u00f3n p\u00fablica:<\/p>\n<p style=\"text-align: justify;\">Invito a ver parte del manual de seguridad de la FIA y el ACA en lo referente a c\u00f3mo debe armarse un barrera de neum\u00e1ticos y de qu\u00e9 forma se la debe ubicar en la curva. Principales puntos:<\/p>\n<p style=\"text-align: justify;\">* Los neum\u00e1ticos deben estar abulonados y\/o ligados entre s\u00ed firmemente en tantas partes como sea posible .-<\/p>\n<p style=\"text-align: justify;\">* Deben emplearse pernos adecuados ( m\u00edn. 3\/8&#8243; ) con arandelas de gran di\u00e1metro ( m\u00edn. 30 mm ) .-<\/p>\n<p style=\"text-align: justify;\">* Deben emplearse la correa o siga de nylon m\u00e1s fuerte que se pueda obtener : resistencia a la tracci\u00f3n : m\u00ednimo 297 kg. ; m\u00e1xima elongaci\u00f3n : 14,4 % .-<\/p>\n<p style=\"text-align: justify;\">* Cada fila debe estar sujeta a la fila que est\u00e1 detr\u00e1s de ella .-<\/p>\n<p style=\"text-align: justify;\">Todas las gomas que hab\u00eda en Balcarce el pasado domingo en el lugar de los 2 choques estaban en situaci\u00f3n ilegal (gomas de cami\u00f3n prohibidas, diferentes tama\u00f1os, sueltas, etc).<\/p>\n<p style=\"text-align: justify;\">Otra cosa interesante resulta el \u00faltimo p\u00e1rrafo hoja 1 que dice \u00abNo deber\u00e1n utilizarse barreras de neum\u00e1ticos en los sitios donde los impactos de poco \u00e1ngulo ( por ejemplo, por deslizamiento ) sean m\u00e1s probables .-\u00bb (descargue el texto completo del anexo 5 del manual de FIA y ACA de<\/p>\n<p><span>\u00a0<a href=\"http:\/\/www.gfracing.com.ar\/prensa\/anexo5.pdf\"><span style=\"text-decoration: underline;\"><span style=\"color: #0000ff; font-size: small;\"><span style=\"color: #0000ff; font-size: small;\"><span style=\"text-decoration: underline;\"><span style=\"color: #0000ff; font-size: small;\"><span style=\"color: #0000ff; font-size: small;\"><span>http:\/\/www.gfracing.com.ar\/prensa\/anexo5.pdf<\/span><\/span><\/span><\/span><\/span><\/span><\/span><\/a><span style=\"font-size: small;\"><span>). <\/span><\/span><\/span><\/p>\n<p style=\"text-align: justify;\"><span>De acuerdo a este \u00faltimo p\u00e1rrafo, parecer\u00eda entonces que el auto del rezagado Larrauri rebota a la pista (junto a las gomas que estaban sueltas) porque la barrera de neum\u00e1ticos all\u00ed colocada no deber\u00eda haber estado, por su escaso \u00e1ngulo con la pista. <\/span><\/p>\n<p style=\"text-align: justify;\">Podr\u00e1n descalificarme, injuriarme, o decir que yo tengo intereses extra\u00f1os, pero nada de eso cambia los hechos ocurridos en Balcarce este fin de semana y las responsabilidades que le caben a los organizadores y\/o al ente fiscalizador.<\/p>\n<p style=\"text-align: justify;\">Quiero un automovilismo mejor, m\u00e1s seguro, en donde los accidentes o errores de los pilotos ocurran, pero las consecuencias sean otras. No me conformo con pensar en \u00abla fatalidad\u00bb como la \u00fanica responsable.<\/p>\n<p style=\"text-align: justify;\">Texto: Gabriel Furlan<\/p>\n","protected":false},"excerpt":{"rendered":"<p>\u00a0 Al periodismo y la opini\u00f3n p\u00fablica: Invito a ver parte del manual de seguridad de la FIA y el<\/p>\n","protected":false},"author":1,"featured_media":314,"comment_status":"open","ping_status":"open","sticky":false,"template":"","format":"standard","meta":{"colormag_page_container_layout":"default_layout","colormag_page_sidebar_layout":"default_layout","footnotes":""},"categories":[15],"tags":[],"class_list":["post-315","post","type-post","status-publish","format-standard","has-post-thumbnail","hentry","category-opinion"],"yoast_head":"<!-- This site is optimized with the Yoast SEO plugin v27.4 - https:\/\/yoast.com\/product\/yoast-seo-wordpress\/ -->\n<title>Autos del Podio | Seguridad: Barrera de neum\u00e1ticos<\/title>\n<meta name=\"description\" content=\"Autos del Podio\" \/>\n<meta name=\"robots\" content=\"index, follow, max-snippet:-1, max-image-preview:large, max-video-preview:-1\" \/>\n<link rel=\"canonical\" href=\"http:\/\/autosdelpodio.com\/autos\/seguridad-barrera-de-neumaticos\/\" \/>\n<meta property=\"og:locale\" content=\"es_ES\" \/>\n<meta property=\"og:type\" content=\"article\" \/>\n<meta property=\"og:title\" content=\"Autos del Podio | Seguridad: Barrera de neum\u00e1ticos\" \/>\n<meta property=\"og:description\" content=\"Autos del Podio\" \/>\n<meta property=\"og:url\" content=\"http:\/\/autosdelpodio.com\/autos\/seguridad-barrera-de-neumaticos\/\" \/>\n<meta property=\"og:site_name\" content=\"Autos del Podio\" \/>\n<meta property=\"article:publisher\" content=\"https:\/\/www.facebook.com\/profile.php?id=100057192590976&amp;amp%3bamp%3bamp%3bamp%3bamp%3bamp%3bamp%3bamp%3bamp%3bamp%3bamp%3bamp%3bamp%3bamp%3bamp%3bamp%3bamp%3bamp%3bref=ts\" \/>\n<meta property=\"article:published_time\" content=\"2011-11-17T01:11:36+00:00\" \/>\n<meta property=\"og:image\" content=\"http:\/\/autosdelpodio.com\/autos\/wp-content\/uploads\/2011\/11\/barrera-de-neumaticos.jpg\" \/>\n\t<meta property=\"og:image:width\" content=\"2129\" \/>\n\t<meta property=\"og:image:height\" content=\"1561\" \/>\n\t<meta property=\"og:image:type\" content=\"image\/jpeg\" \/>\n<meta name=\"author\" content=\"wi022230\" \/>\n<meta name=\"twitter:card\" content=\"summary_large_image\" \/>\n<meta name=\"twitter:creator\" content=\"@autosdelpodio\" \/>\n<meta name=\"twitter:site\" content=\"@autosdelpodio\" \/>\n<meta name=\"twitter:label1\" content=\"Escrito por\" \/>\n\t<meta name=\"twitter:data1\" content=\"wi022230\" \/>\n\t<meta name=\"twitter:label2\" content=\"Tiempo de lectura\" \/>\n\t<meta name=\"twitter:data2\" content=\"2 minutos\" \/>\n<script type=\"application\/ld+json\" class=\"yoast-schema-graph\">{\"@context\":\"https:\\\/\\\/schema.org\",\"@graph\":[{\"@type\":\"Article\",\"@id\":\"http:\\\/\\\/autosdelpodio.com\\\/autos\\\/seguridad-barrera-de-neumaticos\\\/#article\",\"isPartOf\":{\"@id\":\"http:\\\/\\\/autosdelpodio.com\\\/autos\\\/seguridad-barrera-de-neumaticos\\\/\"},\"author\":{\"name\":\"wi022230\",\"@id\":\"http:\\\/\\\/autosdelpodio.com\\\/autos\\\/#\\\/schema\\\/person\\\/e88353cabf768863fdf874e30120f3ba\"},\"headline\":\"Seguridad: Barrera de neum\u00e1ticos\",\"datePublished\":\"2011-11-17T01:11:36+00:00\",\"mainEntityOfPage\":{\"@id\":\"http:\\\/\\\/autosdelpodio.com\\\/autos\\\/seguridad-barrera-de-neumaticos\\\/\"},\"wordCount\":345,\"commentCount\":0,\"publisher\":{\"@id\":\"http:\\\/\\\/autosdelpodio.com\\\/autos\\\/#organization\"},\"image\":{\"@id\":\"http:\\\/\\\/autosdelpodio.com\\\/autos\\\/seguridad-barrera-de-neumaticos\\\/#primaryimage\"},\"thumbnailUrl\":\"http:\\\/\\\/autosdelpodio.com\\\/autos\\\/wp-content\\\/uploads\\\/2011\\\/11\\\/barrera-de-neumaticos.jpg\",\"articleSection\":[\"Opini\u00f3n\"],\"inLanguage\":\"es\",\"potentialAction\":[{\"@type\":\"CommentAction\",\"name\":\"Comment\",\"target\":[\"http:\\\/\\\/autosdelpodio.com\\\/autos\\\/seguridad-barrera-de-neumaticos\\\/#respond\"]}]},{\"@type\":\"WebPage\",\"@id\":\"http:\\\/\\\/autosdelpodio.com\\\/autos\\\/seguridad-barrera-de-neumaticos\\\/\",\"url\":\"http:\\\/\\\/autosdelpodio.com\\\/autos\\\/seguridad-barrera-de-neumaticos\\\/\",\"name\":\"Autos del Podio | Seguridad: Barrera de neum\u00e1ticos\",\"isPartOf\":{\"@id\":\"http:\\\/\\\/autosdelpodio.com\\\/autos\\\/#website\"},\"primaryImageOfPage\":{\"@id\":\"http:\\\/\\\/autosdelpodio.com\\\/autos\\\/seguridad-barrera-de-neumaticos\\\/#primaryimage\"},\"image\":{\"@id\":\"http:\\\/\\\/autosdelpodio.com\\\/autos\\\/seguridad-barrera-de-neumaticos\\\/#primaryimage\"},\"thumbnailUrl\":\"http:\\\/\\\/autosdelpodio.com\\\/autos\\\/wp-content\\\/uploads\\\/2011\\\/11\\\/barrera-de-neumaticos.jpg\",\"datePublished\":\"2011-11-17T01:11:36+00:00\",\"description\":\"Autos del Podio\",\"breadcrumb\":{\"@id\":\"http:\\\/\\\/autosdelpodio.com\\\/autos\\\/seguridad-barrera-de-neumaticos\\\/#breadcrumb\"},\"inLanguage\":\"es\",\"potentialAction\":[{\"@type\":\"ReadAction\",\"target\":[\"http:\\\/\\\/autosdelpodio.com\\\/autos\\\/seguridad-barrera-de-neumaticos\\\/\"]}]},{\"@type\":\"ImageObject\",\"inLanguage\":\"es\",\"@id\":\"http:\\\/\\\/autosdelpodio.com\\\/autos\\\/seguridad-barrera-de-neumaticos\\\/#primaryimage\",\"url\":\"http:\\\/\\\/autosdelpodio.com\\\/autos\\\/wp-content\\\/uploads\\\/2011\\\/11\\\/barrera-de-neumaticos.jpg\",\"contentUrl\":\"http:\\\/\\\/autosdelpodio.com\\\/autos\\\/wp-content\\\/uploads\\\/2011\\\/11\\\/barrera-de-neumaticos.jpg\",\"width\":2129,\"height\":1561},{\"@type\":\"BreadcrumbList\",\"@id\":\"http:\\\/\\\/autosdelpodio.com\\\/autos\\\/seguridad-barrera-de-neumaticos\\\/#breadcrumb\",\"itemListElement\":[{\"@type\":\"ListItem\",\"position\":1,\"name\":\"Portada\",\"item\":\"http:\\\/\\\/autosdelpodio.com\\\/autos\\\/\"},{\"@type\":\"ListItem\",\"position\":2,\"name\":\"Seguridad: Barrera de neum\u00e1ticos\"}]},{\"@type\":\"WebSite\",\"@id\":\"http:\\\/\\\/autosdelpodio.com\\\/autos\\\/#website\",\"url\":\"http:\\\/\\\/autosdelpodio.com\\\/autos\\\/\",\"name\":\"Autos del Podio\",\"description\":\"La sexta del deporte motor\",\"publisher\":{\"@id\":\"http:\\\/\\\/autosdelpodio.com\\\/autos\\\/#organization\"},\"potentialAction\":[{\"@type\":\"SearchAction\",\"target\":{\"@type\":\"EntryPoint\",\"urlTemplate\":\"http:\\\/\\\/autosdelpodio.com\\\/autos\\\/?s={search_term_string}\"},\"query-input\":{\"@type\":\"PropertyValueSpecification\",\"valueRequired\":true,\"valueName\":\"search_term_string\"}}],\"inLanguage\":\"es\"},{\"@type\":\"Organization\",\"@id\":\"http:\\\/\\\/autosdelpodio.com\\\/autos\\\/#organization\",\"name\":\"Autos del Podio\",\"url\":\"http:\\\/\\\/autosdelpodio.com\\\/autos\\\/\",\"logo\":{\"@type\":\"ImageObject\",\"inLanguage\":\"es\",\"@id\":\"http:\\\/\\\/autosdelpodio.com\\\/autos\\\/#\\\/schema\\\/logo\\\/image\\\/\",\"url\":\"http:\\\/\\\/autosdelpodio.com\\\/autos\\\/wp-content\\\/uploads\\\/2020\\\/08\\\/Logo_AR.jpg\",\"contentUrl\":\"http:\\\/\\\/autosdelpodio.com\\\/autos\\\/wp-content\\\/uploads\\\/2020\\\/08\\\/Logo_AR.jpg\",\"width\":1038,\"height\":1044,\"caption\":\"Autos del Podio\"},\"image\":{\"@id\":\"http:\\\/\\\/autosdelpodio.com\\\/autos\\\/#\\\/schema\\\/logo\\\/image\\\/\"},\"sameAs\":[\"https:\\\/\\\/www.facebook.com\\\/profile.php?id=100057192590976&amp;amp;amp;amp;amp;amp;amp;amp;amp;amp;amp;amp;amp;amp;amp;amp;amp;amp;ref=ts\",\"https:\\\/\\\/x.com\\\/autosdelpodio\",\"https:\\\/\\\/www.youtube.com\\\/user\\\/AutosdelPodio\"]},{\"@type\":\"Person\",\"@id\":\"http:\\\/\\\/autosdelpodio.com\\\/autos\\\/#\\\/schema\\\/person\\\/e88353cabf768863fdf874e30120f3ba\",\"name\":\"wi022230\",\"image\":{\"@type\":\"ImageObject\",\"inLanguage\":\"es\",\"@id\":\"http:\\\/\\\/autosdelpodio.com\\\/autos\\\/wp-content\\\/litespeed\\\/avatar\\\/453fc9bdbb11d766ba4c7f14d0bd0aa9.jpg?ver=1776800006\",\"url\":\"http:\\\/\\\/autosdelpodio.com\\\/autos\\\/wp-content\\\/litespeed\\\/avatar\\\/453fc9bdbb11d766ba4c7f14d0bd0aa9.jpg?ver=1776800006\",\"contentUrl\":\"http:\\\/\\\/autosdelpodio.com\\\/autos\\\/wp-content\\\/litespeed\\\/avatar\\\/453fc9bdbb11d766ba4c7f14d0bd0aa9.jpg?ver=1776800006\",\"caption\":\"wi022230\"}}]}<\/script>\n<!-- \/ Yoast SEO plugin. -->","yoast_head_json":{"title":"Autos del Podio | Seguridad: Barrera de neum\u00e1ticos","description":"Autos del Podio","robots":{"index":"index","follow":"follow","max-snippet":"max-snippet:-1","max-image-preview":"max-image-preview:large","max-video-preview":"max-video-preview:-1"},"canonical":"http:\/\/autosdelpodio.com\/autos\/seguridad-barrera-de-neumaticos\/","og_locale":"es_ES","og_type":"article","og_title":"Autos del Podio | Seguridad: Barrera de neum\u00e1ticos","og_description":"Autos del Podio","og_url":"http:\/\/autosdelpodio.com\/autos\/seguridad-barrera-de-neumaticos\/","og_site_name":"Autos del Podio","article_publisher":"https:\/\/www.facebook.com\/profile.php?id=100057192590976&amp%3bamp%3bamp%3bamp%3bamp%3bamp%3bamp%3bamp%3bamp%3bamp%3bamp%3bamp%3bamp%3bamp%3bamp%3bamp%3bamp%3bamp%3bref=ts","article_published_time":"2011-11-17T01:11:36+00:00","og_image":[{"width":2129,"height":1561,"url":"http:\/\/autosdelpodio.com\/autos\/wp-content\/uploads\/2011\/11\/barrera-de-neumaticos.jpg","type":"image\/jpeg"}],"author":"wi022230","twitter_card":"summary_large_image","twitter_creator":"@autosdelpodio","twitter_site":"@autosdelpodio","twitter_misc":{"Escrito por":"wi022230","Tiempo de lectura":"2 minutos"},"schema":{"@context":"https:\/\/schema.org","@graph":[{"@type":"Article","@id":"http:\/\/autosdelpodio.com\/autos\/seguridad-barrera-de-neumaticos\/#article","isPartOf":{"@id":"http:\/\/autosdelpodio.com\/autos\/seguridad-barrera-de-neumaticos\/"},"author":{"name":"wi022230","@id":"http:\/\/autosdelpodio.com\/autos\/#\/schema\/person\/e88353cabf768863fdf874e30120f3ba"},"headline":"Seguridad: Barrera de neum\u00e1ticos","datePublished":"2011-11-17T01:11:36+00:00","mainEntityOfPage":{"@id":"http:\/\/autosdelpodio.com\/autos\/seguridad-barrera-de-neumaticos\/"},"wordCount":345,"commentCount":0,"publisher":{"@id":"http:\/\/autosdelpodio.com\/autos\/#organization"},"image":{"@id":"http:\/\/autosdelpodio.com\/autos\/seguridad-barrera-de-neumaticos\/#primaryimage"},"thumbnailUrl":"http:\/\/autosdelpodio.com\/autos\/wp-content\/uploads\/2011\/11\/barrera-de-neumaticos.jpg","articleSection":["Opini\u00f3n"],"inLanguage":"es","potentialAction":[{"@type":"CommentAction","name":"Comment","target":["http:\/\/autosdelpodio.com\/autos\/seguridad-barrera-de-neumaticos\/#respond"]}]},{"@type":"WebPage","@id":"http:\/\/autosdelpodio.com\/autos\/seguridad-barrera-de-neumaticos\/","url":"http:\/\/autosdelpodio.com\/autos\/seguridad-barrera-de-neumaticos\/","name":"Autos del Podio | Seguridad: Barrera de neum\u00e1ticos","isPartOf":{"@id":"http:\/\/autosdelpodio.com\/autos\/#website"},"primaryImageOfPage":{"@id":"http:\/\/autosdelpodio.com\/autos\/seguridad-barrera-de-neumaticos\/#primaryimage"},"image":{"@id":"http:\/\/autosdelpodio.com\/autos\/seguridad-barrera-de-neumaticos\/#primaryimage"},"thumbnailUrl":"http:\/\/autosdelpodio.com\/autos\/wp-content\/uploads\/2011\/11\/barrera-de-neumaticos.jpg","datePublished":"2011-11-17T01:11:36+00:00","description":"Autos del Podio","breadcrumb":{"@id":"http:\/\/autosdelpodio.com\/autos\/seguridad-barrera-de-neumaticos\/#breadcrumb"},"inLanguage":"es","potentialAction":[{"@type":"ReadAction","target":["http:\/\/autosdelpodio.com\/autos\/seguridad-barrera-de-neumaticos\/"]}]},{"@type":"ImageObject","inLanguage":"es","@id":"http:\/\/autosdelpodio.com\/autos\/seguridad-barrera-de-neumaticos\/#primaryimage","url":"http:\/\/autosdelpodio.com\/autos\/wp-content\/uploads\/2011\/11\/barrera-de-neumaticos.jpg","contentUrl":"http:\/\/autosdelpodio.com\/autos\/wp-content\/uploads\/2011\/11\/barrera-de-neumaticos.jpg","width":2129,"height":1561},{"@type":"BreadcrumbList","@id":"http:\/\/autosdelpodio.com\/autos\/seguridad-barrera-de-neumaticos\/#breadcrumb","itemListElement":[{"@type":"ListItem","position":1,"name":"Portada","item":"http:\/\/autosdelpodio.com\/autos\/"},{"@type":"ListItem","position":2,"name":"Seguridad: Barrera de neum\u00e1ticos"}]},{"@type":"WebSite","@id":"http:\/\/autosdelpodio.com\/autos\/#website","url":"http:\/\/autosdelpodio.com\/autos\/","name":"Autos del Podio","description":"La sexta del deporte motor","publisher":{"@id":"http:\/\/autosdelpodio.com\/autos\/#organization"},"potentialAction":[{"@type":"SearchAction","target":{"@type":"EntryPoint","urlTemplate":"http:\/\/autosdelpodio.com\/autos\/?s={search_term_string}"},"query-input":{"@type":"PropertyValueSpecification","valueRequired":true,"valueName":"search_term_string"}}],"inLanguage":"es"},{"@type":"Organization","@id":"http:\/\/autosdelpodio.com\/autos\/#organization","name":"Autos del Podio","url":"http:\/\/autosdelpodio.com\/autos\/","logo":{"@type":"ImageObject","inLanguage":"es","@id":"http:\/\/autosdelpodio.com\/autos\/#\/schema\/logo\/image\/","url":"http:\/\/autosdelpodio.com\/autos\/wp-content\/uploads\/2020\/08\/Logo_AR.jpg","contentUrl":"http:\/\/autosdelpodio.com\/autos\/wp-content\/uploads\/2020\/08\/Logo_AR.jpg","width":1038,"height":1044,"caption":"Autos del Podio"},"image":{"@id":"http:\/\/autosdelpodio.com\/autos\/#\/schema\/logo\/image\/"},"sameAs":["https:\/\/www.facebook.com\/profile.php?id=100057192590976&amp;amp;amp;amp;amp;amp;amp;amp;amp;amp;amp;amp;amp;amp;amp;amp;amp;amp;ref=ts","https:\/\/x.com\/autosdelpodio","https:\/\/www.youtube.com\/user\/AutosdelPodio"]},{"@type":"Person","@id":"http:\/\/autosdelpodio.com\/autos\/#\/schema\/person\/e88353cabf768863fdf874e30120f3ba","name":"wi022230","image":{"@type":"ImageObject","inLanguage":"es","@id":"http:\/\/autosdelpodio.com\/autos\/wp-content\/litespeed\/avatar\/453fc9bdbb11d766ba4c7f14d0bd0aa9.jpg?ver=1776800006","url":"http:\/\/autosdelpodio.com\/autos\/wp-content\/litespeed\/avatar\/453fc9bdbb11d766ba4c7f14d0bd0aa9.jpg?ver=1776800006","contentUrl":"http:\/\/autosdelpodio.com\/autos\/wp-content\/litespeed\/avatar\/453fc9bdbb11d766ba4c7f14d0bd0aa9.jpg?ver=1776800006","caption":"wi022230"}}]}},"views":464,"_links":{"self":[{"href":"http:\/\/autosdelpodio.com\/autos\/wp-json\/wp\/v2\/posts\/315","targetHints":{"allow":["GET"]}}],"collection":[{"href":"http:\/\/autosdelpodio.com\/autos\/wp-json\/wp\/v2\/posts"}],"about":[{"href":"http:\/\/autosdelpodio.com\/autos\/wp-json\/wp\/v2\/types\/post"}],"author":[{"embeddable":true,"href":"http:\/\/autosdelpodio.com\/autos\/wp-json\/wp\/v2\/users\/1"}],"replies":[{"embeddable":true,"href":"http:\/\/autosdelpodio.com\/autos\/wp-json\/wp\/v2\/comments?post=315"}],"version-history":[{"count":0,"href":"http:\/\/autosdelpodio.com\/autos\/wp-json\/wp\/v2\/posts\/315\/revisions"}],"wp:featuredmedia":[{"embeddable":true,"href":"http:\/\/autosdelpodio.com\/autos\/wp-json\/wp\/v2\/media\/314"}],"wp:attachment":[{"href":"http:\/\/autosdelpodio.com\/autos\/wp-json\/wp\/v2\/media?parent=315"}],"wp:term":[{"taxonomy":"category","embeddable":true,"href":"http:\/\/autosdelpodio.com\/autos\/wp-json\/wp\/v2\/categories?post=315"},{"taxonomy":"post_tag","embeddable":true,"href":"http:\/\/autosdelpodio.com\/autos\/wp-json\/wp\/v2\/tags?post=315"}],"curies":[{"name":"wp","href":"https:\/\/api.w.org\/{rel}","templated":true}]}}