{"id":324,"date":"2011-12-01T02:26:06","date_gmt":"2011-12-01T02:26:06","guid":{"rendered":"http:\/\/autosdelpodio.com\/autos\/2011\/12\/01\/senoresa-tomar-conciencia\/"},"modified":"2011-12-01T02:26:06","modified_gmt":"2011-12-01T02:26:06","slug":"senoresa-tomar-conciencia","status":"publish","type":"post","link":"http:\/\/autosdelpodio.com\/autos\/senoresa-tomar-conciencia\/","title":{"rendered":"Se\u00f1ores,a tomar conciencia"},"content":{"rendered":"<p><span> <\/p>\n<p style=\"text-align: justify;\">\n<p><p style=\"text-align: justify;\">\u00a0<\/p>\n<\/p>\n<p> <\/span><\/p>\n<p>\u00a0<\/p>\n<p><span> <\/p>\n<p style=\"text-align: justify;\">Editorial:<\/p>\n<p style=\"text-align: justify;\">\u00a0<\/p>\n<p style=\"text-align: justify;\">Se suceden los d\u00edas, las semanas, y lamentablemente continuamos escuchando lo que tantas veces retumbara en nuestros o\u00eddos tras el fallecimiento de un piloto: los lamentos. Pero no hay ninguna soluci\u00f3n que marque que se est\u00e1n tomando las cosas con la seriedad y el respeto que se merecen quienes han inmolado sus vidas como hace quince d\u00edas lo hizo Guido Falaschi.<\/p>\n<p style=\"text-align: justify;\">La fatalidad juega un rol importante dentro del automovilismo pero hay que combatirla con medidas de seguridad. Con la severidad que debe regir la elecci\u00f3n de cada uno de los circuitos&#8230; Las banquinas siguen con falencias, en muchos casos descalzadas. La tierra aflora y no permite ver, cuando un auto se despista. Todas estas cosas las venimos viviendo desde hace much\u00edsimos a\u00f1os; hablamos, pero no tomamos medidas&#8230;<\/p>\n<p style=\"text-align: justify;\">Los pilotos, sobre todo los m\u00e1s veteranos, a quienes en su mayor\u00eda no se los ha escuchado hablar a\u00fan sobre el accidente de Balcarce, tendr\u00edan que dialogar seriamente con cada una de las categor\u00edas. Quienes s\u00ed han expresado han sido los m\u00e1s j\u00f3venes, que a pesar de que dejan todo en la pista por su \u00edmpetu de juventud, arriesgando en maniobras el roce sin pensar en las consecuencias, ya conocen los riesgos a los que est\u00e1n expuestos&#8230; Pero estos chicos deben ser guiados por la vasta experiencia de los mayores. Me agradar\u00eda mucho escuchar la opini\u00f3n de los experimentados sugiriendo soluciones para evitar, dentro de lo posible, seguir llorando amigos perdidos dentro de una pista. Es la hora de hacer docencia. En serio<\/p>\n<p style=\"text-align: justify;\">Tambi\u00e9n, desde ya, a las dirigencias hay que llamarles la atenci\u00f3n. Con el mayor de los respetos pero con la propiedad que me da el haber participado period\u00edsticamente del automovilismo desde hace 53 a\u00f1os, no s\u00e9 si ser\u00e9 bueno, malo o mediocre periodista pero tengo experiencia y pienso que la puedo volcar, solicit\u00e1ndoles que no se habilite un solo circuito que no est\u00e9 con el 100% de las medidas de seguridad que exige el reglamento FIA. Adem\u00e1s, les pido que hagan una apertura en sus categor\u00edas, que reciban opiniones de aqu\u00e9llos con experiencia y que no sirva eso para tomar represalias hacia quienes no piensen igual a los dirigentes de turno&#8230; Y esto es para las categor\u00edas en general: hay que tomar m\u00e1s en serio las cosas, hay que decirles a todos aquellos dirigentes y fiscalizadores que hayan cumplido un ciclo, que dejen paso a los l\u00edderes j\u00f3venes, que aportar\u00e1n su juventud con experiencia a las innovaciones que requieren urgentemente todos los trazados de Argentina. Sabemos que se trabaj\u00f3 y adelant\u00f3 mucho, pero no todo lo necesario. Tambi\u00e9n solicito, con el mayor de los respetos, que se separe el automovilismo de la pol\u00edtica y del mero negocio.<\/p>\n<p style=\"text-align: justify;\">Hay mucha gente que vive del automovilismo, que lo hace con decencia, trabajo, seriedad y respeto por el pr\u00f3jimo, pero tambi\u00e9n hay cosas espurias&#8230; Debemos eliminarlas definitivamente para tener transparencia dentro de este deporte. Me agradar\u00eda ver soluciones, no seguir escuchando a aqu\u00e9llos que opinan de acuerdo con los intereses creados de su propio sector, y que se trabaje mancomunadamente entre todas las categor\u00edas y las dirigencias que tienen la inmensa responsabilidad de regir nuestro automovilismo pero fundamentalmente, de preservar la vida de los pilotos. As\u00ed como tambi\u00e9n pedimos m\u00e1s respeto por el p\u00fablico, el que aporta su dinero y entusiasmo para que esto siga.<\/p>\n<p style=\"text-align: justify;\">Me gustar\u00eda que lleguen las soluciones, que no tengamos que lamentar m\u00e1s muertes ni accidentes evitables aun despu\u00e9s de emparches de emergencia como los ocurridos por ejemplo el fin de semana anterior en Comodoro Rivadavia. Lo digo de coraz\u00f3n, con los sentimientos de padre, de abuelo y de alguien que ha desgarrado su coraz\u00f3n en m\u00e1s de una ocasi\u00f3n con la partida de amigos, de \u00e9sos de muy buena madera y que lo \u00fanico que hac\u00edan era correr, ir detr\u00e1s de la velocidad, y pagaron tributo a esa pura pasi\u00f3n&#8230;<\/p>\n<p style=\"text-align: justify;\">Lleg\u00f3 el momento de hacer un alto y buscar soluciones reales para este automovilismo. Escuchar a todos. No hay que tenerle miedo a nadie, es cuesti\u00f3n de tener claro en la conciencia de cada uno la responsabilidad que le cabe; nadie es m\u00e1s que otro por m\u00e1s que ostente un t\u00edtulo o un cargo&#8230;<\/p>\n<p style=\"text-align: justify;\">Aqu\u00ed somos todos iguales, queremos vivir en democracia pero para ello hay que ejercerla mostrando la posibilidad de que todo el mundo, aunque piense distinto, puede ser atendido y ante una misma mesa, encontrar cohesi\u00f3n, coherencia entre fiscalizadores, soluciones, sin que nadie se sienta perjudicado. Quiera Dios que no tengamos m\u00e1s, que ocuparnos de estas cosas.<\/p>\n<p style=\"text-align: justify;\">Reitero mi pedido de m\u00e1s atenci\u00f3n dentro del respeto que todos nos merecemos por igual porque todos venimos del vientre de una madre y todos terminamos en manos de Dios, como han acabado tantos pilotos, acompa\u00f1antes, dirigentes y aficionados; como aqu\u00e9l de quien todav\u00eda seguimos llorando su muerte impune la de un chico de 22 a\u00f1os al que lo \u00fanico que le gustaba era la velocidad, conducir autos de carrera, y que ten\u00eda todo aquello que implica la buena familia, pues era un respetable y honorable joven de nuestra sociedad.<\/p>\n<p> <\/span><\/p>\n","protected":false},"excerpt":{"rendered":"<p>\u00a0 \u00a0 Editorial: \u00a0 Se suceden los d\u00edas, las semanas, y lamentablemente continuamos escuchando lo que tantas veces retumbara en<\/p>\n","protected":false},"author":1,"featured_media":323,"comment_status":"open","ping_status":"open","sticky":false,"template":"","format":"standard","meta":{"colormag_page_container_layout":"default_layout","colormag_page_sidebar_layout":"default_layout","footnotes":""},"categories":[15],"tags":[],"class_list":["post-324","post","type-post","status-publish","format-standard","has-post-thumbnail","hentry","category-opinion"],"yoast_head":"<!-- This site is optimized with the Yoast SEO plugin v27.5 - https:\/\/yoast.com\/product\/yoast-seo-wordpress\/ -->\n<title>Autos del Podio | Se\u00f1ores,a tomar conciencia<\/title>\n<meta name=\"description\" content=\"Autos del Podio\" \/>\n<meta name=\"robots\" content=\"index, follow, max-snippet:-1, max-image-preview:large, max-video-preview:-1\" \/>\n<link rel=\"canonical\" href=\"http:\/\/autosdelpodio.com\/autos\/senoresa-tomar-conciencia\/\" \/>\n<meta property=\"og:locale\" content=\"es_ES\" \/>\n<meta property=\"og:type\" content=\"article\" \/>\n<meta property=\"og:title\" content=\"Autos del Podio | Se\u00f1ores,a tomar conciencia\" \/>\n<meta property=\"og:description\" content=\"Autos del Podio\" \/>\n<meta property=\"og:url\" content=\"http:\/\/autosdelpodio.com\/autos\/senoresa-tomar-conciencia\/\" \/>\n<meta property=\"og:site_name\" content=\"Autos del Podio\" \/>\n<meta property=\"article:publisher\" content=\"https:\/\/www.facebook.com\/profile.php?id=100057192590976&amp;amp%3bamp%3bamp%3bamp%3bamp%3bamp%3bamp%3bamp%3bamp%3bamp%3bamp%3bamp%3bamp%3bamp%3bamp%3bamp%3bamp%3bamp%3bref=ts\" \/>\n<meta property=\"article:published_time\" content=\"2011-12-01T02:26:06+00:00\" \/>\n<meta property=\"og:image\" content=\"http:\/\/autosdelpodio.com\/autos\/wp-content\/uploads\/2011\/12\/contenidos_contenidos_carlosalbertolegnani.jpg\" \/>\n\t<meta property=\"og:image:width\" content=\"244\" \/>\n\t<meta property=\"og:image:height\" content=\"183\" \/>\n\t<meta property=\"og:image:type\" content=\"image\/jpeg\" \/>\n<meta name=\"author\" content=\"wi022230\" \/>\n<meta name=\"twitter:card\" content=\"summary_large_image\" \/>\n<meta name=\"twitter:creator\" content=\"@autosdelpodio\" \/>\n<meta name=\"twitter:site\" content=\"@autosdelpodio\" \/>\n<meta name=\"twitter:label1\" content=\"Escrito por\" \/>\n\t<meta name=\"twitter:data1\" content=\"wi022230\" \/>\n\t<meta name=\"twitter:label2\" content=\"Tiempo de lectura\" \/>\n\t<meta name=\"twitter:data2\" content=\"5 minutos\" \/>\n<script type=\"application\/ld+json\" class=\"yoast-schema-graph\">{\"@context\":\"https:\\\/\\\/schema.org\",\"@graph\":[{\"@type\":\"Article\",\"@id\":\"http:\\\/\\\/autosdelpodio.com\\\/autos\\\/senoresa-tomar-conciencia\\\/#article\",\"isPartOf\":{\"@id\":\"http:\\\/\\\/autosdelpodio.com\\\/autos\\\/senoresa-tomar-conciencia\\\/\"},\"author\":{\"name\":\"wi022230\",\"@id\":\"http:\\\/\\\/autosdelpodio.com\\\/autos\\\/#\\\/schema\\\/person\\\/e88353cabf768863fdf874e30120f3ba\"},\"headline\":\"Se\u00f1ores,a tomar conciencia\",\"datePublished\":\"2011-12-01T02:26:06+00:00\",\"mainEntityOfPage\":{\"@id\":\"http:\\\/\\\/autosdelpodio.com\\\/autos\\\/senoresa-tomar-conciencia\\\/\"},\"wordCount\":910,\"commentCount\":0,\"publisher\":{\"@id\":\"http:\\\/\\\/autosdelpodio.com\\\/autos\\\/#organization\"},\"image\":{\"@id\":\"http:\\\/\\\/autosdelpodio.com\\\/autos\\\/senoresa-tomar-conciencia\\\/#primaryimage\"},\"thumbnailUrl\":\"http:\\\/\\\/autosdelpodio.com\\\/autos\\\/wp-content\\\/uploads\\\/2011\\\/12\\\/contenidos_contenidos_carlosalbertolegnani.jpg\",\"articleSection\":[\"Opini\u00f3n\"],\"inLanguage\":\"es\",\"potentialAction\":[{\"@type\":\"CommentAction\",\"name\":\"Comment\",\"target\":[\"http:\\\/\\\/autosdelpodio.com\\\/autos\\\/senoresa-tomar-conciencia\\\/#respond\"]}]},{\"@type\":\"WebPage\",\"@id\":\"http:\\\/\\\/autosdelpodio.com\\\/autos\\\/senoresa-tomar-conciencia\\\/\",\"url\":\"http:\\\/\\\/autosdelpodio.com\\\/autos\\\/senoresa-tomar-conciencia\\\/\",\"name\":\"Autos del Podio | Se\u00f1ores,a tomar conciencia\",\"isPartOf\":{\"@id\":\"http:\\\/\\\/autosdelpodio.com\\\/autos\\\/#website\"},\"primaryImageOfPage\":{\"@id\":\"http:\\\/\\\/autosdelpodio.com\\\/autos\\\/senoresa-tomar-conciencia\\\/#primaryimage\"},\"image\":{\"@id\":\"http:\\\/\\\/autosdelpodio.com\\\/autos\\\/senoresa-tomar-conciencia\\\/#primaryimage\"},\"thumbnailUrl\":\"http:\\\/\\\/autosdelpodio.com\\\/autos\\\/wp-content\\\/uploads\\\/2011\\\/12\\\/contenidos_contenidos_carlosalbertolegnani.jpg\",\"datePublished\":\"2011-12-01T02:26:06+00:00\",\"description\":\"Autos del Podio\",\"breadcrumb\":{\"@id\":\"http:\\\/\\\/autosdelpodio.com\\\/autos\\\/senoresa-tomar-conciencia\\\/#breadcrumb\"},\"inLanguage\":\"es\",\"potentialAction\":[{\"@type\":\"ReadAction\",\"target\":[\"http:\\\/\\\/autosdelpodio.com\\\/autos\\\/senoresa-tomar-conciencia\\\/\"]}]},{\"@type\":\"ImageObject\",\"inLanguage\":\"es\",\"@id\":\"http:\\\/\\\/autosdelpodio.com\\\/autos\\\/senoresa-tomar-conciencia\\\/#primaryimage\",\"url\":\"http:\\\/\\\/autosdelpodio.com\\\/autos\\\/wp-content\\\/uploads\\\/2011\\\/12\\\/contenidos_contenidos_carlosalbertolegnani.jpg\",\"contentUrl\":\"http:\\\/\\\/autosdelpodio.com\\\/autos\\\/wp-content\\\/uploads\\\/2011\\\/12\\\/contenidos_contenidos_carlosalbertolegnani.jpg\",\"width\":244,\"height\":183},{\"@type\":\"BreadcrumbList\",\"@id\":\"http:\\\/\\\/autosdelpodio.com\\\/autos\\\/senoresa-tomar-conciencia\\\/#breadcrumb\",\"itemListElement\":[{\"@type\":\"ListItem\",\"position\":1,\"name\":\"Portada\",\"item\":\"http:\\\/\\\/autosdelpodio.com\\\/autos\\\/\"},{\"@type\":\"ListItem\",\"position\":2,\"name\":\"Se\u00f1ores,a tomar conciencia\"}]},{\"@type\":\"WebSite\",\"@id\":\"http:\\\/\\\/autosdelpodio.com\\\/autos\\\/#website\",\"url\":\"http:\\\/\\\/autosdelpodio.com\\\/autos\\\/\",\"name\":\"Autos del Podio\",\"description\":\"La sexta del deporte motor\",\"publisher\":{\"@id\":\"http:\\\/\\\/autosdelpodio.com\\\/autos\\\/#organization\"},\"potentialAction\":[{\"@type\":\"SearchAction\",\"target\":{\"@type\":\"EntryPoint\",\"urlTemplate\":\"http:\\\/\\\/autosdelpodio.com\\\/autos\\\/?s={search_term_string}\"},\"query-input\":{\"@type\":\"PropertyValueSpecification\",\"valueRequired\":true,\"valueName\":\"search_term_string\"}}],\"inLanguage\":\"es\"},{\"@type\":\"Organization\",\"@id\":\"http:\\\/\\\/autosdelpodio.com\\\/autos\\\/#organization\",\"name\":\"Autos del Podio\",\"url\":\"http:\\\/\\\/autosdelpodio.com\\\/autos\\\/\",\"logo\":{\"@type\":\"ImageObject\",\"inLanguage\":\"es\",\"@id\":\"http:\\\/\\\/autosdelpodio.com\\\/autos\\\/#\\\/schema\\\/logo\\\/image\\\/\",\"url\":\"http:\\\/\\\/autosdelpodio.com\\\/autos\\\/wp-content\\\/uploads\\\/2020\\\/08\\\/Logo_AR.jpg\",\"contentUrl\":\"http:\\\/\\\/autosdelpodio.com\\\/autos\\\/wp-content\\\/uploads\\\/2020\\\/08\\\/Logo_AR.jpg\",\"width\":1038,\"height\":1044,\"caption\":\"Autos del Podio\"},\"image\":{\"@id\":\"http:\\\/\\\/autosdelpodio.com\\\/autos\\\/#\\\/schema\\\/logo\\\/image\\\/\"},\"sameAs\":[\"https:\\\/\\\/www.facebook.com\\\/profile.php?id=100057192590976&amp;amp;amp;amp;amp;amp;amp;amp;amp;amp;amp;amp;amp;amp;amp;amp;amp;amp;ref=ts\",\"https:\\\/\\\/x.com\\\/autosdelpodio\",\"https:\\\/\\\/www.youtube.com\\\/user\\\/AutosdelPodio\"]},{\"@type\":\"Person\",\"@id\":\"http:\\\/\\\/autosdelpodio.com\\\/autos\\\/#\\\/schema\\\/person\\\/e88353cabf768863fdf874e30120f3ba\",\"name\":\"wi022230\",\"image\":{\"@type\":\"ImageObject\",\"inLanguage\":\"es\",\"@id\":\"http:\\\/\\\/autosdelpodio.com\\\/autos\\\/wp-content\\\/litespeed\\\/avatar\\\/453fc9bdbb11d766ba4c7f14d0bd0aa9.jpg?ver=1777404874\",\"url\":\"http:\\\/\\\/autosdelpodio.com\\\/autos\\\/wp-content\\\/litespeed\\\/avatar\\\/453fc9bdbb11d766ba4c7f14d0bd0aa9.jpg?ver=1777404874\",\"contentUrl\":\"http:\\\/\\\/autosdelpodio.com\\\/autos\\\/wp-content\\\/litespeed\\\/avatar\\\/453fc9bdbb11d766ba4c7f14d0bd0aa9.jpg?ver=1777404874\",\"caption\":\"wi022230\"}}]}<\/script>\n<!-- \/ Yoast SEO plugin. -->","yoast_head_json":{"title":"Autos del Podio | Se\u00f1ores,a tomar conciencia","description":"Autos del Podio","robots":{"index":"index","follow":"follow","max-snippet":"max-snippet:-1","max-image-preview":"max-image-preview:large","max-video-preview":"max-video-preview:-1"},"canonical":"http:\/\/autosdelpodio.com\/autos\/senoresa-tomar-conciencia\/","og_locale":"es_ES","og_type":"article","og_title":"Autos del Podio | Se\u00f1ores,a tomar conciencia","og_description":"Autos del Podio","og_url":"http:\/\/autosdelpodio.com\/autos\/senoresa-tomar-conciencia\/","og_site_name":"Autos del Podio","article_publisher":"https:\/\/www.facebook.com\/profile.php?id=100057192590976&amp%3bamp%3bamp%3bamp%3bamp%3bamp%3bamp%3bamp%3bamp%3bamp%3bamp%3bamp%3bamp%3bamp%3bamp%3bamp%3bamp%3bamp%3bref=ts","article_published_time":"2011-12-01T02:26:06+00:00","og_image":[{"width":244,"height":183,"url":"http:\/\/autosdelpodio.com\/autos\/wp-content\/uploads\/2011\/12\/contenidos_contenidos_carlosalbertolegnani.jpg","type":"image\/jpeg"}],"author":"wi022230","twitter_card":"summary_large_image","twitter_creator":"@autosdelpodio","twitter_site":"@autosdelpodio","twitter_misc":{"Escrito por":"wi022230","Tiempo de lectura":"5 minutos"},"schema":{"@context":"https:\/\/schema.org","@graph":[{"@type":"Article","@id":"http:\/\/autosdelpodio.com\/autos\/senoresa-tomar-conciencia\/#article","isPartOf":{"@id":"http:\/\/autosdelpodio.com\/autos\/senoresa-tomar-conciencia\/"},"author":{"name":"wi022230","@id":"http:\/\/autosdelpodio.com\/autos\/#\/schema\/person\/e88353cabf768863fdf874e30120f3ba"},"headline":"Se\u00f1ores,a tomar conciencia","datePublished":"2011-12-01T02:26:06+00:00","mainEntityOfPage":{"@id":"http:\/\/autosdelpodio.com\/autos\/senoresa-tomar-conciencia\/"},"wordCount":910,"commentCount":0,"publisher":{"@id":"http:\/\/autosdelpodio.com\/autos\/#organization"},"image":{"@id":"http:\/\/autosdelpodio.com\/autos\/senoresa-tomar-conciencia\/#primaryimage"},"thumbnailUrl":"http:\/\/autosdelpodio.com\/autos\/wp-content\/uploads\/2011\/12\/contenidos_contenidos_carlosalbertolegnani.jpg","articleSection":["Opini\u00f3n"],"inLanguage":"es","potentialAction":[{"@type":"CommentAction","name":"Comment","target":["http:\/\/autosdelpodio.com\/autos\/senoresa-tomar-conciencia\/#respond"]}]},{"@type":"WebPage","@id":"http:\/\/autosdelpodio.com\/autos\/senoresa-tomar-conciencia\/","url":"http:\/\/autosdelpodio.com\/autos\/senoresa-tomar-conciencia\/","name":"Autos del Podio | Se\u00f1ores,a tomar conciencia","isPartOf":{"@id":"http:\/\/autosdelpodio.com\/autos\/#website"},"primaryImageOfPage":{"@id":"http:\/\/autosdelpodio.com\/autos\/senoresa-tomar-conciencia\/#primaryimage"},"image":{"@id":"http:\/\/autosdelpodio.com\/autos\/senoresa-tomar-conciencia\/#primaryimage"},"thumbnailUrl":"http:\/\/autosdelpodio.com\/autos\/wp-content\/uploads\/2011\/12\/contenidos_contenidos_carlosalbertolegnani.jpg","datePublished":"2011-12-01T02:26:06+00:00","description":"Autos del Podio","breadcrumb":{"@id":"http:\/\/autosdelpodio.com\/autos\/senoresa-tomar-conciencia\/#breadcrumb"},"inLanguage":"es","potentialAction":[{"@type":"ReadAction","target":["http:\/\/autosdelpodio.com\/autos\/senoresa-tomar-conciencia\/"]}]},{"@type":"ImageObject","inLanguage":"es","@id":"http:\/\/autosdelpodio.com\/autos\/senoresa-tomar-conciencia\/#primaryimage","url":"http:\/\/autosdelpodio.com\/autos\/wp-content\/uploads\/2011\/12\/contenidos_contenidos_carlosalbertolegnani.jpg","contentUrl":"http:\/\/autosdelpodio.com\/autos\/wp-content\/uploads\/2011\/12\/contenidos_contenidos_carlosalbertolegnani.jpg","width":244,"height":183},{"@type":"BreadcrumbList","@id":"http:\/\/autosdelpodio.com\/autos\/senoresa-tomar-conciencia\/#breadcrumb","itemListElement":[{"@type":"ListItem","position":1,"name":"Portada","item":"http:\/\/autosdelpodio.com\/autos\/"},{"@type":"ListItem","position":2,"name":"Se\u00f1ores,a tomar conciencia"}]},{"@type":"WebSite","@id":"http:\/\/autosdelpodio.com\/autos\/#website","url":"http:\/\/autosdelpodio.com\/autos\/","name":"Autos del Podio","description":"La sexta del deporte motor","publisher":{"@id":"http:\/\/autosdelpodio.com\/autos\/#organization"},"potentialAction":[{"@type":"SearchAction","target":{"@type":"EntryPoint","urlTemplate":"http:\/\/autosdelpodio.com\/autos\/?s={search_term_string}"},"query-input":{"@type":"PropertyValueSpecification","valueRequired":true,"valueName":"search_term_string"}}],"inLanguage":"es"},{"@type":"Organization","@id":"http:\/\/autosdelpodio.com\/autos\/#organization","name":"Autos del Podio","url":"http:\/\/autosdelpodio.com\/autos\/","logo":{"@type":"ImageObject","inLanguage":"es","@id":"http:\/\/autosdelpodio.com\/autos\/#\/schema\/logo\/image\/","url":"http:\/\/autosdelpodio.com\/autos\/wp-content\/uploads\/2020\/08\/Logo_AR.jpg","contentUrl":"http:\/\/autosdelpodio.com\/autos\/wp-content\/uploads\/2020\/08\/Logo_AR.jpg","width":1038,"height":1044,"caption":"Autos del Podio"},"image":{"@id":"http:\/\/autosdelpodio.com\/autos\/#\/schema\/logo\/image\/"},"sameAs":["https:\/\/www.facebook.com\/profile.php?id=100057192590976&amp;amp;amp;amp;amp;amp;amp;amp;amp;amp;amp;amp;amp;amp;amp;amp;amp;amp;ref=ts","https:\/\/x.com\/autosdelpodio","https:\/\/www.youtube.com\/user\/AutosdelPodio"]},{"@type":"Person","@id":"http:\/\/autosdelpodio.com\/autos\/#\/schema\/person\/e88353cabf768863fdf874e30120f3ba","name":"wi022230","image":{"@type":"ImageObject","inLanguage":"es","@id":"http:\/\/autosdelpodio.com\/autos\/wp-content\/litespeed\/avatar\/453fc9bdbb11d766ba4c7f14d0bd0aa9.jpg?ver=1777404874","url":"http:\/\/autosdelpodio.com\/autos\/wp-content\/litespeed\/avatar\/453fc9bdbb11d766ba4c7f14d0bd0aa9.jpg?ver=1777404874","contentUrl":"http:\/\/autosdelpodio.com\/autos\/wp-content\/litespeed\/avatar\/453fc9bdbb11d766ba4c7f14d0bd0aa9.jpg?ver=1777404874","caption":"wi022230"}}]}},"views":433,"_links":{"self":[{"href":"http:\/\/autosdelpodio.com\/autos\/wp-json\/wp\/v2\/posts\/324","targetHints":{"allow":["GET"]}}],"collection":[{"href":"http:\/\/autosdelpodio.com\/autos\/wp-json\/wp\/v2\/posts"}],"about":[{"href":"http:\/\/autosdelpodio.com\/autos\/wp-json\/wp\/v2\/types\/post"}],"author":[{"embeddable":true,"href":"http:\/\/autosdelpodio.com\/autos\/wp-json\/wp\/v2\/users\/1"}],"replies":[{"embeddable":true,"href":"http:\/\/autosdelpodio.com\/autos\/wp-json\/wp\/v2\/comments?post=324"}],"version-history":[{"count":0,"href":"http:\/\/autosdelpodio.com\/autos\/wp-json\/wp\/v2\/posts\/324\/revisions"}],"wp:featuredmedia":[{"embeddable":true,"href":"http:\/\/autosdelpodio.com\/autos\/wp-json\/wp\/v2\/media\/323"}],"wp:attachment":[{"href":"http:\/\/autosdelpodio.com\/autos\/wp-json\/wp\/v2\/media?parent=324"}],"wp:term":[{"taxonomy":"category","embeddable":true,"href":"http:\/\/autosdelpodio.com\/autos\/wp-json\/wp\/v2\/categories?post=324"},{"taxonomy":"post_tag","embeddable":true,"href":"http:\/\/autosdelpodio.com\/autos\/wp-json\/wp\/v2\/tags?post=324"}],"curies":[{"name":"wp","href":"https:\/\/api.w.org\/{rel}","templated":true}]}}