{"id":332,"date":"2011-12-11T17:47:21","date_gmt":"2011-12-11T17:47:21","guid":{"rendered":"http:\/\/autosdelpodio.com\/autos\/2011\/12\/11\/guillermo-ortelli-campeon-por-sexta-vez-en-tc\/"},"modified":"2011-12-11T17:47:21","modified_gmt":"2011-12-11T17:47:21","slug":"guillermo-ortelli-campeon-por-sexta-vez-en-tc","status":"publish","type":"post","link":"http:\/\/autosdelpodio.com\/autos\/guillermo-ortelli-campeon-por-sexta-vez-en-tc\/","title":{"rendered":"Guillermo Ortelli campeon por sexta vez en TC"},"content":{"rendered":"<p><span> <\/p>\n<p style=\"text-align: justify;\">Guillermo Ortelli se corono por 6ta. vez campe\u00f3n de Turismo Carretera.Todos sus t\u00edtulos (1998, 2000, 2001,2002, 2008 Y 2011) los obtuvo con la marca Chevrolet. La carrera disputada en el Autodromo Oscar y Juan Galvez capitalino la gano Emiliano Spataro, con Dodge.Juan Mart\u00edn Trucco (Dodge) y el propio Ortelli completaron el podio.<\/p>\n<p> <\/span><\/p>\n<p>  <!--more-->  <\/p>\n<p style=\"text-align: justify;\">\u00a0<\/p>\n<p><p>Clasificador final:<\/p>\n<p>1\u00b0 SPATARO, EMILIANO DODGE 40:41.220<\/p>\n<p>2\u00b0 TRUCCO, JUAN MART\u00cdN DODGE 0.481<\/p>\n<p>3\u00b0 ORTELLI, GUILLERMO CHEVROLET 3.607<\/p>\n<p>4\u00b0 ROSSI, MAT\u00cdAS CHEVROLET 5.764<\/p>\n<p>5\u00b0 MART\u00cdNEZ, OMAR FORD 9.938<\/p>\n<p>6\u00b0 PERN\u00cdA, LEONEL CHEVROLET 10.216<\/p>\n<p>7\u00b0 DE BENEDICTIS, JUAN BAUTISTA FORD 10.445<\/p>\n<p>8\u00b0 PONCE DE LE\u00d3N, GABRIEL FORD 18.171<\/p>\n<p>9\u00b0 UGALDE, LIONEL FORD 18.794<\/p>\n<p>10\u00b0 ANGELINI, JUAN MARCOS DODGE 19.276<\/p>\n<p>11\u00b0 WERNER, MARIANO FORD 19.718<\/p>\n<p>12\u00b0 PONTE, MART\u00cdN TORINO 22.338<\/p>\n<p>13\u00b0 BASSO, MART\u00cdN CHEVROLET 25.637<\/p>\n<p>14\u00b0 FONTANA, NORBERTO TORINO 31.355<\/p>\n<p>15\u00b0 LEDESMA, CHRISTIAN CHEVROLET 32.132<\/p>\n<p>16\u00b0 JALAF, MAT\u00cdAS FORD 33.703<\/p>\n<p>17\u00b0 CASTELLANO, JONATAN DODGE 34.263<\/p>\n<p>18\u00b0 JUAN, MAXIMILIANO FORD 44.450<\/p>\n<p>19\u00b0 OKULOVICH, CARLOS TORINO 45.304<\/p>\n<p>20\u00b0 SAVINO, JOS\u00c9 FORD 46.809<\/p>\n<p>21\u00b0 CATAL\u00c1N MAGNI, JULIO DODGE 47.340<\/p>\n<p>22\u00b0 SOL\u00cdS, GUSTAVO FORD 48.428<\/p>\n<p>23\u00b0 RODR\u00cdGUEZ, MAT\u00cdAS CHEVROLET 48.685<\/p>\n<p>24\u00b0 GIANINI, JUAN PABLO FORD 48.881<\/p>\n<p>25\u00b0 GIALLOMBARDO, MAURO FORD 58.406<\/p>\n<p>26\u00b0 ALTUNA, MARIANO CHEVROLET 1:00.554<\/p>\n<p>27\u00b0 TANONI, OMAR FORD 1:04.515<\/p>\n<p>28\u00b0 OUBI\u00d1A, ADRI\u00c1N FORD 1:15.337<\/p>\n<p>29\u00b0 PICHINI , MAURO FORD 1:17.073<\/p>\n<p>30\u00b0 FERRANDO, MARIO DODGE 1:24.153<\/p>\n<p>31\u00b0 DOSE, CHRISTIAN CHEVROLET 1:27.294<\/p>\n<p>32\u00b0 ALAUX, SERGIO CHEVROLET &#8211;<\/p>\n<p>33\u00b0 DEL BO , ROBERTO CHEVROLET &#8211;<\/p>\n<p>34\u00b0 CANAPINO, AGUST\u00cdN CHEVROLET &#8211;<\/p>\n<p>35\u00b0 L\u00d3PEZ, JOS\u00c9 MAR\u00cdA CHEVROLET &#8211;<\/p>\n<p>36\u00b0 VERNA, RAFAEL DODGE &#8211;<\/p>\n<p>37\u00b0 SILVA, JUAN MANUEL FORD &#8211;<\/p>\n<p>38\u00b0 DI PALMA, LU\u00cdS JOS\u00c9 H TORINO &#8211;<\/p>\n<p>39\u00b0 MAZZACANE, GAST\u00d3N CHEVROLET &#8211;<\/p>\n<p>40\u00b0 BONELLI, PR\u00d3SPERO FORD &#8211;<\/p>\n<p>41\u00b0 CAMPANERA, LAUREANO CHEVROLET &#8211;<\/p>\n<p>42\u00b0 URRETAVIZCAYA, TOM\u00c1S DODGE &#8211;<\/p>\n<p>43\u00b0 CANDELA , ENRIQUE FORD &#8211;<\/p>\n<p>44\u00b0 DE CARLO, DIEGO CHEVROLET &#8211;<\/p>\n<p>45\u00b0 NOLESI, MATHIAS FORD &#8211;<\/p><\/p>\n","protected":false},"excerpt":{"rendered":"<p>Guillermo Ortelli se corono por 6ta. vez campe\u00f3n de Turismo Carretera.Todos sus t\u00edtulos (1998, 2000, 2001,2002, 2008 Y 2011) los<\/p>\n","protected":false},"author":1,"featured_media":0,"comment_status":"open","ping_status":"open","sticky":false,"template":"","format":"standard","meta":{"colormag_page_container_layout":"default_layout","colormag_page_sidebar_layout":"default_layout","footnotes":""},"categories":[5],"tags":[],"class_list":["post-332","post","type-post","status-publish","format-standard","hentry","category-latest-news"],"yoast_head":"<!-- This site is optimized with the Yoast SEO plugin v27.4 - https:\/\/yoast.com\/product\/yoast-seo-wordpress\/ -->\n<title>Autos del Podio | Guillermo Ortelli campeon por sexta vez en TC<\/title>\n<meta name=\"description\" content=\"Autos del Podio\" \/>\n<meta name=\"robots\" content=\"index, follow, max-snippet:-1, max-image-preview:large, max-video-preview:-1\" \/>\n<link rel=\"canonical\" href=\"http:\/\/autosdelpodio.com\/autos\/guillermo-ortelli-campeon-por-sexta-vez-en-tc\/\" \/>\n<meta property=\"og:locale\" content=\"es_ES\" \/>\n<meta property=\"og:type\" content=\"article\" \/>\n<meta property=\"og:title\" content=\"Autos del Podio | Guillermo Ortelli campeon por sexta vez en TC\" \/>\n<meta property=\"og:description\" content=\"Autos del Podio\" \/>\n<meta property=\"og:url\" content=\"http:\/\/autosdelpodio.com\/autos\/guillermo-ortelli-campeon-por-sexta-vez-en-tc\/\" \/>\n<meta property=\"og:site_name\" content=\"Autos del Podio\" \/>\n<meta property=\"article:publisher\" content=\"https:\/\/www.facebook.com\/profile.php?id=100057192590976&amp;amp%3bamp%3bamp%3bamp%3bamp%3bamp%3bamp%3bamp%3bamp%3bamp%3bamp%3bamp%3bamp%3bamp%3bamp%3bamp%3bamp%3bamp%3bref=ts\" \/>\n<meta property=\"article:published_time\" content=\"2011-12-11T17:47:21+00:00\" \/>\n<meta name=\"author\" content=\"wi022230\" \/>\n<meta name=\"twitter:card\" content=\"summary_large_image\" \/>\n<meta name=\"twitter:creator\" content=\"@autosdelpodio\" \/>\n<meta name=\"twitter:site\" content=\"@autosdelpodio\" \/>\n<meta name=\"twitter:label1\" content=\"Escrito por\" \/>\n\t<meta name=\"twitter:data1\" content=\"wi022230\" \/>\n\t<meta name=\"twitter:label2\" content=\"Tiempo de lectura\" \/>\n\t<meta name=\"twitter:data2\" content=\"1 minuto\" \/>\n<script type=\"application\/ld+json\" class=\"yoast-schema-graph\">{\"@context\":\"https:\\\/\\\/schema.org\",\"@graph\":[{\"@type\":\"Article\",\"@id\":\"http:\\\/\\\/autosdelpodio.com\\\/autos\\\/guillermo-ortelli-campeon-por-sexta-vez-en-tc\\\/#article\",\"isPartOf\":{\"@id\":\"http:\\\/\\\/autosdelpodio.com\\\/autos\\\/guillermo-ortelli-campeon-por-sexta-vez-en-tc\\\/\"},\"author\":{\"name\":\"wi022230\",\"@id\":\"http:\\\/\\\/autosdelpodio.com\\\/autos\\\/#\\\/schema\\\/person\\\/e88353cabf768863fdf874e30120f3ba\"},\"headline\":\"Guillermo Ortelli campeon por sexta vez en TC\",\"datePublished\":\"2011-12-11T17:47:21+00:00\",\"mainEntityOfPage\":{\"@id\":\"http:\\\/\\\/autosdelpodio.com\\\/autos\\\/guillermo-ortelli-campeon-por-sexta-vez-en-tc\\\/\"},\"wordCount\":246,\"commentCount\":0,\"publisher\":{\"@id\":\"http:\\\/\\\/autosdelpodio.com\\\/autos\\\/#organization\"},\"articleSection\":[\"\u00daltimas noticias\"],\"inLanguage\":\"es\",\"potentialAction\":[{\"@type\":\"CommentAction\",\"name\":\"Comment\",\"target\":[\"http:\\\/\\\/autosdelpodio.com\\\/autos\\\/guillermo-ortelli-campeon-por-sexta-vez-en-tc\\\/#respond\"]}]},{\"@type\":\"WebPage\",\"@id\":\"http:\\\/\\\/autosdelpodio.com\\\/autos\\\/guillermo-ortelli-campeon-por-sexta-vez-en-tc\\\/\",\"url\":\"http:\\\/\\\/autosdelpodio.com\\\/autos\\\/guillermo-ortelli-campeon-por-sexta-vez-en-tc\\\/\",\"name\":\"Autos del Podio | Guillermo Ortelli campeon por sexta vez en TC\",\"isPartOf\":{\"@id\":\"http:\\\/\\\/autosdelpodio.com\\\/autos\\\/#website\"},\"datePublished\":\"2011-12-11T17:47:21+00:00\",\"description\":\"Autos del Podio\",\"breadcrumb\":{\"@id\":\"http:\\\/\\\/autosdelpodio.com\\\/autos\\\/guillermo-ortelli-campeon-por-sexta-vez-en-tc\\\/#breadcrumb\"},\"inLanguage\":\"es\",\"potentialAction\":[{\"@type\":\"ReadAction\",\"target\":[\"http:\\\/\\\/autosdelpodio.com\\\/autos\\\/guillermo-ortelli-campeon-por-sexta-vez-en-tc\\\/\"]}]},{\"@type\":\"BreadcrumbList\",\"@id\":\"http:\\\/\\\/autosdelpodio.com\\\/autos\\\/guillermo-ortelli-campeon-por-sexta-vez-en-tc\\\/#breadcrumb\",\"itemListElement\":[{\"@type\":\"ListItem\",\"position\":1,\"name\":\"Portada\",\"item\":\"http:\\\/\\\/autosdelpodio.com\\\/autos\\\/\"},{\"@type\":\"ListItem\",\"position\":2,\"name\":\"Guillermo Ortelli campeon por sexta vez en TC\"}]},{\"@type\":\"WebSite\",\"@id\":\"http:\\\/\\\/autosdelpodio.com\\\/autos\\\/#website\",\"url\":\"http:\\\/\\\/autosdelpodio.com\\\/autos\\\/\",\"name\":\"Autos del Podio\",\"description\":\"La sexta del deporte motor\",\"publisher\":{\"@id\":\"http:\\\/\\\/autosdelpodio.com\\\/autos\\\/#organization\"},\"potentialAction\":[{\"@type\":\"SearchAction\",\"target\":{\"@type\":\"EntryPoint\",\"urlTemplate\":\"http:\\\/\\\/autosdelpodio.com\\\/autos\\\/?s={search_term_string}\"},\"query-input\":{\"@type\":\"PropertyValueSpecification\",\"valueRequired\":true,\"valueName\":\"search_term_string\"}}],\"inLanguage\":\"es\"},{\"@type\":\"Organization\",\"@id\":\"http:\\\/\\\/autosdelpodio.com\\\/autos\\\/#organization\",\"name\":\"Autos del Podio\",\"url\":\"http:\\\/\\\/autosdelpodio.com\\\/autos\\\/\",\"logo\":{\"@type\":\"ImageObject\",\"inLanguage\":\"es\",\"@id\":\"http:\\\/\\\/autosdelpodio.com\\\/autos\\\/#\\\/schema\\\/logo\\\/image\\\/\",\"url\":\"http:\\\/\\\/autosdelpodio.com\\\/autos\\\/wp-content\\\/uploads\\\/2020\\\/08\\\/Logo_AR.jpg\",\"contentUrl\":\"http:\\\/\\\/autosdelpodio.com\\\/autos\\\/wp-content\\\/uploads\\\/2020\\\/08\\\/Logo_AR.jpg\",\"width\":1038,\"height\":1044,\"caption\":\"Autos del Podio\"},\"image\":{\"@id\":\"http:\\\/\\\/autosdelpodio.com\\\/autos\\\/#\\\/schema\\\/logo\\\/image\\\/\"},\"sameAs\":[\"https:\\\/\\\/www.facebook.com\\\/profile.php?id=100057192590976&amp;amp;amp;amp;amp;amp;amp;amp;amp;amp;amp;amp;amp;amp;amp;amp;amp;amp;ref=ts\",\"https:\\\/\\\/x.com\\\/autosdelpodio\",\"https:\\\/\\\/www.youtube.com\\\/user\\\/AutosdelPodio\"]},{\"@type\":\"Person\",\"@id\":\"http:\\\/\\\/autosdelpodio.com\\\/autos\\\/#\\\/schema\\\/person\\\/e88353cabf768863fdf874e30120f3ba\",\"name\":\"wi022230\",\"image\":{\"@type\":\"ImageObject\",\"inLanguage\":\"es\",\"@id\":\"http:\\\/\\\/autosdelpodio.com\\\/autos\\\/wp-content\\\/litespeed\\\/avatar\\\/453fc9bdbb11d766ba4c7f14d0bd0aa9.jpg?ver=1776800006\",\"url\":\"http:\\\/\\\/autosdelpodio.com\\\/autos\\\/wp-content\\\/litespeed\\\/avatar\\\/453fc9bdbb11d766ba4c7f14d0bd0aa9.jpg?ver=1776800006\",\"contentUrl\":\"http:\\\/\\\/autosdelpodio.com\\\/autos\\\/wp-content\\\/litespeed\\\/avatar\\\/453fc9bdbb11d766ba4c7f14d0bd0aa9.jpg?ver=1776800006\",\"caption\":\"wi022230\"}}]}<\/script>\n<!-- \/ Yoast SEO plugin. -->","yoast_head_json":{"title":"Autos del Podio | Guillermo Ortelli campeon por sexta vez en TC","description":"Autos del Podio","robots":{"index":"index","follow":"follow","max-snippet":"max-snippet:-1","max-image-preview":"max-image-preview:large","max-video-preview":"max-video-preview:-1"},"canonical":"http:\/\/autosdelpodio.com\/autos\/guillermo-ortelli-campeon-por-sexta-vez-en-tc\/","og_locale":"es_ES","og_type":"article","og_title":"Autos del Podio | Guillermo Ortelli campeon por sexta vez en TC","og_description":"Autos del Podio","og_url":"http:\/\/autosdelpodio.com\/autos\/guillermo-ortelli-campeon-por-sexta-vez-en-tc\/","og_site_name":"Autos del Podio","article_publisher":"https:\/\/www.facebook.com\/profile.php?id=100057192590976&amp%3bamp%3bamp%3bamp%3bamp%3bamp%3bamp%3bamp%3bamp%3bamp%3bamp%3bamp%3bamp%3bamp%3bamp%3bamp%3bamp%3bamp%3bref=ts","article_published_time":"2011-12-11T17:47:21+00:00","author":"wi022230","twitter_card":"summary_large_image","twitter_creator":"@autosdelpodio","twitter_site":"@autosdelpodio","twitter_misc":{"Escrito por":"wi022230","Tiempo de lectura":"1 minuto"},"schema":{"@context":"https:\/\/schema.org","@graph":[{"@type":"Article","@id":"http:\/\/autosdelpodio.com\/autos\/guillermo-ortelli-campeon-por-sexta-vez-en-tc\/#article","isPartOf":{"@id":"http:\/\/autosdelpodio.com\/autos\/guillermo-ortelli-campeon-por-sexta-vez-en-tc\/"},"author":{"name":"wi022230","@id":"http:\/\/autosdelpodio.com\/autos\/#\/schema\/person\/e88353cabf768863fdf874e30120f3ba"},"headline":"Guillermo Ortelli campeon por sexta vez en TC","datePublished":"2011-12-11T17:47:21+00:00","mainEntityOfPage":{"@id":"http:\/\/autosdelpodio.com\/autos\/guillermo-ortelli-campeon-por-sexta-vez-en-tc\/"},"wordCount":246,"commentCount":0,"publisher":{"@id":"http:\/\/autosdelpodio.com\/autos\/#organization"},"articleSection":["\u00daltimas noticias"],"inLanguage":"es","potentialAction":[{"@type":"CommentAction","name":"Comment","target":["http:\/\/autosdelpodio.com\/autos\/guillermo-ortelli-campeon-por-sexta-vez-en-tc\/#respond"]}]},{"@type":"WebPage","@id":"http:\/\/autosdelpodio.com\/autos\/guillermo-ortelli-campeon-por-sexta-vez-en-tc\/","url":"http:\/\/autosdelpodio.com\/autos\/guillermo-ortelli-campeon-por-sexta-vez-en-tc\/","name":"Autos del Podio | Guillermo Ortelli campeon por sexta vez en TC","isPartOf":{"@id":"http:\/\/autosdelpodio.com\/autos\/#website"},"datePublished":"2011-12-11T17:47:21+00:00","description":"Autos del Podio","breadcrumb":{"@id":"http:\/\/autosdelpodio.com\/autos\/guillermo-ortelli-campeon-por-sexta-vez-en-tc\/#breadcrumb"},"inLanguage":"es","potentialAction":[{"@type":"ReadAction","target":["http:\/\/autosdelpodio.com\/autos\/guillermo-ortelli-campeon-por-sexta-vez-en-tc\/"]}]},{"@type":"BreadcrumbList","@id":"http:\/\/autosdelpodio.com\/autos\/guillermo-ortelli-campeon-por-sexta-vez-en-tc\/#breadcrumb","itemListElement":[{"@type":"ListItem","position":1,"name":"Portada","item":"http:\/\/autosdelpodio.com\/autos\/"},{"@type":"ListItem","position":2,"name":"Guillermo Ortelli campeon por sexta vez en TC"}]},{"@type":"WebSite","@id":"http:\/\/autosdelpodio.com\/autos\/#website","url":"http:\/\/autosdelpodio.com\/autos\/","name":"Autos del Podio","description":"La sexta del deporte motor","publisher":{"@id":"http:\/\/autosdelpodio.com\/autos\/#organization"},"potentialAction":[{"@type":"SearchAction","target":{"@type":"EntryPoint","urlTemplate":"http:\/\/autosdelpodio.com\/autos\/?s={search_term_string}"},"query-input":{"@type":"PropertyValueSpecification","valueRequired":true,"valueName":"search_term_string"}}],"inLanguage":"es"},{"@type":"Organization","@id":"http:\/\/autosdelpodio.com\/autos\/#organization","name":"Autos del Podio","url":"http:\/\/autosdelpodio.com\/autos\/","logo":{"@type":"ImageObject","inLanguage":"es","@id":"http:\/\/autosdelpodio.com\/autos\/#\/schema\/logo\/image\/","url":"http:\/\/autosdelpodio.com\/autos\/wp-content\/uploads\/2020\/08\/Logo_AR.jpg","contentUrl":"http:\/\/autosdelpodio.com\/autos\/wp-content\/uploads\/2020\/08\/Logo_AR.jpg","width":1038,"height":1044,"caption":"Autos del Podio"},"image":{"@id":"http:\/\/autosdelpodio.com\/autos\/#\/schema\/logo\/image\/"},"sameAs":["https:\/\/www.facebook.com\/profile.php?id=100057192590976&amp;amp;amp;amp;amp;amp;amp;amp;amp;amp;amp;amp;amp;amp;amp;amp;amp;amp;ref=ts","https:\/\/x.com\/autosdelpodio","https:\/\/www.youtube.com\/user\/AutosdelPodio"]},{"@type":"Person","@id":"http:\/\/autosdelpodio.com\/autos\/#\/schema\/person\/e88353cabf768863fdf874e30120f3ba","name":"wi022230","image":{"@type":"ImageObject","inLanguage":"es","@id":"http:\/\/autosdelpodio.com\/autos\/wp-content\/litespeed\/avatar\/453fc9bdbb11d766ba4c7f14d0bd0aa9.jpg?ver=1776800006","url":"http:\/\/autosdelpodio.com\/autos\/wp-content\/litespeed\/avatar\/453fc9bdbb11d766ba4c7f14d0bd0aa9.jpg?ver=1776800006","contentUrl":"http:\/\/autosdelpodio.com\/autos\/wp-content\/litespeed\/avatar\/453fc9bdbb11d766ba4c7f14d0bd0aa9.jpg?ver=1776800006","caption":"wi022230"}}]}},"views":860,"_links":{"self":[{"href":"http:\/\/autosdelpodio.com\/autos\/wp-json\/wp\/v2\/posts\/332","targetHints":{"allow":["GET"]}}],"collection":[{"href":"http:\/\/autosdelpodio.com\/autos\/wp-json\/wp\/v2\/posts"}],"about":[{"href":"http:\/\/autosdelpodio.com\/autos\/wp-json\/wp\/v2\/types\/post"}],"author":[{"embeddable":true,"href":"http:\/\/autosdelpodio.com\/autos\/wp-json\/wp\/v2\/users\/1"}],"replies":[{"embeddable":true,"href":"http:\/\/autosdelpodio.com\/autos\/wp-json\/wp\/v2\/comments?post=332"}],"version-history":[{"count":0,"href":"http:\/\/autosdelpodio.com\/autos\/wp-json\/wp\/v2\/posts\/332\/revisions"}],"wp:attachment":[{"href":"http:\/\/autosdelpodio.com\/autos\/wp-json\/wp\/v2\/media?parent=332"}],"wp:term":[{"taxonomy":"category","embeddable":true,"href":"http:\/\/autosdelpodio.com\/autos\/wp-json\/wp\/v2\/categories?post=332"},{"taxonomy":"post_tag","embeddable":true,"href":"http:\/\/autosdelpodio.com\/autos\/wp-json\/wp\/v2\/tags?post=332"}],"curies":[{"name":"wp","href":"https:\/\/api.w.org\/{rel}","templated":true}]}}