{"id":36,"date":"2010-10-12T01:27:01","date_gmt":"2010-10-12T01:27:01","guid":{"rendered":"http:\/\/autosdelpodio.com\/autos\/2010\/10\/12\/futbol-para-todos-iautomovilismo-tambien\/"},"modified":"2010-10-12T01:27:01","modified_gmt":"2010-10-12T01:27:01","slug":"futbol-para-todos-iautomovilismo-tambien","status":"publish","type":"post","link":"http:\/\/autosdelpodio.com\/autos\/futbol-para-todos-iautomovilismo-tambien\/","title":{"rendered":"F\u00fatbol para Todos, \u00bfAutomovilismo tambi\u00e9n?"},"content":{"rendered":"<p style=\"text-align: justify;\">Al igual que con el f\u00fatbol, si hablamos de primera divison claro (aunque ya se habla de extender la propuesta a la B Nacional en el corto plazo) todo empez\u00f3 como un rumor o conversaciones informales Off the record.De un tiempo a esta parte ya se esta dejando entrever la intenci\u00f3n del Gobierno de que el Turismo Carretera y el Turismo Nacional dejen Canal 13. Esta medida dejar\u00eda al grupo Clar\u00edn s\u00f3lo con el TC2000, que es de su propiedad.<\/p>\n<p>  <!--more-->  <\/p>\n<p>\u00a0<\/p>\n<p style=\"text-align: justify;\">A modo de cr\u00f3nica de los hechos, sin emitir juicios de valor rescatamos las opiniones vertidas por todos los protagonistas:\u201cNos gustar\u00eda que haya automovilismo para todos y que no s\u00f3lo lo disfruten aquellos que tengan una se\u00f1al de cable\u201d, asegur\u00f3 el ministro del interior Florencio Randazzo, quien visito los boxes en varias de\u00a0 las \u00faltimas carreras del TC.<\/p>\n<p style=\"text-align: justify;\">Oscar Aventin, presidente de la ACTC, tambi\u00e9n se pronunci\u00f3 sobre esta posibilidad durante la conferencia institucional realizada en el marco de la carrera de Neuqu\u00e9n. \u201cEl automovilismo es para todos porque no hay que pagar para verlo. La posibilidad del cambio de canal para televisar las carreras es un rumor inventado por alguien que tiene intereses creados\u201d, sentencio el Puma.<\/p>\n<p style=\"text-align: justify;\">Pablo Pe\u00f3n, en tanto como presidente del TC 2000 expreso: \u201cMe preocupa el rumor del automovilismo para todos, porque no me gustar\u00eda que le pasara al automovilismo lo que le paso al f\u00fatbol, que a partir del cambio comenz\u00f3 a caer mucho el rating\u201d.<\/p>\n<p style=\"text-align: justify;\">El tema ya esta en boca de los protagonistas y existe la\u00a0 posibilidad de que el gobierno imite lo que hizo ya el a\u00f1o pasado con el f\u00fatbol y estatice las transmisiones del deporte motor.<\/p>\n<p style=\"text-align: justify;\">El Top Race, desde esta temporada, sent\u00f3 precedente, llevando su aventura por afuera del mundo Carburando, al emitir sus carreras por el canal America.Su presidente Alejandro Urtubey, argumento la decisi\u00f3n afirmando que su categor\u00eda\u00a0 resignaba crecimiento bajo el ala de un multimedio que a su vez era accionista mayoritario del TC2000.<\/p>\n<p style=\"text-align: justify;\">Se abre un nuevo cap\u00edtulo en la lucha que mantiene el Gobierno Nacional con el Grupo Clar\u00edn, que tiene una activa participaci\u00f3n en el mundo de los fierros. Es que adem\u00e1s de ser due\u00f1a de Canal 13, el holding tiene la mayor\u00eda del paquete accionario de la productora Carburando y del mism\u00edsimo TC2000.<\/p>\n","protected":false},"excerpt":{"rendered":"<p>Al igual que con el f\u00fatbol, si hablamos de primera divison claro (aunque ya se habla de extender la propuesta<\/p>\n","protected":false},"author":1,"featured_media":0,"comment_status":"open","ping_status":"open","sticky":false,"template":"","format":"standard","meta":{"colormag_page_container_layout":"default_layout","colormag_page_sidebar_layout":"default_layout","footnotes":""},"categories":[5],"tags":[],"class_list":["post-36","post","type-post","status-publish","format-standard","hentry","category-latest-news"],"yoast_head":"<!-- This site is optimized with the Yoast SEO plugin v27.5 - https:\/\/yoast.com\/product\/yoast-seo-wordpress\/ -->\n<title>Autos del Podio | F\u00fatbol para Todos, \u00bfAutomovilismo tambi\u00e9n?<\/title>\n<meta name=\"description\" content=\"Autos del Podio\" \/>\n<meta name=\"robots\" content=\"index, follow, max-snippet:-1, max-image-preview:large, max-video-preview:-1\" \/>\n<link rel=\"canonical\" href=\"http:\/\/autosdelpodio.com\/autos\/futbol-para-todos-iautomovilismo-tambien\/\" \/>\n<meta property=\"og:locale\" content=\"es_ES\" \/>\n<meta property=\"og:type\" content=\"article\" \/>\n<meta property=\"og:title\" content=\"Autos del Podio | F\u00fatbol para Todos, \u00bfAutomovilismo tambi\u00e9n?\" \/>\n<meta property=\"og:description\" content=\"Autos del Podio\" \/>\n<meta property=\"og:url\" content=\"http:\/\/autosdelpodio.com\/autos\/futbol-para-todos-iautomovilismo-tambien\/\" \/>\n<meta property=\"og:site_name\" content=\"Autos del Podio\" \/>\n<meta property=\"article:publisher\" content=\"https:\/\/www.facebook.com\/profile.php?id=100057192590976&amp;amp%3bamp%3bamp%3bamp%3bamp%3bamp%3bamp%3bamp%3bamp%3bamp%3bamp%3bamp%3bamp%3bamp%3bamp%3bamp%3bamp%3bamp%3bref=ts\" \/>\n<meta property=\"article:published_time\" content=\"2010-10-12T01:27:01+00:00\" \/>\n<meta name=\"author\" content=\"wi022230\" \/>\n<meta name=\"twitter:card\" content=\"summary_large_image\" \/>\n<meta name=\"twitter:creator\" content=\"@autosdelpodio\" \/>\n<meta name=\"twitter:site\" content=\"@autosdelpodio\" \/>\n<meta name=\"twitter:label1\" content=\"Escrito por\" \/>\n\t<meta name=\"twitter:data1\" content=\"wi022230\" \/>\n\t<meta name=\"twitter:label2\" content=\"Tiempo de lectura\" \/>\n\t<meta name=\"twitter:data2\" content=\"2 minutos\" \/>\n<script type=\"application\/ld+json\" class=\"yoast-schema-graph\">{\"@context\":\"https:\\\/\\\/schema.org\",\"@graph\":[{\"@type\":\"Article\",\"@id\":\"http:\\\/\\\/autosdelpodio.com\\\/autos\\\/futbol-para-todos-iautomovilismo-tambien\\\/#article\",\"isPartOf\":{\"@id\":\"http:\\\/\\\/autosdelpodio.com\\\/autos\\\/futbol-para-todos-iautomovilismo-tambien\\\/\"},\"author\":{\"name\":\"wi022230\",\"@id\":\"http:\\\/\\\/autosdelpodio.com\\\/autos\\\/#\\\/schema\\\/person\\\/e88353cabf768863fdf874e30120f3ba\"},\"headline\":\"F\u00fatbol para Todos, \u00bfAutomovilismo tambi\u00e9n?\",\"datePublished\":\"2010-10-12T01:27:01+00:00\",\"mainEntityOfPage\":{\"@id\":\"http:\\\/\\\/autosdelpodio.com\\\/autos\\\/futbol-para-todos-iautomovilismo-tambien\\\/\"},\"wordCount\":413,\"commentCount\":0,\"publisher\":{\"@id\":\"http:\\\/\\\/autosdelpodio.com\\\/autos\\\/#organization\"},\"articleSection\":[\"\u00daltimas noticias\"],\"inLanguage\":\"es\",\"potentialAction\":[{\"@type\":\"CommentAction\",\"name\":\"Comment\",\"target\":[\"http:\\\/\\\/autosdelpodio.com\\\/autos\\\/futbol-para-todos-iautomovilismo-tambien\\\/#respond\"]}]},{\"@type\":\"WebPage\",\"@id\":\"http:\\\/\\\/autosdelpodio.com\\\/autos\\\/futbol-para-todos-iautomovilismo-tambien\\\/\",\"url\":\"http:\\\/\\\/autosdelpodio.com\\\/autos\\\/futbol-para-todos-iautomovilismo-tambien\\\/\",\"name\":\"Autos del Podio | F\u00fatbol para Todos, \u00bfAutomovilismo tambi\u00e9n?\",\"isPartOf\":{\"@id\":\"http:\\\/\\\/autosdelpodio.com\\\/autos\\\/#website\"},\"datePublished\":\"2010-10-12T01:27:01+00:00\",\"description\":\"Autos del Podio\",\"breadcrumb\":{\"@id\":\"http:\\\/\\\/autosdelpodio.com\\\/autos\\\/futbol-para-todos-iautomovilismo-tambien\\\/#breadcrumb\"},\"inLanguage\":\"es\",\"potentialAction\":[{\"@type\":\"ReadAction\",\"target\":[\"http:\\\/\\\/autosdelpodio.com\\\/autos\\\/futbol-para-todos-iautomovilismo-tambien\\\/\"]}]},{\"@type\":\"BreadcrumbList\",\"@id\":\"http:\\\/\\\/autosdelpodio.com\\\/autos\\\/futbol-para-todos-iautomovilismo-tambien\\\/#breadcrumb\",\"itemListElement\":[{\"@type\":\"ListItem\",\"position\":1,\"name\":\"Portada\",\"item\":\"http:\\\/\\\/autosdelpodio.com\\\/autos\\\/\"},{\"@type\":\"ListItem\",\"position\":2,\"name\":\"F\u00fatbol para Todos, \u00bfAutomovilismo tambi\u00e9n?\"}]},{\"@type\":\"WebSite\",\"@id\":\"http:\\\/\\\/autosdelpodio.com\\\/autos\\\/#website\",\"url\":\"http:\\\/\\\/autosdelpodio.com\\\/autos\\\/\",\"name\":\"Autos del Podio\",\"description\":\"La sexta del deporte motor\",\"publisher\":{\"@id\":\"http:\\\/\\\/autosdelpodio.com\\\/autos\\\/#organization\"},\"potentialAction\":[{\"@type\":\"SearchAction\",\"target\":{\"@type\":\"EntryPoint\",\"urlTemplate\":\"http:\\\/\\\/autosdelpodio.com\\\/autos\\\/?s={search_term_string}\"},\"query-input\":{\"@type\":\"PropertyValueSpecification\",\"valueRequired\":true,\"valueName\":\"search_term_string\"}}],\"inLanguage\":\"es\"},{\"@type\":\"Organization\",\"@id\":\"http:\\\/\\\/autosdelpodio.com\\\/autos\\\/#organization\",\"name\":\"Autos del Podio\",\"url\":\"http:\\\/\\\/autosdelpodio.com\\\/autos\\\/\",\"logo\":{\"@type\":\"ImageObject\",\"inLanguage\":\"es\",\"@id\":\"http:\\\/\\\/autosdelpodio.com\\\/autos\\\/#\\\/schema\\\/logo\\\/image\\\/\",\"url\":\"http:\\\/\\\/autosdelpodio.com\\\/autos\\\/wp-content\\\/uploads\\\/2020\\\/08\\\/Logo_AR.jpg\",\"contentUrl\":\"http:\\\/\\\/autosdelpodio.com\\\/autos\\\/wp-content\\\/uploads\\\/2020\\\/08\\\/Logo_AR.jpg\",\"width\":1038,\"height\":1044,\"caption\":\"Autos del Podio\"},\"image\":{\"@id\":\"http:\\\/\\\/autosdelpodio.com\\\/autos\\\/#\\\/schema\\\/logo\\\/image\\\/\"},\"sameAs\":[\"https:\\\/\\\/www.facebook.com\\\/profile.php?id=100057192590976&amp;amp;amp;amp;amp;amp;amp;amp;amp;amp;amp;amp;amp;amp;amp;amp;amp;amp;ref=ts\",\"https:\\\/\\\/x.com\\\/autosdelpodio\",\"https:\\\/\\\/www.youtube.com\\\/user\\\/AutosdelPodio\"]},{\"@type\":\"Person\",\"@id\":\"http:\\\/\\\/autosdelpodio.com\\\/autos\\\/#\\\/schema\\\/person\\\/e88353cabf768863fdf874e30120f3ba\",\"name\":\"wi022230\",\"image\":{\"@type\":\"ImageObject\",\"inLanguage\":\"es\",\"@id\":\"http:\\\/\\\/autosdelpodio.com\\\/autos\\\/wp-content\\\/litespeed\\\/avatar\\\/453fc9bdbb11d766ba4c7f14d0bd0aa9.jpg?ver=1777404874\",\"url\":\"http:\\\/\\\/autosdelpodio.com\\\/autos\\\/wp-content\\\/litespeed\\\/avatar\\\/453fc9bdbb11d766ba4c7f14d0bd0aa9.jpg?ver=1777404874\",\"contentUrl\":\"http:\\\/\\\/autosdelpodio.com\\\/autos\\\/wp-content\\\/litespeed\\\/avatar\\\/453fc9bdbb11d766ba4c7f14d0bd0aa9.jpg?ver=1777404874\",\"caption\":\"wi022230\"}}]}<\/script>\n<!-- \/ Yoast SEO plugin. -->","yoast_head_json":{"title":"Autos del Podio | F\u00fatbol para Todos, \u00bfAutomovilismo tambi\u00e9n?","description":"Autos del Podio","robots":{"index":"index","follow":"follow","max-snippet":"max-snippet:-1","max-image-preview":"max-image-preview:large","max-video-preview":"max-video-preview:-1"},"canonical":"http:\/\/autosdelpodio.com\/autos\/futbol-para-todos-iautomovilismo-tambien\/","og_locale":"es_ES","og_type":"article","og_title":"Autos del Podio | F\u00fatbol para Todos, \u00bfAutomovilismo tambi\u00e9n?","og_description":"Autos del Podio","og_url":"http:\/\/autosdelpodio.com\/autos\/futbol-para-todos-iautomovilismo-tambien\/","og_site_name":"Autos del Podio","article_publisher":"https:\/\/www.facebook.com\/profile.php?id=100057192590976&amp%3bamp%3bamp%3bamp%3bamp%3bamp%3bamp%3bamp%3bamp%3bamp%3bamp%3bamp%3bamp%3bamp%3bamp%3bamp%3bamp%3bamp%3bref=ts","article_published_time":"2010-10-12T01:27:01+00:00","author":"wi022230","twitter_card":"summary_large_image","twitter_creator":"@autosdelpodio","twitter_site":"@autosdelpodio","twitter_misc":{"Escrito por":"wi022230","Tiempo de lectura":"2 minutos"},"schema":{"@context":"https:\/\/schema.org","@graph":[{"@type":"Article","@id":"http:\/\/autosdelpodio.com\/autos\/futbol-para-todos-iautomovilismo-tambien\/#article","isPartOf":{"@id":"http:\/\/autosdelpodio.com\/autos\/futbol-para-todos-iautomovilismo-tambien\/"},"author":{"name":"wi022230","@id":"http:\/\/autosdelpodio.com\/autos\/#\/schema\/person\/e88353cabf768863fdf874e30120f3ba"},"headline":"F\u00fatbol para Todos, \u00bfAutomovilismo tambi\u00e9n?","datePublished":"2010-10-12T01:27:01+00:00","mainEntityOfPage":{"@id":"http:\/\/autosdelpodio.com\/autos\/futbol-para-todos-iautomovilismo-tambien\/"},"wordCount":413,"commentCount":0,"publisher":{"@id":"http:\/\/autosdelpodio.com\/autos\/#organization"},"articleSection":["\u00daltimas noticias"],"inLanguage":"es","potentialAction":[{"@type":"CommentAction","name":"Comment","target":["http:\/\/autosdelpodio.com\/autos\/futbol-para-todos-iautomovilismo-tambien\/#respond"]}]},{"@type":"WebPage","@id":"http:\/\/autosdelpodio.com\/autos\/futbol-para-todos-iautomovilismo-tambien\/","url":"http:\/\/autosdelpodio.com\/autos\/futbol-para-todos-iautomovilismo-tambien\/","name":"Autos del Podio | F\u00fatbol para Todos, \u00bfAutomovilismo tambi\u00e9n?","isPartOf":{"@id":"http:\/\/autosdelpodio.com\/autos\/#website"},"datePublished":"2010-10-12T01:27:01+00:00","description":"Autos del Podio","breadcrumb":{"@id":"http:\/\/autosdelpodio.com\/autos\/futbol-para-todos-iautomovilismo-tambien\/#breadcrumb"},"inLanguage":"es","potentialAction":[{"@type":"ReadAction","target":["http:\/\/autosdelpodio.com\/autos\/futbol-para-todos-iautomovilismo-tambien\/"]}]},{"@type":"BreadcrumbList","@id":"http:\/\/autosdelpodio.com\/autos\/futbol-para-todos-iautomovilismo-tambien\/#breadcrumb","itemListElement":[{"@type":"ListItem","position":1,"name":"Portada","item":"http:\/\/autosdelpodio.com\/autos\/"},{"@type":"ListItem","position":2,"name":"F\u00fatbol para Todos, \u00bfAutomovilismo tambi\u00e9n?"}]},{"@type":"WebSite","@id":"http:\/\/autosdelpodio.com\/autos\/#website","url":"http:\/\/autosdelpodio.com\/autos\/","name":"Autos del Podio","description":"La sexta del deporte motor","publisher":{"@id":"http:\/\/autosdelpodio.com\/autos\/#organization"},"potentialAction":[{"@type":"SearchAction","target":{"@type":"EntryPoint","urlTemplate":"http:\/\/autosdelpodio.com\/autos\/?s={search_term_string}"},"query-input":{"@type":"PropertyValueSpecification","valueRequired":true,"valueName":"search_term_string"}}],"inLanguage":"es"},{"@type":"Organization","@id":"http:\/\/autosdelpodio.com\/autos\/#organization","name":"Autos del Podio","url":"http:\/\/autosdelpodio.com\/autos\/","logo":{"@type":"ImageObject","inLanguage":"es","@id":"http:\/\/autosdelpodio.com\/autos\/#\/schema\/logo\/image\/","url":"http:\/\/autosdelpodio.com\/autos\/wp-content\/uploads\/2020\/08\/Logo_AR.jpg","contentUrl":"http:\/\/autosdelpodio.com\/autos\/wp-content\/uploads\/2020\/08\/Logo_AR.jpg","width":1038,"height":1044,"caption":"Autos del Podio"},"image":{"@id":"http:\/\/autosdelpodio.com\/autos\/#\/schema\/logo\/image\/"},"sameAs":["https:\/\/www.facebook.com\/profile.php?id=100057192590976&amp;amp;amp;amp;amp;amp;amp;amp;amp;amp;amp;amp;amp;amp;amp;amp;amp;amp;ref=ts","https:\/\/x.com\/autosdelpodio","https:\/\/www.youtube.com\/user\/AutosdelPodio"]},{"@type":"Person","@id":"http:\/\/autosdelpodio.com\/autos\/#\/schema\/person\/e88353cabf768863fdf874e30120f3ba","name":"wi022230","image":{"@type":"ImageObject","inLanguage":"es","@id":"http:\/\/autosdelpodio.com\/autos\/wp-content\/litespeed\/avatar\/453fc9bdbb11d766ba4c7f14d0bd0aa9.jpg?ver=1777404874","url":"http:\/\/autosdelpodio.com\/autos\/wp-content\/litespeed\/avatar\/453fc9bdbb11d766ba4c7f14d0bd0aa9.jpg?ver=1777404874","contentUrl":"http:\/\/autosdelpodio.com\/autos\/wp-content\/litespeed\/avatar\/453fc9bdbb11d766ba4c7f14d0bd0aa9.jpg?ver=1777404874","caption":"wi022230"}}]}},"views":767,"_links":{"self":[{"href":"http:\/\/autosdelpodio.com\/autos\/wp-json\/wp\/v2\/posts\/36","targetHints":{"allow":["GET"]}}],"collection":[{"href":"http:\/\/autosdelpodio.com\/autos\/wp-json\/wp\/v2\/posts"}],"about":[{"href":"http:\/\/autosdelpodio.com\/autos\/wp-json\/wp\/v2\/types\/post"}],"author":[{"embeddable":true,"href":"http:\/\/autosdelpodio.com\/autos\/wp-json\/wp\/v2\/users\/1"}],"replies":[{"embeddable":true,"href":"http:\/\/autosdelpodio.com\/autos\/wp-json\/wp\/v2\/comments?post=36"}],"version-history":[{"count":0,"href":"http:\/\/autosdelpodio.com\/autos\/wp-json\/wp\/v2\/posts\/36\/revisions"}],"wp:attachment":[{"href":"http:\/\/autosdelpodio.com\/autos\/wp-json\/wp\/v2\/media?parent=36"}],"wp:term":[{"taxonomy":"category","embeddable":true,"href":"http:\/\/autosdelpodio.com\/autos\/wp-json\/wp\/v2\/categories?post=36"},{"taxonomy":"post_tag","embeddable":true,"href":"http:\/\/autosdelpodio.com\/autos\/wp-json\/wp\/v2\/tags?post=36"}],"curies":[{"name":"wp","href":"https:\/\/api.w.org\/{rel}","templated":true}]}}