{"id":3628,"date":"2020-12-03T19:10:31","date_gmt":"2020-12-03T22:10:31","guid":{"rendered":"http:\/\/autosdelpodio.com\/autos\/?p=3628"},"modified":"2020-12-03T19:10:32","modified_gmt":"2020-12-03T22:10:32","slug":"de-autos-y-heroes-muestra-que-homenajea-a-las-temporadas-internacionales-de-automovilismo","status":"publish","type":"post","link":"http:\/\/autosdelpodio.com\/autos\/de-autos-y-heroes-muestra-que-homenajea-a-las-temporadas-internacionales-de-automovilismo\/","title":{"rendered":"De Autos y H\u00e9roes. Muestra que homenajea a las temporadas internacionales de automovilismo"},"content":{"rendered":"\n<p>De Autos y H\u00e9roes es la muestra de arte que homenajea a las temporadas internacionales de automovilismo que se realizaron en Argentina entre 1947 y 1951.<br>La exposici\u00f3n estar\u00e1 integrada por obras de artistas de FUEL-ART, grupo que nuclea a dibujantes y escultores con el objetivo de inmortalizar al auto con su obra, retratando momentos y personajes que han dejado recuerdos imborrables en fan\u00e1ticos y espectadores.<br>En esta oportunidad, la muestra girar\u00e1 en torno a Las Temporadas Internacionales de Automovilismo organizadas por el Autom\u00f3vil Club Argentino entre 1947 y 1951. \u201cDe Autos y H\u00e9roes\u201d retratar\u00e1 a aquellos valientes, como Fangio, G\u00e1lvez, Gonz\u00e1lez, Villoresi, Varzi y el malogrado J.P. Wimille, entre otros, luchando palmo a palmo en las pistas, reviviendo aquellos a\u00f1os gloriosos.<br>Cada artista con su t\u00e9cnica y su particular visi\u00f3n, dar\u00e1 a conocer sus trabajos en el mejor lugar para ello: el otrora m\u00edtico Circuito de Palermo, hoy denominado \u201cPaseo Fangio\u201d, por Ley de la Legislatura porte\u00f1a del a\u00f1o 2011.<br>Organizada por la asociaci\u00f3n civil sin fines de lucro \u201cAmigos del Paseo Fangio\u201d, la muestra estar\u00e1 abierta gratuitamente al p\u00fablico el 5 y 6 de diciembre y se exhibir\u00e1n pinturas y dibujos, as\u00ed como algunos autom\u00f3viles.<br>Importante: deber\u00e1n respetarse todos los protocolos sanitarios definidos por el Gobierno de la Ciudad de Buenos Aires.<br><strong>\u00bfCu\u00e1ndo?<\/strong><br>5 y 6 de diciembre<br><strong>\u00bfD\u00f3nde?<\/strong><br>Paseo Fangio. Intersecciones de calles Andr\u00e9s Bello e Intendente Bunge, frente al Lago De Regatas, Parque 3 de Febrero, CABA.<br><strong>\u00bfA qu\u00e9 hora?<\/strong><br>De 10 a 18 h<br><strong>\u00bfEntrada?<\/strong><br>Libre y gratuita.<br>M\u00e1s info<br><a href=\"https:\/\/www.facebook.com\/events\/360395485255666\" target=\"_blank\" rel=\"noreferrer noopener\">https:\/\/www.facebook.com\/events\/360395485255666<\/a><\/p>\n","protected":false},"excerpt":{"rendered":"<p>De Autos y H\u00e9roes es la muestra de arte que homenajea a las temporadas internacionales de automovilismo que se realizaron<\/p>\n","protected":false},"author":3,"featured_media":0,"comment_status":"open","ping_status":"open","sticky":false,"template":"","format":"standard","meta":{"colormag_page_container_layout":"default_layout","colormag_page_sidebar_layout":"default_layout","footnotes":""},"categories":[5],"tags":[116,68,499,500],"class_list":["post-3628","post","type-post","status-publish","format-standard","hentry","category-latest-news","tag-arte","tag-exposiciones","tag-muestra","tag-paseo-fangio"],"yoast_head":"<!-- This site is optimized with the Yoast SEO plugin v27.4 - https:\/\/yoast.com\/product\/yoast-seo-wordpress\/ -->\n<title>Autos del Podio | De Autos y H\u00e9roes. Muestra que homenajea a las temporadas internacionales de automovilismo<\/title>\n<meta name=\"description\" content=\"Autos del Podio El pr\u00f3ximo 5 de diciembre se inaugura en el Paseo Fangio la muestra \u201cDe Autos y H\u00e9roes\u201d, que retrata a Las Temporadas Internacionales de Automovilismo organizadas por el ACA entre 1947 y 1951\" \/>\n<meta name=\"robots\" content=\"index, follow, max-snippet:-1, max-image-preview:large, max-video-preview:-1\" \/>\n<link rel=\"canonical\" href=\"http:\/\/autosdelpodio.com\/autos\/de-autos-y-heroes-muestra-que-homenajea-a-las-temporadas-internacionales-de-automovilismo\/\" \/>\n<meta property=\"og:locale\" content=\"es_ES\" \/>\n<meta property=\"og:type\" content=\"article\" \/>\n<meta property=\"og:title\" content=\"Autos del Podio | De Autos y H\u00e9roes. Muestra que homenajea a las temporadas internacionales de automovilismo\" \/>\n<meta property=\"og:description\" content=\"Autos del Podio El pr\u00f3ximo 5 de diciembre se inaugura en el Paseo Fangio la muestra \u201cDe Autos y H\u00e9roes\u201d, que retrata a Las Temporadas Internacionales de Automovilismo organizadas por el ACA entre 1947 y 1951\" \/>\n<meta property=\"og:url\" content=\"http:\/\/autosdelpodio.com\/autos\/de-autos-y-heroes-muestra-que-homenajea-a-las-temporadas-internacionales-de-automovilismo\/\" \/>\n<meta property=\"og:site_name\" content=\"Autos del Podio\" \/>\n<meta property=\"article:publisher\" content=\"https:\/\/www.facebook.com\/profile.php?id=100057192590976&amp;amp%3bamp%3bamp%3bamp%3bamp%3bamp%3bamp%3bamp%3bamp%3bamp%3bamp%3bamp%3bamp%3bamp%3bamp%3bamp%3bamp%3bamp%3bref=ts\" \/>\n<meta property=\"article:published_time\" content=\"2020-12-03T22:10:31+00:00\" \/>\n<meta property=\"article:modified_time\" content=\"2020-12-03T22:10:32+00:00\" \/>\n<meta name=\"author\" content=\"autosdelpodio\" \/>\n<meta name=\"twitter:card\" content=\"summary_large_image\" \/>\n<meta name=\"twitter:creator\" content=\"@autosdelpodio\" \/>\n<meta name=\"twitter:site\" content=\"@autosdelpodio\" \/>\n<meta name=\"twitter:label1\" content=\"Escrito por\" \/>\n\t<meta name=\"twitter:data1\" content=\"autosdelpodio\" \/>\n\t<meta name=\"twitter:label2\" content=\"Tiempo de lectura\" \/>\n\t<meta name=\"twitter:data2\" content=\"1 minuto\" \/>\n<script type=\"application\/ld+json\" class=\"yoast-schema-graph\">{\"@context\":\"https:\\\/\\\/schema.org\",\"@graph\":[{\"@type\":\"Article\",\"@id\":\"http:\\\/\\\/autosdelpodio.com\\\/autos\\\/de-autos-y-heroes-muestra-que-homenajea-a-las-temporadas-internacionales-de-automovilismo\\\/#article\",\"isPartOf\":{\"@id\":\"http:\\\/\\\/autosdelpodio.com\\\/autos\\\/de-autos-y-heroes-muestra-que-homenajea-a-las-temporadas-internacionales-de-automovilismo\\\/\"},\"author\":{\"name\":\"autosdelpodio\",\"@id\":\"http:\\\/\\\/autosdelpodio.com\\\/autos\\\/#\\\/schema\\\/person\\\/993527a4d01c3acdd3d6bce3770bc942\"},\"headline\":\"De Autos y H\u00e9roes. Muestra que homenajea a las temporadas internacionales de automovilismo\",\"datePublished\":\"2020-12-03T22:10:31+00:00\",\"dateModified\":\"2020-12-03T22:10:32+00:00\",\"mainEntityOfPage\":{\"@id\":\"http:\\\/\\\/autosdelpodio.com\\\/autos\\\/de-autos-y-heroes-muestra-que-homenajea-a-las-temporadas-internacionales-de-automovilismo\\\/\"},\"wordCount\":285,\"commentCount\":1,\"publisher\":{\"@id\":\"http:\\\/\\\/autosdelpodio.com\\\/autos\\\/#organization\"},\"keywords\":[\"Arte\",\"Exposiciones\",\"Muestra\",\"Paseo Fangio\"],\"articleSection\":[\"\u00daltimas noticias\"],\"inLanguage\":\"es\",\"potentialAction\":[{\"@type\":\"CommentAction\",\"name\":\"Comment\",\"target\":[\"http:\\\/\\\/autosdelpodio.com\\\/autos\\\/de-autos-y-heroes-muestra-que-homenajea-a-las-temporadas-internacionales-de-automovilismo\\\/#respond\"]}]},{\"@type\":\"WebPage\",\"@id\":\"http:\\\/\\\/autosdelpodio.com\\\/autos\\\/de-autos-y-heroes-muestra-que-homenajea-a-las-temporadas-internacionales-de-automovilismo\\\/\",\"url\":\"http:\\\/\\\/autosdelpodio.com\\\/autos\\\/de-autos-y-heroes-muestra-que-homenajea-a-las-temporadas-internacionales-de-automovilismo\\\/\",\"name\":\"Autos del Podio | De Autos y H\u00e9roes. Muestra que homenajea a las temporadas internacionales de automovilismo\",\"isPartOf\":{\"@id\":\"http:\\\/\\\/autosdelpodio.com\\\/autos\\\/#website\"},\"datePublished\":\"2020-12-03T22:10:31+00:00\",\"dateModified\":\"2020-12-03T22:10:32+00:00\",\"description\":\"Autos del Podio El pr\u00f3ximo 5 de diciembre se inaugura en el Paseo Fangio la muestra \u201cDe Autos y H\u00e9roes\u201d, que retrata a Las Temporadas Internacionales de Automovilismo organizadas por el ACA entre 1947 y 1951\",\"breadcrumb\":{\"@id\":\"http:\\\/\\\/autosdelpodio.com\\\/autos\\\/de-autos-y-heroes-muestra-que-homenajea-a-las-temporadas-internacionales-de-automovilismo\\\/#breadcrumb\"},\"inLanguage\":\"es\",\"potentialAction\":[{\"@type\":\"ReadAction\",\"target\":[\"http:\\\/\\\/autosdelpodio.com\\\/autos\\\/de-autos-y-heroes-muestra-que-homenajea-a-las-temporadas-internacionales-de-automovilismo\\\/\"]}]},{\"@type\":\"BreadcrumbList\",\"@id\":\"http:\\\/\\\/autosdelpodio.com\\\/autos\\\/de-autos-y-heroes-muestra-que-homenajea-a-las-temporadas-internacionales-de-automovilismo\\\/#breadcrumb\",\"itemListElement\":[{\"@type\":\"ListItem\",\"position\":1,\"name\":\"Portada\",\"item\":\"http:\\\/\\\/autosdelpodio.com\\\/autos\\\/\"},{\"@type\":\"ListItem\",\"position\":2,\"name\":\"De Autos y H\u00e9roes. Muestra que homenajea a las temporadas internacionales de automovilismo\"}]},{\"@type\":\"WebSite\",\"@id\":\"http:\\\/\\\/autosdelpodio.com\\\/autos\\\/#website\",\"url\":\"http:\\\/\\\/autosdelpodio.com\\\/autos\\\/\",\"name\":\"Autos del Podio\",\"description\":\"La sexta del deporte motor\",\"publisher\":{\"@id\":\"http:\\\/\\\/autosdelpodio.com\\\/autos\\\/#organization\"},\"potentialAction\":[{\"@type\":\"SearchAction\",\"target\":{\"@type\":\"EntryPoint\",\"urlTemplate\":\"http:\\\/\\\/autosdelpodio.com\\\/autos\\\/?s={search_term_string}\"},\"query-input\":{\"@type\":\"PropertyValueSpecification\",\"valueRequired\":true,\"valueName\":\"search_term_string\"}}],\"inLanguage\":\"es\"},{\"@type\":\"Organization\",\"@id\":\"http:\\\/\\\/autosdelpodio.com\\\/autos\\\/#organization\",\"name\":\"Autos del Podio\",\"url\":\"http:\\\/\\\/autosdelpodio.com\\\/autos\\\/\",\"logo\":{\"@type\":\"ImageObject\",\"inLanguage\":\"es\",\"@id\":\"http:\\\/\\\/autosdelpodio.com\\\/autos\\\/#\\\/schema\\\/logo\\\/image\\\/\",\"url\":\"http:\\\/\\\/autosdelpodio.com\\\/autos\\\/wp-content\\\/uploads\\\/2020\\\/08\\\/Logo_AR.jpg\",\"contentUrl\":\"http:\\\/\\\/autosdelpodio.com\\\/autos\\\/wp-content\\\/uploads\\\/2020\\\/08\\\/Logo_AR.jpg\",\"width\":1038,\"height\":1044,\"caption\":\"Autos del Podio\"},\"image\":{\"@id\":\"http:\\\/\\\/autosdelpodio.com\\\/autos\\\/#\\\/schema\\\/logo\\\/image\\\/\"},\"sameAs\":[\"https:\\\/\\\/www.facebook.com\\\/profile.php?id=100057192590976&amp;amp;amp;amp;amp;amp;amp;amp;amp;amp;amp;amp;amp;amp;amp;amp;amp;amp;ref=ts\",\"https:\\\/\\\/x.com\\\/autosdelpodio\",\"https:\\\/\\\/www.youtube.com\\\/user\\\/AutosdelPodio\"]},{\"@type\":\"Person\",\"@id\":\"http:\\\/\\\/autosdelpodio.com\\\/autos\\\/#\\\/schema\\\/person\\\/993527a4d01c3acdd3d6bce3770bc942\",\"name\":\"autosdelpodio\",\"image\":{\"@type\":\"ImageObject\",\"inLanguage\":\"es\",\"@id\":\"http:\\\/\\\/autosdelpodio.com\\\/autos\\\/wp-content\\\/litespeed\\\/avatar\\\/aa8f65cd201a80f6b844f63278aa84af.jpg?ver=1776798175\",\"url\":\"http:\\\/\\\/autosdelpodio.com\\\/autos\\\/wp-content\\\/litespeed\\\/avatar\\\/aa8f65cd201a80f6b844f63278aa84af.jpg?ver=1776798175\",\"contentUrl\":\"http:\\\/\\\/autosdelpodio.com\\\/autos\\\/wp-content\\\/litespeed\\\/avatar\\\/aa8f65cd201a80f6b844f63278aa84af.jpg?ver=1776798175\",\"caption\":\"autosdelpodio\"}}]}<\/script>\n<!-- \/ Yoast SEO plugin. -->","yoast_head_json":{"title":"Autos del Podio | De Autos y H\u00e9roes. Muestra que homenajea a las temporadas internacionales de automovilismo","description":"Autos del Podio El pr\u00f3ximo 5 de diciembre se inaugura en el Paseo Fangio la muestra \u201cDe Autos y H\u00e9roes\u201d, que retrata a Las Temporadas Internacionales de Automovilismo organizadas por el ACA entre 1947 y 1951","robots":{"index":"index","follow":"follow","max-snippet":"max-snippet:-1","max-image-preview":"max-image-preview:large","max-video-preview":"max-video-preview:-1"},"canonical":"http:\/\/autosdelpodio.com\/autos\/de-autos-y-heroes-muestra-que-homenajea-a-las-temporadas-internacionales-de-automovilismo\/","og_locale":"es_ES","og_type":"article","og_title":"Autos del Podio | De Autos y H\u00e9roes. Muestra que homenajea a las temporadas internacionales de automovilismo","og_description":"Autos del Podio El pr\u00f3ximo 5 de diciembre se inaugura en el Paseo Fangio la muestra \u201cDe Autos y H\u00e9roes\u201d, que retrata a Las Temporadas Internacionales de Automovilismo organizadas por el ACA entre 1947 y 1951","og_url":"http:\/\/autosdelpodio.com\/autos\/de-autos-y-heroes-muestra-que-homenajea-a-las-temporadas-internacionales-de-automovilismo\/","og_site_name":"Autos del Podio","article_publisher":"https:\/\/www.facebook.com\/profile.php?id=100057192590976&amp%3bamp%3bamp%3bamp%3bamp%3bamp%3bamp%3bamp%3bamp%3bamp%3bamp%3bamp%3bamp%3bamp%3bamp%3bamp%3bamp%3bamp%3bref=ts","article_published_time":"2020-12-03T22:10:31+00:00","article_modified_time":"2020-12-03T22:10:32+00:00","author":"autosdelpodio","twitter_card":"summary_large_image","twitter_creator":"@autosdelpodio","twitter_site":"@autosdelpodio","twitter_misc":{"Escrito por":"autosdelpodio","Tiempo de lectura":"1 minuto"},"schema":{"@context":"https:\/\/schema.org","@graph":[{"@type":"Article","@id":"http:\/\/autosdelpodio.com\/autos\/de-autos-y-heroes-muestra-que-homenajea-a-las-temporadas-internacionales-de-automovilismo\/#article","isPartOf":{"@id":"http:\/\/autosdelpodio.com\/autos\/de-autos-y-heroes-muestra-que-homenajea-a-las-temporadas-internacionales-de-automovilismo\/"},"author":{"name":"autosdelpodio","@id":"http:\/\/autosdelpodio.com\/autos\/#\/schema\/person\/993527a4d01c3acdd3d6bce3770bc942"},"headline":"De Autos y H\u00e9roes. Muestra que homenajea a las temporadas internacionales de automovilismo","datePublished":"2020-12-03T22:10:31+00:00","dateModified":"2020-12-03T22:10:32+00:00","mainEntityOfPage":{"@id":"http:\/\/autosdelpodio.com\/autos\/de-autos-y-heroes-muestra-que-homenajea-a-las-temporadas-internacionales-de-automovilismo\/"},"wordCount":285,"commentCount":1,"publisher":{"@id":"http:\/\/autosdelpodio.com\/autos\/#organization"},"keywords":["Arte","Exposiciones","Muestra","Paseo Fangio"],"articleSection":["\u00daltimas noticias"],"inLanguage":"es","potentialAction":[{"@type":"CommentAction","name":"Comment","target":["http:\/\/autosdelpodio.com\/autos\/de-autos-y-heroes-muestra-que-homenajea-a-las-temporadas-internacionales-de-automovilismo\/#respond"]}]},{"@type":"WebPage","@id":"http:\/\/autosdelpodio.com\/autos\/de-autos-y-heroes-muestra-que-homenajea-a-las-temporadas-internacionales-de-automovilismo\/","url":"http:\/\/autosdelpodio.com\/autos\/de-autos-y-heroes-muestra-que-homenajea-a-las-temporadas-internacionales-de-automovilismo\/","name":"Autos del Podio | De Autos y H\u00e9roes. Muestra que homenajea a las temporadas internacionales de automovilismo","isPartOf":{"@id":"http:\/\/autosdelpodio.com\/autos\/#website"},"datePublished":"2020-12-03T22:10:31+00:00","dateModified":"2020-12-03T22:10:32+00:00","description":"Autos del Podio El pr\u00f3ximo 5 de diciembre se inaugura en el Paseo Fangio la muestra \u201cDe Autos y H\u00e9roes\u201d, que retrata a Las Temporadas Internacionales de Automovilismo organizadas por el ACA entre 1947 y 1951","breadcrumb":{"@id":"http:\/\/autosdelpodio.com\/autos\/de-autos-y-heroes-muestra-que-homenajea-a-las-temporadas-internacionales-de-automovilismo\/#breadcrumb"},"inLanguage":"es","potentialAction":[{"@type":"ReadAction","target":["http:\/\/autosdelpodio.com\/autos\/de-autos-y-heroes-muestra-que-homenajea-a-las-temporadas-internacionales-de-automovilismo\/"]}]},{"@type":"BreadcrumbList","@id":"http:\/\/autosdelpodio.com\/autos\/de-autos-y-heroes-muestra-que-homenajea-a-las-temporadas-internacionales-de-automovilismo\/#breadcrumb","itemListElement":[{"@type":"ListItem","position":1,"name":"Portada","item":"http:\/\/autosdelpodio.com\/autos\/"},{"@type":"ListItem","position":2,"name":"De Autos y H\u00e9roes. Muestra que homenajea a las temporadas internacionales de automovilismo"}]},{"@type":"WebSite","@id":"http:\/\/autosdelpodio.com\/autos\/#website","url":"http:\/\/autosdelpodio.com\/autos\/","name":"Autos del Podio","description":"La sexta del deporte motor","publisher":{"@id":"http:\/\/autosdelpodio.com\/autos\/#organization"},"potentialAction":[{"@type":"SearchAction","target":{"@type":"EntryPoint","urlTemplate":"http:\/\/autosdelpodio.com\/autos\/?s={search_term_string}"},"query-input":{"@type":"PropertyValueSpecification","valueRequired":true,"valueName":"search_term_string"}}],"inLanguage":"es"},{"@type":"Organization","@id":"http:\/\/autosdelpodio.com\/autos\/#organization","name":"Autos del Podio","url":"http:\/\/autosdelpodio.com\/autos\/","logo":{"@type":"ImageObject","inLanguage":"es","@id":"http:\/\/autosdelpodio.com\/autos\/#\/schema\/logo\/image\/","url":"http:\/\/autosdelpodio.com\/autos\/wp-content\/uploads\/2020\/08\/Logo_AR.jpg","contentUrl":"http:\/\/autosdelpodio.com\/autos\/wp-content\/uploads\/2020\/08\/Logo_AR.jpg","width":1038,"height":1044,"caption":"Autos del Podio"},"image":{"@id":"http:\/\/autosdelpodio.com\/autos\/#\/schema\/logo\/image\/"},"sameAs":["https:\/\/www.facebook.com\/profile.php?id=100057192590976&amp;amp;amp;amp;amp;amp;amp;amp;amp;amp;amp;amp;amp;amp;amp;amp;amp;amp;ref=ts","https:\/\/x.com\/autosdelpodio","https:\/\/www.youtube.com\/user\/AutosdelPodio"]},{"@type":"Person","@id":"http:\/\/autosdelpodio.com\/autos\/#\/schema\/person\/993527a4d01c3acdd3d6bce3770bc942","name":"autosdelpodio","image":{"@type":"ImageObject","inLanguage":"es","@id":"http:\/\/autosdelpodio.com\/autos\/wp-content\/litespeed\/avatar\/aa8f65cd201a80f6b844f63278aa84af.jpg?ver=1776798175","url":"http:\/\/autosdelpodio.com\/autos\/wp-content\/litespeed\/avatar\/aa8f65cd201a80f6b844f63278aa84af.jpg?ver=1776798175","contentUrl":"http:\/\/autosdelpodio.com\/autos\/wp-content\/litespeed\/avatar\/aa8f65cd201a80f6b844f63278aa84af.jpg?ver=1776798175","caption":"autosdelpodio"}}]}},"views":605,"_links":{"self":[{"href":"http:\/\/autosdelpodio.com\/autos\/wp-json\/wp\/v2\/posts\/3628","targetHints":{"allow":["GET"]}}],"collection":[{"href":"http:\/\/autosdelpodio.com\/autos\/wp-json\/wp\/v2\/posts"}],"about":[{"href":"http:\/\/autosdelpodio.com\/autos\/wp-json\/wp\/v2\/types\/post"}],"author":[{"embeddable":true,"href":"http:\/\/autosdelpodio.com\/autos\/wp-json\/wp\/v2\/users\/3"}],"replies":[{"embeddable":true,"href":"http:\/\/autosdelpodio.com\/autos\/wp-json\/wp\/v2\/comments?post=3628"}],"version-history":[{"count":1,"href":"http:\/\/autosdelpodio.com\/autos\/wp-json\/wp\/v2\/posts\/3628\/revisions"}],"predecessor-version":[{"id":3629,"href":"http:\/\/autosdelpodio.com\/autos\/wp-json\/wp\/v2\/posts\/3628\/revisions\/3629"}],"wp:attachment":[{"href":"http:\/\/autosdelpodio.com\/autos\/wp-json\/wp\/v2\/media?parent=3628"}],"wp:term":[{"taxonomy":"category","embeddable":true,"href":"http:\/\/autosdelpodio.com\/autos\/wp-json\/wp\/v2\/categories?post=3628"},{"taxonomy":"post_tag","embeddable":true,"href":"http:\/\/autosdelpodio.com\/autos\/wp-json\/wp\/v2\/tags?post=3628"}],"curies":[{"name":"wp","href":"https:\/\/api.w.org\/{rel}","templated":true}]}}