{"id":3689,"date":"2020-12-16T14:01:47","date_gmt":"2020-12-16T17:01:47","guid":{"rendered":"http:\/\/autosdelpodio.com\/autos\/?p=3689"},"modified":"2020-12-17T13:36:26","modified_gmt":"2020-12-17T16:36:26","slug":"del-villicum-saldran-los-campeones","status":"publish","type":"post","link":"http:\/\/autosdelpodio.com\/autos\/del-villicum-saldran-los-campeones\/","title":{"rendered":"De El Villicum saldr\u00e1n los campeones"},"content":{"rendered":"\n<p>Este fin de semana venidero el Turismo Carretera tendr\u00e1 la tercera fecha de la Copa de Oro y ultimo compromiso del a\u00f1o en el cual se estar\u00e1 acoplando su telonera TC Pista en San Juan.<br>Las principales novedades tcistas con respecto al fin de semana anterior que <a href=\"http:\/\/autosdelpodio.com\/autos\/manu-urcera-se-consagro-bicampeon-del-turismo-nacional\/\" target=\"_blank\" rel=\"noreferrer noopener\">compartiera escenario junto al TN<\/a> datan del regreso de Gast\u00f3n Ferrante (recuperado de Covid -19); y las ausencias de Matias Jalaf, Pablo Costanzo y Laureano Campanera (anunci\u00f3 su retiro de la actividad).<br>En total se anotaron 36 pilotos en TC y 19 para el TC Pista donde vuelve Sebastian Abella y las ausencias de Gustavo Micheloud, Aldo Ortiz, Maximiliano L\u00f3pez, Dami\u00e1n Markel, Gast\u00f3n Crusitta, Juan Scoltore y Flavio Bortot en relaci\u00f3n al pasado 6 de Diciembre pasado en el Autodromo de La Plata.<\/p>\n\n\n\n<p><strong>Inscriptos  TC \u2013 San Juan II<\/strong><\/p>\n\n\n\n<p><em>1 1 Agust\u00edn Canapino Chevrolet<br>2 2 Jos\u00e9 Manuel Urcera Chevrolet<br>3 3 Mariano Werner Ford<br>4 4 Facundo Ardusso Torino<br>5 5 Valent\u00edn Aguirre Dodge<br>6 6 Leonel Pern\u00eda Torino<br>7 7 Juan Bautista De Benedictis Ford<br>8 9 Santiago Mangoni Chevrolet<br>9 10 Christian Ledesma Chevrolet<br>10 11 Jonatan Castellano Dodge<br>11 14 Gast\u00f3n Mazzacane Chevrolet<br>12 17 Emiliano Spataro Ford<br>13 18 Juan Mart\u00edn Trucco Dodge<br>14 21 Gabriel Ponce de Le\u00f3n Ford<br>15 22 Juan Jos\u00e9 Ebarl\u00edn Chevrolet<br>16 25 Norberto Fontana Chevrolet<br>17 26 Emanuel Moriatis Ford<br>18 27 Nicol\u00e1s Bonelli Ford<br>19 30 Facundo Della Motta Torino<br>20 33 Esteban Gini Torino<br>21 51 Juan Pablo Gianini Ford<br>22 53 Juan Tom\u00e1s Catal\u00e1n Magni Ford<br>23 68 Juli\u00e1n Santero Ford<br>24 77 Diego Ciantini Torino<br>25 79 Math\u00edas Nolesi Ford<br>26 82 Mauricio Lambiris Ford<br>27 88 Mart\u00edn Ponte Dodge<br>28 96 Juan Cruz Benvenuti Torino<br>29 100 Carlos Okulovich Torino<br>30 107 Guillermo Ortelli Chevrolet<br>31 111 Juan Manuel Silva Ford<br>32 114 Gast\u00f3n Ferrante Torino<br>33 118 Marcelo Agrelo Torino<br>34 129 Alan Ruggiero Ford<br>35 138 Luis Jos\u00e9 Di Palma (h) Ford<br>36 188 Nicol\u00e1s Trosset Dodge<\/em><\/p>\n","protected":false},"excerpt":{"rendered":"<p>Este fin de semana venidero el Turismo Carretera tendr\u00e1 la tercera fecha de la Copa de Oro y ultimo compromiso<\/p>\n","protected":false},"author":3,"featured_media":0,"comment_status":"open","ping_status":"open","sticky":false,"template":"","format":"standard","meta":{"colormag_page_container_layout":"default_layout","colormag_page_sidebar_layout":"default_layout","footnotes":""},"categories":[5],"tags":[143,316,314,349,39],"class_list":["post-3689","post","type-post","status-publish","format-standard","hentry","category-latest-news","tag-actc","tag-el-villicum","tag-san-juan","tag-tc-pista","tag-turismo-carretera"],"yoast_head":"<!-- This site is optimized with the Yoast SEO plugin v27.5 - https:\/\/yoast.com\/product\/yoast-seo-wordpress\/ -->\n<title>Autos del Podio | De El Villicum saldr\u00e1n los campeones<\/title>\n<meta name=\"description\" content=\"Autos del Podio Por primera vez en su historia el TC define su campeonato en la provincia de San Juan\" \/>\n<meta name=\"robots\" content=\"index, follow, max-snippet:-1, max-image-preview:large, max-video-preview:-1\" \/>\n<link rel=\"canonical\" href=\"http:\/\/autosdelpodio.com\/autos\/del-villicum-saldran-los-campeones\/\" \/>\n<meta property=\"og:locale\" content=\"es_ES\" \/>\n<meta property=\"og:type\" content=\"article\" \/>\n<meta property=\"og:title\" content=\"Autos del Podio | De El Villicum saldr\u00e1n los campeones\" \/>\n<meta property=\"og:description\" content=\"Autos del Podio Por primera vez en su historia el TC define su campeonato en la provincia de San Juan\" \/>\n<meta property=\"og:url\" content=\"http:\/\/autosdelpodio.com\/autos\/del-villicum-saldran-los-campeones\/\" \/>\n<meta property=\"og:site_name\" content=\"Autos del Podio\" \/>\n<meta property=\"article:publisher\" content=\"https:\/\/www.facebook.com\/profile.php?id=100057192590976&amp;amp%3bamp%3bamp%3bamp%3bamp%3bamp%3bamp%3bamp%3bamp%3bamp%3bamp%3bamp%3bamp%3bamp%3bamp%3bamp%3bamp%3bamp%3bref=ts\" \/>\n<meta property=\"article:published_time\" content=\"2020-12-16T17:01:47+00:00\" \/>\n<meta property=\"article:modified_time\" content=\"2020-12-17T16:36:26+00:00\" \/>\n<meta name=\"author\" content=\"autosdelpodio\" \/>\n<meta name=\"twitter:card\" content=\"summary_large_image\" \/>\n<meta name=\"twitter:creator\" content=\"@autosdelpodio\" \/>\n<meta name=\"twitter:site\" content=\"@autosdelpodio\" \/>\n<meta name=\"twitter:label1\" content=\"Escrito por\" \/>\n\t<meta name=\"twitter:data1\" content=\"autosdelpodio\" \/>\n\t<meta name=\"twitter:label2\" content=\"Tiempo de lectura\" \/>\n\t<meta name=\"twitter:data2\" content=\"1 minuto\" \/>\n<script type=\"application\/ld+json\" class=\"yoast-schema-graph\">{\"@context\":\"https:\\\/\\\/schema.org\",\"@graph\":[{\"@type\":\"Article\",\"@id\":\"http:\\\/\\\/autosdelpodio.com\\\/autos\\\/del-villicum-saldran-los-campeones\\\/#article\",\"isPartOf\":{\"@id\":\"http:\\\/\\\/autosdelpodio.com\\\/autos\\\/del-villicum-saldran-los-campeones\\\/\"},\"author\":{\"name\":\"autosdelpodio\",\"@id\":\"http:\\\/\\\/autosdelpodio.com\\\/autos\\\/#\\\/schema\\\/person\\\/993527a4d01c3acdd3d6bce3770bc942\"},\"headline\":\"De El Villicum saldr\u00e1n los campeones\",\"datePublished\":\"2020-12-16T17:01:47+00:00\",\"dateModified\":\"2020-12-17T16:36:26+00:00\",\"mainEntityOfPage\":{\"@id\":\"http:\\\/\\\/autosdelpodio.com\\\/autos\\\/del-villicum-saldran-los-campeones\\\/\"},\"wordCount\":284,\"commentCount\":0,\"publisher\":{\"@id\":\"http:\\\/\\\/autosdelpodio.com\\\/autos\\\/#organization\"},\"keywords\":[\"ACTC\",\"El Villicum\",\"San Juan\",\"TC Pista\",\"Turismo Carretera\"],\"articleSection\":[\"\u00daltimas noticias\"],\"inLanguage\":\"es\",\"potentialAction\":[{\"@type\":\"CommentAction\",\"name\":\"Comment\",\"target\":[\"http:\\\/\\\/autosdelpodio.com\\\/autos\\\/del-villicum-saldran-los-campeones\\\/#respond\"]}]},{\"@type\":\"WebPage\",\"@id\":\"http:\\\/\\\/autosdelpodio.com\\\/autos\\\/del-villicum-saldran-los-campeones\\\/\",\"url\":\"http:\\\/\\\/autosdelpodio.com\\\/autos\\\/del-villicum-saldran-los-campeones\\\/\",\"name\":\"Autos del Podio | De El Villicum saldr\u00e1n los campeones\",\"isPartOf\":{\"@id\":\"http:\\\/\\\/autosdelpodio.com\\\/autos\\\/#website\"},\"datePublished\":\"2020-12-16T17:01:47+00:00\",\"dateModified\":\"2020-12-17T16:36:26+00:00\",\"description\":\"Autos del Podio Por primera vez en su historia el TC define su campeonato en la provincia de San Juan\",\"breadcrumb\":{\"@id\":\"http:\\\/\\\/autosdelpodio.com\\\/autos\\\/del-villicum-saldran-los-campeones\\\/#breadcrumb\"},\"inLanguage\":\"es\",\"potentialAction\":[{\"@type\":\"ReadAction\",\"target\":[\"http:\\\/\\\/autosdelpodio.com\\\/autos\\\/del-villicum-saldran-los-campeones\\\/\"]}]},{\"@type\":\"BreadcrumbList\",\"@id\":\"http:\\\/\\\/autosdelpodio.com\\\/autos\\\/del-villicum-saldran-los-campeones\\\/#breadcrumb\",\"itemListElement\":[{\"@type\":\"ListItem\",\"position\":1,\"name\":\"Portada\",\"item\":\"http:\\\/\\\/autosdelpodio.com\\\/autos\\\/\"},{\"@type\":\"ListItem\",\"position\":2,\"name\":\"De El Villicum saldr\u00e1n los campeones\"}]},{\"@type\":\"WebSite\",\"@id\":\"http:\\\/\\\/autosdelpodio.com\\\/autos\\\/#website\",\"url\":\"http:\\\/\\\/autosdelpodio.com\\\/autos\\\/\",\"name\":\"Autos del Podio\",\"description\":\"La sexta del deporte motor\",\"publisher\":{\"@id\":\"http:\\\/\\\/autosdelpodio.com\\\/autos\\\/#organization\"},\"potentialAction\":[{\"@type\":\"SearchAction\",\"target\":{\"@type\":\"EntryPoint\",\"urlTemplate\":\"http:\\\/\\\/autosdelpodio.com\\\/autos\\\/?s={search_term_string}\"},\"query-input\":{\"@type\":\"PropertyValueSpecification\",\"valueRequired\":true,\"valueName\":\"search_term_string\"}}],\"inLanguage\":\"es\"},{\"@type\":\"Organization\",\"@id\":\"http:\\\/\\\/autosdelpodio.com\\\/autos\\\/#organization\",\"name\":\"Autos del Podio\",\"url\":\"http:\\\/\\\/autosdelpodio.com\\\/autos\\\/\",\"logo\":{\"@type\":\"ImageObject\",\"inLanguage\":\"es\",\"@id\":\"http:\\\/\\\/autosdelpodio.com\\\/autos\\\/#\\\/schema\\\/logo\\\/image\\\/\",\"url\":\"http:\\\/\\\/autosdelpodio.com\\\/autos\\\/wp-content\\\/uploads\\\/2020\\\/08\\\/Logo_AR.jpg\",\"contentUrl\":\"http:\\\/\\\/autosdelpodio.com\\\/autos\\\/wp-content\\\/uploads\\\/2020\\\/08\\\/Logo_AR.jpg\",\"width\":1038,\"height\":1044,\"caption\":\"Autos del Podio\"},\"image\":{\"@id\":\"http:\\\/\\\/autosdelpodio.com\\\/autos\\\/#\\\/schema\\\/logo\\\/image\\\/\"},\"sameAs\":[\"https:\\\/\\\/www.facebook.com\\\/profile.php?id=100057192590976&amp;amp;amp;amp;amp;amp;amp;amp;amp;amp;amp;amp;amp;amp;amp;amp;amp;amp;ref=ts\",\"https:\\\/\\\/x.com\\\/autosdelpodio\",\"https:\\\/\\\/www.youtube.com\\\/user\\\/AutosdelPodio\"]},{\"@type\":\"Person\",\"@id\":\"http:\\\/\\\/autosdelpodio.com\\\/autos\\\/#\\\/schema\\\/person\\\/993527a4d01c3acdd3d6bce3770bc942\",\"name\":\"autosdelpodio\",\"image\":{\"@type\":\"ImageObject\",\"inLanguage\":\"es\",\"@id\":\"http:\\\/\\\/autosdelpodio.com\\\/autos\\\/wp-content\\\/litespeed\\\/avatar\\\/aa8f65cd201a80f6b844f63278aa84af.jpg?ver=1777403005\",\"url\":\"http:\\\/\\\/autosdelpodio.com\\\/autos\\\/wp-content\\\/litespeed\\\/avatar\\\/aa8f65cd201a80f6b844f63278aa84af.jpg?ver=1777403005\",\"contentUrl\":\"http:\\\/\\\/autosdelpodio.com\\\/autos\\\/wp-content\\\/litespeed\\\/avatar\\\/aa8f65cd201a80f6b844f63278aa84af.jpg?ver=1777403005\",\"caption\":\"autosdelpodio\"}}]}<\/script>\n<!-- \/ Yoast SEO plugin. -->","yoast_head_json":{"title":"Autos del Podio | De El Villicum saldr\u00e1n los campeones","description":"Autos del Podio Por primera vez en su historia el TC define su campeonato en la provincia de San Juan","robots":{"index":"index","follow":"follow","max-snippet":"max-snippet:-1","max-image-preview":"max-image-preview:large","max-video-preview":"max-video-preview:-1"},"canonical":"http:\/\/autosdelpodio.com\/autos\/del-villicum-saldran-los-campeones\/","og_locale":"es_ES","og_type":"article","og_title":"Autos del Podio | De El Villicum saldr\u00e1n los campeones","og_description":"Autos del Podio Por primera vez en su historia el TC define su campeonato en la provincia de San Juan","og_url":"http:\/\/autosdelpodio.com\/autos\/del-villicum-saldran-los-campeones\/","og_site_name":"Autos del Podio","article_publisher":"https:\/\/www.facebook.com\/profile.php?id=100057192590976&amp%3bamp%3bamp%3bamp%3bamp%3bamp%3bamp%3bamp%3bamp%3bamp%3bamp%3bamp%3bamp%3bamp%3bamp%3bamp%3bamp%3bamp%3bref=ts","article_published_time":"2020-12-16T17:01:47+00:00","article_modified_time":"2020-12-17T16:36:26+00:00","author":"autosdelpodio","twitter_card":"summary_large_image","twitter_creator":"@autosdelpodio","twitter_site":"@autosdelpodio","twitter_misc":{"Escrito por":"autosdelpodio","Tiempo de lectura":"1 minuto"},"schema":{"@context":"https:\/\/schema.org","@graph":[{"@type":"Article","@id":"http:\/\/autosdelpodio.com\/autos\/del-villicum-saldran-los-campeones\/#article","isPartOf":{"@id":"http:\/\/autosdelpodio.com\/autos\/del-villicum-saldran-los-campeones\/"},"author":{"name":"autosdelpodio","@id":"http:\/\/autosdelpodio.com\/autos\/#\/schema\/person\/993527a4d01c3acdd3d6bce3770bc942"},"headline":"De El Villicum saldr\u00e1n los campeones","datePublished":"2020-12-16T17:01:47+00:00","dateModified":"2020-12-17T16:36:26+00:00","mainEntityOfPage":{"@id":"http:\/\/autosdelpodio.com\/autos\/del-villicum-saldran-los-campeones\/"},"wordCount":284,"commentCount":0,"publisher":{"@id":"http:\/\/autosdelpodio.com\/autos\/#organization"},"keywords":["ACTC","El Villicum","San Juan","TC Pista","Turismo Carretera"],"articleSection":["\u00daltimas noticias"],"inLanguage":"es","potentialAction":[{"@type":"CommentAction","name":"Comment","target":["http:\/\/autosdelpodio.com\/autos\/del-villicum-saldran-los-campeones\/#respond"]}]},{"@type":"WebPage","@id":"http:\/\/autosdelpodio.com\/autos\/del-villicum-saldran-los-campeones\/","url":"http:\/\/autosdelpodio.com\/autos\/del-villicum-saldran-los-campeones\/","name":"Autos del Podio | De El Villicum saldr\u00e1n los campeones","isPartOf":{"@id":"http:\/\/autosdelpodio.com\/autos\/#website"},"datePublished":"2020-12-16T17:01:47+00:00","dateModified":"2020-12-17T16:36:26+00:00","description":"Autos del Podio Por primera vez en su historia el TC define su campeonato en la provincia de San Juan","breadcrumb":{"@id":"http:\/\/autosdelpodio.com\/autos\/del-villicum-saldran-los-campeones\/#breadcrumb"},"inLanguage":"es","potentialAction":[{"@type":"ReadAction","target":["http:\/\/autosdelpodio.com\/autos\/del-villicum-saldran-los-campeones\/"]}]},{"@type":"BreadcrumbList","@id":"http:\/\/autosdelpodio.com\/autos\/del-villicum-saldran-los-campeones\/#breadcrumb","itemListElement":[{"@type":"ListItem","position":1,"name":"Portada","item":"http:\/\/autosdelpodio.com\/autos\/"},{"@type":"ListItem","position":2,"name":"De El Villicum saldr\u00e1n los campeones"}]},{"@type":"WebSite","@id":"http:\/\/autosdelpodio.com\/autos\/#website","url":"http:\/\/autosdelpodio.com\/autos\/","name":"Autos del Podio","description":"La sexta del deporte motor","publisher":{"@id":"http:\/\/autosdelpodio.com\/autos\/#organization"},"potentialAction":[{"@type":"SearchAction","target":{"@type":"EntryPoint","urlTemplate":"http:\/\/autosdelpodio.com\/autos\/?s={search_term_string}"},"query-input":{"@type":"PropertyValueSpecification","valueRequired":true,"valueName":"search_term_string"}}],"inLanguage":"es"},{"@type":"Organization","@id":"http:\/\/autosdelpodio.com\/autos\/#organization","name":"Autos del Podio","url":"http:\/\/autosdelpodio.com\/autos\/","logo":{"@type":"ImageObject","inLanguage":"es","@id":"http:\/\/autosdelpodio.com\/autos\/#\/schema\/logo\/image\/","url":"http:\/\/autosdelpodio.com\/autos\/wp-content\/uploads\/2020\/08\/Logo_AR.jpg","contentUrl":"http:\/\/autosdelpodio.com\/autos\/wp-content\/uploads\/2020\/08\/Logo_AR.jpg","width":1038,"height":1044,"caption":"Autos del Podio"},"image":{"@id":"http:\/\/autosdelpodio.com\/autos\/#\/schema\/logo\/image\/"},"sameAs":["https:\/\/www.facebook.com\/profile.php?id=100057192590976&amp;amp;amp;amp;amp;amp;amp;amp;amp;amp;amp;amp;amp;amp;amp;amp;amp;amp;ref=ts","https:\/\/x.com\/autosdelpodio","https:\/\/www.youtube.com\/user\/AutosdelPodio"]},{"@type":"Person","@id":"http:\/\/autosdelpodio.com\/autos\/#\/schema\/person\/993527a4d01c3acdd3d6bce3770bc942","name":"autosdelpodio","image":{"@type":"ImageObject","inLanguage":"es","@id":"http:\/\/autosdelpodio.com\/autos\/wp-content\/litespeed\/avatar\/aa8f65cd201a80f6b844f63278aa84af.jpg?ver=1777403005","url":"http:\/\/autosdelpodio.com\/autos\/wp-content\/litespeed\/avatar\/aa8f65cd201a80f6b844f63278aa84af.jpg?ver=1777403005","contentUrl":"http:\/\/autosdelpodio.com\/autos\/wp-content\/litespeed\/avatar\/aa8f65cd201a80f6b844f63278aa84af.jpg?ver=1777403005","caption":"autosdelpodio"}}]}},"views":707,"_links":{"self":[{"href":"http:\/\/autosdelpodio.com\/autos\/wp-json\/wp\/v2\/posts\/3689","targetHints":{"allow":["GET"]}}],"collection":[{"href":"http:\/\/autosdelpodio.com\/autos\/wp-json\/wp\/v2\/posts"}],"about":[{"href":"http:\/\/autosdelpodio.com\/autos\/wp-json\/wp\/v2\/types\/post"}],"author":[{"embeddable":true,"href":"http:\/\/autosdelpodio.com\/autos\/wp-json\/wp\/v2\/users\/3"}],"replies":[{"embeddable":true,"href":"http:\/\/autosdelpodio.com\/autos\/wp-json\/wp\/v2\/comments?post=3689"}],"version-history":[{"count":4,"href":"http:\/\/autosdelpodio.com\/autos\/wp-json\/wp\/v2\/posts\/3689\/revisions"}],"predecessor-version":[{"id":3699,"href":"http:\/\/autosdelpodio.com\/autos\/wp-json\/wp\/v2\/posts\/3689\/revisions\/3699"}],"wp:attachment":[{"href":"http:\/\/autosdelpodio.com\/autos\/wp-json\/wp\/v2\/media?parent=3689"}],"wp:term":[{"taxonomy":"category","embeddable":true,"href":"http:\/\/autosdelpodio.com\/autos\/wp-json\/wp\/v2\/categories?post=3689"},{"taxonomy":"post_tag","embeddable":true,"href":"http:\/\/autosdelpodio.com\/autos\/wp-json\/wp\/v2\/tags?post=3689"}],"curies":[{"name":"wp","href":"https:\/\/api.w.org\/{rel}","templated":true}]}}