{"id":3702,"date":"2020-12-21T23:12:42","date_gmt":"2020-12-22T02:12:42","guid":{"rendered":"http:\/\/autosdelpodio.com\/autos\/?p=3702"},"modified":"2021-02-08T22:12:37","modified_gmt":"2021-02-09T01:12:37","slug":"el-mercado-de-pases-tc-2021","status":"publish","type":"post","link":"http:\/\/autosdelpodio.com\/autos\/el-mercado-de-pases-tc-2021\/","title":{"rendered":"El mercado de pases TC &#8211; 2021"},"content":{"rendered":"\n<p>Como lo hacemos habitualmente te ponemos al d\u00eda con los movimientos generados hasta aqu\u00ed de cara a la temporada 2021 de Turismo Carretera.Cambio de pilotos, de marcas y equipos en la popular categor\u00eda. \u00c9ste es el panorama de c\u00f3mo est\u00e1n conformadas las diversas escuadras.<\/p>\n\n\n\n<p><strong>Squadra Canapino: <\/strong><a href=\"http:\/\/autosdelpodio.com\/autos\/scuadra-canapino-se-suma-al-tc\/\" target=\"_blank\" rel=\"noreferrer noopener\">la flamante denominaci\u00f3<\/a>n del ex <em>Speed Agro Racing<\/em> sigue con Agust\u00edn Canapino y su Chevrolet con la atenci\u00f3n en chasis de Alberto Canapino y los motores de Lucas Alonso.Dicho equipo albergar\u00e1 otro auto.<\/p>\n\n\n\n<p><strong>Canapino Sport:<\/strong> Juan Martin Bruno (Dodge) se baj\u00f3 a principio de temporada.<\/p>\n\n\n\n<p><strong>Multibandas Racing:<\/strong> en su segundo a\u00f1o con estructura propia Norberto Fontana buscar\u00e1 mejorar la performance del Chevrolet atendido por Guillermo Cruzzetti y asesoramiento de Alberto Canapino.A dicha estructura recala Juan Martin Bruno con el Dodge bajo la asistencia tecnica de Guillermo Kissling.<\/p>\n\n\n\n<p><strong>Las Toscas Racing :<\/strong> se desvincul\u00f3 Jose Manuel Urcera (Chevrolet) y continuar\u00e1 Christian Ledesma (Chevrolet).Sergio Alaux es una posibilidad que se maneja.Regresa Leonel Pernia (Torino). La parte tecnica sigue a cargo de Carlos Serpero y Maximiliano Juarez.<\/p>\n\n\n\n<p><strong>Dole Racing:<\/strong> en la estructura de los hermanos Jakos sigue Gaston Mazzacane (Chevrolet).Se suma el ascendente del TC Pista Andres Jakos (Dodge) y Guillermo Ortelli (Chevrolet) emigr\u00f3 <\/p>\n\n\n\n<p><strong>Gur\u00ed Mart\u00ednez Competici\u00f3n:<\/strong> tiene definida su continuidad Carlos Okulovich y se suma en lo que ser\u00e1 su segundo ciclo en la estructura Mariano Werner (Ford) .<\/p>\n\n\n\n<p>Sobre el final del 2020 se desvincul\u00f3 Alan Ruggiero.Ayton Londeiro, campe\u00f3n 2020 del TC Pista desea continuar all\u00ed.El arribo de De Benedictis llevar\u00eda a 4 autos en TC y 2 en TC Pista. Emiliano Spataro (Ford) deja el auto que usar\u00e1 Jhonnito y evalu\u00f3 otras alternativas.<\/p>\n\n\n\n<p><strong>RUS Med Team: <\/strong>Viene trabajando con Alan Ruggiero (Ford) desde 2020.<\/p>\n\n\n\n<p><strong>Juan Mart\u00edn Trucco: <\/strong>sigue ligado al UR Racing con la marca Dodge.<\/p>\n\n\n\n<p><strong>JP Carrera:<\/strong> Con <a href=\"http:\/\/autosdelpodio.com\/autos\/ascensos-y-novedades-sobre-el-epilogo-del-2020\/\" target=\"_blank\" rel=\"noreferrer noopener\">el pase en sus manos<\/a> a Chevrolet se allan\u00f3 el camino para el retorno de Facundo Ardusso con el auto ex Santiago Mangoni. Emigr\u00f3 Valentin Aguirre (Dodge) donde lo reemplazar\u00e1 Diego Ciantini. Se incorpora en el area tecnica Alcides Piatti, ex Donto.<\/p>\n\n\n\n<p><strong>Memo Corse:<\/strong> Mariano Werner dejar\u00e1 el equipo de los hermanos Ochionero y la direcci\u00f3n deportiva de Miguel Angel Etchegaray.Continuar\u00e1 con Julian Santero, asistido por el Alifraco Sport.<\/p>\n\n\n\n<p><strong>Castellano Power Team: <\/strong>continuar\u00e1 con Jonatan Castellano (Dodge).Hay tratativas para que se suba a otra Dodge el debutante Gaston Crusitta.La parte tecnica seguir\u00e1 a cargo de Sebastian Prosperi.<br><br><strong>Alifraco Sport:<\/strong> Walter Alifraco brindar\u00e1 atenci\u00f3n de forma exclusiva al Chevrolet de Jose Manuel Urcera con la oncorporaci\u00f3n del Toto Etchegaray.En caso de continuar Julian Santero (Ford) tendr\u00e1 atenci\u00f3n tecnica por parte de otro plantel tecnico encabezado por Ariel Esp\u00f3sito&nbsp;y&nbsp;Emmanuel Alifraco de dicho equipo.German Todino seguir\u00e1 ligado al equipo del constructor.<\/p>\n\n\n\n<p>A principios de Enero Leonel Pernia (Torino) confirm\u00f3 su alejamiento.Y pega la vuelta un viejo conocido de la casa como es Emiliano Spataro, que conducir\u00e1 un Ford ex Todino.Hasta que eso suceda, en principio Spa lo har\u00e1 con un Torino, marca con la que particip\u00f3 entre 2017 y 2020.<\/p>\n\n\n\n<p><strong>Renault Sport Torino Team: <\/strong>Esteban Trotta, encargado del Trotta Racing que lleva adelante el proyecto debi\u00f3 buscar pilotos para los Torino que dejaron Facundo Ardusso y Diego Ciantini.Y encontr\u00f3 en Marcos Landa y Juan Cruz Benvenuti las variantes.<\/p>\n\n\n\n<p><strong>Moriatis Competici\u00f3n:<\/strong> sigue Emanuel Moriatis (Ford) y Otto Fritzler en TC Pista.Julian Adamo estar\u00e1 como encargado de los motores y el Ingeniero Federico Raffo en lo t\u00e9cnico.<\/p>\n\n\n\n<p><strong>DTA Racing: <\/strong>la escuadra que dirige Ulises Armellini tiene todo encaminado para recibir a Valentin Aguirre que fue habilitado a correr con Ford.<\/p>\n\n\n\n<p><strong>Mariano Altuna:<\/strong> ausente en 2020, hab\u00eda manifestado intenciones de dejar la actividad deportiva.<\/p>\n\n\n\n<p><strong>A&amp;P Competici\u00f3n:<\/strong> Sigue Mart\u00edn Ponte (Dodge) junto a Adri\u00e1n Fern\u00e1ndez encargado del chasis y la motorizaci\u00f3n de Rodolfo Agut.<\/p>\n\n\n\n<p><strong>Savino Sport:<\/strong> El equipo estar\u00e1 integrado en el Turismo Carretera por Jos\u00e9 Savino (Ford).<\/p>\n\n\n\n<p><strong>Maquins Parts:<\/strong> Ya ten\u00edan garantizadas sus butacas Esteban Gini (Torino) y Marcelo Agelo (Torino). Juan Bautista De Benedictis (Ford) hizo publico su alejamiento. Ante ello se confirm\u00f3 el retorno de Josito Di Palma.<\/p>\n\n\n\n<p><strong>Donto Racing: <\/strong>se retir\u00f3 Laureano Campanera, con Chevrolet.Alcides Piatti ya no ser\u00e1 el encargado de la parte t\u00e9cnica e incorpor\u00f3 en 2020 a Mauricio Lambiris (Ford)<br>Dentro del<strong> LCA Racing<\/strong> est\u00e1n Juan Jos\u00e9 Ebarlin (Chevrolet) y Mat\u00edas Jalaf (Ford). Y sobre el cierre del a\u00f1o se confirm\u00f3 el arribo del septuple campe\u00f3n Guillermo Ortelli.<\/p>\n\n\n\n<p><strong>Impiombato Competici\u00f3n:<\/strong> en 2020 lo tuvo a Nicol\u00e1s Gonzalez arriba del Dodge.Santiago Mangoni arregl\u00f3 condiciones para recibir la atenci\u00f3n t\u00e9cnica de su Chevrolet.<\/p>\n\n\n\n<p><strong>Christian Dose: <\/strong>seguir\u00eda un a\u00f1o mas en la categor\u00eda con su Chevrolet.<\/p>\n\n\n\n<p><strong>Di Meglio Motor sport:<\/strong> habr\u00e1 que esperar que decide Gaston Ferrante (Torino)<\/p>\n\n\n\n<p><strong>Catalan Magni Motorsport:<\/strong> Emigr\u00f3 Josito Di Palma (Ford). Es un hecho la continuidad de Juan Tomas Catalan Magni (Ford)<\/p>\n\n\n\n<p><strong>Laborito Racing Junior:<\/strong> se va Juan Cruz Benvenuti (Torino) y dicho auto subcampe\u00f3n motorizado por Jhonny Laborito sali\u00f3 a la venta.<\/p>\n\n\n\n<p><strong>Gabriel Ponce de Le\u00f3n:<\/strong> seguir\u00eda con equipo propio para atender su Ford con la idea de tener impulsores propios y dejar los de los hermanos Bonelli<\/p>\n\n\n\n<p><strong>MG Racing:<\/strong> el team de Mauro Giallombardo busc\u00f3 en Nicol\u00e1s Trosset quien reemplace al Pato Silva, quien manifest\u00f3 su alejamiento moment\u00e1neo de la categor\u00eda.<\/p>\n\n\n\n<p><strong>Sportteam:<\/strong> el team de Sergio Polze pega el salto y regreso a TC para atender el Chevrolet de Sergio Alaux con impulsores de Sergio Alaux.<\/p>\n\n\n\n<p><strong>UR Racing: <\/strong>Nicolas Trosset (Dodge) no seguir\u00e1 ligado a la estructura de Daniel Uranga.<\/p>\n\n\n\n<p><strong>Ugalde Competici\u00f3n:<\/strong> buscar\u00e1 reingresar en principio con un solo Torino, el del propio Lionel Ugalde.<\/p>\n\n\n\n<p><strong>Nolesi Competici\u00f3n:<\/strong> Mat\u00ecas atender\u00e1 su Ford en forma particular<\/p>\n\n\n\n<p><strong>JPG Racing: <\/strong>El bicampe\u00f3n de las TC Pick Up Juan Pablo Gianini (Ford) seguir\u00e1 en la categor\u00eda con estructura propia.Contar\u00e1 con la asesor\u00eda t\u00e9cnica de Ulises Armellini y Gustavo Pernuzzi e impulsores de Machete Esteban.<\/p>\n\n\n\n<p><strong>Bonelli Competici\u00f3n:<\/strong> Arranca en principio Nicol\u00e1s con Ford.Prospero (Chevrolet) fue baja en su momento por motivos presupuestarios.<\/p>\n\n\n\n<p><strong>Candela Competici\u00f3n:<\/strong> el taller propiedad el ex piloto Quique Candela con sede en Bragado afrontar\u00e1 el desaf\u00edo de atender el Torino a Facundo Della Motta con Fabian Fuentes a la cabeza del grupo.<\/p>\n\n\n\n<p><strong>Midas Racing:<\/strong> El equipo que dirige Sergio Rafaelli tiene el desafio de encarar la vuelta de Mat\u00edas Rodriguez.<\/p>\n\n\n\n<p><strong>Leandro Mulet: <\/strong>no defini\u00f3 su futuro (Dodge) en el SSB Competici\u00f3n.<\/p>\n\n\n\n<p><strong>Sprint Racing:<\/strong> Nicolas Cotignola buscar\u00e1 mayor continuidad para su Torino.<\/p>\n\n\n\n<p><strong>SP Racing:<\/strong> atender\u00e1n el Torino de Pablo Constanzo.<\/p>\n\n\n\n<p><strong>LRD Racing:<\/strong> Diego De Carlo apunta a poner en pista otro Chevrolet en el TCP<\/p>\n\n\n\n<p><em>Esta nota se ir\u00e1 actualizando peri\u00f3dicamente<\/em><\/p>\n","protected":false},"excerpt":{"rendered":"<p>Como lo hacemos habitualmente te ponemos al d\u00eda con los movimientos generados hasta aqu\u00ed de cara a la temporada 2021<\/p>\n","protected":false},"author":3,"featured_media":1698,"comment_status":"open","ping_status":"open","sticky":false,"template":"","format":"standard","meta":{"colormag_page_container_layout":"default_layout","colormag_page_sidebar_layout":"default_layout","footnotes":""},"categories":[6],"tags":[143,85,86,39],"class_list":["post-3702","post","type-post","status-publish","format-standard","has-post-thumbnail","hentry","category-newsflash","tag-actc","tag-mercado-de-pases","tag-pilotos-y-categorias","tag-turismo-carretera"],"yoast_head":"<!-- This site is optimized with the Yoast SEO plugin v27.5 - https:\/\/yoast.com\/product\/yoast-seo-wordpress\/ -->\n<title>Autos del Podio | El mercado de pases TC - 2021<\/title>\n<meta name=\"description\" content=\"Autos del Podio Todo lo que necesitas saber del TC de cara la temporada que se avecina.\" \/>\n<meta name=\"robots\" content=\"index, follow, max-snippet:-1, max-image-preview:large, max-video-preview:-1\" \/>\n<link rel=\"canonical\" href=\"http:\/\/autosdelpodio.com\/autos\/el-mercado-de-pases-tc-2021\/\" \/>\n<meta property=\"og:locale\" content=\"es_ES\" \/>\n<meta property=\"og:type\" content=\"article\" \/>\n<meta property=\"og:title\" content=\"Autos del Podio | El mercado de pases TC - 2021\" \/>\n<meta property=\"og:description\" content=\"Autos del Podio Todo lo que necesitas saber del TC de cara la temporada que se avecina.\" \/>\n<meta property=\"og:url\" content=\"http:\/\/autosdelpodio.com\/autos\/el-mercado-de-pases-tc-2021\/\" \/>\n<meta property=\"og:site_name\" content=\"Autos del Podio\" \/>\n<meta property=\"article:publisher\" content=\"https:\/\/www.facebook.com\/profile.php?id=100057192590976&amp;amp%3bamp%3bamp%3bamp%3bamp%3bamp%3bamp%3bamp%3bamp%3bamp%3bamp%3bamp%3bamp%3bamp%3bamp%3bamp%3bamp%3bamp%3bref=ts\" \/>\n<meta property=\"article:published_time\" content=\"2020-12-22T02:12:42+00:00\" \/>\n<meta property=\"article:modified_time\" content=\"2021-02-09T01:12:37+00:00\" \/>\n<meta property=\"og:image\" content=\"http:\/\/autosdelpodio.com\/autos\/wp-content\/uploads\/2020\/04\/TC_Largada_1000Km-scaled-e1671844032912.jpg\" \/>\n\t<meta property=\"og:image:width\" content=\"500\" \/>\n\t<meta property=\"og:image:height\" content=\"334\" \/>\n\t<meta property=\"og:image:type\" content=\"image\/jpeg\" \/>\n<meta name=\"author\" content=\"autosdelpodio\" \/>\n<meta name=\"twitter:card\" content=\"summary_large_image\" \/>\n<meta name=\"twitter:creator\" content=\"@autosdelpodio\" \/>\n<meta name=\"twitter:site\" content=\"@autosdelpodio\" \/>\n<meta name=\"twitter:label1\" content=\"Escrito por\" \/>\n\t<meta name=\"twitter:data1\" content=\"autosdelpodio\" \/>\n\t<meta name=\"twitter:label2\" content=\"Tiempo de lectura\" \/>\n\t<meta name=\"twitter:data2\" content=\"5 minutos\" \/>\n<script type=\"application\/ld+json\" class=\"yoast-schema-graph\">{\"@context\":\"https:\\\/\\\/schema.org\",\"@graph\":[{\"@type\":\"Article\",\"@id\":\"http:\\\/\\\/autosdelpodio.com\\\/autos\\\/el-mercado-de-pases-tc-2021\\\/#article\",\"isPartOf\":{\"@id\":\"http:\\\/\\\/autosdelpodio.com\\\/autos\\\/el-mercado-de-pases-tc-2021\\\/\"},\"author\":{\"name\":\"autosdelpodio\",\"@id\":\"http:\\\/\\\/autosdelpodio.com\\\/autos\\\/#\\\/schema\\\/person\\\/993527a4d01c3acdd3d6bce3770bc942\"},\"headline\":\"El mercado de pases TC &#8211; 2021\",\"datePublished\":\"2020-12-22T02:12:42+00:00\",\"dateModified\":\"2021-02-09T01:12:37+00:00\",\"mainEntityOfPage\":{\"@id\":\"http:\\\/\\\/autosdelpodio.com\\\/autos\\\/el-mercado-de-pases-tc-2021\\\/\"},\"wordCount\":1146,\"commentCount\":1,\"publisher\":{\"@id\":\"http:\\\/\\\/autosdelpodio.com\\\/autos\\\/#organization\"},\"image\":{\"@id\":\"http:\\\/\\\/autosdelpodio.com\\\/autos\\\/el-mercado-de-pases-tc-2021\\\/#primaryimage\"},\"thumbnailUrl\":\"http:\\\/\\\/autosdelpodio.com\\\/autos\\\/wp-content\\\/uploads\\\/2020\\\/04\\\/TC_Largada_1000Km-scaled-e1671844032912.jpg\",\"keywords\":[\"ACTC\",\"Mercado de Pases\",\"Pilotos y Categorias\",\"Turismo Carretera\"],\"articleSection\":[\"Destacado\"],\"inLanguage\":\"es\",\"potentialAction\":[{\"@type\":\"CommentAction\",\"name\":\"Comment\",\"target\":[\"http:\\\/\\\/autosdelpodio.com\\\/autos\\\/el-mercado-de-pases-tc-2021\\\/#respond\"]}]},{\"@type\":\"WebPage\",\"@id\":\"http:\\\/\\\/autosdelpodio.com\\\/autos\\\/el-mercado-de-pases-tc-2021\\\/\",\"url\":\"http:\\\/\\\/autosdelpodio.com\\\/autos\\\/el-mercado-de-pases-tc-2021\\\/\",\"name\":\"Autos del Podio | El mercado de pases TC - 2021\",\"isPartOf\":{\"@id\":\"http:\\\/\\\/autosdelpodio.com\\\/autos\\\/#website\"},\"primaryImageOfPage\":{\"@id\":\"http:\\\/\\\/autosdelpodio.com\\\/autos\\\/el-mercado-de-pases-tc-2021\\\/#primaryimage\"},\"image\":{\"@id\":\"http:\\\/\\\/autosdelpodio.com\\\/autos\\\/el-mercado-de-pases-tc-2021\\\/#primaryimage\"},\"thumbnailUrl\":\"http:\\\/\\\/autosdelpodio.com\\\/autos\\\/wp-content\\\/uploads\\\/2020\\\/04\\\/TC_Largada_1000Km-scaled-e1671844032912.jpg\",\"datePublished\":\"2020-12-22T02:12:42+00:00\",\"dateModified\":\"2021-02-09T01:12:37+00:00\",\"description\":\"Autos del Podio Todo lo que necesitas saber del TC de cara la temporada que se avecina.\",\"breadcrumb\":{\"@id\":\"http:\\\/\\\/autosdelpodio.com\\\/autos\\\/el-mercado-de-pases-tc-2021\\\/#breadcrumb\"},\"inLanguage\":\"es\",\"potentialAction\":[{\"@type\":\"ReadAction\",\"target\":[\"http:\\\/\\\/autosdelpodio.com\\\/autos\\\/el-mercado-de-pases-tc-2021\\\/\"]}]},{\"@type\":\"ImageObject\",\"inLanguage\":\"es\",\"@id\":\"http:\\\/\\\/autosdelpodio.com\\\/autos\\\/el-mercado-de-pases-tc-2021\\\/#primaryimage\",\"url\":\"http:\\\/\\\/autosdelpodio.com\\\/autos\\\/wp-content\\\/uploads\\\/2020\\\/04\\\/TC_Largada_1000Km-scaled-e1671844032912.jpg\",\"contentUrl\":\"http:\\\/\\\/autosdelpodio.com\\\/autos\\\/wp-content\\\/uploads\\\/2020\\\/04\\\/TC_Largada_1000Km-scaled-e1671844032912.jpg\",\"width\":500,\"height\":334},{\"@type\":\"BreadcrumbList\",\"@id\":\"http:\\\/\\\/autosdelpodio.com\\\/autos\\\/el-mercado-de-pases-tc-2021\\\/#breadcrumb\",\"itemListElement\":[{\"@type\":\"ListItem\",\"position\":1,\"name\":\"Portada\",\"item\":\"http:\\\/\\\/autosdelpodio.com\\\/autos\\\/\"},{\"@type\":\"ListItem\",\"position\":2,\"name\":\"El mercado de pases TC &#8211; 2021\"}]},{\"@type\":\"WebSite\",\"@id\":\"http:\\\/\\\/autosdelpodio.com\\\/autos\\\/#website\",\"url\":\"http:\\\/\\\/autosdelpodio.com\\\/autos\\\/\",\"name\":\"Autos del Podio\",\"description\":\"La sexta del deporte motor\",\"publisher\":{\"@id\":\"http:\\\/\\\/autosdelpodio.com\\\/autos\\\/#organization\"},\"potentialAction\":[{\"@type\":\"SearchAction\",\"target\":{\"@type\":\"EntryPoint\",\"urlTemplate\":\"http:\\\/\\\/autosdelpodio.com\\\/autos\\\/?s={search_term_string}\"},\"query-input\":{\"@type\":\"PropertyValueSpecification\",\"valueRequired\":true,\"valueName\":\"search_term_string\"}}],\"inLanguage\":\"es\"},{\"@type\":\"Organization\",\"@id\":\"http:\\\/\\\/autosdelpodio.com\\\/autos\\\/#organization\",\"name\":\"Autos del Podio\",\"url\":\"http:\\\/\\\/autosdelpodio.com\\\/autos\\\/\",\"logo\":{\"@type\":\"ImageObject\",\"inLanguage\":\"es\",\"@id\":\"http:\\\/\\\/autosdelpodio.com\\\/autos\\\/#\\\/schema\\\/logo\\\/image\\\/\",\"url\":\"http:\\\/\\\/autosdelpodio.com\\\/autos\\\/wp-content\\\/uploads\\\/2020\\\/08\\\/Logo_AR.jpg\",\"contentUrl\":\"http:\\\/\\\/autosdelpodio.com\\\/autos\\\/wp-content\\\/uploads\\\/2020\\\/08\\\/Logo_AR.jpg\",\"width\":1038,\"height\":1044,\"caption\":\"Autos del Podio\"},\"image\":{\"@id\":\"http:\\\/\\\/autosdelpodio.com\\\/autos\\\/#\\\/schema\\\/logo\\\/image\\\/\"},\"sameAs\":[\"https:\\\/\\\/www.facebook.com\\\/profile.php?id=100057192590976&amp;amp;amp;amp;amp;amp;amp;amp;amp;amp;amp;amp;amp;amp;amp;amp;amp;amp;ref=ts\",\"https:\\\/\\\/x.com\\\/autosdelpodio\",\"https:\\\/\\\/www.youtube.com\\\/user\\\/AutosdelPodio\"]},{\"@type\":\"Person\",\"@id\":\"http:\\\/\\\/autosdelpodio.com\\\/autos\\\/#\\\/schema\\\/person\\\/993527a4d01c3acdd3d6bce3770bc942\",\"name\":\"autosdelpodio\",\"image\":{\"@type\":\"ImageObject\",\"inLanguage\":\"es\",\"@id\":\"http:\\\/\\\/autosdelpodio.com\\\/autos\\\/wp-content\\\/litespeed\\\/avatar\\\/aa8f65cd201a80f6b844f63278aa84af.jpg?ver=1777403005\",\"url\":\"http:\\\/\\\/autosdelpodio.com\\\/autos\\\/wp-content\\\/litespeed\\\/avatar\\\/aa8f65cd201a80f6b844f63278aa84af.jpg?ver=1777403005\",\"contentUrl\":\"http:\\\/\\\/autosdelpodio.com\\\/autos\\\/wp-content\\\/litespeed\\\/avatar\\\/aa8f65cd201a80f6b844f63278aa84af.jpg?ver=1777403005\",\"caption\":\"autosdelpodio\"}}]}<\/script>\n<!-- \/ Yoast SEO plugin. -->","yoast_head_json":{"title":"Autos del Podio | El mercado de pases TC - 2021","description":"Autos del Podio Todo lo que necesitas saber del TC de cara la temporada que se avecina.","robots":{"index":"index","follow":"follow","max-snippet":"max-snippet:-1","max-image-preview":"max-image-preview:large","max-video-preview":"max-video-preview:-1"},"canonical":"http:\/\/autosdelpodio.com\/autos\/el-mercado-de-pases-tc-2021\/","og_locale":"es_ES","og_type":"article","og_title":"Autos del Podio | El mercado de pases TC - 2021","og_description":"Autos del Podio Todo lo que necesitas saber del TC de cara la temporada que se avecina.","og_url":"http:\/\/autosdelpodio.com\/autos\/el-mercado-de-pases-tc-2021\/","og_site_name":"Autos del Podio","article_publisher":"https:\/\/www.facebook.com\/profile.php?id=100057192590976&amp%3bamp%3bamp%3bamp%3bamp%3bamp%3bamp%3bamp%3bamp%3bamp%3bamp%3bamp%3bamp%3bamp%3bamp%3bamp%3bamp%3bamp%3bref=ts","article_published_time":"2020-12-22T02:12:42+00:00","article_modified_time":"2021-02-09T01:12:37+00:00","og_image":[{"width":500,"height":334,"url":"http:\/\/autosdelpodio.com\/autos\/wp-content\/uploads\/2020\/04\/TC_Largada_1000Km-scaled-e1671844032912.jpg","type":"image\/jpeg"}],"author":"autosdelpodio","twitter_card":"summary_large_image","twitter_creator":"@autosdelpodio","twitter_site":"@autosdelpodio","twitter_misc":{"Escrito por":"autosdelpodio","Tiempo de lectura":"5 minutos"},"schema":{"@context":"https:\/\/schema.org","@graph":[{"@type":"Article","@id":"http:\/\/autosdelpodio.com\/autos\/el-mercado-de-pases-tc-2021\/#article","isPartOf":{"@id":"http:\/\/autosdelpodio.com\/autos\/el-mercado-de-pases-tc-2021\/"},"author":{"name":"autosdelpodio","@id":"http:\/\/autosdelpodio.com\/autos\/#\/schema\/person\/993527a4d01c3acdd3d6bce3770bc942"},"headline":"El mercado de pases TC &#8211; 2021","datePublished":"2020-12-22T02:12:42+00:00","dateModified":"2021-02-09T01:12:37+00:00","mainEntityOfPage":{"@id":"http:\/\/autosdelpodio.com\/autos\/el-mercado-de-pases-tc-2021\/"},"wordCount":1146,"commentCount":1,"publisher":{"@id":"http:\/\/autosdelpodio.com\/autos\/#organization"},"image":{"@id":"http:\/\/autosdelpodio.com\/autos\/el-mercado-de-pases-tc-2021\/#primaryimage"},"thumbnailUrl":"http:\/\/autosdelpodio.com\/autos\/wp-content\/uploads\/2020\/04\/TC_Largada_1000Km-scaled-e1671844032912.jpg","keywords":["ACTC","Mercado de Pases","Pilotos y Categorias","Turismo Carretera"],"articleSection":["Destacado"],"inLanguage":"es","potentialAction":[{"@type":"CommentAction","name":"Comment","target":["http:\/\/autosdelpodio.com\/autos\/el-mercado-de-pases-tc-2021\/#respond"]}]},{"@type":"WebPage","@id":"http:\/\/autosdelpodio.com\/autos\/el-mercado-de-pases-tc-2021\/","url":"http:\/\/autosdelpodio.com\/autos\/el-mercado-de-pases-tc-2021\/","name":"Autos del Podio | El mercado de pases TC - 2021","isPartOf":{"@id":"http:\/\/autosdelpodio.com\/autos\/#website"},"primaryImageOfPage":{"@id":"http:\/\/autosdelpodio.com\/autos\/el-mercado-de-pases-tc-2021\/#primaryimage"},"image":{"@id":"http:\/\/autosdelpodio.com\/autos\/el-mercado-de-pases-tc-2021\/#primaryimage"},"thumbnailUrl":"http:\/\/autosdelpodio.com\/autos\/wp-content\/uploads\/2020\/04\/TC_Largada_1000Km-scaled-e1671844032912.jpg","datePublished":"2020-12-22T02:12:42+00:00","dateModified":"2021-02-09T01:12:37+00:00","description":"Autos del Podio Todo lo que necesitas saber del TC de cara la temporada que se avecina.","breadcrumb":{"@id":"http:\/\/autosdelpodio.com\/autos\/el-mercado-de-pases-tc-2021\/#breadcrumb"},"inLanguage":"es","potentialAction":[{"@type":"ReadAction","target":["http:\/\/autosdelpodio.com\/autos\/el-mercado-de-pases-tc-2021\/"]}]},{"@type":"ImageObject","inLanguage":"es","@id":"http:\/\/autosdelpodio.com\/autos\/el-mercado-de-pases-tc-2021\/#primaryimage","url":"http:\/\/autosdelpodio.com\/autos\/wp-content\/uploads\/2020\/04\/TC_Largada_1000Km-scaled-e1671844032912.jpg","contentUrl":"http:\/\/autosdelpodio.com\/autos\/wp-content\/uploads\/2020\/04\/TC_Largada_1000Km-scaled-e1671844032912.jpg","width":500,"height":334},{"@type":"BreadcrumbList","@id":"http:\/\/autosdelpodio.com\/autos\/el-mercado-de-pases-tc-2021\/#breadcrumb","itemListElement":[{"@type":"ListItem","position":1,"name":"Portada","item":"http:\/\/autosdelpodio.com\/autos\/"},{"@type":"ListItem","position":2,"name":"El mercado de pases TC &#8211; 2021"}]},{"@type":"WebSite","@id":"http:\/\/autosdelpodio.com\/autos\/#website","url":"http:\/\/autosdelpodio.com\/autos\/","name":"Autos del Podio","description":"La sexta del deporte motor","publisher":{"@id":"http:\/\/autosdelpodio.com\/autos\/#organization"},"potentialAction":[{"@type":"SearchAction","target":{"@type":"EntryPoint","urlTemplate":"http:\/\/autosdelpodio.com\/autos\/?s={search_term_string}"},"query-input":{"@type":"PropertyValueSpecification","valueRequired":true,"valueName":"search_term_string"}}],"inLanguage":"es"},{"@type":"Organization","@id":"http:\/\/autosdelpodio.com\/autos\/#organization","name":"Autos del Podio","url":"http:\/\/autosdelpodio.com\/autos\/","logo":{"@type":"ImageObject","inLanguage":"es","@id":"http:\/\/autosdelpodio.com\/autos\/#\/schema\/logo\/image\/","url":"http:\/\/autosdelpodio.com\/autos\/wp-content\/uploads\/2020\/08\/Logo_AR.jpg","contentUrl":"http:\/\/autosdelpodio.com\/autos\/wp-content\/uploads\/2020\/08\/Logo_AR.jpg","width":1038,"height":1044,"caption":"Autos del Podio"},"image":{"@id":"http:\/\/autosdelpodio.com\/autos\/#\/schema\/logo\/image\/"},"sameAs":["https:\/\/www.facebook.com\/profile.php?id=100057192590976&amp;amp;amp;amp;amp;amp;amp;amp;amp;amp;amp;amp;amp;amp;amp;amp;amp;amp;ref=ts","https:\/\/x.com\/autosdelpodio","https:\/\/www.youtube.com\/user\/AutosdelPodio"]},{"@type":"Person","@id":"http:\/\/autosdelpodio.com\/autos\/#\/schema\/person\/993527a4d01c3acdd3d6bce3770bc942","name":"autosdelpodio","image":{"@type":"ImageObject","inLanguage":"es","@id":"http:\/\/autosdelpodio.com\/autos\/wp-content\/litespeed\/avatar\/aa8f65cd201a80f6b844f63278aa84af.jpg?ver=1777403005","url":"http:\/\/autosdelpodio.com\/autos\/wp-content\/litespeed\/avatar\/aa8f65cd201a80f6b844f63278aa84af.jpg?ver=1777403005","contentUrl":"http:\/\/autosdelpodio.com\/autos\/wp-content\/litespeed\/avatar\/aa8f65cd201a80f6b844f63278aa84af.jpg?ver=1777403005","caption":"autosdelpodio"}}]}},"views":1839,"_links":{"self":[{"href":"http:\/\/autosdelpodio.com\/autos\/wp-json\/wp\/v2\/posts\/3702","targetHints":{"allow":["GET"]}}],"collection":[{"href":"http:\/\/autosdelpodio.com\/autos\/wp-json\/wp\/v2\/posts"}],"about":[{"href":"http:\/\/autosdelpodio.com\/autos\/wp-json\/wp\/v2\/types\/post"}],"author":[{"embeddable":true,"href":"http:\/\/autosdelpodio.com\/autos\/wp-json\/wp\/v2\/users\/3"}],"replies":[{"embeddable":true,"href":"http:\/\/autosdelpodio.com\/autos\/wp-json\/wp\/v2\/comments?post=3702"}],"version-history":[{"count":48,"href":"http:\/\/autosdelpodio.com\/autos\/wp-json\/wp\/v2\/posts\/3702\/revisions"}],"predecessor-version":[{"id":3917,"href":"http:\/\/autosdelpodio.com\/autos\/wp-json\/wp\/v2\/posts\/3702\/revisions\/3917"}],"wp:featuredmedia":[{"embeddable":true,"href":"http:\/\/autosdelpodio.com\/autos\/wp-json\/wp\/v2\/media\/1698"}],"wp:attachment":[{"href":"http:\/\/autosdelpodio.com\/autos\/wp-json\/wp\/v2\/media?parent=3702"}],"wp:term":[{"taxonomy":"category","embeddable":true,"href":"http:\/\/autosdelpodio.com\/autos\/wp-json\/wp\/v2\/categories?post=3702"},{"taxonomy":"post_tag","embeddable":true,"href":"http:\/\/autosdelpodio.com\/autos\/wp-json\/wp\/v2\/tags?post=3702"}],"curies":[{"name":"wp","href":"https:\/\/api.w.org\/{rel}","templated":true}]}}