{"id":3708,"date":"2020-12-20T13:03:28","date_gmt":"2020-12-20T16:03:28","guid":{"rendered":"http:\/\/autosdelpodio.com\/autos\/?p=3708"},"modified":"2020-12-20T13:50:51","modified_gmt":"2020-12-20T16:50:51","slug":"entre-rios-le-sienta-bien","status":"publish","type":"post","link":"http:\/\/autosdelpodio.com\/autos\/entre-rios-le-sienta-bien\/","title":{"rendered":"Entre Rios le sienta bien"},"content":{"rendered":"\n<p>Diego Azar cerr\u00f3 el 2020 de Top Race V6 con otra victoria en el circuito uruguayense de Concepci\u00f3n, escenario que abri\u00f3 en marzo la temporada.El podio de lujo lo completaron Rubens Barrichello y el retornado Caito Risatti.<br>El espectaculo se vi\u00f3 moment\u00e1neamente afectado en el inicio del mismo cuando los principales animadores <a href=\"http:\/\/autosdelpodio.com\/autos\/dinastia-toyota\/\" target=\"_blank\" rel=\"noreferrer noopener\">Matias Rossi<\/a> y Franco Girolami se perjudicaron mutuamente enredados en una maniobra que los dej\u00f3 fuera de competencia.<br>En el TR Series la victoria qued\u00f3 en manos de Franco Morillo.<br>La continuidad del calendario interanual tiene como fecha estipulada el 17 de Enero en el Autodromo Ciudad de Paran\u00e1.<\/p>\n\n\n\n<p><strong>Final TRV6 y TR Series<\/strong><\/p>\n\n\n\n<p><em>1 AZAR 19 32;25.465<br>2 BARRICHELLO 19 32;27.015 1.550<br>3 RISATTI 19 32;27.693 2.228<br>4 CIARROCCHI 19 32;28.451 2.986<br>5 VALLE 19 32;29.056 3.591<br>6 FRANO 19 32;32.428 6.963<br>7 MONTENEGRO 19 32;33.066 7.601<br>8 PERSIA 19 32;33.670 8.205<br>9 CACERES 19 32;34.403 8.938<br>10 SALA 19 32;40.572 15.107<br>11 MORILLO (S) 19 32;49.003 23.538<br>12 REUTEMANN (S) 19 32;50.306 24.841<br>13 ALDRIGHETTI (S) 19 32;50.677 25.212<br>14 MARTINEZ (S) 19 32;52.843 27.378<br>15 DI PALMA (S) 19 32;54.227 28.762<br>16 FINELLI (S) 19 33;01.697 36.232<br>17 HAMZE (S) 18 33;04.641 1 vta<br>18 MONTANARI (S) 18 33;22.967 1 vta<br>19 GAMBARTE (S) 15 27;52.752 4 vtas<br>20 ALZAMENDI (S) 12 19;37.416 7 vtas<br>21 GASTALDI (S) 12 19;38.309 7 vtas<br>22 LEGUIZAMON (S) 10 16;51.627 9 vtas<br>23 CHIAPPETTA (S) 1 1;51.184 18 vtas<br>24 GIROLAMI 1 2;12.672 18 vtas<br>25 ROSSI 1 3;07.989 18 vtas<\/em><\/p>\n","protected":false},"excerpt":{"rendered":"<p>Diego Azar cerr\u00f3 el 2020 de Top Race V6 con otra victoria en el circuito uruguayense de Concepci\u00f3n, escenario que<\/p>\n","protected":false},"author":3,"featured_media":2533,"comment_status":"open","ping_status":"open","sticky":false,"template":"","format":"standard","meta":{"colormag_page_container_layout":"default_layout","colormag_page_sidebar_layout":"default_layout","footnotes":""},"categories":[6,5],"tags":[507,508,218,79,382],"class_list":["post-3708","post","type-post","status-publish","format-standard","has-post-thumbnail","hentry","category-newsflash","category-latest-news","tag-autodromo-concepcion-u","tag-diego-azar","tag-entre-rios","tag-top-race-v6","tag-tr-series"],"yoast_head":"<!-- This site is optimized with the Yoast SEO plugin v27.4 - https:\/\/yoast.com\/product\/yoast-seo-wordpress\/ -->\n<title>Autos del Podio | Entre Rios le sienta bien<\/title>\n<meta name=\"description\" content=\"Diego Azar pis\u00f3 fuerte en Concepci\u00f3n del Uruguay\" \/>\n<meta name=\"robots\" content=\"index, follow, max-snippet:-1, max-image-preview:large, max-video-preview:-1\" \/>\n<link rel=\"canonical\" href=\"http:\/\/autosdelpodio.com\/autos\/entre-rios-le-sienta-bien\/\" \/>\n<meta property=\"og:locale\" content=\"es_ES\" \/>\n<meta property=\"og:type\" content=\"article\" \/>\n<meta property=\"og:title\" content=\"Autos del Podio | Entre Rios le sienta bien\" \/>\n<meta property=\"og:description\" content=\"Diego Azar pis\u00f3 fuerte en Concepci\u00f3n del Uruguay\" \/>\n<meta property=\"og:url\" content=\"http:\/\/autosdelpodio.com\/autos\/entre-rios-le-sienta-bien\/\" \/>\n<meta property=\"og:site_name\" content=\"Autos del Podio\" \/>\n<meta property=\"article:publisher\" content=\"https:\/\/www.facebook.com\/profile.php?id=100057192590976&amp;amp%3bamp%3bamp%3bamp%3bamp%3bamp%3bamp%3bamp%3bamp%3bamp%3bamp%3bamp%3bamp%3bamp%3bamp%3bamp%3bamp%3bamp%3bref=ts\" \/>\n<meta property=\"article:published_time\" content=\"2020-12-20T16:03:28+00:00\" \/>\n<meta property=\"article:modified_time\" content=\"2020-12-20T16:50:51+00:00\" \/>\n<meta property=\"og:image\" content=\"http:\/\/autosdelpodio.com\/autos\/wp-content\/uploads\/2020\/08\/Logo_Top_Race-e1646006293842.jpg\" \/>\n\t<meta property=\"og:image:width\" content=\"200\" \/>\n\t<meta property=\"og:image:height\" content=\"200\" \/>\n\t<meta property=\"og:image:type\" content=\"image\/jpeg\" \/>\n<meta name=\"author\" content=\"autosdelpodio\" \/>\n<meta name=\"twitter:card\" content=\"summary_large_image\" \/>\n<meta name=\"twitter:creator\" content=\"@autosdelpodio\" \/>\n<meta name=\"twitter:site\" content=\"@autosdelpodio\" \/>\n<meta name=\"twitter:label1\" content=\"Escrito por\" \/>\n\t<meta name=\"twitter:data1\" content=\"autosdelpodio\" \/>\n\t<meta name=\"twitter:label2\" content=\"Tiempo de lectura\" \/>\n\t<meta name=\"twitter:data2\" content=\"1 minuto\" \/>\n<script type=\"application\/ld+json\" class=\"yoast-schema-graph\">{\"@context\":\"https:\\\/\\\/schema.org\",\"@graph\":[{\"@type\":\"Article\",\"@id\":\"http:\\\/\\\/autosdelpodio.com\\\/autos\\\/entre-rios-le-sienta-bien\\\/#article\",\"isPartOf\":{\"@id\":\"http:\\\/\\\/autosdelpodio.com\\\/autos\\\/entre-rios-le-sienta-bien\\\/\"},\"author\":{\"name\":\"autosdelpodio\",\"@id\":\"http:\\\/\\\/autosdelpodio.com\\\/autos\\\/#\\\/schema\\\/person\\\/993527a4d01c3acdd3d6bce3770bc942\"},\"headline\":\"Entre Rios le sienta bien\",\"datePublished\":\"2020-12-20T16:03:28+00:00\",\"dateModified\":\"2020-12-20T16:50:51+00:00\",\"mainEntityOfPage\":{\"@id\":\"http:\\\/\\\/autosdelpodio.com\\\/autos\\\/entre-rios-le-sienta-bien\\\/\"},\"wordCount\":160,\"commentCount\":0,\"publisher\":{\"@id\":\"http:\\\/\\\/autosdelpodio.com\\\/autos\\\/#organization\"},\"image\":{\"@id\":\"http:\\\/\\\/autosdelpodio.com\\\/autos\\\/entre-rios-le-sienta-bien\\\/#primaryimage\"},\"thumbnailUrl\":\"http:\\\/\\\/autosdelpodio.com\\\/autos\\\/wp-content\\\/uploads\\\/2020\\\/08\\\/Logo_Top_Race-e1646006293842.jpg\",\"keywords\":[\"Autodromo Concepci\u00f3n U\",\"Diego Azar\",\"Entre Rios\",\"Top Race V6\",\"TR Series\"],\"articleSection\":[\"Destacado\",\"\u00daltimas noticias\"],\"inLanguage\":\"es\",\"potentialAction\":[{\"@type\":\"CommentAction\",\"name\":\"Comment\",\"target\":[\"http:\\\/\\\/autosdelpodio.com\\\/autos\\\/entre-rios-le-sienta-bien\\\/#respond\"]}]},{\"@type\":\"WebPage\",\"@id\":\"http:\\\/\\\/autosdelpodio.com\\\/autos\\\/entre-rios-le-sienta-bien\\\/\",\"url\":\"http:\\\/\\\/autosdelpodio.com\\\/autos\\\/entre-rios-le-sienta-bien\\\/\",\"name\":\"Autos del Podio | Entre Rios le sienta bien\",\"isPartOf\":{\"@id\":\"http:\\\/\\\/autosdelpodio.com\\\/autos\\\/#website\"},\"primaryImageOfPage\":{\"@id\":\"http:\\\/\\\/autosdelpodio.com\\\/autos\\\/entre-rios-le-sienta-bien\\\/#primaryimage\"},\"image\":{\"@id\":\"http:\\\/\\\/autosdelpodio.com\\\/autos\\\/entre-rios-le-sienta-bien\\\/#primaryimage\"},\"thumbnailUrl\":\"http:\\\/\\\/autosdelpodio.com\\\/autos\\\/wp-content\\\/uploads\\\/2020\\\/08\\\/Logo_Top_Race-e1646006293842.jpg\",\"datePublished\":\"2020-12-20T16:03:28+00:00\",\"dateModified\":\"2020-12-20T16:50:51+00:00\",\"description\":\"Diego Azar pis\u00f3 fuerte en Concepci\u00f3n del Uruguay\",\"breadcrumb\":{\"@id\":\"http:\\\/\\\/autosdelpodio.com\\\/autos\\\/entre-rios-le-sienta-bien\\\/#breadcrumb\"},\"inLanguage\":\"es\",\"potentialAction\":[{\"@type\":\"ReadAction\",\"target\":[\"http:\\\/\\\/autosdelpodio.com\\\/autos\\\/entre-rios-le-sienta-bien\\\/\"]}]},{\"@type\":\"ImageObject\",\"inLanguage\":\"es\",\"@id\":\"http:\\\/\\\/autosdelpodio.com\\\/autos\\\/entre-rios-le-sienta-bien\\\/#primaryimage\",\"url\":\"http:\\\/\\\/autosdelpodio.com\\\/autos\\\/wp-content\\\/uploads\\\/2020\\\/08\\\/Logo_Top_Race-e1646006293842.jpg\",\"contentUrl\":\"http:\\\/\\\/autosdelpodio.com\\\/autos\\\/wp-content\\\/uploads\\\/2020\\\/08\\\/Logo_Top_Race-e1646006293842.jpg\",\"width\":200,\"height\":200},{\"@type\":\"BreadcrumbList\",\"@id\":\"http:\\\/\\\/autosdelpodio.com\\\/autos\\\/entre-rios-le-sienta-bien\\\/#breadcrumb\",\"itemListElement\":[{\"@type\":\"ListItem\",\"position\":1,\"name\":\"Portada\",\"item\":\"http:\\\/\\\/autosdelpodio.com\\\/autos\\\/\"},{\"@type\":\"ListItem\",\"position\":2,\"name\":\"Entre Rios le sienta bien\"}]},{\"@type\":\"WebSite\",\"@id\":\"http:\\\/\\\/autosdelpodio.com\\\/autos\\\/#website\",\"url\":\"http:\\\/\\\/autosdelpodio.com\\\/autos\\\/\",\"name\":\"Autos del Podio\",\"description\":\"La sexta del deporte motor\",\"publisher\":{\"@id\":\"http:\\\/\\\/autosdelpodio.com\\\/autos\\\/#organization\"},\"potentialAction\":[{\"@type\":\"SearchAction\",\"target\":{\"@type\":\"EntryPoint\",\"urlTemplate\":\"http:\\\/\\\/autosdelpodio.com\\\/autos\\\/?s={search_term_string}\"},\"query-input\":{\"@type\":\"PropertyValueSpecification\",\"valueRequired\":true,\"valueName\":\"search_term_string\"}}],\"inLanguage\":\"es\"},{\"@type\":\"Organization\",\"@id\":\"http:\\\/\\\/autosdelpodio.com\\\/autos\\\/#organization\",\"name\":\"Autos del Podio\",\"url\":\"http:\\\/\\\/autosdelpodio.com\\\/autos\\\/\",\"logo\":{\"@type\":\"ImageObject\",\"inLanguage\":\"es\",\"@id\":\"http:\\\/\\\/autosdelpodio.com\\\/autos\\\/#\\\/schema\\\/logo\\\/image\\\/\",\"url\":\"http:\\\/\\\/autosdelpodio.com\\\/autos\\\/wp-content\\\/uploads\\\/2020\\\/08\\\/Logo_AR.jpg\",\"contentUrl\":\"http:\\\/\\\/autosdelpodio.com\\\/autos\\\/wp-content\\\/uploads\\\/2020\\\/08\\\/Logo_AR.jpg\",\"width\":1038,\"height\":1044,\"caption\":\"Autos del Podio\"},\"image\":{\"@id\":\"http:\\\/\\\/autosdelpodio.com\\\/autos\\\/#\\\/schema\\\/logo\\\/image\\\/\"},\"sameAs\":[\"https:\\\/\\\/www.facebook.com\\\/profile.php?id=100057192590976&amp;amp;amp;amp;amp;amp;amp;amp;amp;amp;amp;amp;amp;amp;amp;amp;amp;amp;ref=ts\",\"https:\\\/\\\/x.com\\\/autosdelpodio\",\"https:\\\/\\\/www.youtube.com\\\/user\\\/AutosdelPodio\"]},{\"@type\":\"Person\",\"@id\":\"http:\\\/\\\/autosdelpodio.com\\\/autos\\\/#\\\/schema\\\/person\\\/993527a4d01c3acdd3d6bce3770bc942\",\"name\":\"autosdelpodio\",\"image\":{\"@type\":\"ImageObject\",\"inLanguage\":\"es\",\"@id\":\"http:\\\/\\\/autosdelpodio.com\\\/autos\\\/wp-content\\\/litespeed\\\/avatar\\\/aa8f65cd201a80f6b844f63278aa84af.jpg?ver=1776798175\",\"url\":\"http:\\\/\\\/autosdelpodio.com\\\/autos\\\/wp-content\\\/litespeed\\\/avatar\\\/aa8f65cd201a80f6b844f63278aa84af.jpg?ver=1776798175\",\"contentUrl\":\"http:\\\/\\\/autosdelpodio.com\\\/autos\\\/wp-content\\\/litespeed\\\/avatar\\\/aa8f65cd201a80f6b844f63278aa84af.jpg?ver=1776798175\",\"caption\":\"autosdelpodio\"}}]}<\/script>\n<!-- \/ Yoast SEO plugin. -->","yoast_head_json":{"title":"Autos del Podio | Entre Rios le sienta bien","description":"Diego Azar pis\u00f3 fuerte en Concepci\u00f3n del Uruguay","robots":{"index":"index","follow":"follow","max-snippet":"max-snippet:-1","max-image-preview":"max-image-preview:large","max-video-preview":"max-video-preview:-1"},"canonical":"http:\/\/autosdelpodio.com\/autos\/entre-rios-le-sienta-bien\/","og_locale":"es_ES","og_type":"article","og_title":"Autos del Podio | Entre Rios le sienta bien","og_description":"Diego Azar pis\u00f3 fuerte en Concepci\u00f3n del Uruguay","og_url":"http:\/\/autosdelpodio.com\/autos\/entre-rios-le-sienta-bien\/","og_site_name":"Autos del Podio","article_publisher":"https:\/\/www.facebook.com\/profile.php?id=100057192590976&amp%3bamp%3bamp%3bamp%3bamp%3bamp%3bamp%3bamp%3bamp%3bamp%3bamp%3bamp%3bamp%3bamp%3bamp%3bamp%3bamp%3bamp%3bref=ts","article_published_time":"2020-12-20T16:03:28+00:00","article_modified_time":"2020-12-20T16:50:51+00:00","og_image":[{"width":200,"height":200,"url":"http:\/\/autosdelpodio.com\/autos\/wp-content\/uploads\/2020\/08\/Logo_Top_Race-e1646006293842.jpg","type":"image\/jpeg"}],"author":"autosdelpodio","twitter_card":"summary_large_image","twitter_creator":"@autosdelpodio","twitter_site":"@autosdelpodio","twitter_misc":{"Escrito por":"autosdelpodio","Tiempo de lectura":"1 minuto"},"schema":{"@context":"https:\/\/schema.org","@graph":[{"@type":"Article","@id":"http:\/\/autosdelpodio.com\/autos\/entre-rios-le-sienta-bien\/#article","isPartOf":{"@id":"http:\/\/autosdelpodio.com\/autos\/entre-rios-le-sienta-bien\/"},"author":{"name":"autosdelpodio","@id":"http:\/\/autosdelpodio.com\/autos\/#\/schema\/person\/993527a4d01c3acdd3d6bce3770bc942"},"headline":"Entre Rios le sienta bien","datePublished":"2020-12-20T16:03:28+00:00","dateModified":"2020-12-20T16:50:51+00:00","mainEntityOfPage":{"@id":"http:\/\/autosdelpodio.com\/autos\/entre-rios-le-sienta-bien\/"},"wordCount":160,"commentCount":0,"publisher":{"@id":"http:\/\/autosdelpodio.com\/autos\/#organization"},"image":{"@id":"http:\/\/autosdelpodio.com\/autos\/entre-rios-le-sienta-bien\/#primaryimage"},"thumbnailUrl":"http:\/\/autosdelpodio.com\/autos\/wp-content\/uploads\/2020\/08\/Logo_Top_Race-e1646006293842.jpg","keywords":["Autodromo Concepci\u00f3n U","Diego Azar","Entre Rios","Top Race V6","TR Series"],"articleSection":["Destacado","\u00daltimas noticias"],"inLanguage":"es","potentialAction":[{"@type":"CommentAction","name":"Comment","target":["http:\/\/autosdelpodio.com\/autos\/entre-rios-le-sienta-bien\/#respond"]}]},{"@type":"WebPage","@id":"http:\/\/autosdelpodio.com\/autos\/entre-rios-le-sienta-bien\/","url":"http:\/\/autosdelpodio.com\/autos\/entre-rios-le-sienta-bien\/","name":"Autos del Podio | Entre Rios le sienta bien","isPartOf":{"@id":"http:\/\/autosdelpodio.com\/autos\/#website"},"primaryImageOfPage":{"@id":"http:\/\/autosdelpodio.com\/autos\/entre-rios-le-sienta-bien\/#primaryimage"},"image":{"@id":"http:\/\/autosdelpodio.com\/autos\/entre-rios-le-sienta-bien\/#primaryimage"},"thumbnailUrl":"http:\/\/autosdelpodio.com\/autos\/wp-content\/uploads\/2020\/08\/Logo_Top_Race-e1646006293842.jpg","datePublished":"2020-12-20T16:03:28+00:00","dateModified":"2020-12-20T16:50:51+00:00","description":"Diego Azar pis\u00f3 fuerte en Concepci\u00f3n del Uruguay","breadcrumb":{"@id":"http:\/\/autosdelpodio.com\/autos\/entre-rios-le-sienta-bien\/#breadcrumb"},"inLanguage":"es","potentialAction":[{"@type":"ReadAction","target":["http:\/\/autosdelpodio.com\/autos\/entre-rios-le-sienta-bien\/"]}]},{"@type":"ImageObject","inLanguage":"es","@id":"http:\/\/autosdelpodio.com\/autos\/entre-rios-le-sienta-bien\/#primaryimage","url":"http:\/\/autosdelpodio.com\/autos\/wp-content\/uploads\/2020\/08\/Logo_Top_Race-e1646006293842.jpg","contentUrl":"http:\/\/autosdelpodio.com\/autos\/wp-content\/uploads\/2020\/08\/Logo_Top_Race-e1646006293842.jpg","width":200,"height":200},{"@type":"BreadcrumbList","@id":"http:\/\/autosdelpodio.com\/autos\/entre-rios-le-sienta-bien\/#breadcrumb","itemListElement":[{"@type":"ListItem","position":1,"name":"Portada","item":"http:\/\/autosdelpodio.com\/autos\/"},{"@type":"ListItem","position":2,"name":"Entre Rios le sienta bien"}]},{"@type":"WebSite","@id":"http:\/\/autosdelpodio.com\/autos\/#website","url":"http:\/\/autosdelpodio.com\/autos\/","name":"Autos del Podio","description":"La sexta del deporte motor","publisher":{"@id":"http:\/\/autosdelpodio.com\/autos\/#organization"},"potentialAction":[{"@type":"SearchAction","target":{"@type":"EntryPoint","urlTemplate":"http:\/\/autosdelpodio.com\/autos\/?s={search_term_string}"},"query-input":{"@type":"PropertyValueSpecification","valueRequired":true,"valueName":"search_term_string"}}],"inLanguage":"es"},{"@type":"Organization","@id":"http:\/\/autosdelpodio.com\/autos\/#organization","name":"Autos del Podio","url":"http:\/\/autosdelpodio.com\/autos\/","logo":{"@type":"ImageObject","inLanguage":"es","@id":"http:\/\/autosdelpodio.com\/autos\/#\/schema\/logo\/image\/","url":"http:\/\/autosdelpodio.com\/autos\/wp-content\/uploads\/2020\/08\/Logo_AR.jpg","contentUrl":"http:\/\/autosdelpodio.com\/autos\/wp-content\/uploads\/2020\/08\/Logo_AR.jpg","width":1038,"height":1044,"caption":"Autos del Podio"},"image":{"@id":"http:\/\/autosdelpodio.com\/autos\/#\/schema\/logo\/image\/"},"sameAs":["https:\/\/www.facebook.com\/profile.php?id=100057192590976&amp;amp;amp;amp;amp;amp;amp;amp;amp;amp;amp;amp;amp;amp;amp;amp;amp;amp;ref=ts","https:\/\/x.com\/autosdelpodio","https:\/\/www.youtube.com\/user\/AutosdelPodio"]},{"@type":"Person","@id":"http:\/\/autosdelpodio.com\/autos\/#\/schema\/person\/993527a4d01c3acdd3d6bce3770bc942","name":"autosdelpodio","image":{"@type":"ImageObject","inLanguage":"es","@id":"http:\/\/autosdelpodio.com\/autos\/wp-content\/litespeed\/avatar\/aa8f65cd201a80f6b844f63278aa84af.jpg?ver=1776798175","url":"http:\/\/autosdelpodio.com\/autos\/wp-content\/litespeed\/avatar\/aa8f65cd201a80f6b844f63278aa84af.jpg?ver=1776798175","contentUrl":"http:\/\/autosdelpodio.com\/autos\/wp-content\/litespeed\/avatar\/aa8f65cd201a80f6b844f63278aa84af.jpg?ver=1776798175","caption":"autosdelpodio"}}]}},"views":751,"_links":{"self":[{"href":"http:\/\/autosdelpodio.com\/autos\/wp-json\/wp\/v2\/posts\/3708","targetHints":{"allow":["GET"]}}],"collection":[{"href":"http:\/\/autosdelpodio.com\/autos\/wp-json\/wp\/v2\/posts"}],"about":[{"href":"http:\/\/autosdelpodio.com\/autos\/wp-json\/wp\/v2\/types\/post"}],"author":[{"embeddable":true,"href":"http:\/\/autosdelpodio.com\/autos\/wp-json\/wp\/v2\/users\/3"}],"replies":[{"embeddable":true,"href":"http:\/\/autosdelpodio.com\/autos\/wp-json\/wp\/v2\/comments?post=3708"}],"version-history":[{"count":3,"href":"http:\/\/autosdelpodio.com\/autos\/wp-json\/wp\/v2\/posts\/3708\/revisions"}],"predecessor-version":[{"id":3712,"href":"http:\/\/autosdelpodio.com\/autos\/wp-json\/wp\/v2\/posts\/3708\/revisions\/3712"}],"wp:featuredmedia":[{"embeddable":true,"href":"http:\/\/autosdelpodio.com\/autos\/wp-json\/wp\/v2\/media\/2533"}],"wp:attachment":[{"href":"http:\/\/autosdelpodio.com\/autos\/wp-json\/wp\/v2\/media?parent=3708"}],"wp:term":[{"taxonomy":"category","embeddable":true,"href":"http:\/\/autosdelpodio.com\/autos\/wp-json\/wp\/v2\/categories?post=3708"},{"taxonomy":"post_tag","embeddable":true,"href":"http:\/\/autosdelpodio.com\/autos\/wp-json\/wp\/v2\/tags?post=3708"}],"curies":[{"name":"wp","href":"https:\/\/api.w.org\/{rel}","templated":true}]}}