{"id":3725,"date":"2020-12-22T20:08:32","date_gmt":"2020-12-22T23:08:32","guid":{"rendered":"http:\/\/autosdelpodio.com\/autos\/?p=3725"},"modified":"2020-12-22T20:08:33","modified_gmt":"2020-12-22T23:08:33","slug":"ascensos-y-novedades-sobre-el-epilogo-del-2020","status":"publish","type":"post","link":"http:\/\/autosdelpodio.com\/autos\/ascensos-y-novedades-sobre-el-epilogo-del-2020\/","title":{"rendered":"Ascensos y novedades sobre el epilogo del 2020"},"content":{"rendered":"\n<p>Valentin Aguirre (Dodge) qued\u00f3 habilitado para correr con Ford como as\u00ed tambi\u00e9n Facundo Ardusso (Torino) para hacerlo con Chevrolet en Turismo Carretera.<br>Germ\u00e1n Todino, Marcos Landa, Ayrton Londero y Andr\u00e9s Jakos suben al TC provenientes del <strong>TC Pista<\/strong> para correr con Dodge o Torino.<br><strong>Al TC Pista:<\/strong> Iv\u00e1n Ramos, Agust\u00edn Mart\u00ednez, Facundo Chapur, Tomasello Juan Manuel, Ian Reutemann, Marcos Castro, Maximiliano Vivot, Mat\u00edas Frano, Otto Fritzler, Mat\u00edas Canapino, Sebasti\u00e1n Salse, Fernando Manuel Iglesias, Juan Jos\u00e9 Tomasello, Alejandro Weimann.<br><strong>Al TC Mouras:<\/strong> Tob\u00edas Mart\u00ednez, Jerem\u00edas Olmedo, Marcos Quijada, Scialchi Jerem\u00edas, Maximiliano Feito, Agust\u00edn Su\u00e1rez, Ignacio Esquivel, Tom\u00e1s Gonz\u00e1lez, Tom\u00e1s Bresso, Am\u00edlcar Oliver, Eddi Mion y Axel Oliver.Mat\u00edas Guiffrey podr\u00e1 correr con Ford.<br><strong>Al TC Pista Mouras:<\/strong> Gaspar Chandsar y Joaqu\u00edn Ochoa. Joaqu\u00edn Ochoa fue autorizado a correr con Ford y Franco Deambrosi a utilizar el n\u00b088.<\/p>\n","protected":false},"excerpt":{"rendered":"<p>Valentin Aguirre (Dodge) qued\u00f3 habilitado para correr con Ford como as\u00ed tambi\u00e9n Facundo Ardusso (Torino) para hacerlo con Chevrolet en<\/p>\n","protected":false},"author":3,"featured_media":0,"comment_status":"open","ping_status":"open","sticky":false,"template":"","format":"standard","meta":{"colormag_page_container_layout":"default_layout","colormag_page_sidebar_layout":"default_layout","footnotes":""},"categories":[16],"tags":[143,86,58,322,349,323],"class_list":["post-3725","post","type-post","status-publish","format-standard","hentry","category-recta-principal","tag-actc","tag-pilotos-y-categorias","tag-tc","tag-tc-mouras","tag-tc-pista","tag-tcpm"],"yoast_head":"<!-- This site is optimized with the Yoast SEO plugin v27.5 - https:\/\/yoast.com\/product\/yoast-seo-wordpress\/ -->\n<title>Autos del Podio | Ascensos y novedades sobre el epilogo del 2020<\/title>\n<meta name=\"description\" content=\"Autos del Podio Ultimas novedades comunicadas por la ACTC\" \/>\n<meta name=\"robots\" content=\"index, follow, max-snippet:-1, max-image-preview:large, max-video-preview:-1\" \/>\n<link rel=\"canonical\" href=\"http:\/\/autosdelpodio.com\/autos\/ascensos-y-novedades-sobre-el-epilogo-del-2020\/\" \/>\n<meta property=\"og:locale\" content=\"es_ES\" \/>\n<meta property=\"og:type\" content=\"article\" \/>\n<meta property=\"og:title\" content=\"Autos del Podio | Ascensos y novedades sobre el epilogo del 2020\" \/>\n<meta property=\"og:description\" content=\"Autos del Podio Ultimas novedades comunicadas por la ACTC\" \/>\n<meta property=\"og:url\" content=\"http:\/\/autosdelpodio.com\/autos\/ascensos-y-novedades-sobre-el-epilogo-del-2020\/\" \/>\n<meta property=\"og:site_name\" content=\"Autos del Podio\" \/>\n<meta property=\"article:publisher\" content=\"https:\/\/www.facebook.com\/profile.php?id=100057192590976&amp;amp%3bamp%3bamp%3bamp%3bamp%3bamp%3bamp%3bamp%3bamp%3bamp%3bamp%3bamp%3bamp%3bamp%3bamp%3bamp%3bamp%3bamp%3bref=ts\" \/>\n<meta property=\"article:published_time\" content=\"2020-12-22T23:08:32+00:00\" \/>\n<meta property=\"article:modified_time\" content=\"2020-12-22T23:08:33+00:00\" \/>\n<meta name=\"author\" content=\"autosdelpodio\" \/>\n<meta name=\"twitter:card\" content=\"summary_large_image\" \/>\n<meta name=\"twitter:creator\" content=\"@autosdelpodio\" \/>\n<meta name=\"twitter:site\" content=\"@autosdelpodio\" \/>\n<meta name=\"twitter:label1\" content=\"Escrito por\" \/>\n\t<meta name=\"twitter:data1\" content=\"autosdelpodio\" \/>\n\t<meta name=\"twitter:label2\" content=\"Tiempo de lectura\" \/>\n\t<meta name=\"twitter:data2\" content=\"1 minuto\" \/>\n<script type=\"application\/ld+json\" class=\"yoast-schema-graph\">{\"@context\":\"https:\\\/\\\/schema.org\",\"@graph\":[{\"@type\":\"Article\",\"@id\":\"http:\\\/\\\/autosdelpodio.com\\\/autos\\\/ascensos-y-novedades-sobre-el-epilogo-del-2020\\\/#article\",\"isPartOf\":{\"@id\":\"http:\\\/\\\/autosdelpodio.com\\\/autos\\\/ascensos-y-novedades-sobre-el-epilogo-del-2020\\\/\"},\"author\":{\"name\":\"autosdelpodio\",\"@id\":\"http:\\\/\\\/autosdelpodio.com\\\/autos\\\/#\\\/schema\\\/person\\\/993527a4d01c3acdd3d6bce3770bc942\"},\"headline\":\"Ascensos y novedades sobre el epilogo del 2020\",\"datePublished\":\"2020-12-22T23:08:32+00:00\",\"dateModified\":\"2020-12-22T23:08:33+00:00\",\"mainEntityOfPage\":{\"@id\":\"http:\\\/\\\/autosdelpodio.com\\\/autos\\\/ascensos-y-novedades-sobre-el-epilogo-del-2020\\\/\"},\"wordCount\":165,\"commentCount\":2,\"publisher\":{\"@id\":\"http:\\\/\\\/autosdelpodio.com\\\/autos\\\/#organization\"},\"keywords\":[\"ACTC\",\"Pilotos y Categorias\",\"TC\",\"TC Mouras\",\"TC Pista\",\"TCPM\"],\"articleSection\":[\"Recta Principal\"],\"inLanguage\":\"es\",\"potentialAction\":[{\"@type\":\"CommentAction\",\"name\":\"Comment\",\"target\":[\"http:\\\/\\\/autosdelpodio.com\\\/autos\\\/ascensos-y-novedades-sobre-el-epilogo-del-2020\\\/#respond\"]}]},{\"@type\":\"WebPage\",\"@id\":\"http:\\\/\\\/autosdelpodio.com\\\/autos\\\/ascensos-y-novedades-sobre-el-epilogo-del-2020\\\/\",\"url\":\"http:\\\/\\\/autosdelpodio.com\\\/autos\\\/ascensos-y-novedades-sobre-el-epilogo-del-2020\\\/\",\"name\":\"Autos del Podio | Ascensos y novedades sobre el epilogo del 2020\",\"isPartOf\":{\"@id\":\"http:\\\/\\\/autosdelpodio.com\\\/autos\\\/#website\"},\"datePublished\":\"2020-12-22T23:08:32+00:00\",\"dateModified\":\"2020-12-22T23:08:33+00:00\",\"description\":\"Autos del Podio Ultimas novedades comunicadas por la ACTC\",\"breadcrumb\":{\"@id\":\"http:\\\/\\\/autosdelpodio.com\\\/autos\\\/ascensos-y-novedades-sobre-el-epilogo-del-2020\\\/#breadcrumb\"},\"inLanguage\":\"es\",\"potentialAction\":[{\"@type\":\"ReadAction\",\"target\":[\"http:\\\/\\\/autosdelpodio.com\\\/autos\\\/ascensos-y-novedades-sobre-el-epilogo-del-2020\\\/\"]}]},{\"@type\":\"BreadcrumbList\",\"@id\":\"http:\\\/\\\/autosdelpodio.com\\\/autos\\\/ascensos-y-novedades-sobre-el-epilogo-del-2020\\\/#breadcrumb\",\"itemListElement\":[{\"@type\":\"ListItem\",\"position\":1,\"name\":\"Portada\",\"item\":\"http:\\\/\\\/autosdelpodio.com\\\/autos\\\/\"},{\"@type\":\"ListItem\",\"position\":2,\"name\":\"Ascensos y novedades sobre el epilogo del 2020\"}]},{\"@type\":\"WebSite\",\"@id\":\"http:\\\/\\\/autosdelpodio.com\\\/autos\\\/#website\",\"url\":\"http:\\\/\\\/autosdelpodio.com\\\/autos\\\/\",\"name\":\"Autos del Podio\",\"description\":\"La sexta del deporte motor\",\"publisher\":{\"@id\":\"http:\\\/\\\/autosdelpodio.com\\\/autos\\\/#organization\"},\"potentialAction\":[{\"@type\":\"SearchAction\",\"target\":{\"@type\":\"EntryPoint\",\"urlTemplate\":\"http:\\\/\\\/autosdelpodio.com\\\/autos\\\/?s={search_term_string}\"},\"query-input\":{\"@type\":\"PropertyValueSpecification\",\"valueRequired\":true,\"valueName\":\"search_term_string\"}}],\"inLanguage\":\"es\"},{\"@type\":\"Organization\",\"@id\":\"http:\\\/\\\/autosdelpodio.com\\\/autos\\\/#organization\",\"name\":\"Autos del Podio\",\"url\":\"http:\\\/\\\/autosdelpodio.com\\\/autos\\\/\",\"logo\":{\"@type\":\"ImageObject\",\"inLanguage\":\"es\",\"@id\":\"http:\\\/\\\/autosdelpodio.com\\\/autos\\\/#\\\/schema\\\/logo\\\/image\\\/\",\"url\":\"http:\\\/\\\/autosdelpodio.com\\\/autos\\\/wp-content\\\/uploads\\\/2020\\\/08\\\/Logo_AR.jpg\",\"contentUrl\":\"http:\\\/\\\/autosdelpodio.com\\\/autos\\\/wp-content\\\/uploads\\\/2020\\\/08\\\/Logo_AR.jpg\",\"width\":1038,\"height\":1044,\"caption\":\"Autos del Podio\"},\"image\":{\"@id\":\"http:\\\/\\\/autosdelpodio.com\\\/autos\\\/#\\\/schema\\\/logo\\\/image\\\/\"},\"sameAs\":[\"https:\\\/\\\/www.facebook.com\\\/profile.php?id=100057192590976&amp;amp;amp;amp;amp;amp;amp;amp;amp;amp;amp;amp;amp;amp;amp;amp;amp;amp;ref=ts\",\"https:\\\/\\\/x.com\\\/autosdelpodio\",\"https:\\\/\\\/www.youtube.com\\\/user\\\/AutosdelPodio\"]},{\"@type\":\"Person\",\"@id\":\"http:\\\/\\\/autosdelpodio.com\\\/autos\\\/#\\\/schema\\\/person\\\/993527a4d01c3acdd3d6bce3770bc942\",\"name\":\"autosdelpodio\",\"image\":{\"@type\":\"ImageObject\",\"inLanguage\":\"es\",\"@id\":\"http:\\\/\\\/autosdelpodio.com\\\/autos\\\/wp-content\\\/litespeed\\\/avatar\\\/aa8f65cd201a80f6b844f63278aa84af.jpg?ver=1777403005\",\"url\":\"http:\\\/\\\/autosdelpodio.com\\\/autos\\\/wp-content\\\/litespeed\\\/avatar\\\/aa8f65cd201a80f6b844f63278aa84af.jpg?ver=1777403005\",\"contentUrl\":\"http:\\\/\\\/autosdelpodio.com\\\/autos\\\/wp-content\\\/litespeed\\\/avatar\\\/aa8f65cd201a80f6b844f63278aa84af.jpg?ver=1777403005\",\"caption\":\"autosdelpodio\"}}]}<\/script>\n<!-- \/ Yoast SEO plugin. -->","yoast_head_json":{"title":"Autos del Podio | Ascensos y novedades sobre el epilogo del 2020","description":"Autos del Podio Ultimas novedades comunicadas por la ACTC","robots":{"index":"index","follow":"follow","max-snippet":"max-snippet:-1","max-image-preview":"max-image-preview:large","max-video-preview":"max-video-preview:-1"},"canonical":"http:\/\/autosdelpodio.com\/autos\/ascensos-y-novedades-sobre-el-epilogo-del-2020\/","og_locale":"es_ES","og_type":"article","og_title":"Autos del Podio | Ascensos y novedades sobre el epilogo del 2020","og_description":"Autos del Podio Ultimas novedades comunicadas por la ACTC","og_url":"http:\/\/autosdelpodio.com\/autos\/ascensos-y-novedades-sobre-el-epilogo-del-2020\/","og_site_name":"Autos del Podio","article_publisher":"https:\/\/www.facebook.com\/profile.php?id=100057192590976&amp%3bamp%3bamp%3bamp%3bamp%3bamp%3bamp%3bamp%3bamp%3bamp%3bamp%3bamp%3bamp%3bamp%3bamp%3bamp%3bamp%3bamp%3bref=ts","article_published_time":"2020-12-22T23:08:32+00:00","article_modified_time":"2020-12-22T23:08:33+00:00","author":"autosdelpodio","twitter_card":"summary_large_image","twitter_creator":"@autosdelpodio","twitter_site":"@autosdelpodio","twitter_misc":{"Escrito por":"autosdelpodio","Tiempo de lectura":"1 minuto"},"schema":{"@context":"https:\/\/schema.org","@graph":[{"@type":"Article","@id":"http:\/\/autosdelpodio.com\/autos\/ascensos-y-novedades-sobre-el-epilogo-del-2020\/#article","isPartOf":{"@id":"http:\/\/autosdelpodio.com\/autos\/ascensos-y-novedades-sobre-el-epilogo-del-2020\/"},"author":{"name":"autosdelpodio","@id":"http:\/\/autosdelpodio.com\/autos\/#\/schema\/person\/993527a4d01c3acdd3d6bce3770bc942"},"headline":"Ascensos y novedades sobre el epilogo del 2020","datePublished":"2020-12-22T23:08:32+00:00","dateModified":"2020-12-22T23:08:33+00:00","mainEntityOfPage":{"@id":"http:\/\/autosdelpodio.com\/autos\/ascensos-y-novedades-sobre-el-epilogo-del-2020\/"},"wordCount":165,"commentCount":2,"publisher":{"@id":"http:\/\/autosdelpodio.com\/autos\/#organization"},"keywords":["ACTC","Pilotos y Categorias","TC","TC Mouras","TC Pista","TCPM"],"articleSection":["Recta Principal"],"inLanguage":"es","potentialAction":[{"@type":"CommentAction","name":"Comment","target":["http:\/\/autosdelpodio.com\/autos\/ascensos-y-novedades-sobre-el-epilogo-del-2020\/#respond"]}]},{"@type":"WebPage","@id":"http:\/\/autosdelpodio.com\/autos\/ascensos-y-novedades-sobre-el-epilogo-del-2020\/","url":"http:\/\/autosdelpodio.com\/autos\/ascensos-y-novedades-sobre-el-epilogo-del-2020\/","name":"Autos del Podio | Ascensos y novedades sobre el epilogo del 2020","isPartOf":{"@id":"http:\/\/autosdelpodio.com\/autos\/#website"},"datePublished":"2020-12-22T23:08:32+00:00","dateModified":"2020-12-22T23:08:33+00:00","description":"Autos del Podio Ultimas novedades comunicadas por la ACTC","breadcrumb":{"@id":"http:\/\/autosdelpodio.com\/autos\/ascensos-y-novedades-sobre-el-epilogo-del-2020\/#breadcrumb"},"inLanguage":"es","potentialAction":[{"@type":"ReadAction","target":["http:\/\/autosdelpodio.com\/autos\/ascensos-y-novedades-sobre-el-epilogo-del-2020\/"]}]},{"@type":"BreadcrumbList","@id":"http:\/\/autosdelpodio.com\/autos\/ascensos-y-novedades-sobre-el-epilogo-del-2020\/#breadcrumb","itemListElement":[{"@type":"ListItem","position":1,"name":"Portada","item":"http:\/\/autosdelpodio.com\/autos\/"},{"@type":"ListItem","position":2,"name":"Ascensos y novedades sobre el epilogo del 2020"}]},{"@type":"WebSite","@id":"http:\/\/autosdelpodio.com\/autos\/#website","url":"http:\/\/autosdelpodio.com\/autos\/","name":"Autos del Podio","description":"La sexta del deporte motor","publisher":{"@id":"http:\/\/autosdelpodio.com\/autos\/#organization"},"potentialAction":[{"@type":"SearchAction","target":{"@type":"EntryPoint","urlTemplate":"http:\/\/autosdelpodio.com\/autos\/?s={search_term_string}"},"query-input":{"@type":"PropertyValueSpecification","valueRequired":true,"valueName":"search_term_string"}}],"inLanguage":"es"},{"@type":"Organization","@id":"http:\/\/autosdelpodio.com\/autos\/#organization","name":"Autos del Podio","url":"http:\/\/autosdelpodio.com\/autos\/","logo":{"@type":"ImageObject","inLanguage":"es","@id":"http:\/\/autosdelpodio.com\/autos\/#\/schema\/logo\/image\/","url":"http:\/\/autosdelpodio.com\/autos\/wp-content\/uploads\/2020\/08\/Logo_AR.jpg","contentUrl":"http:\/\/autosdelpodio.com\/autos\/wp-content\/uploads\/2020\/08\/Logo_AR.jpg","width":1038,"height":1044,"caption":"Autos del Podio"},"image":{"@id":"http:\/\/autosdelpodio.com\/autos\/#\/schema\/logo\/image\/"},"sameAs":["https:\/\/www.facebook.com\/profile.php?id=100057192590976&amp;amp;amp;amp;amp;amp;amp;amp;amp;amp;amp;amp;amp;amp;amp;amp;amp;amp;ref=ts","https:\/\/x.com\/autosdelpodio","https:\/\/www.youtube.com\/user\/AutosdelPodio"]},{"@type":"Person","@id":"http:\/\/autosdelpodio.com\/autos\/#\/schema\/person\/993527a4d01c3acdd3d6bce3770bc942","name":"autosdelpodio","image":{"@type":"ImageObject","inLanguage":"es","@id":"http:\/\/autosdelpodio.com\/autos\/wp-content\/litespeed\/avatar\/aa8f65cd201a80f6b844f63278aa84af.jpg?ver=1777403005","url":"http:\/\/autosdelpodio.com\/autos\/wp-content\/litespeed\/avatar\/aa8f65cd201a80f6b844f63278aa84af.jpg?ver=1777403005","contentUrl":"http:\/\/autosdelpodio.com\/autos\/wp-content\/litespeed\/avatar\/aa8f65cd201a80f6b844f63278aa84af.jpg?ver=1777403005","caption":"autosdelpodio"}}]}},"views":822,"_links":{"self":[{"href":"http:\/\/autosdelpodio.com\/autos\/wp-json\/wp\/v2\/posts\/3725","targetHints":{"allow":["GET"]}}],"collection":[{"href":"http:\/\/autosdelpodio.com\/autos\/wp-json\/wp\/v2\/posts"}],"about":[{"href":"http:\/\/autosdelpodio.com\/autos\/wp-json\/wp\/v2\/types\/post"}],"author":[{"embeddable":true,"href":"http:\/\/autosdelpodio.com\/autos\/wp-json\/wp\/v2\/users\/3"}],"replies":[{"embeddable":true,"href":"http:\/\/autosdelpodio.com\/autos\/wp-json\/wp\/v2\/comments?post=3725"}],"version-history":[{"count":1,"href":"http:\/\/autosdelpodio.com\/autos\/wp-json\/wp\/v2\/posts\/3725\/revisions"}],"predecessor-version":[{"id":3726,"href":"http:\/\/autosdelpodio.com\/autos\/wp-json\/wp\/v2\/posts\/3725\/revisions\/3726"}],"wp:attachment":[{"href":"http:\/\/autosdelpodio.com\/autos\/wp-json\/wp\/v2\/media?parent=3725"}],"wp:term":[{"taxonomy":"category","embeddable":true,"href":"http:\/\/autosdelpodio.com\/autos\/wp-json\/wp\/v2\/categories?post=3725"},{"taxonomy":"post_tag","embeddable":true,"href":"http:\/\/autosdelpodio.com\/autos\/wp-json\/wp\/v2\/tags?post=3725"}],"curies":[{"name":"wp","href":"https:\/\/api.w.org\/{rel}","templated":true}]}}