{"id":377,"date":"2012-03-04T21:57:10","date_gmt":"2012-03-04T21:57:10","guid":{"rendered":"http:\/\/autosdelpodio.com\/autos\/2012\/03\/04\/otro-triunfo-en-diferido-turismo-nacional-clase-3\/"},"modified":"2012-03-04T21:57:10","modified_gmt":"2012-03-04T21:57:10","slug":"otro-triunfo-en-diferido-turismo-nacional-clase-3","status":"publish","type":"post","link":"http:\/\/autosdelpodio.com\/autos\/otro-triunfo-en-diferido-turismo-nacional-clase-3\/","title":{"rendered":"Otro triunfo en diferido : Turismo Nacional Clase 3"},"content":{"rendered":"<p><span> <\/p>\n<p style=\"text-align: justify;\">Sebasti\u00e1n G\u00f3mez (Chevrolet Astra) result\u00f3 ganador en la Clase 3 del Turismo Nacional\u00a0en La Plata luego del recargo de 30 segundos a Emmanuel Moriatis (Seat Le\u00f3n) por parte de los comisarios deportivos a Emmanuel Moriatis, por la maniobra con Jorge Trebbiani (VW Bora), al este ultimo quedar prematuramente fuera de competencia y posibilidad de triunfo.<\/p>\n<p style=\"text-align: justify;\">En una carrera entretenida, con un Moriatis que domino a voluntad las acciones en pista, todo era alegr\u00eda en el equipo Martos, (pese al abandono a metros del final de Marcelo Bugliotti, que venia 6to) hasta que instantes despu\u00e9s de la carrera se dio a conocer la sanci\u00f3n. As\u00ed, Moriatis cay\u00f3 al noveno puesto y G\u00f3mez se adjudic\u00f3 la victoria de la primera fecha.En tanto que Fabrizio Pezzini (Chevrolet Astra) qued\u00f3 segundo y Juli\u00e1n Flamarique (Citroen C4), tercero.<\/p>\n<p> <\/span><\/p>\n<p>  <!--more-->  <\/p>\n<p><p style=\"text-align: justify;\">Adem\u00e1s, el campe\u00f3n, Fabi\u00e1n Yannantuoni tuvo que abandonar por problemas de motor en su Peugeot 307, y el poleman de la primera fecha, Ariel Michieletto, tambi\u00e9n tuvo que desertar por inconvenientes en su Mitsubishi.<\/p>\n<p style=\"text-align: justify;\">Complicado debut para el s\u00e9xtuple campe\u00f3n de TC, Guillermo Ortelli, que entre despistes y enredos en pista, pudo llegar 19no.<\/p>\n<p style=\"text-align: justify;\">\u00a0<\/p>\n<p>FINAL\u00a0 TN<\/p>\n<p>1\u00b0 GOMEZ SEBASTIAN ASTRA 36;08,416<\/p>\n<p>2\u00b0 PEZZINI FABRICIO ASTRA 3,110<\/p>\n<p>3\u00b0 FLAMARIQUE JULIAN CITROEN C4 5,007<\/p>\n<p>4\u00b0 LUNA ROBERTO ASTRA 9,009<\/p>\n<p>5\u00b0 OKULOVICH CARLOS FLUENCE 11,324<\/p>\n<p>6\u00b0 TREBBIANI JORGE BORA 14,570<\/p>\n<p>7\u00b0 BOSIO EZEQUIEL PEUGEOT 307 20,964<\/p>\n<p>8\u00b0 PISANDELLI PEDRO FOCUS 5P 24,207<\/p>\n<p>9\u00b0 MORIATIS EMANUEL LEON 25,720<\/p>\n<p>10\u00b0 YANNANTUONI JOSE ASTRA 26,166<\/p>\n<p>11\u00b0 PIUMETTO PABLO FOCUS 5P 27,917<\/p>\n<p>12\u00b0 DAGUANO GUILLERMO ALFA ROMEO 147 28,734<\/p>\n<p>13\u00b0 TUERO ESTEBAN CITROEN C4 37,318<\/p>\n<p>14\u00b0 LARRAURI LEONEL NEW CIVIC 42,390<\/p>\n<p>15\u00b0 PISANDELLI FABIAN ASTRA 44,873<\/p>\n<p>16\u00b0 COHEN MATIAS FOCUS 49,369<\/p>\n<p>17\u00b0 GALARZA RAMIRO CITROEN C4 51,203<\/p>\n<p>18\u00b0 VIANA CLAUDIO NEW CIVIC 54,168<\/p>\n<p>19\u00b0 ORTELLI GUILLERMO FLUENCE 56,991<\/p>\n<p>20\u00b0 CHIRIANO ADRIAN NEW CIVIC 1;01,844<\/p>\n<p>21\u00b0 PERCAZ ADRIAN PEUGEOT 307 1;08,678<\/p>\n<p>22\u00b0 LORENZATI ESEQUIEL CITROEN C4 1;12,403<\/p>\n<p>23\u00b0 DAMICO ANDRES FOCUS 1;16,756<\/p>\n<p>24\u00b0 VOLPI JOAQUIN VECTRA 1;17,256<\/p>\n<p>25\u00b0 MUNGI DIEGO FLUENCE 1;19,758<\/p>\n<p>26\u00b0 ALONSO FEDERICO LINEA 1;39,158<\/p>\n<p>27\u00b0 BUGLIOTTI MARCELO LEON 34;28,262<\/p>\n<p>28\u00b0 MICHIELETTO ARIEL LANCER 27;26,049<\/p>\n<p>29\u00b0 DI PALMA JOSE LUIS LINEA 22;02,277<\/p>\n<p>30\u00b0 OTERO PABLO MEGANE II 18;21,683<\/p>\n<p>31\u00b0 LOPEZ JUAN JOSE FOCUS 18;58,619<\/p>\n<p>32\u00b0 DANGELO DANILO FOCUS 13;14,287<\/p>\n<p>33\u00b0 ALBERTENGO GUILLERMO PEUGEOT 307 19;24,161<\/p>\n<p>34\u00b0 IGLESIAS LEANDRO FOCUS 9;32,112<\/p>\n<p>35\u00b0 VIEL BUGLIOTTI FRANCISCO CITROEN C4 7;14,200<\/p>\n<p>36\u00b0 APUD YAMIL ASTRA 11;35,894<\/p>\n<p>37\u00b0 ROSSOTI JUAN PABLO ASTRA 3;44,387<\/p>\n<p>38\u00b0 FONTANA MAXIMILIANO FOCUS 5P 3;51,555<\/p>\n<p>39\u00b0 YANNANTUONI FABIAN PEUGEOT 307 1;55,272<\/p>\n<p>40\u00b0 ZUGHELLA GABRIEL ASTRA 0,000<\/p>\n<p>41\u00b0 BOSIO BRUNO FOCUS 0,000<\/p>\n<p>42\u00b0 STAMBUL DANIEL NEW CIVIC 0,000<\/p>\n<p>43\u00b0 PIPKIN JUAN CRUZE 0,000<\/p>\n<p>44\u00b0 CHAR IGNACIO LEON 0,000<\/p>\n<p>45\u00b0 MUNOZ MARCHESI MATIAS ASTRA 0,000<\/p><\/p>\n","protected":false},"excerpt":{"rendered":"<p>Sebasti\u00e1n G\u00f3mez (Chevrolet Astra) result\u00f3 ganador en la Clase 3 del Turismo Nacional\u00a0en La Plata luego del recargo de 30<\/p>\n","protected":false},"author":1,"featured_media":0,"comment_status":"open","ping_status":"open","sticky":false,"template":"","format":"standard","meta":{"colormag_page_container_layout":"default_layout","colormag_page_sidebar_layout":"default_layout","footnotes":""},"categories":[5],"tags":[],"class_list":["post-377","post","type-post","status-publish","format-standard","hentry","category-latest-news"],"yoast_head":"<!-- This site is optimized with the Yoast SEO plugin v27.5 - https:\/\/yoast.com\/product\/yoast-seo-wordpress\/ -->\n<title>Autos del Podio | Otro triunfo en diferido : Turismo Nacional Clase 3<\/title>\n<meta name=\"description\" content=\"Autos del Podio\" \/>\n<meta name=\"robots\" content=\"index, follow, max-snippet:-1, max-image-preview:large, max-video-preview:-1\" \/>\n<link rel=\"canonical\" href=\"https:\/\/autosdelpodio.com\/autos\/otro-triunfo-en-diferido-turismo-nacional-clase-3\/\" \/>\n<meta property=\"og:locale\" content=\"es_ES\" \/>\n<meta property=\"og:type\" content=\"article\" \/>\n<meta property=\"og:title\" content=\"Autos del Podio | Otro triunfo en diferido : Turismo Nacional Clase 3\" \/>\n<meta property=\"og:description\" content=\"Autos del Podio\" \/>\n<meta property=\"og:url\" content=\"https:\/\/autosdelpodio.com\/autos\/otro-triunfo-en-diferido-turismo-nacional-clase-3\/\" \/>\n<meta property=\"og:site_name\" content=\"Autos del Podio\" \/>\n<meta property=\"article:publisher\" content=\"https:\/\/www.facebook.com\/profile.php?id=100057192590976&amp;amp%3bamp%3bamp%3bamp%3bamp%3bamp%3bamp%3bamp%3bamp%3bamp%3bamp%3bamp%3bamp%3bamp%3bamp%3bamp%3bamp%3bamp%3bref=ts\" \/>\n<meta property=\"article:published_time\" content=\"2012-03-04T21:57:10+00:00\" \/>\n<meta name=\"author\" content=\"wi022230\" \/>\n<meta name=\"twitter:card\" content=\"summary_large_image\" \/>\n<meta name=\"twitter:creator\" content=\"@autosdelpodio\" \/>\n<meta name=\"twitter:site\" content=\"@autosdelpodio\" \/>\n<meta name=\"twitter:label1\" content=\"Escrito por\" \/>\n\t<meta name=\"twitter:data1\" content=\"wi022230\" \/>\n\t<meta name=\"twitter:label2\" content=\"Tiempo de lectura\" \/>\n\t<meta name=\"twitter:data2\" content=\"2 minutos\" \/>\n<script type=\"application\/ld+json\" class=\"yoast-schema-graph\">{\"@context\":\"https:\\\/\\\/schema.org\",\"@graph\":[{\"@type\":\"Article\",\"@id\":\"https:\\\/\\\/autosdelpodio.com\\\/autos\\\/otro-triunfo-en-diferido-turismo-nacional-clase-3\\\/#article\",\"isPartOf\":{\"@id\":\"https:\\\/\\\/autosdelpodio.com\\\/autos\\\/otro-triunfo-en-diferido-turismo-nacional-clase-3\\\/\"},\"author\":{\"name\":\"wi022230\",\"@id\":\"http:\\\/\\\/autosdelpodio.com\\\/autos\\\/#\\\/schema\\\/person\\\/e88353cabf768863fdf874e30120f3ba\"},\"headline\":\"Otro triunfo en diferido : Turismo Nacional Clase 3\",\"datePublished\":\"2012-03-04T21:57:10+00:00\",\"mainEntityOfPage\":{\"@id\":\"https:\\\/\\\/autosdelpodio.com\\\/autos\\\/otro-triunfo-en-diferido-turismo-nacional-clase-3\\\/\"},\"wordCount\":364,\"commentCount\":0,\"publisher\":{\"@id\":\"http:\\\/\\\/autosdelpodio.com\\\/autos\\\/#organization\"},\"articleSection\":[\"\u00daltimas noticias\"],\"inLanguage\":\"es\",\"potentialAction\":[{\"@type\":\"CommentAction\",\"name\":\"Comment\",\"target\":[\"https:\\\/\\\/autosdelpodio.com\\\/autos\\\/otro-triunfo-en-diferido-turismo-nacional-clase-3\\\/#respond\"]}]},{\"@type\":\"WebPage\",\"@id\":\"https:\\\/\\\/autosdelpodio.com\\\/autos\\\/otro-triunfo-en-diferido-turismo-nacional-clase-3\\\/\",\"url\":\"https:\\\/\\\/autosdelpodio.com\\\/autos\\\/otro-triunfo-en-diferido-turismo-nacional-clase-3\\\/\",\"name\":\"Autos del Podio | Otro triunfo en diferido : Turismo Nacional Clase 3\",\"isPartOf\":{\"@id\":\"http:\\\/\\\/autosdelpodio.com\\\/autos\\\/#website\"},\"datePublished\":\"2012-03-04T21:57:10+00:00\",\"description\":\"Autos del Podio\",\"breadcrumb\":{\"@id\":\"https:\\\/\\\/autosdelpodio.com\\\/autos\\\/otro-triunfo-en-diferido-turismo-nacional-clase-3\\\/#breadcrumb\"},\"inLanguage\":\"es\",\"potentialAction\":[{\"@type\":\"ReadAction\",\"target\":[\"https:\\\/\\\/autosdelpodio.com\\\/autos\\\/otro-triunfo-en-diferido-turismo-nacional-clase-3\\\/\"]}]},{\"@type\":\"BreadcrumbList\",\"@id\":\"https:\\\/\\\/autosdelpodio.com\\\/autos\\\/otro-triunfo-en-diferido-turismo-nacional-clase-3\\\/#breadcrumb\",\"itemListElement\":[{\"@type\":\"ListItem\",\"position\":1,\"name\":\"Portada\",\"item\":\"http:\\\/\\\/autosdelpodio.com\\\/autos\\\/\"},{\"@type\":\"ListItem\",\"position\":2,\"name\":\"Otro triunfo en diferido : Turismo Nacional Clase 3\"}]},{\"@type\":\"WebSite\",\"@id\":\"http:\\\/\\\/autosdelpodio.com\\\/autos\\\/#website\",\"url\":\"http:\\\/\\\/autosdelpodio.com\\\/autos\\\/\",\"name\":\"Autos del Podio\",\"description\":\"La sexta del deporte motor\",\"publisher\":{\"@id\":\"http:\\\/\\\/autosdelpodio.com\\\/autos\\\/#organization\"},\"potentialAction\":[{\"@type\":\"SearchAction\",\"target\":{\"@type\":\"EntryPoint\",\"urlTemplate\":\"http:\\\/\\\/autosdelpodio.com\\\/autos\\\/?s={search_term_string}\"},\"query-input\":{\"@type\":\"PropertyValueSpecification\",\"valueRequired\":true,\"valueName\":\"search_term_string\"}}],\"inLanguage\":\"es\"},{\"@type\":\"Organization\",\"@id\":\"http:\\\/\\\/autosdelpodio.com\\\/autos\\\/#organization\",\"name\":\"Autos del Podio\",\"url\":\"http:\\\/\\\/autosdelpodio.com\\\/autos\\\/\",\"logo\":{\"@type\":\"ImageObject\",\"inLanguage\":\"es\",\"@id\":\"http:\\\/\\\/autosdelpodio.com\\\/autos\\\/#\\\/schema\\\/logo\\\/image\\\/\",\"url\":\"http:\\\/\\\/autosdelpodio.com\\\/autos\\\/wp-content\\\/uploads\\\/2020\\\/08\\\/Logo_AR.jpg\",\"contentUrl\":\"http:\\\/\\\/autosdelpodio.com\\\/autos\\\/wp-content\\\/uploads\\\/2020\\\/08\\\/Logo_AR.jpg\",\"width\":1038,\"height\":1044,\"caption\":\"Autos del Podio\"},\"image\":{\"@id\":\"http:\\\/\\\/autosdelpodio.com\\\/autos\\\/#\\\/schema\\\/logo\\\/image\\\/\"},\"sameAs\":[\"https:\\\/\\\/www.facebook.com\\\/profile.php?id=100057192590976&amp;amp;amp;amp;amp;amp;amp;amp;amp;amp;amp;amp;amp;amp;amp;amp;amp;amp;ref=ts\",\"https:\\\/\\\/x.com\\\/autosdelpodio\",\"https:\\\/\\\/www.youtube.com\\\/user\\\/AutosdelPodio\"]},{\"@type\":\"Person\",\"@id\":\"http:\\\/\\\/autosdelpodio.com\\\/autos\\\/#\\\/schema\\\/person\\\/e88353cabf768863fdf874e30120f3ba\",\"name\":\"wi022230\",\"image\":{\"@type\":\"ImageObject\",\"inLanguage\":\"es\",\"@id\":\"http:\\\/\\\/autosdelpodio.com\\\/autos\\\/wp-content\\\/litespeed\\\/avatar\\\/453fc9bdbb11d766ba4c7f14d0bd0aa9.jpg?ver=1777404874\",\"url\":\"http:\\\/\\\/autosdelpodio.com\\\/autos\\\/wp-content\\\/litespeed\\\/avatar\\\/453fc9bdbb11d766ba4c7f14d0bd0aa9.jpg?ver=1777404874\",\"contentUrl\":\"http:\\\/\\\/autosdelpodio.com\\\/autos\\\/wp-content\\\/litespeed\\\/avatar\\\/453fc9bdbb11d766ba4c7f14d0bd0aa9.jpg?ver=1777404874\",\"caption\":\"wi022230\"}}]}<\/script>\n<!-- \/ Yoast SEO plugin. -->","yoast_head_json":{"title":"Autos del Podio | Otro triunfo en diferido : Turismo Nacional Clase 3","description":"Autos del Podio","robots":{"index":"index","follow":"follow","max-snippet":"max-snippet:-1","max-image-preview":"max-image-preview:large","max-video-preview":"max-video-preview:-1"},"canonical":"https:\/\/autosdelpodio.com\/autos\/otro-triunfo-en-diferido-turismo-nacional-clase-3\/","og_locale":"es_ES","og_type":"article","og_title":"Autos del Podio | Otro triunfo en diferido : Turismo Nacional Clase 3","og_description":"Autos del Podio","og_url":"https:\/\/autosdelpodio.com\/autos\/otro-triunfo-en-diferido-turismo-nacional-clase-3\/","og_site_name":"Autos del Podio","article_publisher":"https:\/\/www.facebook.com\/profile.php?id=100057192590976&amp%3bamp%3bamp%3bamp%3bamp%3bamp%3bamp%3bamp%3bamp%3bamp%3bamp%3bamp%3bamp%3bamp%3bamp%3bamp%3bamp%3bamp%3bref=ts","article_published_time":"2012-03-04T21:57:10+00:00","author":"wi022230","twitter_card":"summary_large_image","twitter_creator":"@autosdelpodio","twitter_site":"@autosdelpodio","twitter_misc":{"Escrito por":"wi022230","Tiempo de lectura":"2 minutos"},"schema":{"@context":"https:\/\/schema.org","@graph":[{"@type":"Article","@id":"https:\/\/autosdelpodio.com\/autos\/otro-triunfo-en-diferido-turismo-nacional-clase-3\/#article","isPartOf":{"@id":"https:\/\/autosdelpodio.com\/autos\/otro-triunfo-en-diferido-turismo-nacional-clase-3\/"},"author":{"name":"wi022230","@id":"http:\/\/autosdelpodio.com\/autos\/#\/schema\/person\/e88353cabf768863fdf874e30120f3ba"},"headline":"Otro triunfo en diferido : Turismo Nacional Clase 3","datePublished":"2012-03-04T21:57:10+00:00","mainEntityOfPage":{"@id":"https:\/\/autosdelpodio.com\/autos\/otro-triunfo-en-diferido-turismo-nacional-clase-3\/"},"wordCount":364,"commentCount":0,"publisher":{"@id":"http:\/\/autosdelpodio.com\/autos\/#organization"},"articleSection":["\u00daltimas noticias"],"inLanguage":"es","potentialAction":[{"@type":"CommentAction","name":"Comment","target":["https:\/\/autosdelpodio.com\/autos\/otro-triunfo-en-diferido-turismo-nacional-clase-3\/#respond"]}]},{"@type":"WebPage","@id":"https:\/\/autosdelpodio.com\/autos\/otro-triunfo-en-diferido-turismo-nacional-clase-3\/","url":"https:\/\/autosdelpodio.com\/autos\/otro-triunfo-en-diferido-turismo-nacional-clase-3\/","name":"Autos del Podio | Otro triunfo en diferido : Turismo Nacional Clase 3","isPartOf":{"@id":"http:\/\/autosdelpodio.com\/autos\/#website"},"datePublished":"2012-03-04T21:57:10+00:00","description":"Autos del Podio","breadcrumb":{"@id":"https:\/\/autosdelpodio.com\/autos\/otro-triunfo-en-diferido-turismo-nacional-clase-3\/#breadcrumb"},"inLanguage":"es","potentialAction":[{"@type":"ReadAction","target":["https:\/\/autosdelpodio.com\/autos\/otro-triunfo-en-diferido-turismo-nacional-clase-3\/"]}]},{"@type":"BreadcrumbList","@id":"https:\/\/autosdelpodio.com\/autos\/otro-triunfo-en-diferido-turismo-nacional-clase-3\/#breadcrumb","itemListElement":[{"@type":"ListItem","position":1,"name":"Portada","item":"http:\/\/autosdelpodio.com\/autos\/"},{"@type":"ListItem","position":2,"name":"Otro triunfo en diferido : Turismo Nacional Clase 3"}]},{"@type":"WebSite","@id":"http:\/\/autosdelpodio.com\/autos\/#website","url":"http:\/\/autosdelpodio.com\/autos\/","name":"Autos del Podio","description":"La sexta del deporte motor","publisher":{"@id":"http:\/\/autosdelpodio.com\/autos\/#organization"},"potentialAction":[{"@type":"SearchAction","target":{"@type":"EntryPoint","urlTemplate":"http:\/\/autosdelpodio.com\/autos\/?s={search_term_string}"},"query-input":{"@type":"PropertyValueSpecification","valueRequired":true,"valueName":"search_term_string"}}],"inLanguage":"es"},{"@type":"Organization","@id":"http:\/\/autosdelpodio.com\/autos\/#organization","name":"Autos del Podio","url":"http:\/\/autosdelpodio.com\/autos\/","logo":{"@type":"ImageObject","inLanguage":"es","@id":"http:\/\/autosdelpodio.com\/autos\/#\/schema\/logo\/image\/","url":"http:\/\/autosdelpodio.com\/autos\/wp-content\/uploads\/2020\/08\/Logo_AR.jpg","contentUrl":"http:\/\/autosdelpodio.com\/autos\/wp-content\/uploads\/2020\/08\/Logo_AR.jpg","width":1038,"height":1044,"caption":"Autos del Podio"},"image":{"@id":"http:\/\/autosdelpodio.com\/autos\/#\/schema\/logo\/image\/"},"sameAs":["https:\/\/www.facebook.com\/profile.php?id=100057192590976&amp;amp;amp;amp;amp;amp;amp;amp;amp;amp;amp;amp;amp;amp;amp;amp;amp;amp;ref=ts","https:\/\/x.com\/autosdelpodio","https:\/\/www.youtube.com\/user\/AutosdelPodio"]},{"@type":"Person","@id":"http:\/\/autosdelpodio.com\/autos\/#\/schema\/person\/e88353cabf768863fdf874e30120f3ba","name":"wi022230","image":{"@type":"ImageObject","inLanguage":"es","@id":"http:\/\/autosdelpodio.com\/autos\/wp-content\/litespeed\/avatar\/453fc9bdbb11d766ba4c7f14d0bd0aa9.jpg?ver=1777404874","url":"http:\/\/autosdelpodio.com\/autos\/wp-content\/litespeed\/avatar\/453fc9bdbb11d766ba4c7f14d0bd0aa9.jpg?ver=1777404874","contentUrl":"http:\/\/autosdelpodio.com\/autos\/wp-content\/litespeed\/avatar\/453fc9bdbb11d766ba4c7f14d0bd0aa9.jpg?ver=1777404874","caption":"wi022230"}}]}},"views":442,"_links":{"self":[{"href":"http:\/\/autosdelpodio.com\/autos\/wp-json\/wp\/v2\/posts\/377","targetHints":{"allow":["GET"]}}],"collection":[{"href":"http:\/\/autosdelpodio.com\/autos\/wp-json\/wp\/v2\/posts"}],"about":[{"href":"http:\/\/autosdelpodio.com\/autos\/wp-json\/wp\/v2\/types\/post"}],"author":[{"embeddable":true,"href":"http:\/\/autosdelpodio.com\/autos\/wp-json\/wp\/v2\/users\/1"}],"replies":[{"embeddable":true,"href":"http:\/\/autosdelpodio.com\/autos\/wp-json\/wp\/v2\/comments?post=377"}],"version-history":[{"count":0,"href":"http:\/\/autosdelpodio.com\/autos\/wp-json\/wp\/v2\/posts\/377\/revisions"}],"wp:attachment":[{"href":"http:\/\/autosdelpodio.com\/autos\/wp-json\/wp\/v2\/media?parent=377"}],"wp:term":[{"taxonomy":"category","embeddable":true,"href":"http:\/\/autosdelpodio.com\/autos\/wp-json\/wp\/v2\/categories?post=377"},{"taxonomy":"post_tag","embeddable":true,"href":"http:\/\/autosdelpodio.com\/autos\/wp-json\/wp\/v2\/tags?post=377"}],"curies":[{"name":"wp","href":"https:\/\/api.w.org\/{rel}","templated":true}]}}