{"id":3823,"date":"2021-01-12T22:43:17","date_gmt":"2021-01-13T01:43:17","guid":{"rendered":"http:\/\/autosdelpodio.com\/autos\/?p=3823"},"modified":"2021-01-12T22:45:58","modified_gmt":"2021-01-13T01:45:58","slug":"iveco-lider-del-mercado-por-11o-ano-consecutivo","status":"publish","type":"post","link":"http:\/\/autosdelpodio.com\/autos\/iveco-lider-del-mercado-por-11o-ano-consecutivo\/","title":{"rendered":"IVECO l\u00edder del mercado por 11\u00ba a\u00f1o consecutivo"},"content":{"rendered":"\n<p>IVECO Argentina l\u00edder en el mercado de camiones de m\u00e1s de 16 toneladas por und\u00e9cimo a\u00f1o consecutivo. Seg\u00fan ACARA (Asociaci\u00f3n de Concesionarios de Automotores de la Rep\u00fablica Argentina), la marca, que en 2020 renov\u00f3 todo su portfolio de productos en el pa\u00eds, mantuvo su posici\u00f3n en el mercado de medianos, pesados y extra pesados.<\/p>\n\n\n\n<p>El mercado galardonado de IVECO contempla a los modelos: Tector, Cursor, Hi-Road, Hi-Way y Hi-Land. Estos veh\u00edculos son fabricados en el Polo Industrial que la marca cuenta en la ciudad de C\u00f3rdoba en Argentina.<\/p>\n\n\n\n<p>\u201cEl 2020 fue un a\u00f1o at\u00edpico, con muchos desaf\u00edos que hicieron a nuestro mercado m\u00e1s complejo de lo habitual. Sin embargo, trabajamos fuertemente y en equipo para adaptamos a la nueva realidad. Con nuestro portfolio de veh\u00edculos renovado, cumplimos el und\u00e9cimo a\u00f1o de liderazgo en el segmento de m\u00e1s de 16 toneladas representando un resultado esperado por todos, producto de un gran esfuerzo por parte de la marca y su amplia red de concesionarios\u201d, afirm\u00f3 Francisco Spasaro, director comercial de IVECO Argentina.<\/p>\n\n\n\n<p>Adem\u00e1s el funcionario agreg\u00f3, \u201ccon la calidad, el compromiso y la responsabilidad que nos caracteriza, continuaremos brind\u00e1ndole una experiencia personalizada a cada cliente que conf\u00eda en IVECO a lo largo y a lo ancho del pa\u00eds\u201d.<\/p>\n\n\n\n<h5 class=\"wp-block-heading\">Tector: Una gama galardonada en el 2020<\/h5>\n\n\n\n<p>Con amplia trayectoria en el pa\u00eds, la firma se destac\u00f3 durante und\u00e9cimo a\u00f1o consecutivo en el segmento mediano y semipesado con los Tector, que en sus diferentes configuraciones, fue la gama m\u00e1s vendida con 1526 unidades patentadas.<\/p>\n\n\n\n<p>Adem\u00e1s, hay que destacar que el Tector en su configuraci\u00f3n 170E28, reconocido por los transportistas por su confiabilidad y bajos costos operativos, con 900 unidades patentadas, ratific\u00f3 una vez m\u00e1s su posici\u00f3n como el cami\u00f3n m\u00e1s vendido del mercado en el 2020.<\/p>\n\n\n\n<p><em>Fuente: oficina de prensa de IVECO Argentina<\/em><\/p>\n","protected":false},"excerpt":{"rendered":"<p>IVECO Argentina l\u00edder en el mercado de camiones de m\u00e1s de 16 toneladas por und\u00e9cimo a\u00f1o consecutivo. Seg\u00fan ACARA (Asociaci\u00f3n<\/p>\n","protected":false},"author":3,"featured_media":2442,"comment_status":"open","ping_status":"open","sticky":false,"template":"","format":"standard","meta":{"colormag_page_container_layout":"default_layout","colormag_page_sidebar_layout":"default_layout","footnotes":""},"categories":[16],"tags":[32,308,208,35,164],"class_list":["post-3823","post","type-post","status-publish","format-standard","has-post-thumbnail","hentry","category-recta-principal","tag-industria-automotriz","tag-iveco","tag-produccion","tag-republica-argentina","tag-vehiculos-pesados"],"yoast_head":"<!-- This site is optimized with the Yoast SEO plugin v27.5 - https:\/\/yoast.com\/product\/yoast-seo-wordpress\/ -->\n<title>Autos del Podio | IVECO l\u00edder del mercado por 11\u00ba a\u00f1o consecutivo<\/title>\n<meta name=\"description\" content=\"Autos del Podio La marca extendi\u00f3 su liderazgo en el transporte de cargas con su portfolio renovado en los segmentos mediano, pesado y extra pesado.\" \/>\n<meta name=\"robots\" content=\"index, follow, max-snippet:-1, max-image-preview:large, max-video-preview:-1\" \/>\n<link rel=\"canonical\" href=\"http:\/\/autosdelpodio.com\/autos\/iveco-lider-del-mercado-por-11o-ano-consecutivo\/\" \/>\n<meta property=\"og:locale\" content=\"es_ES\" \/>\n<meta property=\"og:type\" content=\"article\" \/>\n<meta property=\"og:title\" content=\"Autos del Podio | IVECO l\u00edder del mercado por 11\u00ba a\u00f1o consecutivo\" \/>\n<meta property=\"og:description\" content=\"Autos del Podio La marca extendi\u00f3 su liderazgo en el transporte de cargas con su portfolio renovado en los segmentos mediano, pesado y extra pesado.\" \/>\n<meta property=\"og:url\" content=\"http:\/\/autosdelpodio.com\/autos\/iveco-lider-del-mercado-por-11o-ano-consecutivo\/\" \/>\n<meta property=\"og:site_name\" content=\"Autos del Podio\" \/>\n<meta property=\"article:publisher\" content=\"https:\/\/www.facebook.com\/profile.php?id=100057192590976&amp;amp%3bamp%3bamp%3bamp%3bamp%3bamp%3bamp%3bamp%3bamp%3bamp%3bamp%3bamp%3bamp%3bamp%3bamp%3bamp%3bamp%3bamp%3bref=ts\" \/>\n<meta property=\"article:published_time\" content=\"2021-01-13T01:43:17+00:00\" \/>\n<meta property=\"article:modified_time\" content=\"2021-01-13T01:45:58+00:00\" \/>\n<meta property=\"og:image\" content=\"http:\/\/autosdelpodio.com\/autos\/wp-content\/uploads\/2020\/07\/Iveco-Logo.jpg\" \/>\n\t<meta property=\"og:image:width\" content=\"270\" \/>\n\t<meta property=\"og:image:height\" content=\"153\" \/>\n\t<meta property=\"og:image:type\" content=\"image\/jpeg\" \/>\n<meta name=\"author\" content=\"autosdelpodio\" \/>\n<meta name=\"twitter:card\" content=\"summary_large_image\" \/>\n<meta name=\"twitter:creator\" content=\"@autosdelpodio\" \/>\n<meta name=\"twitter:site\" content=\"@autosdelpodio\" \/>\n<meta name=\"twitter:label1\" content=\"Escrito por\" \/>\n\t<meta name=\"twitter:data1\" content=\"autosdelpodio\" \/>\n\t<meta name=\"twitter:label2\" content=\"Tiempo de lectura\" \/>\n\t<meta name=\"twitter:data2\" content=\"2 minutos\" \/>\n<script type=\"application\/ld+json\" class=\"yoast-schema-graph\">{\"@context\":\"https:\\\/\\\/schema.org\",\"@graph\":[{\"@type\":\"Article\",\"@id\":\"http:\\\/\\\/autosdelpodio.com\\\/autos\\\/iveco-lider-del-mercado-por-11o-ano-consecutivo\\\/#article\",\"isPartOf\":{\"@id\":\"http:\\\/\\\/autosdelpodio.com\\\/autos\\\/iveco-lider-del-mercado-por-11o-ano-consecutivo\\\/\"},\"author\":{\"name\":\"autosdelpodio\",\"@id\":\"http:\\\/\\\/autosdelpodio.com\\\/autos\\\/#\\\/schema\\\/person\\\/993527a4d01c3acdd3d6bce3770bc942\"},\"headline\":\"IVECO l\u00edder del mercado por 11\u00ba a\u00f1o consecutivo\",\"datePublished\":\"2021-01-13T01:43:17+00:00\",\"dateModified\":\"2021-01-13T01:45:58+00:00\",\"mainEntityOfPage\":{\"@id\":\"http:\\\/\\\/autosdelpodio.com\\\/autos\\\/iveco-lider-del-mercado-por-11o-ano-consecutivo\\\/\"},\"wordCount\":333,\"commentCount\":1,\"publisher\":{\"@id\":\"http:\\\/\\\/autosdelpodio.com\\\/autos\\\/#organization\"},\"image\":{\"@id\":\"http:\\\/\\\/autosdelpodio.com\\\/autos\\\/iveco-lider-del-mercado-por-11o-ano-consecutivo\\\/#primaryimage\"},\"thumbnailUrl\":\"http:\\\/\\\/autosdelpodio.com\\\/autos\\\/wp-content\\\/uploads\\\/2020\\\/07\\\/Iveco-Logo.jpg\",\"keywords\":[\"Industria Automotriz\",\"Iveco\",\"Producci\u00f3n\",\"Republica Argentina\",\"Vehiculos Pesados\"],\"articleSection\":[\"Recta Principal\"],\"inLanguage\":\"es\",\"potentialAction\":[{\"@type\":\"CommentAction\",\"name\":\"Comment\",\"target\":[\"http:\\\/\\\/autosdelpodio.com\\\/autos\\\/iveco-lider-del-mercado-por-11o-ano-consecutivo\\\/#respond\"]}]},{\"@type\":\"WebPage\",\"@id\":\"http:\\\/\\\/autosdelpodio.com\\\/autos\\\/iveco-lider-del-mercado-por-11o-ano-consecutivo\\\/\",\"url\":\"http:\\\/\\\/autosdelpodio.com\\\/autos\\\/iveco-lider-del-mercado-por-11o-ano-consecutivo\\\/\",\"name\":\"Autos del Podio | IVECO l\u00edder del mercado por 11\u00ba a\u00f1o consecutivo\",\"isPartOf\":{\"@id\":\"http:\\\/\\\/autosdelpodio.com\\\/autos\\\/#website\"},\"primaryImageOfPage\":{\"@id\":\"http:\\\/\\\/autosdelpodio.com\\\/autos\\\/iveco-lider-del-mercado-por-11o-ano-consecutivo\\\/#primaryimage\"},\"image\":{\"@id\":\"http:\\\/\\\/autosdelpodio.com\\\/autos\\\/iveco-lider-del-mercado-por-11o-ano-consecutivo\\\/#primaryimage\"},\"thumbnailUrl\":\"http:\\\/\\\/autosdelpodio.com\\\/autos\\\/wp-content\\\/uploads\\\/2020\\\/07\\\/Iveco-Logo.jpg\",\"datePublished\":\"2021-01-13T01:43:17+00:00\",\"dateModified\":\"2021-01-13T01:45:58+00:00\",\"description\":\"Autos del Podio La marca extendi\u00f3 su liderazgo en el transporte de cargas con su portfolio renovado en los segmentos mediano, pesado y extra pesado.\",\"breadcrumb\":{\"@id\":\"http:\\\/\\\/autosdelpodio.com\\\/autos\\\/iveco-lider-del-mercado-por-11o-ano-consecutivo\\\/#breadcrumb\"},\"inLanguage\":\"es\",\"potentialAction\":[{\"@type\":\"ReadAction\",\"target\":[\"http:\\\/\\\/autosdelpodio.com\\\/autos\\\/iveco-lider-del-mercado-por-11o-ano-consecutivo\\\/\"]}]},{\"@type\":\"ImageObject\",\"inLanguage\":\"es\",\"@id\":\"http:\\\/\\\/autosdelpodio.com\\\/autos\\\/iveco-lider-del-mercado-por-11o-ano-consecutivo\\\/#primaryimage\",\"url\":\"http:\\\/\\\/autosdelpodio.com\\\/autos\\\/wp-content\\\/uploads\\\/2020\\\/07\\\/Iveco-Logo.jpg\",\"contentUrl\":\"http:\\\/\\\/autosdelpodio.com\\\/autos\\\/wp-content\\\/uploads\\\/2020\\\/07\\\/Iveco-Logo.jpg\",\"width\":270,\"height\":153},{\"@type\":\"BreadcrumbList\",\"@id\":\"http:\\\/\\\/autosdelpodio.com\\\/autos\\\/iveco-lider-del-mercado-por-11o-ano-consecutivo\\\/#breadcrumb\",\"itemListElement\":[{\"@type\":\"ListItem\",\"position\":1,\"name\":\"Portada\",\"item\":\"http:\\\/\\\/autosdelpodio.com\\\/autos\\\/\"},{\"@type\":\"ListItem\",\"position\":2,\"name\":\"IVECO l\u00edder del mercado por 11\u00ba a\u00f1o consecutivo\"}]},{\"@type\":\"WebSite\",\"@id\":\"http:\\\/\\\/autosdelpodio.com\\\/autos\\\/#website\",\"url\":\"http:\\\/\\\/autosdelpodio.com\\\/autos\\\/\",\"name\":\"Autos del Podio\",\"description\":\"La sexta del deporte motor\",\"publisher\":{\"@id\":\"http:\\\/\\\/autosdelpodio.com\\\/autos\\\/#organization\"},\"potentialAction\":[{\"@type\":\"SearchAction\",\"target\":{\"@type\":\"EntryPoint\",\"urlTemplate\":\"http:\\\/\\\/autosdelpodio.com\\\/autos\\\/?s={search_term_string}\"},\"query-input\":{\"@type\":\"PropertyValueSpecification\",\"valueRequired\":true,\"valueName\":\"search_term_string\"}}],\"inLanguage\":\"es\"},{\"@type\":\"Organization\",\"@id\":\"http:\\\/\\\/autosdelpodio.com\\\/autos\\\/#organization\",\"name\":\"Autos del Podio\",\"url\":\"http:\\\/\\\/autosdelpodio.com\\\/autos\\\/\",\"logo\":{\"@type\":\"ImageObject\",\"inLanguage\":\"es\",\"@id\":\"http:\\\/\\\/autosdelpodio.com\\\/autos\\\/#\\\/schema\\\/logo\\\/image\\\/\",\"url\":\"http:\\\/\\\/autosdelpodio.com\\\/autos\\\/wp-content\\\/uploads\\\/2020\\\/08\\\/Logo_AR.jpg\",\"contentUrl\":\"http:\\\/\\\/autosdelpodio.com\\\/autos\\\/wp-content\\\/uploads\\\/2020\\\/08\\\/Logo_AR.jpg\",\"width\":1038,\"height\":1044,\"caption\":\"Autos del Podio\"},\"image\":{\"@id\":\"http:\\\/\\\/autosdelpodio.com\\\/autos\\\/#\\\/schema\\\/logo\\\/image\\\/\"},\"sameAs\":[\"https:\\\/\\\/www.facebook.com\\\/profile.php?id=100057192590976&amp;amp;amp;amp;amp;amp;amp;amp;amp;amp;amp;amp;amp;amp;amp;amp;amp;amp;ref=ts\",\"https:\\\/\\\/x.com\\\/autosdelpodio\",\"https:\\\/\\\/www.youtube.com\\\/user\\\/AutosdelPodio\"]},{\"@type\":\"Person\",\"@id\":\"http:\\\/\\\/autosdelpodio.com\\\/autos\\\/#\\\/schema\\\/person\\\/993527a4d01c3acdd3d6bce3770bc942\",\"name\":\"autosdelpodio\",\"image\":{\"@type\":\"ImageObject\",\"inLanguage\":\"es\",\"@id\":\"http:\\\/\\\/autosdelpodio.com\\\/autos\\\/wp-content\\\/litespeed\\\/avatar\\\/aa8f65cd201a80f6b844f63278aa84af.jpg?ver=1777403005\",\"url\":\"http:\\\/\\\/autosdelpodio.com\\\/autos\\\/wp-content\\\/litespeed\\\/avatar\\\/aa8f65cd201a80f6b844f63278aa84af.jpg?ver=1777403005\",\"contentUrl\":\"http:\\\/\\\/autosdelpodio.com\\\/autos\\\/wp-content\\\/litespeed\\\/avatar\\\/aa8f65cd201a80f6b844f63278aa84af.jpg?ver=1777403005\",\"caption\":\"autosdelpodio\"}}]}<\/script>\n<!-- \/ Yoast SEO plugin. -->","yoast_head_json":{"title":"Autos del Podio | IVECO l\u00edder del mercado por 11\u00ba a\u00f1o consecutivo","description":"Autos del Podio La marca extendi\u00f3 su liderazgo en el transporte de cargas con su portfolio renovado en los segmentos mediano, pesado y extra pesado.","robots":{"index":"index","follow":"follow","max-snippet":"max-snippet:-1","max-image-preview":"max-image-preview:large","max-video-preview":"max-video-preview:-1"},"canonical":"http:\/\/autosdelpodio.com\/autos\/iveco-lider-del-mercado-por-11o-ano-consecutivo\/","og_locale":"es_ES","og_type":"article","og_title":"Autos del Podio | IVECO l\u00edder del mercado por 11\u00ba a\u00f1o consecutivo","og_description":"Autos del Podio La marca extendi\u00f3 su liderazgo en el transporte de cargas con su portfolio renovado en los segmentos mediano, pesado y extra pesado.","og_url":"http:\/\/autosdelpodio.com\/autos\/iveco-lider-del-mercado-por-11o-ano-consecutivo\/","og_site_name":"Autos del Podio","article_publisher":"https:\/\/www.facebook.com\/profile.php?id=100057192590976&amp%3bamp%3bamp%3bamp%3bamp%3bamp%3bamp%3bamp%3bamp%3bamp%3bamp%3bamp%3bamp%3bamp%3bamp%3bamp%3bamp%3bamp%3bref=ts","article_published_time":"2021-01-13T01:43:17+00:00","article_modified_time":"2021-01-13T01:45:58+00:00","og_image":[{"width":270,"height":153,"url":"http:\/\/autosdelpodio.com\/autos\/wp-content\/uploads\/2020\/07\/Iveco-Logo.jpg","type":"image\/jpeg"}],"author":"autosdelpodio","twitter_card":"summary_large_image","twitter_creator":"@autosdelpodio","twitter_site":"@autosdelpodio","twitter_misc":{"Escrito por":"autosdelpodio","Tiempo de lectura":"2 minutos"},"schema":{"@context":"https:\/\/schema.org","@graph":[{"@type":"Article","@id":"http:\/\/autosdelpodio.com\/autos\/iveco-lider-del-mercado-por-11o-ano-consecutivo\/#article","isPartOf":{"@id":"http:\/\/autosdelpodio.com\/autos\/iveco-lider-del-mercado-por-11o-ano-consecutivo\/"},"author":{"name":"autosdelpodio","@id":"http:\/\/autosdelpodio.com\/autos\/#\/schema\/person\/993527a4d01c3acdd3d6bce3770bc942"},"headline":"IVECO l\u00edder del mercado por 11\u00ba a\u00f1o consecutivo","datePublished":"2021-01-13T01:43:17+00:00","dateModified":"2021-01-13T01:45:58+00:00","mainEntityOfPage":{"@id":"http:\/\/autosdelpodio.com\/autos\/iveco-lider-del-mercado-por-11o-ano-consecutivo\/"},"wordCount":333,"commentCount":1,"publisher":{"@id":"http:\/\/autosdelpodio.com\/autos\/#organization"},"image":{"@id":"http:\/\/autosdelpodio.com\/autos\/iveco-lider-del-mercado-por-11o-ano-consecutivo\/#primaryimage"},"thumbnailUrl":"http:\/\/autosdelpodio.com\/autos\/wp-content\/uploads\/2020\/07\/Iveco-Logo.jpg","keywords":["Industria Automotriz","Iveco","Producci\u00f3n","Republica Argentina","Vehiculos Pesados"],"articleSection":["Recta Principal"],"inLanguage":"es","potentialAction":[{"@type":"CommentAction","name":"Comment","target":["http:\/\/autosdelpodio.com\/autos\/iveco-lider-del-mercado-por-11o-ano-consecutivo\/#respond"]}]},{"@type":"WebPage","@id":"http:\/\/autosdelpodio.com\/autos\/iveco-lider-del-mercado-por-11o-ano-consecutivo\/","url":"http:\/\/autosdelpodio.com\/autos\/iveco-lider-del-mercado-por-11o-ano-consecutivo\/","name":"Autos del Podio | IVECO l\u00edder del mercado por 11\u00ba a\u00f1o consecutivo","isPartOf":{"@id":"http:\/\/autosdelpodio.com\/autos\/#website"},"primaryImageOfPage":{"@id":"http:\/\/autosdelpodio.com\/autos\/iveco-lider-del-mercado-por-11o-ano-consecutivo\/#primaryimage"},"image":{"@id":"http:\/\/autosdelpodio.com\/autos\/iveco-lider-del-mercado-por-11o-ano-consecutivo\/#primaryimage"},"thumbnailUrl":"http:\/\/autosdelpodio.com\/autos\/wp-content\/uploads\/2020\/07\/Iveco-Logo.jpg","datePublished":"2021-01-13T01:43:17+00:00","dateModified":"2021-01-13T01:45:58+00:00","description":"Autos del Podio La marca extendi\u00f3 su liderazgo en el transporte de cargas con su portfolio renovado en los segmentos mediano, pesado y extra pesado.","breadcrumb":{"@id":"http:\/\/autosdelpodio.com\/autos\/iveco-lider-del-mercado-por-11o-ano-consecutivo\/#breadcrumb"},"inLanguage":"es","potentialAction":[{"@type":"ReadAction","target":["http:\/\/autosdelpodio.com\/autos\/iveco-lider-del-mercado-por-11o-ano-consecutivo\/"]}]},{"@type":"ImageObject","inLanguage":"es","@id":"http:\/\/autosdelpodio.com\/autos\/iveco-lider-del-mercado-por-11o-ano-consecutivo\/#primaryimage","url":"http:\/\/autosdelpodio.com\/autos\/wp-content\/uploads\/2020\/07\/Iveco-Logo.jpg","contentUrl":"http:\/\/autosdelpodio.com\/autos\/wp-content\/uploads\/2020\/07\/Iveco-Logo.jpg","width":270,"height":153},{"@type":"BreadcrumbList","@id":"http:\/\/autosdelpodio.com\/autos\/iveco-lider-del-mercado-por-11o-ano-consecutivo\/#breadcrumb","itemListElement":[{"@type":"ListItem","position":1,"name":"Portada","item":"http:\/\/autosdelpodio.com\/autos\/"},{"@type":"ListItem","position":2,"name":"IVECO l\u00edder del mercado por 11\u00ba a\u00f1o consecutivo"}]},{"@type":"WebSite","@id":"http:\/\/autosdelpodio.com\/autos\/#website","url":"http:\/\/autosdelpodio.com\/autos\/","name":"Autos del Podio","description":"La sexta del deporte motor","publisher":{"@id":"http:\/\/autosdelpodio.com\/autos\/#organization"},"potentialAction":[{"@type":"SearchAction","target":{"@type":"EntryPoint","urlTemplate":"http:\/\/autosdelpodio.com\/autos\/?s={search_term_string}"},"query-input":{"@type":"PropertyValueSpecification","valueRequired":true,"valueName":"search_term_string"}}],"inLanguage":"es"},{"@type":"Organization","@id":"http:\/\/autosdelpodio.com\/autos\/#organization","name":"Autos del Podio","url":"http:\/\/autosdelpodio.com\/autos\/","logo":{"@type":"ImageObject","inLanguage":"es","@id":"http:\/\/autosdelpodio.com\/autos\/#\/schema\/logo\/image\/","url":"http:\/\/autosdelpodio.com\/autos\/wp-content\/uploads\/2020\/08\/Logo_AR.jpg","contentUrl":"http:\/\/autosdelpodio.com\/autos\/wp-content\/uploads\/2020\/08\/Logo_AR.jpg","width":1038,"height":1044,"caption":"Autos del Podio"},"image":{"@id":"http:\/\/autosdelpodio.com\/autos\/#\/schema\/logo\/image\/"},"sameAs":["https:\/\/www.facebook.com\/profile.php?id=100057192590976&amp;amp;amp;amp;amp;amp;amp;amp;amp;amp;amp;amp;amp;amp;amp;amp;amp;amp;ref=ts","https:\/\/x.com\/autosdelpodio","https:\/\/www.youtube.com\/user\/AutosdelPodio"]},{"@type":"Person","@id":"http:\/\/autosdelpodio.com\/autos\/#\/schema\/person\/993527a4d01c3acdd3d6bce3770bc942","name":"autosdelpodio","image":{"@type":"ImageObject","inLanguage":"es","@id":"http:\/\/autosdelpodio.com\/autos\/wp-content\/litespeed\/avatar\/aa8f65cd201a80f6b844f63278aa84af.jpg?ver=1777403005","url":"http:\/\/autosdelpodio.com\/autos\/wp-content\/litespeed\/avatar\/aa8f65cd201a80f6b844f63278aa84af.jpg?ver=1777403005","contentUrl":"http:\/\/autosdelpodio.com\/autos\/wp-content\/litespeed\/avatar\/aa8f65cd201a80f6b844f63278aa84af.jpg?ver=1777403005","caption":"autosdelpodio"}}]}},"views":775,"_links":{"self":[{"href":"http:\/\/autosdelpodio.com\/autos\/wp-json\/wp\/v2\/posts\/3823","targetHints":{"allow":["GET"]}}],"collection":[{"href":"http:\/\/autosdelpodio.com\/autos\/wp-json\/wp\/v2\/posts"}],"about":[{"href":"http:\/\/autosdelpodio.com\/autos\/wp-json\/wp\/v2\/types\/post"}],"author":[{"embeddable":true,"href":"http:\/\/autosdelpodio.com\/autos\/wp-json\/wp\/v2\/users\/3"}],"replies":[{"embeddable":true,"href":"http:\/\/autosdelpodio.com\/autos\/wp-json\/wp\/v2\/comments?post=3823"}],"version-history":[{"count":1,"href":"http:\/\/autosdelpodio.com\/autos\/wp-json\/wp\/v2\/posts\/3823\/revisions"}],"predecessor-version":[{"id":3824,"href":"http:\/\/autosdelpodio.com\/autos\/wp-json\/wp\/v2\/posts\/3823\/revisions\/3824"}],"wp:featuredmedia":[{"embeddable":true,"href":"http:\/\/autosdelpodio.com\/autos\/wp-json\/wp\/v2\/media\/2442"}],"wp:attachment":[{"href":"http:\/\/autosdelpodio.com\/autos\/wp-json\/wp\/v2\/media?parent=3823"}],"wp:term":[{"taxonomy":"category","embeddable":true,"href":"http:\/\/autosdelpodio.com\/autos\/wp-json\/wp\/v2\/categories?post=3823"},{"taxonomy":"post_tag","embeddable":true,"href":"http:\/\/autosdelpodio.com\/autos\/wp-json\/wp\/v2\/tags?post=3823"}],"curies":[{"name":"wp","href":"https:\/\/api.w.org\/{rel}","templated":true}]}}