{"id":3840,"date":"2021-01-15T00:00:00","date_gmt":"2021-01-15T03:00:00","guid":{"rendered":"http:\/\/autosdelpodio.com\/autos\/?p=3840"},"modified":"2021-01-29T14:21:34","modified_gmt":"2021-01-29T17:21:34","slug":"el-primer-traccion-delantera-de-renault","status":"publish","type":"post","link":"http:\/\/autosdelpodio.com\/autos\/el-primer-traccion-delantera-de-renault\/","title":{"rendered":"El primer tracci\u00f3n delantera de Renault &#8211; Primera Parte"},"content":{"rendered":"\n<p>La incorporaci\u00f3n de la l\u00ednea Renault fue uno de los mayores aciertos de IKA (Industrias Kaiser Argentina). Luego del notable \u00e9xito alcanzado por la l\u00ednea Dauphine\/Gordini, la f\u00e1brica cordobesa sum\u00f3 un nuevo producto del rombo: el Renault 4.<\/p>\n\n\n\n<p>La producci\u00f3n en Santa Isabel comenz\u00f3 el 26 de septiembre de 1963. El reci\u00e9n llegado representaba un salto en dimensiones y habitabilidad en relaci\u00f3n al Dauphine y al mismo tiempo se destacaba por la incorporaci\u00f3n de novedades tecnol\u00f3gicas como la transmisi\u00f3n delantera y la suspensi\u00f3n por barras de torsi\u00f3n.<\/p>\n\n\n\n<p>La versi\u00f3n argentina correspondi\u00f3 al 4L, que con sus seis cristales laterales era la m\u00e1s lujosa en su pa\u00eds de origen. La llegada a los concesionarios se concret\u00f3 el 7 de noviembre de 1963.<\/p>\n\n\n\n<p>A diferencia del original franc\u00e9s, el 4L fabricado por IKA no estaba equipado con el motor del 4 CV de 747 cc, sino que adopt\u00f3 el del Dauphine de tercera generaci\u00f3n (Ventoux Tipo 801-02), es decir, con una relaci\u00f3n de compresi\u00f3n de 8:1 y 33 hp. La caja de tres velocidades (Tipo 314) tambi\u00e9n derivaba de su hermano menor, con la diferencia de que el accionamiento se efectuaba con una palanca acodada ubicada en el centro del panel de instrumentos. Era tipo caja-puente, es decir, formaba un conjunto con el puente delantero. A partir de 1965 comenz\u00f3 a ser equipado con la caja de cuatro velocidades del Gordini.<\/p>\n\n\n\n<p>Junto al modelo <em>break<\/em>, se produc\u00eda la versi\u00f3n utilitaria (Fourgonette) denominada 4F, un furg\u00f3n cerrado con port\u00f3n trasero, mayor despegue (225 mm) y una capacidad de carga de 300 kilos.<\/p>\n\n\n\n<p>La carrocer\u00eda se montaba a trav\u00e9s de bulones sobre una plataforma autoportante reforzada con travesa\u00f1os de chapa con perfiles de gran resistencia. Su dise\u00f1o funcional permit\u00eda que piezas como laterales de alojamiento del motor, puertas y guardabarros fuesen f\u00e1cilmente desmontables para facilitar las tareas de reparaci\u00f3n y mantenimiento. &nbsp;<\/p>\n\n\n\n<p>La suspensi\u00f3n delantera era independiente a trav\u00e9s de paralelogramo deformable articulado y barras de torsi\u00f3n longitudinales. Se complementaba con amortiguadores hidr\u00e1ulicos telesc\u00f3picos de acci\u00f3n directa y doble efecto con correctores neum\u00e1ticos. La trasera tambi\u00e9n era independiente a brazos longitudinales y barras de torsi\u00f3n de transversales. Los amortiguadores, similares a los delanteros, estaban dispuestos en forma paralela al eje longitudinal del veh\u00edculo. Completaba el esquema una barra estabilizadora montada sobre bujes el\u00e1sticos de goma.<\/p>\n\n\n\n<p>La carrocer\u00eda ten\u00eda una extensi\u00f3n de 3.788 mil\u00edmetros, con una notable altura de 1.532 mil\u00edmetros y un buen despeje de 205 mil\u00edmetros que lo hac\u00eda apto para caminos desparejos. La distancia entre ejes era de 2.395 mm con la curiosidad de que el lado derecho era casi 5 mm m\u00e1s largo.<\/p>\n\n\n\n<p>La ubicaci\u00f3n de la rueda de auxilio, debajo del piso y accesible desde el exterior, daba respuesta a la necesidad de maximizar el espacio interior para pasajeros y equipaje, pero la expon\u00eda al deterioro y al hurto.<\/p>\n\n\n\n<p>El habit\u00e1culo era notablemente sencillo. Los primeros asientos eran de ca\u00f1o estructural con una tela enhebrada y colgante, mientras que el panel de instrumentos estaba conformado por una plancha ubicada debajo del parabrisas que inclu\u00eda dos ventanillas regulables para la entrada de aire fr\u00edo y dos pr\u00e1cticas bandejas porta objetos en reemplazo de la guantera. El instrumental estaba ubicado en el centro de la columna de direcci\u00f3n, integrado por el veloc\u00edmetro, medidor de aguja de nivel de combustible y luces de testigo de carga de dinamo y temperatura. El equipamiento inclu\u00eda calefacci\u00f3n, limpiaparabrisas el\u00e9ctrico y, como equipo opcional, radio y lavador de parabrisas.<\/p>\n\n\n\n<p>Las prestaciones estaban acorde a lo esperado en un auto chico, con un motor de baja cilindrada. La velocidad m\u00e1xima estaba cercana a los 110 km\/h. &nbsp;<\/p>\n\n\n\n<p><em>Por Gustavo Feder<\/em><\/p>\n\n\n\n<p><strong><em>Continuar\u00e1&#8230;<\/em><\/strong><\/p>\n","protected":false},"excerpt":{"rendered":"<p>La incorporaci\u00f3n de la l\u00ednea Renault fue uno de los mayores aciertos de IKA (Industrias Kaiser Argentina). Luego del notable<\/p>\n","protected":false},"author":3,"featured_media":3841,"comment_status":"open","ping_status":"open","sticky":false,"template":"","format":"standard","meta":{"colormag_page_container_layout":"default_layout","colormag_page_sidebar_layout":"default_layout","footnotes":""},"categories":[21],"tags":[118,32,208,519,56],"class_list":["post-3840","post","type-post","status-publish","format-standard","has-post-thumbnail","hentry","category-autos-eternos","tag-autos-clasicos","tag-industria-automotriz","tag-produccion","tag-renault-4","tag-santa-isabel"],"yoast_head":"<!-- This site is optimized with the Yoast SEO plugin v27.5 - https:\/\/yoast.com\/product\/yoast-seo-wordpress\/ -->\n<title>Autos del Podio | El primer tracci\u00f3n delantera de Renault - Primera Parte<\/title>\n<meta name=\"description\" content=\"Autos del Podio El cl\u00e1sico Renault 4 argentino se lo conoce en Espa\u00f1a como &quot;4 latas&quot;\" \/>\n<meta name=\"robots\" content=\"index, follow, max-snippet:-1, max-image-preview:large, max-video-preview:-1\" \/>\n<link rel=\"canonical\" href=\"http:\/\/autosdelpodio.com\/autos\/el-primer-traccion-delantera-de-renault\/\" \/>\n<meta property=\"og:locale\" content=\"es_ES\" \/>\n<meta property=\"og:type\" content=\"article\" \/>\n<meta property=\"og:title\" content=\"Autos del Podio | El primer tracci\u00f3n delantera de Renault - Primera Parte\" \/>\n<meta property=\"og:description\" content=\"Autos del Podio El cl\u00e1sico Renault 4 argentino se lo conoce en Espa\u00f1a como &quot;4 latas&quot;\" \/>\n<meta property=\"og:url\" content=\"http:\/\/autosdelpodio.com\/autos\/el-primer-traccion-delantera-de-renault\/\" \/>\n<meta property=\"og:site_name\" content=\"Autos del Podio\" \/>\n<meta property=\"article:publisher\" content=\"https:\/\/www.facebook.com\/profile.php?id=100057192590976&amp;amp%3bamp%3bamp%3bamp%3bamp%3bamp%3bamp%3bamp%3bamp%3bamp%3bamp%3bamp%3bamp%3bamp%3bamp%3bamp%3bamp%3bamp%3bref=ts\" \/>\n<meta property=\"article:published_time\" content=\"2021-01-15T03:00:00+00:00\" \/>\n<meta property=\"article:modified_time\" content=\"2021-01-29T17:21:34+00:00\" \/>\n<meta property=\"og:image\" content=\"http:\/\/autosdelpodio.com\/autos\/wp-content\/uploads\/2021\/01\/Renault-4L-e1610673062719.jpg\" \/>\n\t<meta property=\"og:image:width\" content=\"800\" \/>\n\t<meta property=\"og:image:height\" content=\"359\" \/>\n\t<meta property=\"og:image:type\" content=\"image\/jpeg\" \/>\n<meta name=\"author\" content=\"autosdelpodio\" \/>\n<meta name=\"twitter:card\" content=\"summary_large_image\" \/>\n<meta name=\"twitter:creator\" content=\"@autosdelpodio\" \/>\n<meta name=\"twitter:site\" content=\"@autosdelpodio\" \/>\n<meta name=\"twitter:label1\" content=\"Escrito por\" \/>\n\t<meta name=\"twitter:data1\" content=\"autosdelpodio\" \/>\n\t<meta name=\"twitter:label2\" content=\"Tiempo de lectura\" \/>\n\t<meta name=\"twitter:data2\" content=\"3 minutos\" \/>\n<script type=\"application\/ld+json\" class=\"yoast-schema-graph\">{\"@context\":\"https:\\\/\\\/schema.org\",\"@graph\":[{\"@type\":\"Article\",\"@id\":\"http:\\\/\\\/autosdelpodio.com\\\/autos\\\/el-primer-traccion-delantera-de-renault\\\/#article\",\"isPartOf\":{\"@id\":\"http:\\\/\\\/autosdelpodio.com\\\/autos\\\/el-primer-traccion-delantera-de-renault\\\/\"},\"author\":{\"name\":\"autosdelpodio\",\"@id\":\"http:\\\/\\\/autosdelpodio.com\\\/autos\\\/#\\\/schema\\\/person\\\/993527a4d01c3acdd3d6bce3770bc942\"},\"headline\":\"El primer tracci\u00f3n delantera de Renault &#8211; Primera Parte\",\"datePublished\":\"2021-01-15T03:00:00+00:00\",\"dateModified\":\"2021-01-29T17:21:34+00:00\",\"mainEntityOfPage\":{\"@id\":\"http:\\\/\\\/autosdelpodio.com\\\/autos\\\/el-primer-traccion-delantera-de-renault\\\/\"},\"wordCount\":659,\"commentCount\":1,\"publisher\":{\"@id\":\"http:\\\/\\\/autosdelpodio.com\\\/autos\\\/#organization\"},\"image\":{\"@id\":\"http:\\\/\\\/autosdelpodio.com\\\/autos\\\/el-primer-traccion-delantera-de-renault\\\/#primaryimage\"},\"thumbnailUrl\":\"http:\\\/\\\/autosdelpodio.com\\\/autos\\\/wp-content\\\/uploads\\\/2021\\\/01\\\/Renault-4L-e1610673062719.jpg\",\"keywords\":[\"Autos Clasicos\",\"Industria Automotriz\",\"Producci\u00f3n\",\"Renault 4\",\"Santa Isabel\"],\"articleSection\":[\"Autos Eternos\"],\"inLanguage\":\"es\",\"potentialAction\":[{\"@type\":\"CommentAction\",\"name\":\"Comment\",\"target\":[\"http:\\\/\\\/autosdelpodio.com\\\/autos\\\/el-primer-traccion-delantera-de-renault\\\/#respond\"]}]},{\"@type\":\"WebPage\",\"@id\":\"http:\\\/\\\/autosdelpodio.com\\\/autos\\\/el-primer-traccion-delantera-de-renault\\\/\",\"url\":\"http:\\\/\\\/autosdelpodio.com\\\/autos\\\/el-primer-traccion-delantera-de-renault\\\/\",\"name\":\"Autos del Podio | El primer tracci\u00f3n delantera de Renault - Primera Parte\",\"isPartOf\":{\"@id\":\"http:\\\/\\\/autosdelpodio.com\\\/autos\\\/#website\"},\"primaryImageOfPage\":{\"@id\":\"http:\\\/\\\/autosdelpodio.com\\\/autos\\\/el-primer-traccion-delantera-de-renault\\\/#primaryimage\"},\"image\":{\"@id\":\"http:\\\/\\\/autosdelpodio.com\\\/autos\\\/el-primer-traccion-delantera-de-renault\\\/#primaryimage\"},\"thumbnailUrl\":\"http:\\\/\\\/autosdelpodio.com\\\/autos\\\/wp-content\\\/uploads\\\/2021\\\/01\\\/Renault-4L-e1610673062719.jpg\",\"datePublished\":\"2021-01-15T03:00:00+00:00\",\"dateModified\":\"2021-01-29T17:21:34+00:00\",\"description\":\"Autos del Podio El cl\u00e1sico Renault 4 argentino se lo conoce en Espa\u00f1a como \\\"4 latas\\\"\",\"breadcrumb\":{\"@id\":\"http:\\\/\\\/autosdelpodio.com\\\/autos\\\/el-primer-traccion-delantera-de-renault\\\/#breadcrumb\"},\"inLanguage\":\"es\",\"potentialAction\":[{\"@type\":\"ReadAction\",\"target\":[\"http:\\\/\\\/autosdelpodio.com\\\/autos\\\/el-primer-traccion-delantera-de-renault\\\/\"]}]},{\"@type\":\"ImageObject\",\"inLanguage\":\"es\",\"@id\":\"http:\\\/\\\/autosdelpodio.com\\\/autos\\\/el-primer-traccion-delantera-de-renault\\\/#primaryimage\",\"url\":\"http:\\\/\\\/autosdelpodio.com\\\/autos\\\/wp-content\\\/uploads\\\/2021\\\/01\\\/Renault-4L-e1610673062719.jpg\",\"contentUrl\":\"http:\\\/\\\/autosdelpodio.com\\\/autos\\\/wp-content\\\/uploads\\\/2021\\\/01\\\/Renault-4L-e1610673062719.jpg\",\"width\":800,\"height\":359},{\"@type\":\"BreadcrumbList\",\"@id\":\"http:\\\/\\\/autosdelpodio.com\\\/autos\\\/el-primer-traccion-delantera-de-renault\\\/#breadcrumb\",\"itemListElement\":[{\"@type\":\"ListItem\",\"position\":1,\"name\":\"Portada\",\"item\":\"http:\\\/\\\/autosdelpodio.com\\\/autos\\\/\"},{\"@type\":\"ListItem\",\"position\":2,\"name\":\"El primer tracci\u00f3n delantera de Renault &#8211; Primera Parte\"}]},{\"@type\":\"WebSite\",\"@id\":\"http:\\\/\\\/autosdelpodio.com\\\/autos\\\/#website\",\"url\":\"http:\\\/\\\/autosdelpodio.com\\\/autos\\\/\",\"name\":\"Autos del Podio\",\"description\":\"La sexta del deporte motor\",\"publisher\":{\"@id\":\"http:\\\/\\\/autosdelpodio.com\\\/autos\\\/#organization\"},\"potentialAction\":[{\"@type\":\"SearchAction\",\"target\":{\"@type\":\"EntryPoint\",\"urlTemplate\":\"http:\\\/\\\/autosdelpodio.com\\\/autos\\\/?s={search_term_string}\"},\"query-input\":{\"@type\":\"PropertyValueSpecification\",\"valueRequired\":true,\"valueName\":\"search_term_string\"}}],\"inLanguage\":\"es\"},{\"@type\":\"Organization\",\"@id\":\"http:\\\/\\\/autosdelpodio.com\\\/autos\\\/#organization\",\"name\":\"Autos del Podio\",\"url\":\"http:\\\/\\\/autosdelpodio.com\\\/autos\\\/\",\"logo\":{\"@type\":\"ImageObject\",\"inLanguage\":\"es\",\"@id\":\"http:\\\/\\\/autosdelpodio.com\\\/autos\\\/#\\\/schema\\\/logo\\\/image\\\/\",\"url\":\"http:\\\/\\\/autosdelpodio.com\\\/autos\\\/wp-content\\\/uploads\\\/2020\\\/08\\\/Logo_AR.jpg\",\"contentUrl\":\"http:\\\/\\\/autosdelpodio.com\\\/autos\\\/wp-content\\\/uploads\\\/2020\\\/08\\\/Logo_AR.jpg\",\"width\":1038,\"height\":1044,\"caption\":\"Autos del Podio\"},\"image\":{\"@id\":\"http:\\\/\\\/autosdelpodio.com\\\/autos\\\/#\\\/schema\\\/logo\\\/image\\\/\"},\"sameAs\":[\"https:\\\/\\\/www.facebook.com\\\/profile.php?id=100057192590976&amp;amp;amp;amp;amp;amp;amp;amp;amp;amp;amp;amp;amp;amp;amp;amp;amp;amp;ref=ts\",\"https:\\\/\\\/x.com\\\/autosdelpodio\",\"https:\\\/\\\/www.youtube.com\\\/user\\\/AutosdelPodio\"]},{\"@type\":\"Person\",\"@id\":\"http:\\\/\\\/autosdelpodio.com\\\/autos\\\/#\\\/schema\\\/person\\\/993527a4d01c3acdd3d6bce3770bc942\",\"name\":\"autosdelpodio\",\"image\":{\"@type\":\"ImageObject\",\"inLanguage\":\"es\",\"@id\":\"http:\\\/\\\/autosdelpodio.com\\\/autos\\\/wp-content\\\/litespeed\\\/avatar\\\/aa8f65cd201a80f6b844f63278aa84af.jpg?ver=1777403005\",\"url\":\"http:\\\/\\\/autosdelpodio.com\\\/autos\\\/wp-content\\\/litespeed\\\/avatar\\\/aa8f65cd201a80f6b844f63278aa84af.jpg?ver=1777403005\",\"contentUrl\":\"http:\\\/\\\/autosdelpodio.com\\\/autos\\\/wp-content\\\/litespeed\\\/avatar\\\/aa8f65cd201a80f6b844f63278aa84af.jpg?ver=1777403005\",\"caption\":\"autosdelpodio\"}}]}<\/script>\n<!-- \/ Yoast SEO plugin. -->","yoast_head_json":{"title":"Autos del Podio | El primer tracci\u00f3n delantera de Renault - Primera Parte","description":"Autos del Podio El cl\u00e1sico Renault 4 argentino se lo conoce en Espa\u00f1a como \"4 latas\"","robots":{"index":"index","follow":"follow","max-snippet":"max-snippet:-1","max-image-preview":"max-image-preview:large","max-video-preview":"max-video-preview:-1"},"canonical":"http:\/\/autosdelpodio.com\/autos\/el-primer-traccion-delantera-de-renault\/","og_locale":"es_ES","og_type":"article","og_title":"Autos del Podio | El primer tracci\u00f3n delantera de Renault - Primera Parte","og_description":"Autos del Podio El cl\u00e1sico Renault 4 argentino se lo conoce en Espa\u00f1a como \"4 latas\"","og_url":"http:\/\/autosdelpodio.com\/autos\/el-primer-traccion-delantera-de-renault\/","og_site_name":"Autos del Podio","article_publisher":"https:\/\/www.facebook.com\/profile.php?id=100057192590976&amp%3bamp%3bamp%3bamp%3bamp%3bamp%3bamp%3bamp%3bamp%3bamp%3bamp%3bamp%3bamp%3bamp%3bamp%3bamp%3bamp%3bamp%3bref=ts","article_published_time":"2021-01-15T03:00:00+00:00","article_modified_time":"2021-01-29T17:21:34+00:00","og_image":[{"width":800,"height":359,"url":"http:\/\/autosdelpodio.com\/autos\/wp-content\/uploads\/2021\/01\/Renault-4L-e1610673062719.jpg","type":"image\/jpeg"}],"author":"autosdelpodio","twitter_card":"summary_large_image","twitter_creator":"@autosdelpodio","twitter_site":"@autosdelpodio","twitter_misc":{"Escrito por":"autosdelpodio","Tiempo de lectura":"3 minutos"},"schema":{"@context":"https:\/\/schema.org","@graph":[{"@type":"Article","@id":"http:\/\/autosdelpodio.com\/autos\/el-primer-traccion-delantera-de-renault\/#article","isPartOf":{"@id":"http:\/\/autosdelpodio.com\/autos\/el-primer-traccion-delantera-de-renault\/"},"author":{"name":"autosdelpodio","@id":"http:\/\/autosdelpodio.com\/autos\/#\/schema\/person\/993527a4d01c3acdd3d6bce3770bc942"},"headline":"El primer tracci\u00f3n delantera de Renault &#8211; Primera Parte","datePublished":"2021-01-15T03:00:00+00:00","dateModified":"2021-01-29T17:21:34+00:00","mainEntityOfPage":{"@id":"http:\/\/autosdelpodio.com\/autos\/el-primer-traccion-delantera-de-renault\/"},"wordCount":659,"commentCount":1,"publisher":{"@id":"http:\/\/autosdelpodio.com\/autos\/#organization"},"image":{"@id":"http:\/\/autosdelpodio.com\/autos\/el-primer-traccion-delantera-de-renault\/#primaryimage"},"thumbnailUrl":"http:\/\/autosdelpodio.com\/autos\/wp-content\/uploads\/2021\/01\/Renault-4L-e1610673062719.jpg","keywords":["Autos Clasicos","Industria Automotriz","Producci\u00f3n","Renault 4","Santa Isabel"],"articleSection":["Autos Eternos"],"inLanguage":"es","potentialAction":[{"@type":"CommentAction","name":"Comment","target":["http:\/\/autosdelpodio.com\/autos\/el-primer-traccion-delantera-de-renault\/#respond"]}]},{"@type":"WebPage","@id":"http:\/\/autosdelpodio.com\/autos\/el-primer-traccion-delantera-de-renault\/","url":"http:\/\/autosdelpodio.com\/autos\/el-primer-traccion-delantera-de-renault\/","name":"Autos del Podio | El primer tracci\u00f3n delantera de Renault - Primera Parte","isPartOf":{"@id":"http:\/\/autosdelpodio.com\/autos\/#website"},"primaryImageOfPage":{"@id":"http:\/\/autosdelpodio.com\/autos\/el-primer-traccion-delantera-de-renault\/#primaryimage"},"image":{"@id":"http:\/\/autosdelpodio.com\/autos\/el-primer-traccion-delantera-de-renault\/#primaryimage"},"thumbnailUrl":"http:\/\/autosdelpodio.com\/autos\/wp-content\/uploads\/2021\/01\/Renault-4L-e1610673062719.jpg","datePublished":"2021-01-15T03:00:00+00:00","dateModified":"2021-01-29T17:21:34+00:00","description":"Autos del Podio El cl\u00e1sico Renault 4 argentino se lo conoce en Espa\u00f1a como \"4 latas\"","breadcrumb":{"@id":"http:\/\/autosdelpodio.com\/autos\/el-primer-traccion-delantera-de-renault\/#breadcrumb"},"inLanguage":"es","potentialAction":[{"@type":"ReadAction","target":["http:\/\/autosdelpodio.com\/autos\/el-primer-traccion-delantera-de-renault\/"]}]},{"@type":"ImageObject","inLanguage":"es","@id":"http:\/\/autosdelpodio.com\/autos\/el-primer-traccion-delantera-de-renault\/#primaryimage","url":"http:\/\/autosdelpodio.com\/autos\/wp-content\/uploads\/2021\/01\/Renault-4L-e1610673062719.jpg","contentUrl":"http:\/\/autosdelpodio.com\/autos\/wp-content\/uploads\/2021\/01\/Renault-4L-e1610673062719.jpg","width":800,"height":359},{"@type":"BreadcrumbList","@id":"http:\/\/autosdelpodio.com\/autos\/el-primer-traccion-delantera-de-renault\/#breadcrumb","itemListElement":[{"@type":"ListItem","position":1,"name":"Portada","item":"http:\/\/autosdelpodio.com\/autos\/"},{"@type":"ListItem","position":2,"name":"El primer tracci\u00f3n delantera de Renault &#8211; Primera Parte"}]},{"@type":"WebSite","@id":"http:\/\/autosdelpodio.com\/autos\/#website","url":"http:\/\/autosdelpodio.com\/autos\/","name":"Autos del Podio","description":"La sexta del deporte motor","publisher":{"@id":"http:\/\/autosdelpodio.com\/autos\/#organization"},"potentialAction":[{"@type":"SearchAction","target":{"@type":"EntryPoint","urlTemplate":"http:\/\/autosdelpodio.com\/autos\/?s={search_term_string}"},"query-input":{"@type":"PropertyValueSpecification","valueRequired":true,"valueName":"search_term_string"}}],"inLanguage":"es"},{"@type":"Organization","@id":"http:\/\/autosdelpodio.com\/autos\/#organization","name":"Autos del Podio","url":"http:\/\/autosdelpodio.com\/autos\/","logo":{"@type":"ImageObject","inLanguage":"es","@id":"http:\/\/autosdelpodio.com\/autos\/#\/schema\/logo\/image\/","url":"http:\/\/autosdelpodio.com\/autos\/wp-content\/uploads\/2020\/08\/Logo_AR.jpg","contentUrl":"http:\/\/autosdelpodio.com\/autos\/wp-content\/uploads\/2020\/08\/Logo_AR.jpg","width":1038,"height":1044,"caption":"Autos del Podio"},"image":{"@id":"http:\/\/autosdelpodio.com\/autos\/#\/schema\/logo\/image\/"},"sameAs":["https:\/\/www.facebook.com\/profile.php?id=100057192590976&amp;amp;amp;amp;amp;amp;amp;amp;amp;amp;amp;amp;amp;amp;amp;amp;amp;amp;ref=ts","https:\/\/x.com\/autosdelpodio","https:\/\/www.youtube.com\/user\/AutosdelPodio"]},{"@type":"Person","@id":"http:\/\/autosdelpodio.com\/autos\/#\/schema\/person\/993527a4d01c3acdd3d6bce3770bc942","name":"autosdelpodio","image":{"@type":"ImageObject","inLanguage":"es","@id":"http:\/\/autosdelpodio.com\/autos\/wp-content\/litespeed\/avatar\/aa8f65cd201a80f6b844f63278aa84af.jpg?ver=1777403005","url":"http:\/\/autosdelpodio.com\/autos\/wp-content\/litespeed\/avatar\/aa8f65cd201a80f6b844f63278aa84af.jpg?ver=1777403005","contentUrl":"http:\/\/autosdelpodio.com\/autos\/wp-content\/litespeed\/avatar\/aa8f65cd201a80f6b844f63278aa84af.jpg?ver=1777403005","caption":"autosdelpodio"}}]}},"views":1202,"_links":{"self":[{"href":"http:\/\/autosdelpodio.com\/autos\/wp-json\/wp\/v2\/posts\/3840","targetHints":{"allow":["GET"]}}],"collection":[{"href":"http:\/\/autosdelpodio.com\/autos\/wp-json\/wp\/v2\/posts"}],"about":[{"href":"http:\/\/autosdelpodio.com\/autos\/wp-json\/wp\/v2\/types\/post"}],"author":[{"embeddable":true,"href":"http:\/\/autosdelpodio.com\/autos\/wp-json\/wp\/v2\/users\/3"}],"replies":[{"embeddable":true,"href":"http:\/\/autosdelpodio.com\/autos\/wp-json\/wp\/v2\/comments?post=3840"}],"version-history":[{"count":3,"href":"http:\/\/autosdelpodio.com\/autos\/wp-json\/wp\/v2\/posts\/3840\/revisions"}],"predecessor-version":[{"id":3896,"href":"http:\/\/autosdelpodio.com\/autos\/wp-json\/wp\/v2\/posts\/3840\/revisions\/3896"}],"wp:featuredmedia":[{"embeddable":true,"href":"http:\/\/autosdelpodio.com\/autos\/wp-json\/wp\/v2\/media\/3841"}],"wp:attachment":[{"href":"http:\/\/autosdelpodio.com\/autos\/wp-json\/wp\/v2\/media?parent=3840"}],"wp:term":[{"taxonomy":"category","embeddable":true,"href":"http:\/\/autosdelpodio.com\/autos\/wp-json\/wp\/v2\/categories?post=3840"},{"taxonomy":"post_tag","embeddable":true,"href":"http:\/\/autosdelpodio.com\/autos\/wp-json\/wp\/v2\/tags?post=3840"}],"curies":[{"name":"wp","href":"https:\/\/api.w.org\/{rel}","templated":true}]}}