{"id":3853,"date":"2021-01-17T16:25:34","date_gmt":"2021-01-17T19:25:34","guid":{"rendered":"http:\/\/autosdelpodio.com\/autos\/?p=3853"},"modified":"2021-01-17T16:25:35","modified_gmt":"2021-01-17T19:25:35","slug":"camino-al-cetro","status":"publish","type":"post","link":"http:\/\/autosdelpodio.com\/autos\/camino-al-cetro\/","title":{"rendered":"Camino al cetro"},"content":{"rendered":"\n<p>Mat\u00edas Rossi (Toyota Corolla) capitaliz\u00f3 que el puntero Leonel Pernia tuvo que desertar a 7 vueltas del final por la rotura del neumatico para llevarse una nueva fecha en el Autodromo de la Ciudad de Paran\u00e1. Jos\u00e9 Manuel Urcera y Agust\u00edn Canapino, ambos con Chevrolet Cruze completaron el podio.<br>Con este quinto triunfo del a\u00f1o, Rossi estira ventaja en funci\u00f3n del campeonato con 159 puntos, seguido por Canapino, con 118, y su compa\u00f1ero de equpio Julian Santero con 81.<br>La proxima y penultima fecha ser\u00e1 el 7 de febrero en el Aut\u00f3dromo Juan y Oscar Galvez de la Ciudad de Buenos Aires.<\/p>\n\n\n\n<p><strong>Final STC2000 &#8211; Paran\u00e1<\/strong><\/p>\n\n\n\n<p><em>1 Matias Rossi Toyota Corolla 30 00:46:53.756 00.00<br>2 Jos\u00e9 Manuel Urcera Chevrolet Cruze 30 00:46:54.264 00.508<br>3 Agustin Canapino Chevrolet Cruze 30 00:46:54.656 00.900<br>4 Marcelo Ciarrocchi Citroen C4 Lounge 30 00:46:58.890 05.134<br>5 Rubens Barrichello Toyota Corolla 30 00:46:59.353 05.597<br>6 Facundo Ardusso Renault Fluence GT 30 00:47:01.364 07.608<br>7 Tom\u00e1s Gagliardi Genn\u00e9 Renault Fluence GT 30 00:47:03.163 09.407<br>8 Juan Jos\u00e9 Garriz Citroen C4 Lounge 30 00:47:07.917 14.161<br>9 Fabian Yannantuoni Honda Civic 30 00:47:08.295 14.539<br>10 Mat\u00edas Milla Renault Fluence GT 30 00:47:09.145 15.389<br>11 Nicol\u00e1s Moscardini Honda Civic 30 00:47:10.394 16.638<br>12 Ricardo Risatti Toyota Corolla 25 00:39:28.318 05.000<br>13 Leonel Pernia Renault Fluence GT 23 00:34:43.987 07.000<br>14 Juli\u00e1n Santero Toyota Corolla 23 00:36:57.259 07.000<br>15 Valent\u00edn Aguirre Toyota Corolla 18 00:27:37.569 12.000<br>16 Juan \u00c1ngel Rosso Honda Civic 18 00:27:40.534 12.000<br>17 Bernardo Llaver Chevrolet Cruze 13 00:20:24.533 17.000<br>18 Diego Ciantini Honda Civic 7 00:12:30.290 23.000<br>19 Hernan Palazzo Toyota Corolla 0 0:00.000 00.000<br>Promedio de carrera: 161.784 km\/h<br>Record de vta: N\u00b017 (Rossi) en 1m29s224\/1000 a 170.066 km\/h<\/em><\/p>\n","protected":false},"excerpt":{"rendered":"<p>Mat\u00edas Rossi (Toyota Corolla) capitaliz\u00f3 que el puntero Leonel Pernia tuvo que desertar a 7 vueltas del final por la<\/p>\n","protected":false},"author":3,"featured_media":1613,"comment_status":"open","ping_status":"open","sticky":false,"template":"","format":"standard","meta":{"colormag_page_container_layout":"default_layout","colormag_page_sidebar_layout":"default_layout","footnotes":""},"categories":[6,5],"tags":[503,366,77,326],"class_list":["post-3853","post","type-post","status-publish","format-standard","has-post-thumbnail","hentry","category-newsflash","category-latest-news","tag-autodromo-parana","tag-matias-rossi","tag-supertc2000","tag-toyota"],"yoast_head":"<!-- This site is optimized with the Yoast SEO plugin v27.5 - https:\/\/yoast.com\/product\/yoast-seo-wordpress\/ -->\n<title>Autos del Podio | Camino al cetro<\/title>\n<meta name=\"description\" content=\"Autos del Podio Mat\u00edas Rossi no desaprovech\u00f3 su momento para volver a ganar en el Super TC2000\" \/>\n<meta name=\"robots\" content=\"index, follow, max-snippet:-1, max-image-preview:large, max-video-preview:-1\" \/>\n<link rel=\"canonical\" href=\"https:\/\/autosdelpodio.com\/autos\/camino-al-cetro\/\" \/>\n<meta property=\"og:locale\" content=\"es_ES\" \/>\n<meta property=\"og:type\" content=\"article\" \/>\n<meta property=\"og:title\" content=\"Autos del Podio | Camino al cetro\" \/>\n<meta property=\"og:description\" content=\"Autos del Podio Mat\u00edas Rossi no desaprovech\u00f3 su momento para volver a ganar en el Super TC2000\" \/>\n<meta property=\"og:url\" content=\"https:\/\/autosdelpodio.com\/autos\/camino-al-cetro\/\" \/>\n<meta property=\"og:site_name\" content=\"Autos del Podio\" \/>\n<meta property=\"article:publisher\" content=\"https:\/\/www.facebook.com\/profile.php?id=100057192590976&amp;amp%3bamp%3bamp%3bamp%3bamp%3bamp%3bamp%3bamp%3bamp%3bamp%3bamp%3bamp%3bamp%3bamp%3bamp%3bamp%3bamp%3bamp%3bref=ts\" \/>\n<meta property=\"article:published_time\" content=\"2021-01-17T19:25:34+00:00\" \/>\n<meta property=\"article:modified_time\" content=\"2021-01-17T19:25:35+00:00\" \/>\n<meta property=\"og:image\" content=\"https:\/\/autosdelpodio.com\/autos\/wp-content\/uploads\/2020\/04\/STC2000.jpg\" \/>\n\t<meta property=\"og:image:width\" content=\"350\" \/>\n\t<meta property=\"og:image:height\" content=\"189\" \/>\n\t<meta property=\"og:image:type\" content=\"image\/jpeg\" \/>\n<meta name=\"author\" content=\"autosdelpodio\" \/>\n<meta name=\"twitter:card\" content=\"summary_large_image\" \/>\n<meta name=\"twitter:creator\" content=\"@autosdelpodio\" \/>\n<meta name=\"twitter:site\" content=\"@autosdelpodio\" \/>\n<meta name=\"twitter:label1\" content=\"Escrito por\" \/>\n\t<meta name=\"twitter:data1\" content=\"autosdelpodio\" \/>\n\t<meta name=\"twitter:label2\" content=\"Tiempo de lectura\" \/>\n\t<meta name=\"twitter:data2\" content=\"2 minutos\" \/>\n<script type=\"application\/ld+json\" class=\"yoast-schema-graph\">{\"@context\":\"https:\\\/\\\/schema.org\",\"@graph\":[{\"@type\":\"Article\",\"@id\":\"https:\\\/\\\/autosdelpodio.com\\\/autos\\\/camino-al-cetro\\\/#article\",\"isPartOf\":{\"@id\":\"https:\\\/\\\/autosdelpodio.com\\\/autos\\\/camino-al-cetro\\\/\"},\"author\":{\"name\":\"autosdelpodio\",\"@id\":\"http:\\\/\\\/autosdelpodio.com\\\/autos\\\/#\\\/schema\\\/person\\\/993527a4d01c3acdd3d6bce3770bc942\"},\"headline\":\"Camino al cetro\",\"datePublished\":\"2021-01-17T19:25:34+00:00\",\"dateModified\":\"2021-01-17T19:25:35+00:00\",\"mainEntityOfPage\":{\"@id\":\"https:\\\/\\\/autosdelpodio.com\\\/autos\\\/camino-al-cetro\\\/\"},\"wordCount\":216,\"commentCount\":0,\"publisher\":{\"@id\":\"http:\\\/\\\/autosdelpodio.com\\\/autos\\\/#organization\"},\"image\":{\"@id\":\"https:\\\/\\\/autosdelpodio.com\\\/autos\\\/camino-al-cetro\\\/#primaryimage\"},\"thumbnailUrl\":\"http:\\\/\\\/autosdelpodio.com\\\/autos\\\/wp-content\\\/uploads\\\/2020\\\/04\\\/STC2000.jpg\",\"keywords\":[\"Autodromo Paran\u00e1\",\"Matias Rossi\",\"SuperTC2000\",\"Toyota\"],\"articleSection\":[\"Destacado\",\"\u00daltimas noticias\"],\"inLanguage\":\"es\",\"potentialAction\":[{\"@type\":\"CommentAction\",\"name\":\"Comment\",\"target\":[\"https:\\\/\\\/autosdelpodio.com\\\/autos\\\/camino-al-cetro\\\/#respond\"]}]},{\"@type\":\"WebPage\",\"@id\":\"https:\\\/\\\/autosdelpodio.com\\\/autos\\\/camino-al-cetro\\\/\",\"url\":\"https:\\\/\\\/autosdelpodio.com\\\/autos\\\/camino-al-cetro\\\/\",\"name\":\"Autos del Podio | Camino al cetro\",\"isPartOf\":{\"@id\":\"http:\\\/\\\/autosdelpodio.com\\\/autos\\\/#website\"},\"primaryImageOfPage\":{\"@id\":\"https:\\\/\\\/autosdelpodio.com\\\/autos\\\/camino-al-cetro\\\/#primaryimage\"},\"image\":{\"@id\":\"https:\\\/\\\/autosdelpodio.com\\\/autos\\\/camino-al-cetro\\\/#primaryimage\"},\"thumbnailUrl\":\"http:\\\/\\\/autosdelpodio.com\\\/autos\\\/wp-content\\\/uploads\\\/2020\\\/04\\\/STC2000.jpg\",\"datePublished\":\"2021-01-17T19:25:34+00:00\",\"dateModified\":\"2021-01-17T19:25:35+00:00\",\"description\":\"Autos del Podio Mat\u00edas Rossi no desaprovech\u00f3 su momento para volver a ganar en el Super TC2000\",\"breadcrumb\":{\"@id\":\"https:\\\/\\\/autosdelpodio.com\\\/autos\\\/camino-al-cetro\\\/#breadcrumb\"},\"inLanguage\":\"es\",\"potentialAction\":[{\"@type\":\"ReadAction\",\"target\":[\"https:\\\/\\\/autosdelpodio.com\\\/autos\\\/camino-al-cetro\\\/\"]}]},{\"@type\":\"ImageObject\",\"inLanguage\":\"es\",\"@id\":\"https:\\\/\\\/autosdelpodio.com\\\/autos\\\/camino-al-cetro\\\/#primaryimage\",\"url\":\"http:\\\/\\\/autosdelpodio.com\\\/autos\\\/wp-content\\\/uploads\\\/2020\\\/04\\\/STC2000.jpg\",\"contentUrl\":\"http:\\\/\\\/autosdelpodio.com\\\/autos\\\/wp-content\\\/uploads\\\/2020\\\/04\\\/STC2000.jpg\",\"width\":350,\"height\":189},{\"@type\":\"BreadcrumbList\",\"@id\":\"https:\\\/\\\/autosdelpodio.com\\\/autos\\\/camino-al-cetro\\\/#breadcrumb\",\"itemListElement\":[{\"@type\":\"ListItem\",\"position\":1,\"name\":\"Portada\",\"item\":\"http:\\\/\\\/autosdelpodio.com\\\/autos\\\/\"},{\"@type\":\"ListItem\",\"position\":2,\"name\":\"Camino al cetro\"}]},{\"@type\":\"WebSite\",\"@id\":\"http:\\\/\\\/autosdelpodio.com\\\/autos\\\/#website\",\"url\":\"http:\\\/\\\/autosdelpodio.com\\\/autos\\\/\",\"name\":\"Autos del Podio\",\"description\":\"La sexta del deporte motor\",\"publisher\":{\"@id\":\"http:\\\/\\\/autosdelpodio.com\\\/autos\\\/#organization\"},\"potentialAction\":[{\"@type\":\"SearchAction\",\"target\":{\"@type\":\"EntryPoint\",\"urlTemplate\":\"http:\\\/\\\/autosdelpodio.com\\\/autos\\\/?s={search_term_string}\"},\"query-input\":{\"@type\":\"PropertyValueSpecification\",\"valueRequired\":true,\"valueName\":\"search_term_string\"}}],\"inLanguage\":\"es\"},{\"@type\":\"Organization\",\"@id\":\"http:\\\/\\\/autosdelpodio.com\\\/autos\\\/#organization\",\"name\":\"Autos del Podio\",\"url\":\"http:\\\/\\\/autosdelpodio.com\\\/autos\\\/\",\"logo\":{\"@type\":\"ImageObject\",\"inLanguage\":\"es\",\"@id\":\"http:\\\/\\\/autosdelpodio.com\\\/autos\\\/#\\\/schema\\\/logo\\\/image\\\/\",\"url\":\"http:\\\/\\\/autosdelpodio.com\\\/autos\\\/wp-content\\\/uploads\\\/2020\\\/08\\\/Logo_AR.jpg\",\"contentUrl\":\"http:\\\/\\\/autosdelpodio.com\\\/autos\\\/wp-content\\\/uploads\\\/2020\\\/08\\\/Logo_AR.jpg\",\"width\":1038,\"height\":1044,\"caption\":\"Autos del Podio\"},\"image\":{\"@id\":\"http:\\\/\\\/autosdelpodio.com\\\/autos\\\/#\\\/schema\\\/logo\\\/image\\\/\"},\"sameAs\":[\"https:\\\/\\\/www.facebook.com\\\/profile.php?id=100057192590976&amp;amp;amp;amp;amp;amp;amp;amp;amp;amp;amp;amp;amp;amp;amp;amp;amp;amp;ref=ts\",\"https:\\\/\\\/x.com\\\/autosdelpodio\",\"https:\\\/\\\/www.youtube.com\\\/user\\\/AutosdelPodio\"]},{\"@type\":\"Person\",\"@id\":\"http:\\\/\\\/autosdelpodio.com\\\/autos\\\/#\\\/schema\\\/person\\\/993527a4d01c3acdd3d6bce3770bc942\",\"name\":\"autosdelpodio\",\"image\":{\"@type\":\"ImageObject\",\"inLanguage\":\"es\",\"@id\":\"http:\\\/\\\/autosdelpodio.com\\\/autos\\\/wp-content\\\/litespeed\\\/avatar\\\/aa8f65cd201a80f6b844f63278aa84af.jpg?ver=1777403005\",\"url\":\"http:\\\/\\\/autosdelpodio.com\\\/autos\\\/wp-content\\\/litespeed\\\/avatar\\\/aa8f65cd201a80f6b844f63278aa84af.jpg?ver=1777403005\",\"contentUrl\":\"http:\\\/\\\/autosdelpodio.com\\\/autos\\\/wp-content\\\/litespeed\\\/avatar\\\/aa8f65cd201a80f6b844f63278aa84af.jpg?ver=1777403005\",\"caption\":\"autosdelpodio\"}}]}<\/script>\n<!-- \/ Yoast SEO plugin. -->","yoast_head_json":{"title":"Autos del Podio | Camino al cetro","description":"Autos del Podio Mat\u00edas Rossi no desaprovech\u00f3 su momento para volver a ganar en el Super TC2000","robots":{"index":"index","follow":"follow","max-snippet":"max-snippet:-1","max-image-preview":"max-image-preview:large","max-video-preview":"max-video-preview:-1"},"canonical":"https:\/\/autosdelpodio.com\/autos\/camino-al-cetro\/","og_locale":"es_ES","og_type":"article","og_title":"Autos del Podio | Camino al cetro","og_description":"Autos del Podio Mat\u00edas Rossi no desaprovech\u00f3 su momento para volver a ganar en el Super TC2000","og_url":"https:\/\/autosdelpodio.com\/autos\/camino-al-cetro\/","og_site_name":"Autos del Podio","article_publisher":"https:\/\/www.facebook.com\/profile.php?id=100057192590976&amp%3bamp%3bamp%3bamp%3bamp%3bamp%3bamp%3bamp%3bamp%3bamp%3bamp%3bamp%3bamp%3bamp%3bamp%3bamp%3bamp%3bamp%3bref=ts","article_published_time":"2021-01-17T19:25:34+00:00","article_modified_time":"2021-01-17T19:25:35+00:00","og_image":[{"width":350,"height":189,"url":"https:\/\/autosdelpodio.com\/autos\/wp-content\/uploads\/2020\/04\/STC2000.jpg","type":"image\/jpeg"}],"author":"autosdelpodio","twitter_card":"summary_large_image","twitter_creator":"@autosdelpodio","twitter_site":"@autosdelpodio","twitter_misc":{"Escrito por":"autosdelpodio","Tiempo de lectura":"2 minutos"},"schema":{"@context":"https:\/\/schema.org","@graph":[{"@type":"Article","@id":"https:\/\/autosdelpodio.com\/autos\/camino-al-cetro\/#article","isPartOf":{"@id":"https:\/\/autosdelpodio.com\/autos\/camino-al-cetro\/"},"author":{"name":"autosdelpodio","@id":"http:\/\/autosdelpodio.com\/autos\/#\/schema\/person\/993527a4d01c3acdd3d6bce3770bc942"},"headline":"Camino al cetro","datePublished":"2021-01-17T19:25:34+00:00","dateModified":"2021-01-17T19:25:35+00:00","mainEntityOfPage":{"@id":"https:\/\/autosdelpodio.com\/autos\/camino-al-cetro\/"},"wordCount":216,"commentCount":0,"publisher":{"@id":"http:\/\/autosdelpodio.com\/autos\/#organization"},"image":{"@id":"https:\/\/autosdelpodio.com\/autos\/camino-al-cetro\/#primaryimage"},"thumbnailUrl":"http:\/\/autosdelpodio.com\/autos\/wp-content\/uploads\/2020\/04\/STC2000.jpg","keywords":["Autodromo Paran\u00e1","Matias Rossi","SuperTC2000","Toyota"],"articleSection":["Destacado","\u00daltimas noticias"],"inLanguage":"es","potentialAction":[{"@type":"CommentAction","name":"Comment","target":["https:\/\/autosdelpodio.com\/autos\/camino-al-cetro\/#respond"]}]},{"@type":"WebPage","@id":"https:\/\/autosdelpodio.com\/autos\/camino-al-cetro\/","url":"https:\/\/autosdelpodio.com\/autos\/camino-al-cetro\/","name":"Autos del Podio | Camino al cetro","isPartOf":{"@id":"http:\/\/autosdelpodio.com\/autos\/#website"},"primaryImageOfPage":{"@id":"https:\/\/autosdelpodio.com\/autos\/camino-al-cetro\/#primaryimage"},"image":{"@id":"https:\/\/autosdelpodio.com\/autos\/camino-al-cetro\/#primaryimage"},"thumbnailUrl":"http:\/\/autosdelpodio.com\/autos\/wp-content\/uploads\/2020\/04\/STC2000.jpg","datePublished":"2021-01-17T19:25:34+00:00","dateModified":"2021-01-17T19:25:35+00:00","description":"Autos del Podio Mat\u00edas Rossi no desaprovech\u00f3 su momento para volver a ganar en el Super TC2000","breadcrumb":{"@id":"https:\/\/autosdelpodio.com\/autos\/camino-al-cetro\/#breadcrumb"},"inLanguage":"es","potentialAction":[{"@type":"ReadAction","target":["https:\/\/autosdelpodio.com\/autos\/camino-al-cetro\/"]}]},{"@type":"ImageObject","inLanguage":"es","@id":"https:\/\/autosdelpodio.com\/autos\/camino-al-cetro\/#primaryimage","url":"http:\/\/autosdelpodio.com\/autos\/wp-content\/uploads\/2020\/04\/STC2000.jpg","contentUrl":"http:\/\/autosdelpodio.com\/autos\/wp-content\/uploads\/2020\/04\/STC2000.jpg","width":350,"height":189},{"@type":"BreadcrumbList","@id":"https:\/\/autosdelpodio.com\/autos\/camino-al-cetro\/#breadcrumb","itemListElement":[{"@type":"ListItem","position":1,"name":"Portada","item":"http:\/\/autosdelpodio.com\/autos\/"},{"@type":"ListItem","position":2,"name":"Camino al cetro"}]},{"@type":"WebSite","@id":"http:\/\/autosdelpodio.com\/autos\/#website","url":"http:\/\/autosdelpodio.com\/autos\/","name":"Autos del Podio","description":"La sexta del deporte motor","publisher":{"@id":"http:\/\/autosdelpodio.com\/autos\/#organization"},"potentialAction":[{"@type":"SearchAction","target":{"@type":"EntryPoint","urlTemplate":"http:\/\/autosdelpodio.com\/autos\/?s={search_term_string}"},"query-input":{"@type":"PropertyValueSpecification","valueRequired":true,"valueName":"search_term_string"}}],"inLanguage":"es"},{"@type":"Organization","@id":"http:\/\/autosdelpodio.com\/autos\/#organization","name":"Autos del Podio","url":"http:\/\/autosdelpodio.com\/autos\/","logo":{"@type":"ImageObject","inLanguage":"es","@id":"http:\/\/autosdelpodio.com\/autos\/#\/schema\/logo\/image\/","url":"http:\/\/autosdelpodio.com\/autos\/wp-content\/uploads\/2020\/08\/Logo_AR.jpg","contentUrl":"http:\/\/autosdelpodio.com\/autos\/wp-content\/uploads\/2020\/08\/Logo_AR.jpg","width":1038,"height":1044,"caption":"Autos del Podio"},"image":{"@id":"http:\/\/autosdelpodio.com\/autos\/#\/schema\/logo\/image\/"},"sameAs":["https:\/\/www.facebook.com\/profile.php?id=100057192590976&amp;amp;amp;amp;amp;amp;amp;amp;amp;amp;amp;amp;amp;amp;amp;amp;amp;amp;ref=ts","https:\/\/x.com\/autosdelpodio","https:\/\/www.youtube.com\/user\/AutosdelPodio"]},{"@type":"Person","@id":"http:\/\/autosdelpodio.com\/autos\/#\/schema\/person\/993527a4d01c3acdd3d6bce3770bc942","name":"autosdelpodio","image":{"@type":"ImageObject","inLanguage":"es","@id":"http:\/\/autosdelpodio.com\/autos\/wp-content\/litespeed\/avatar\/aa8f65cd201a80f6b844f63278aa84af.jpg?ver=1777403005","url":"http:\/\/autosdelpodio.com\/autos\/wp-content\/litespeed\/avatar\/aa8f65cd201a80f6b844f63278aa84af.jpg?ver=1777403005","contentUrl":"http:\/\/autosdelpodio.com\/autos\/wp-content\/litespeed\/avatar\/aa8f65cd201a80f6b844f63278aa84af.jpg?ver=1777403005","caption":"autosdelpodio"}}]}},"views":817,"_links":{"self":[{"href":"http:\/\/autosdelpodio.com\/autos\/wp-json\/wp\/v2\/posts\/3853","targetHints":{"allow":["GET"]}}],"collection":[{"href":"http:\/\/autosdelpodio.com\/autos\/wp-json\/wp\/v2\/posts"}],"about":[{"href":"http:\/\/autosdelpodio.com\/autos\/wp-json\/wp\/v2\/types\/post"}],"author":[{"embeddable":true,"href":"http:\/\/autosdelpodio.com\/autos\/wp-json\/wp\/v2\/users\/3"}],"replies":[{"embeddable":true,"href":"http:\/\/autosdelpodio.com\/autos\/wp-json\/wp\/v2\/comments?post=3853"}],"version-history":[{"count":1,"href":"http:\/\/autosdelpodio.com\/autos\/wp-json\/wp\/v2\/posts\/3853\/revisions"}],"predecessor-version":[{"id":3854,"href":"http:\/\/autosdelpodio.com\/autos\/wp-json\/wp\/v2\/posts\/3853\/revisions\/3854"}],"wp:featuredmedia":[{"embeddable":true,"href":"http:\/\/autosdelpodio.com\/autos\/wp-json\/wp\/v2\/media\/1613"}],"wp:attachment":[{"href":"http:\/\/autosdelpodio.com\/autos\/wp-json\/wp\/v2\/media?parent=3853"}],"wp:term":[{"taxonomy":"category","embeddable":true,"href":"http:\/\/autosdelpodio.com\/autos\/wp-json\/wp\/v2\/categories?post=3853"},{"taxonomy":"post_tag","embeddable":true,"href":"http:\/\/autosdelpodio.com\/autos\/wp-json\/wp\/v2\/tags?post=3853"}],"curies":[{"name":"wp","href":"https:\/\/api.w.org\/{rel}","templated":true}]}}