{"id":3877,"date":"2021-01-24T19:53:52","date_gmt":"2021-01-24T22:53:52","guid":{"rendered":"http:\/\/autosdelpodio.com\/autos\/?p=3877"},"modified":"2021-01-24T19:57:19","modified_gmt":"2021-01-24T22:57:19","slug":"el-mouras-y-el-pista-abrieron-el-2021","status":"publish","type":"post","link":"http:\/\/autosdelpodio.com\/autos\/el-mouras-y-el-pista-abrieron-el-2021\/","title":{"rendered":"El Mouras y el Pista abrieron el 2021"},"content":{"rendered":"\n<p>Las divisionales menores de la ACTC pusieron primera en la por dem\u00e1s jornada calurosa en el Autodromo platense.Hubo 2 bautismos triunfales: Tobias Martinez en el TC Mouras y Ramiro De Bonis en el TC Pista Mouras.<br>En el Mouras el campe\u00f3n 2020 del Pista peg\u00f3 el salto de modo inmejorable al quedarse con la final con el Chevrolet por delante del Poleman Marcos Quijada (Dodge) y Jerem\u00edas Olmedo (Ford).<br>Previamente Ramiro De Bonis (Ford) se impuso en la competencia durante el mediod\u00eda de Domingo escoltado por Geronimo Gonnet (Torino) y Franco Deambrosi (Ford)<br>La pr\u00f3xima ser\u00e1 el 7 de febrero, nuevamente en el La Plata, pero en esta oportunidad lo har\u00e1n con la variante de la chicana.<\/p>\n\n\n\n<p><strong>Final TCM &#8211; Ficha 1<\/strong><\/p>\n\n\n\n<p><em>1\u00b0 107 MART\u00cdNEZ, TOB\u00cdAS Chevrolet 16 28:09.096<br>2\u00b0 197 QUIJADA, MARCOS Dodge 16 0.780<br>3\u00b0 146 OLMEDO, JEREM\u00cdAS Ford 16 3.111<br>4\u00b0 93 DOMENECH, ALFONSO Dodge 16 6.469<br>5\u00b0 88 VICINO, LUCAS Chevrolet 16 10.942<br>6\u00b0 172 GRANJA, LUCAS Chevrolet 16 14.134<br>7\u00b0 21 BUNDZIAK, RUDI Ford 16 14.462<br>8\u00b0 101 VALLE, LUCAS Dodge 16 15.125<br>9\u00b0 113 LUG\u00d3N, RODRIGO Ford 16 16.143<br>10\u00b0 55 MONTANARI, NICOL\u00c1S Dodge 16 16.454<br>11\u00b0 54 COTIGNOLA, LUCIANO Dodge 16 16.865<br>12\u00b0 177 PILO, JUAN PABLO Chevrolet 16 17.319<br>13\u00b0 133 GUIFFREY, MAT\u00cdAS Ford 16 21.173<br>14\u00b0 34 TETI, JER\u00d3NIMO Torino 16 24.778<br>15\u00b0 71 BREZZO, TOM\u00c1S Dodge 16 25.592<br>16\u00b0 46 OLIVER, AMILCAR Dodge 16 27.741<br>17\u00b0 7 VIVOT, MAXIMILIANO Chevrolet 16 30.209<br>18\u00b0 92 OLIVER, AXEL Chevrolet 16 40.435<br>19\u00b0 129 BOCCANERA, BRUNO Ford 16 51.187<br>20\u00b0 30 ABDALA, TOM\u00c1S Ford 16 1:13.933<br>21\u00b0 28 NOWAK, LEONARDO Chevrolet 15 1 VTA<br>22\u00b0 120 FEITO , MAXIMILIANO Ford 15 1 VTA<br>23\u00b0 16 GANDULIA, GABRIEL Torino 13 3 VTAS<br>24\u00b0 110 AZAR, DIEGO Chevrolet 11 5 VTAS<br>25\u00b0 45 LEGUIZAM\u00d3N, BALTAZAR Dodge 10 6 VTAS<br>26\u00b0 99 SALERNO, ALESSANDRO Dodge 9 7 VTAS<br>27\u00b0 77 MACEIRA, JUAN IGNACIO Torino 7 9 VTAS<br>28\u00b0 108 CONTA, GREGORIO Torino 6 10 VTAS<br>29\u00b0 78 BALDINELLI, EZEQUIEL Ford 6 10 VTAS<br>PROMEDIO: 145,441 KM\/H<br>RECORD DE VUELTA: NRO 107 (MART\u00cdNEZ) VTA 10 EN 1:31.610 A 167,602 KM\/H<\/em><\/p>\n","protected":false},"excerpt":{"rendered":"<p>Las divisionales menores de la ACTC pusieron primera en la por dem\u00e1s jornada calurosa en el Autodromo platense.Hubo 2 bautismos<\/p>\n","protected":false},"author":3,"featured_media":0,"comment_status":"open","ping_status":"open","sticky":false,"template":"","format":"standard","meta":{"colormag_page_container_layout":"default_layout","colormag_page_sidebar_layout":"default_layout","footnotes":""},"categories":[5],"tags":[143,302,86,322,323],"class_list":["post-3877","post","type-post","status-publish","format-standard","hentry","category-latest-news","tag-actc","tag-la-plata","tag-pilotos-y-categorias","tag-tc-mouras","tag-tcpm"],"yoast_head":"<!-- This site is optimized with the Yoast SEO plugin v27.4 - https:\/\/yoast.com\/product\/yoast-seo-wordpress\/ -->\n<title>Autos del Podio | El Mouras y el Pista abrieron el 2021<\/title>\n<meta name=\"description\" content=\"Autos del Podio Hubo actividad en La Plata con victoria de debutantes.\" \/>\n<meta name=\"robots\" content=\"index, follow, max-snippet:-1, max-image-preview:large, max-video-preview:-1\" \/>\n<link rel=\"canonical\" href=\"http:\/\/autosdelpodio.com\/autos\/el-mouras-y-el-pista-abrieron-el-2021\/\" \/>\n<meta property=\"og:locale\" content=\"es_ES\" \/>\n<meta property=\"og:type\" content=\"article\" \/>\n<meta property=\"og:title\" content=\"Autos del Podio | El Mouras y el Pista abrieron el 2021\" \/>\n<meta property=\"og:description\" content=\"Autos del Podio Hubo actividad en La Plata con victoria de debutantes.\" \/>\n<meta property=\"og:url\" content=\"http:\/\/autosdelpodio.com\/autos\/el-mouras-y-el-pista-abrieron-el-2021\/\" \/>\n<meta property=\"og:site_name\" content=\"Autos del Podio\" \/>\n<meta property=\"article:publisher\" content=\"https:\/\/www.facebook.com\/profile.php?id=100057192590976&amp;amp%3bamp%3bamp%3bamp%3bamp%3bamp%3bamp%3bamp%3bamp%3bamp%3bamp%3bamp%3bamp%3bamp%3bamp%3bamp%3bamp%3bamp%3bref=ts\" \/>\n<meta property=\"article:published_time\" content=\"2021-01-24T22:53:52+00:00\" \/>\n<meta property=\"article:modified_time\" content=\"2021-01-24T22:57:19+00:00\" \/>\n<meta name=\"author\" content=\"autosdelpodio\" \/>\n<meta name=\"twitter:card\" content=\"summary_large_image\" \/>\n<meta name=\"twitter:creator\" content=\"@autosdelpodio\" \/>\n<meta name=\"twitter:site\" content=\"@autosdelpodio\" \/>\n<meta name=\"twitter:label1\" content=\"Escrito por\" \/>\n\t<meta name=\"twitter:data1\" content=\"autosdelpodio\" \/>\n\t<meta name=\"twitter:label2\" content=\"Tiempo de lectura\" \/>\n\t<meta name=\"twitter:data2\" content=\"2 minutos\" \/>\n<script type=\"application\/ld+json\" class=\"yoast-schema-graph\">{\"@context\":\"https:\\\/\\\/schema.org\",\"@graph\":[{\"@type\":\"Article\",\"@id\":\"http:\\\/\\\/autosdelpodio.com\\\/autos\\\/el-mouras-y-el-pista-abrieron-el-2021\\\/#article\",\"isPartOf\":{\"@id\":\"http:\\\/\\\/autosdelpodio.com\\\/autos\\\/el-mouras-y-el-pista-abrieron-el-2021\\\/\"},\"author\":{\"name\":\"autosdelpodio\",\"@id\":\"http:\\\/\\\/autosdelpodio.com\\\/autos\\\/#\\\/schema\\\/person\\\/993527a4d01c3acdd3d6bce3770bc942\"},\"headline\":\"El Mouras y el Pista abrieron el 2021\",\"datePublished\":\"2021-01-24T22:53:52+00:00\",\"dateModified\":\"2021-01-24T22:57:19+00:00\",\"mainEntityOfPage\":{\"@id\":\"http:\\\/\\\/autosdelpodio.com\\\/autos\\\/el-mouras-y-el-pista-abrieron-el-2021\\\/\"},\"wordCount\":252,\"commentCount\":0,\"publisher\":{\"@id\":\"http:\\\/\\\/autosdelpodio.com\\\/autos\\\/#organization\"},\"keywords\":[\"ACTC\",\"La Plata\",\"Pilotos y Categorias\",\"TC Mouras\",\"TCPM\"],\"articleSection\":[\"\u00daltimas noticias\"],\"inLanguage\":\"es\",\"potentialAction\":[{\"@type\":\"CommentAction\",\"name\":\"Comment\",\"target\":[\"http:\\\/\\\/autosdelpodio.com\\\/autos\\\/el-mouras-y-el-pista-abrieron-el-2021\\\/#respond\"]}]},{\"@type\":\"WebPage\",\"@id\":\"http:\\\/\\\/autosdelpodio.com\\\/autos\\\/el-mouras-y-el-pista-abrieron-el-2021\\\/\",\"url\":\"http:\\\/\\\/autosdelpodio.com\\\/autos\\\/el-mouras-y-el-pista-abrieron-el-2021\\\/\",\"name\":\"Autos del Podio | El Mouras y el Pista abrieron el 2021\",\"isPartOf\":{\"@id\":\"http:\\\/\\\/autosdelpodio.com\\\/autos\\\/#website\"},\"datePublished\":\"2021-01-24T22:53:52+00:00\",\"dateModified\":\"2021-01-24T22:57:19+00:00\",\"description\":\"Autos del Podio Hubo actividad en La Plata con victoria de debutantes.\",\"breadcrumb\":{\"@id\":\"http:\\\/\\\/autosdelpodio.com\\\/autos\\\/el-mouras-y-el-pista-abrieron-el-2021\\\/#breadcrumb\"},\"inLanguage\":\"es\",\"potentialAction\":[{\"@type\":\"ReadAction\",\"target\":[\"http:\\\/\\\/autosdelpodio.com\\\/autos\\\/el-mouras-y-el-pista-abrieron-el-2021\\\/\"]}]},{\"@type\":\"BreadcrumbList\",\"@id\":\"http:\\\/\\\/autosdelpodio.com\\\/autos\\\/el-mouras-y-el-pista-abrieron-el-2021\\\/#breadcrumb\",\"itemListElement\":[{\"@type\":\"ListItem\",\"position\":1,\"name\":\"Portada\",\"item\":\"http:\\\/\\\/autosdelpodio.com\\\/autos\\\/\"},{\"@type\":\"ListItem\",\"position\":2,\"name\":\"El Mouras y el Pista abrieron el 2021\"}]},{\"@type\":\"WebSite\",\"@id\":\"http:\\\/\\\/autosdelpodio.com\\\/autos\\\/#website\",\"url\":\"http:\\\/\\\/autosdelpodio.com\\\/autos\\\/\",\"name\":\"Autos del Podio\",\"description\":\"La sexta del deporte motor\",\"publisher\":{\"@id\":\"http:\\\/\\\/autosdelpodio.com\\\/autos\\\/#organization\"},\"potentialAction\":[{\"@type\":\"SearchAction\",\"target\":{\"@type\":\"EntryPoint\",\"urlTemplate\":\"http:\\\/\\\/autosdelpodio.com\\\/autos\\\/?s={search_term_string}\"},\"query-input\":{\"@type\":\"PropertyValueSpecification\",\"valueRequired\":true,\"valueName\":\"search_term_string\"}}],\"inLanguage\":\"es\"},{\"@type\":\"Organization\",\"@id\":\"http:\\\/\\\/autosdelpodio.com\\\/autos\\\/#organization\",\"name\":\"Autos del Podio\",\"url\":\"http:\\\/\\\/autosdelpodio.com\\\/autos\\\/\",\"logo\":{\"@type\":\"ImageObject\",\"inLanguage\":\"es\",\"@id\":\"http:\\\/\\\/autosdelpodio.com\\\/autos\\\/#\\\/schema\\\/logo\\\/image\\\/\",\"url\":\"http:\\\/\\\/autosdelpodio.com\\\/autos\\\/wp-content\\\/uploads\\\/2020\\\/08\\\/Logo_AR.jpg\",\"contentUrl\":\"http:\\\/\\\/autosdelpodio.com\\\/autos\\\/wp-content\\\/uploads\\\/2020\\\/08\\\/Logo_AR.jpg\",\"width\":1038,\"height\":1044,\"caption\":\"Autos del Podio\"},\"image\":{\"@id\":\"http:\\\/\\\/autosdelpodio.com\\\/autos\\\/#\\\/schema\\\/logo\\\/image\\\/\"},\"sameAs\":[\"https:\\\/\\\/www.facebook.com\\\/profile.php?id=100057192590976&amp;amp;amp;amp;amp;amp;amp;amp;amp;amp;amp;amp;amp;amp;amp;amp;amp;amp;ref=ts\",\"https:\\\/\\\/x.com\\\/autosdelpodio\",\"https:\\\/\\\/www.youtube.com\\\/user\\\/AutosdelPodio\"]},{\"@type\":\"Person\",\"@id\":\"http:\\\/\\\/autosdelpodio.com\\\/autos\\\/#\\\/schema\\\/person\\\/993527a4d01c3acdd3d6bce3770bc942\",\"name\":\"autosdelpodio\",\"image\":{\"@type\":\"ImageObject\",\"inLanguage\":\"es\",\"@id\":\"http:\\\/\\\/autosdelpodio.com\\\/autos\\\/wp-content\\\/litespeed\\\/avatar\\\/aa8f65cd201a80f6b844f63278aa84af.jpg?ver=1776798175\",\"url\":\"http:\\\/\\\/autosdelpodio.com\\\/autos\\\/wp-content\\\/litespeed\\\/avatar\\\/aa8f65cd201a80f6b844f63278aa84af.jpg?ver=1776798175\",\"contentUrl\":\"http:\\\/\\\/autosdelpodio.com\\\/autos\\\/wp-content\\\/litespeed\\\/avatar\\\/aa8f65cd201a80f6b844f63278aa84af.jpg?ver=1776798175\",\"caption\":\"autosdelpodio\"}}]}<\/script>\n<!-- \/ Yoast SEO plugin. -->","yoast_head_json":{"title":"Autos del Podio | El Mouras y el Pista abrieron el 2021","description":"Autos del Podio Hubo actividad en La Plata con victoria de debutantes.","robots":{"index":"index","follow":"follow","max-snippet":"max-snippet:-1","max-image-preview":"max-image-preview:large","max-video-preview":"max-video-preview:-1"},"canonical":"http:\/\/autosdelpodio.com\/autos\/el-mouras-y-el-pista-abrieron-el-2021\/","og_locale":"es_ES","og_type":"article","og_title":"Autos del Podio | El Mouras y el Pista abrieron el 2021","og_description":"Autos del Podio Hubo actividad en La Plata con victoria de debutantes.","og_url":"http:\/\/autosdelpodio.com\/autos\/el-mouras-y-el-pista-abrieron-el-2021\/","og_site_name":"Autos del Podio","article_publisher":"https:\/\/www.facebook.com\/profile.php?id=100057192590976&amp%3bamp%3bamp%3bamp%3bamp%3bamp%3bamp%3bamp%3bamp%3bamp%3bamp%3bamp%3bamp%3bamp%3bamp%3bamp%3bamp%3bamp%3bref=ts","article_published_time":"2021-01-24T22:53:52+00:00","article_modified_time":"2021-01-24T22:57:19+00:00","author":"autosdelpodio","twitter_card":"summary_large_image","twitter_creator":"@autosdelpodio","twitter_site":"@autosdelpodio","twitter_misc":{"Escrito por":"autosdelpodio","Tiempo de lectura":"2 minutos"},"schema":{"@context":"https:\/\/schema.org","@graph":[{"@type":"Article","@id":"http:\/\/autosdelpodio.com\/autos\/el-mouras-y-el-pista-abrieron-el-2021\/#article","isPartOf":{"@id":"http:\/\/autosdelpodio.com\/autos\/el-mouras-y-el-pista-abrieron-el-2021\/"},"author":{"name":"autosdelpodio","@id":"http:\/\/autosdelpodio.com\/autos\/#\/schema\/person\/993527a4d01c3acdd3d6bce3770bc942"},"headline":"El Mouras y el Pista abrieron el 2021","datePublished":"2021-01-24T22:53:52+00:00","dateModified":"2021-01-24T22:57:19+00:00","mainEntityOfPage":{"@id":"http:\/\/autosdelpodio.com\/autos\/el-mouras-y-el-pista-abrieron-el-2021\/"},"wordCount":252,"commentCount":0,"publisher":{"@id":"http:\/\/autosdelpodio.com\/autos\/#organization"},"keywords":["ACTC","La Plata","Pilotos y Categorias","TC Mouras","TCPM"],"articleSection":["\u00daltimas noticias"],"inLanguage":"es","potentialAction":[{"@type":"CommentAction","name":"Comment","target":["http:\/\/autosdelpodio.com\/autos\/el-mouras-y-el-pista-abrieron-el-2021\/#respond"]}]},{"@type":"WebPage","@id":"http:\/\/autosdelpodio.com\/autos\/el-mouras-y-el-pista-abrieron-el-2021\/","url":"http:\/\/autosdelpodio.com\/autos\/el-mouras-y-el-pista-abrieron-el-2021\/","name":"Autos del Podio | El Mouras y el Pista abrieron el 2021","isPartOf":{"@id":"http:\/\/autosdelpodio.com\/autos\/#website"},"datePublished":"2021-01-24T22:53:52+00:00","dateModified":"2021-01-24T22:57:19+00:00","description":"Autos del Podio Hubo actividad en La Plata con victoria de debutantes.","breadcrumb":{"@id":"http:\/\/autosdelpodio.com\/autos\/el-mouras-y-el-pista-abrieron-el-2021\/#breadcrumb"},"inLanguage":"es","potentialAction":[{"@type":"ReadAction","target":["http:\/\/autosdelpodio.com\/autos\/el-mouras-y-el-pista-abrieron-el-2021\/"]}]},{"@type":"BreadcrumbList","@id":"http:\/\/autosdelpodio.com\/autos\/el-mouras-y-el-pista-abrieron-el-2021\/#breadcrumb","itemListElement":[{"@type":"ListItem","position":1,"name":"Portada","item":"http:\/\/autosdelpodio.com\/autos\/"},{"@type":"ListItem","position":2,"name":"El Mouras y el Pista abrieron el 2021"}]},{"@type":"WebSite","@id":"http:\/\/autosdelpodio.com\/autos\/#website","url":"http:\/\/autosdelpodio.com\/autos\/","name":"Autos del Podio","description":"La sexta del deporte motor","publisher":{"@id":"http:\/\/autosdelpodio.com\/autos\/#organization"},"potentialAction":[{"@type":"SearchAction","target":{"@type":"EntryPoint","urlTemplate":"http:\/\/autosdelpodio.com\/autos\/?s={search_term_string}"},"query-input":{"@type":"PropertyValueSpecification","valueRequired":true,"valueName":"search_term_string"}}],"inLanguage":"es"},{"@type":"Organization","@id":"http:\/\/autosdelpodio.com\/autos\/#organization","name":"Autos del Podio","url":"http:\/\/autosdelpodio.com\/autos\/","logo":{"@type":"ImageObject","inLanguage":"es","@id":"http:\/\/autosdelpodio.com\/autos\/#\/schema\/logo\/image\/","url":"http:\/\/autosdelpodio.com\/autos\/wp-content\/uploads\/2020\/08\/Logo_AR.jpg","contentUrl":"http:\/\/autosdelpodio.com\/autos\/wp-content\/uploads\/2020\/08\/Logo_AR.jpg","width":1038,"height":1044,"caption":"Autos del Podio"},"image":{"@id":"http:\/\/autosdelpodio.com\/autos\/#\/schema\/logo\/image\/"},"sameAs":["https:\/\/www.facebook.com\/profile.php?id=100057192590976&amp;amp;amp;amp;amp;amp;amp;amp;amp;amp;amp;amp;amp;amp;amp;amp;amp;amp;ref=ts","https:\/\/x.com\/autosdelpodio","https:\/\/www.youtube.com\/user\/AutosdelPodio"]},{"@type":"Person","@id":"http:\/\/autosdelpodio.com\/autos\/#\/schema\/person\/993527a4d01c3acdd3d6bce3770bc942","name":"autosdelpodio","image":{"@type":"ImageObject","inLanguage":"es","@id":"http:\/\/autosdelpodio.com\/autos\/wp-content\/litespeed\/avatar\/aa8f65cd201a80f6b844f63278aa84af.jpg?ver=1776798175","url":"http:\/\/autosdelpodio.com\/autos\/wp-content\/litespeed\/avatar\/aa8f65cd201a80f6b844f63278aa84af.jpg?ver=1776798175","contentUrl":"http:\/\/autosdelpodio.com\/autos\/wp-content\/litespeed\/avatar\/aa8f65cd201a80f6b844f63278aa84af.jpg?ver=1776798175","caption":"autosdelpodio"}}]}},"views":484,"_links":{"self":[{"href":"http:\/\/autosdelpodio.com\/autos\/wp-json\/wp\/v2\/posts\/3877","targetHints":{"allow":["GET"]}}],"collection":[{"href":"http:\/\/autosdelpodio.com\/autos\/wp-json\/wp\/v2\/posts"}],"about":[{"href":"http:\/\/autosdelpodio.com\/autos\/wp-json\/wp\/v2\/types\/post"}],"author":[{"embeddable":true,"href":"http:\/\/autosdelpodio.com\/autos\/wp-json\/wp\/v2\/users\/3"}],"replies":[{"embeddable":true,"href":"http:\/\/autosdelpodio.com\/autos\/wp-json\/wp\/v2\/comments?post=3877"}],"version-history":[{"count":2,"href":"http:\/\/autosdelpodio.com\/autos\/wp-json\/wp\/v2\/posts\/3877\/revisions"}],"predecessor-version":[{"id":3880,"href":"http:\/\/autosdelpodio.com\/autos\/wp-json\/wp\/v2\/posts\/3877\/revisions\/3880"}],"wp:attachment":[{"href":"http:\/\/autosdelpodio.com\/autos\/wp-json\/wp\/v2\/media?parent=3877"}],"wp:term":[{"taxonomy":"category","embeddable":true,"href":"http:\/\/autosdelpodio.com\/autos\/wp-json\/wp\/v2\/categories?post=3877"},{"taxonomy":"post_tag","embeddable":true,"href":"http:\/\/autosdelpodio.com\/autos\/wp-json\/wp\/v2\/tags?post=3877"}],"curies":[{"name":"wp","href":"https:\/\/api.w.org\/{rel}","templated":true}]}}