{"id":3897,"date":"2021-02-01T00:00:00","date_gmt":"2021-02-01T03:00:00","guid":{"rendered":"http:\/\/autosdelpodio.com\/autos\/?p=3897"},"modified":"2021-02-01T16:54:21","modified_gmt":"2021-02-01T19:54:21","slug":"el-primer-traccion-delantera-de-renault-segunda-parte","status":"publish","type":"post","link":"http:\/\/autosdelpodio.com\/autos\/el-primer-traccion-delantera-de-renault-segunda-parte\/","title":{"rendered":"El primer tracci\u00f3n delantera de Renault &#8211; Segunda Parte"},"content":{"rendered":"\n<p>A partir de 1964 llegaron mejoras en el habit\u00e1culo cuando fueron remplazados los asientos tubulares por butacas individuales de regulaci\u00f3n longitudinal adelante y asientos enterizos m\u00e1s mullidos en las plazas traseras. En 1968, con el lanzamiento del modelo 4G, se incorpor\u00f3 un nuevo panel de instrumentos en material pl\u00e1stico, con veloc\u00edmetro de mayor dimensi\u00f3n y mejor lectura y nuevos tapizados. Estas innovaciones fueron acompa\u00f1adas por un redise\u00f1o de los paragolpes, nuevos colores de carrocer\u00eda y mejoras en el sistema de transmisi\u00f3n con la incorporaci\u00f3n de semiejes m\u00e1s largos y una nueva junta homocin\u00e9tica.<br>Cambios m\u00e1s importantes aparecieron en 1970 con la llegada del modelo 4S, que trajeron como principal innovaci\u00f3n el nuevo motor de M 1000 de 1.020 cc, con cig\u00fce\u00f1al apoyado en cinco bancadas. Con este propulsor las prestaciones se elevaron a 40 hp y se alcanzaba una velocidad m\u00e1xima cercana a los 125 km\/h.<br>Hubo cambios menores en la carrocer\u00eda y nuevos colores. En el frontal fue remplazado el cap\u00f3 que introduc\u00eda una nueva grilla, m\u00e1s amplia que la anterior con las luces delanteras integradas y el rombo de Renault desplazado hacia la izquierda.<br>Esta serie incorpor\u00f3 una nueva caja de velocidades de cuatro marchas totalmente sincronizadas, y las mayores prestaciones obligaron a mejorar el sistema de frenos incorpor\u00e1ndose tambores de mayor di\u00e1metro. La potencia del motor volvi\u00f3 a incrementarse en 1972 a 48 hp, gracias a un redise\u00f1o de la c\u00e1mara de combusti\u00f3n y nuevo carburador.<br>Junto al modelo 4S, se mantuvo en producci\u00f3n hasta 1972 el m\u00e1s econ\u00f3mico 4L, mientras que el 4F (Furgoneta) incorpor\u00f3 las mejoras del modelo nuevo.<br>A fines de la d\u00e9cada llegaban algunos cambios significativos en el exterior caracterizados por una nueva grilla pl\u00e1stica, nuevos faros delanteros de posici\u00f3n y giro, nuevos paragolpes con topes de goma y protectores pl\u00e1sticos laterales. Estas modificaciones fueron acompa\u00f1adas en el habit\u00e1culo con un redise\u00f1o del panel de instrumentos.<br>El \u00faltimo rejuvenecimiento del R-4 se produjo en 1984 con el lanzamiento de la versi\u00f3n GTL. Incorporaba un propulsor de 1118 cc de 41 cv y frenos a disco delanteros. Las novedades m\u00e1s notorias estaban en el interior con el remplazo del panel de instrumentos, por uno similar al del R-5, y cambios en asientos y tapizados.<br>En agosto de 1986 se fabricaron los \u00faltimos ejemplares del GTL. Por su parte, la furgoneta se mantuvo en producci\u00f3n hasta fines de 1987. A partir de 1985 se sum\u00f3 tard\u00edamente a la l\u00ednea la versi\u00f3n pick up de la que se produjeron apenas 173 veh\u00edculos. Casi una an\u00e9cdota que sirvi\u00f3 para completar la estad\u00edstica de las 157.315 unidades fabricadas desde 1963 de todas las versiones.<\/p>\n\n\n\n<p><em>Por Gustavo Feder<\/em><\/p>\n\n\n\n<p><a href=\"http:\/\/autosdelpodio.com\/autos\/el-primer-traccion-delantera-de-renault\/\" target=\"_blank\" rel=\"noreferrer noopener\"><em>Ver primera parte Renault 4<\/em><\/a><\/p>\n","protected":false},"excerpt":{"rendered":"<p>A partir de 1964 llegaron mejoras en el habit\u00e1culo cuando fueron remplazados los asientos tubulares por butacas individuales de regulaci\u00f3n<\/p>\n","protected":false},"author":3,"featured_media":3898,"comment_status":"open","ping_status":"open","sticky":false,"template":"","format":"standard","meta":{"colormag_page_container_layout":"default_layout","colormag_page_sidebar_layout":"default_layout","footnotes":""},"categories":[21,6],"tags":[118,32,208,519,56],"class_list":["post-3897","post","type-post","status-publish","format-standard","has-post-thumbnail","hentry","category-autos-eternos","category-newsflash","tag-autos-clasicos","tag-industria-automotriz","tag-produccion","tag-renault-4","tag-santa-isabel"],"yoast_head":"<!-- This site is optimized with the Yoast SEO plugin v27.5 - https:\/\/yoast.com\/product\/yoast-seo-wordpress\/ -->\n<title>Autos del Podio | El primer tracci\u00f3n delantera de Renault - Segunda Parte<\/title>\n<meta name=\"description\" content=\"Autos del Podio La incorporaci\u00f3n de la l\u00ednea Renault fue uno de los mayores aciertos de IKA\" \/>\n<meta name=\"robots\" content=\"index, follow, max-snippet:-1, max-image-preview:large, max-video-preview:-1\" \/>\n<link rel=\"canonical\" href=\"http:\/\/autosdelpodio.com\/autos\/el-primer-traccion-delantera-de-renault-segunda-parte\/\" \/>\n<meta property=\"og:locale\" content=\"es_ES\" \/>\n<meta property=\"og:type\" content=\"article\" \/>\n<meta property=\"og:title\" content=\"Autos del Podio | El primer tracci\u00f3n delantera de Renault - Segunda Parte\" \/>\n<meta property=\"og:description\" content=\"Autos del Podio La incorporaci\u00f3n de la l\u00ednea Renault fue uno de los mayores aciertos de IKA\" \/>\n<meta property=\"og:url\" content=\"http:\/\/autosdelpodio.com\/autos\/el-primer-traccion-delantera-de-renault-segunda-parte\/\" \/>\n<meta property=\"og:site_name\" content=\"Autos del Podio\" \/>\n<meta property=\"article:publisher\" content=\"https:\/\/www.facebook.com\/profile.php?id=100057192590976&amp;amp%3bamp%3bamp%3bamp%3bamp%3bamp%3bamp%3bamp%3bamp%3bamp%3bamp%3bamp%3bamp%3bamp%3bamp%3bamp%3bamp%3bamp%3bref=ts\" \/>\n<meta property=\"article:published_time\" content=\"2021-02-01T03:00:00+00:00\" \/>\n<meta property=\"article:modified_time\" content=\"2021-02-01T19:54:21+00:00\" \/>\n<meta property=\"og:image\" content=\"http:\/\/autosdelpodio.com\/autos\/wp-content\/uploads\/2021\/01\/Renault-4-GTL-e1611941322133.jpg\" \/>\n\t<meta property=\"og:image:width\" content=\"800\" \/>\n\t<meta property=\"og:image:height\" content=\"533\" \/>\n\t<meta property=\"og:image:type\" content=\"image\/jpeg\" \/>\n<meta name=\"author\" content=\"autosdelpodio\" \/>\n<meta name=\"twitter:card\" content=\"summary_large_image\" \/>\n<meta name=\"twitter:creator\" content=\"@autosdelpodio\" \/>\n<meta name=\"twitter:site\" content=\"@autosdelpodio\" \/>\n<meta name=\"twitter:label1\" content=\"Escrito por\" \/>\n\t<meta name=\"twitter:data1\" content=\"autosdelpodio\" \/>\n\t<meta name=\"twitter:label2\" content=\"Tiempo de lectura\" \/>\n\t<meta name=\"twitter:data2\" content=\"2 minutos\" \/>\n<script type=\"application\/ld+json\" class=\"yoast-schema-graph\">{\"@context\":\"https:\\\/\\\/schema.org\",\"@graph\":[{\"@type\":\"Article\",\"@id\":\"http:\\\/\\\/autosdelpodio.com\\\/autos\\\/el-primer-traccion-delantera-de-renault-segunda-parte\\\/#article\",\"isPartOf\":{\"@id\":\"http:\\\/\\\/autosdelpodio.com\\\/autos\\\/el-primer-traccion-delantera-de-renault-segunda-parte\\\/\"},\"author\":{\"name\":\"autosdelpodio\",\"@id\":\"http:\\\/\\\/autosdelpodio.com\\\/autos\\\/#\\\/schema\\\/person\\\/993527a4d01c3acdd3d6bce3770bc942\"},\"headline\":\"El primer tracci\u00f3n delantera de Renault &#8211; Segunda Parte\",\"datePublished\":\"2021-02-01T03:00:00+00:00\",\"dateModified\":\"2021-02-01T19:54:21+00:00\",\"mainEntityOfPage\":{\"@id\":\"http:\\\/\\\/autosdelpodio.com\\\/autos\\\/el-primer-traccion-delantera-de-renault-segunda-parte\\\/\"},\"wordCount\":480,\"commentCount\":0,\"publisher\":{\"@id\":\"http:\\\/\\\/autosdelpodio.com\\\/autos\\\/#organization\"},\"image\":{\"@id\":\"http:\\\/\\\/autosdelpodio.com\\\/autos\\\/el-primer-traccion-delantera-de-renault-segunda-parte\\\/#primaryimage\"},\"thumbnailUrl\":\"http:\\\/\\\/autosdelpodio.com\\\/autos\\\/wp-content\\\/uploads\\\/2021\\\/01\\\/Renault-4-GTL-e1611941322133.jpg\",\"keywords\":[\"Autos Clasicos\",\"Industria Automotriz\",\"Producci\u00f3n\",\"Renault 4\",\"Santa Isabel\"],\"articleSection\":[\"Autos Eternos\",\"Destacado\"],\"inLanguage\":\"es\",\"potentialAction\":[{\"@type\":\"CommentAction\",\"name\":\"Comment\",\"target\":[\"http:\\\/\\\/autosdelpodio.com\\\/autos\\\/el-primer-traccion-delantera-de-renault-segunda-parte\\\/#respond\"]}]},{\"@type\":\"WebPage\",\"@id\":\"http:\\\/\\\/autosdelpodio.com\\\/autos\\\/el-primer-traccion-delantera-de-renault-segunda-parte\\\/\",\"url\":\"http:\\\/\\\/autosdelpodio.com\\\/autos\\\/el-primer-traccion-delantera-de-renault-segunda-parte\\\/\",\"name\":\"Autos del Podio | El primer tracci\u00f3n delantera de Renault - Segunda Parte\",\"isPartOf\":{\"@id\":\"http:\\\/\\\/autosdelpodio.com\\\/autos\\\/#website\"},\"primaryImageOfPage\":{\"@id\":\"http:\\\/\\\/autosdelpodio.com\\\/autos\\\/el-primer-traccion-delantera-de-renault-segunda-parte\\\/#primaryimage\"},\"image\":{\"@id\":\"http:\\\/\\\/autosdelpodio.com\\\/autos\\\/el-primer-traccion-delantera-de-renault-segunda-parte\\\/#primaryimage\"},\"thumbnailUrl\":\"http:\\\/\\\/autosdelpodio.com\\\/autos\\\/wp-content\\\/uploads\\\/2021\\\/01\\\/Renault-4-GTL-e1611941322133.jpg\",\"datePublished\":\"2021-02-01T03:00:00+00:00\",\"dateModified\":\"2021-02-01T19:54:21+00:00\",\"description\":\"Autos del Podio La incorporaci\u00f3n de la l\u00ednea Renault fue uno de los mayores aciertos de IKA\",\"breadcrumb\":{\"@id\":\"http:\\\/\\\/autosdelpodio.com\\\/autos\\\/el-primer-traccion-delantera-de-renault-segunda-parte\\\/#breadcrumb\"},\"inLanguage\":\"es\",\"potentialAction\":[{\"@type\":\"ReadAction\",\"target\":[\"http:\\\/\\\/autosdelpodio.com\\\/autos\\\/el-primer-traccion-delantera-de-renault-segunda-parte\\\/\"]}]},{\"@type\":\"ImageObject\",\"inLanguage\":\"es\",\"@id\":\"http:\\\/\\\/autosdelpodio.com\\\/autos\\\/el-primer-traccion-delantera-de-renault-segunda-parte\\\/#primaryimage\",\"url\":\"http:\\\/\\\/autosdelpodio.com\\\/autos\\\/wp-content\\\/uploads\\\/2021\\\/01\\\/Renault-4-GTL-e1611941322133.jpg\",\"contentUrl\":\"http:\\\/\\\/autosdelpodio.com\\\/autos\\\/wp-content\\\/uploads\\\/2021\\\/01\\\/Renault-4-GTL-e1611941322133.jpg\",\"width\":800,\"height\":533},{\"@type\":\"BreadcrumbList\",\"@id\":\"http:\\\/\\\/autosdelpodio.com\\\/autos\\\/el-primer-traccion-delantera-de-renault-segunda-parte\\\/#breadcrumb\",\"itemListElement\":[{\"@type\":\"ListItem\",\"position\":1,\"name\":\"Portada\",\"item\":\"http:\\\/\\\/autosdelpodio.com\\\/autos\\\/\"},{\"@type\":\"ListItem\",\"position\":2,\"name\":\"El primer tracci\u00f3n delantera de Renault &#8211; Segunda Parte\"}]},{\"@type\":\"WebSite\",\"@id\":\"http:\\\/\\\/autosdelpodio.com\\\/autos\\\/#website\",\"url\":\"http:\\\/\\\/autosdelpodio.com\\\/autos\\\/\",\"name\":\"Autos del Podio\",\"description\":\"La sexta del deporte motor\",\"publisher\":{\"@id\":\"http:\\\/\\\/autosdelpodio.com\\\/autos\\\/#organization\"},\"potentialAction\":[{\"@type\":\"SearchAction\",\"target\":{\"@type\":\"EntryPoint\",\"urlTemplate\":\"http:\\\/\\\/autosdelpodio.com\\\/autos\\\/?s={search_term_string}\"},\"query-input\":{\"@type\":\"PropertyValueSpecification\",\"valueRequired\":true,\"valueName\":\"search_term_string\"}}],\"inLanguage\":\"es\"},{\"@type\":\"Organization\",\"@id\":\"http:\\\/\\\/autosdelpodio.com\\\/autos\\\/#organization\",\"name\":\"Autos del Podio\",\"url\":\"http:\\\/\\\/autosdelpodio.com\\\/autos\\\/\",\"logo\":{\"@type\":\"ImageObject\",\"inLanguage\":\"es\",\"@id\":\"http:\\\/\\\/autosdelpodio.com\\\/autos\\\/#\\\/schema\\\/logo\\\/image\\\/\",\"url\":\"http:\\\/\\\/autosdelpodio.com\\\/autos\\\/wp-content\\\/uploads\\\/2020\\\/08\\\/Logo_AR.jpg\",\"contentUrl\":\"http:\\\/\\\/autosdelpodio.com\\\/autos\\\/wp-content\\\/uploads\\\/2020\\\/08\\\/Logo_AR.jpg\",\"width\":1038,\"height\":1044,\"caption\":\"Autos del Podio\"},\"image\":{\"@id\":\"http:\\\/\\\/autosdelpodio.com\\\/autos\\\/#\\\/schema\\\/logo\\\/image\\\/\"},\"sameAs\":[\"https:\\\/\\\/www.facebook.com\\\/profile.php?id=100057192590976&amp;amp;amp;amp;amp;amp;amp;amp;amp;amp;amp;amp;amp;amp;amp;amp;amp;amp;ref=ts\",\"https:\\\/\\\/x.com\\\/autosdelpodio\",\"https:\\\/\\\/www.youtube.com\\\/user\\\/AutosdelPodio\"]},{\"@type\":\"Person\",\"@id\":\"http:\\\/\\\/autosdelpodio.com\\\/autos\\\/#\\\/schema\\\/person\\\/993527a4d01c3acdd3d6bce3770bc942\",\"name\":\"autosdelpodio\",\"image\":{\"@type\":\"ImageObject\",\"inLanguage\":\"es\",\"@id\":\"http:\\\/\\\/autosdelpodio.com\\\/autos\\\/wp-content\\\/litespeed\\\/avatar\\\/aa8f65cd201a80f6b844f63278aa84af.jpg?ver=1777403005\",\"url\":\"http:\\\/\\\/autosdelpodio.com\\\/autos\\\/wp-content\\\/litespeed\\\/avatar\\\/aa8f65cd201a80f6b844f63278aa84af.jpg?ver=1777403005\",\"contentUrl\":\"http:\\\/\\\/autosdelpodio.com\\\/autos\\\/wp-content\\\/litespeed\\\/avatar\\\/aa8f65cd201a80f6b844f63278aa84af.jpg?ver=1777403005\",\"caption\":\"autosdelpodio\"}}]}<\/script>\n<!-- \/ Yoast SEO plugin. -->","yoast_head_json":{"title":"Autos del Podio | El primer tracci\u00f3n delantera de Renault - Segunda Parte","description":"Autos del Podio La incorporaci\u00f3n de la l\u00ednea Renault fue uno de los mayores aciertos de IKA","robots":{"index":"index","follow":"follow","max-snippet":"max-snippet:-1","max-image-preview":"max-image-preview:large","max-video-preview":"max-video-preview:-1"},"canonical":"http:\/\/autosdelpodio.com\/autos\/el-primer-traccion-delantera-de-renault-segunda-parte\/","og_locale":"es_ES","og_type":"article","og_title":"Autos del Podio | El primer tracci\u00f3n delantera de Renault - Segunda Parte","og_description":"Autos del Podio La incorporaci\u00f3n de la l\u00ednea Renault fue uno de los mayores aciertos de IKA","og_url":"http:\/\/autosdelpodio.com\/autos\/el-primer-traccion-delantera-de-renault-segunda-parte\/","og_site_name":"Autos del Podio","article_publisher":"https:\/\/www.facebook.com\/profile.php?id=100057192590976&amp%3bamp%3bamp%3bamp%3bamp%3bamp%3bamp%3bamp%3bamp%3bamp%3bamp%3bamp%3bamp%3bamp%3bamp%3bamp%3bamp%3bamp%3bref=ts","article_published_time":"2021-02-01T03:00:00+00:00","article_modified_time":"2021-02-01T19:54:21+00:00","og_image":[{"width":800,"height":533,"url":"http:\/\/autosdelpodio.com\/autos\/wp-content\/uploads\/2021\/01\/Renault-4-GTL-e1611941322133.jpg","type":"image\/jpeg"}],"author":"autosdelpodio","twitter_card":"summary_large_image","twitter_creator":"@autosdelpodio","twitter_site":"@autosdelpodio","twitter_misc":{"Escrito por":"autosdelpodio","Tiempo de lectura":"2 minutos"},"schema":{"@context":"https:\/\/schema.org","@graph":[{"@type":"Article","@id":"http:\/\/autosdelpodio.com\/autos\/el-primer-traccion-delantera-de-renault-segunda-parte\/#article","isPartOf":{"@id":"http:\/\/autosdelpodio.com\/autos\/el-primer-traccion-delantera-de-renault-segunda-parte\/"},"author":{"name":"autosdelpodio","@id":"http:\/\/autosdelpodio.com\/autos\/#\/schema\/person\/993527a4d01c3acdd3d6bce3770bc942"},"headline":"El primer tracci\u00f3n delantera de Renault &#8211; Segunda Parte","datePublished":"2021-02-01T03:00:00+00:00","dateModified":"2021-02-01T19:54:21+00:00","mainEntityOfPage":{"@id":"http:\/\/autosdelpodio.com\/autos\/el-primer-traccion-delantera-de-renault-segunda-parte\/"},"wordCount":480,"commentCount":0,"publisher":{"@id":"http:\/\/autosdelpodio.com\/autos\/#organization"},"image":{"@id":"http:\/\/autosdelpodio.com\/autos\/el-primer-traccion-delantera-de-renault-segunda-parte\/#primaryimage"},"thumbnailUrl":"http:\/\/autosdelpodio.com\/autos\/wp-content\/uploads\/2021\/01\/Renault-4-GTL-e1611941322133.jpg","keywords":["Autos Clasicos","Industria Automotriz","Producci\u00f3n","Renault 4","Santa Isabel"],"articleSection":["Autos Eternos","Destacado"],"inLanguage":"es","potentialAction":[{"@type":"CommentAction","name":"Comment","target":["http:\/\/autosdelpodio.com\/autos\/el-primer-traccion-delantera-de-renault-segunda-parte\/#respond"]}]},{"@type":"WebPage","@id":"http:\/\/autosdelpodio.com\/autos\/el-primer-traccion-delantera-de-renault-segunda-parte\/","url":"http:\/\/autosdelpodio.com\/autos\/el-primer-traccion-delantera-de-renault-segunda-parte\/","name":"Autos del Podio | El primer tracci\u00f3n delantera de Renault - Segunda Parte","isPartOf":{"@id":"http:\/\/autosdelpodio.com\/autos\/#website"},"primaryImageOfPage":{"@id":"http:\/\/autosdelpodio.com\/autos\/el-primer-traccion-delantera-de-renault-segunda-parte\/#primaryimage"},"image":{"@id":"http:\/\/autosdelpodio.com\/autos\/el-primer-traccion-delantera-de-renault-segunda-parte\/#primaryimage"},"thumbnailUrl":"http:\/\/autosdelpodio.com\/autos\/wp-content\/uploads\/2021\/01\/Renault-4-GTL-e1611941322133.jpg","datePublished":"2021-02-01T03:00:00+00:00","dateModified":"2021-02-01T19:54:21+00:00","description":"Autos del Podio La incorporaci\u00f3n de la l\u00ednea Renault fue uno de los mayores aciertos de IKA","breadcrumb":{"@id":"http:\/\/autosdelpodio.com\/autos\/el-primer-traccion-delantera-de-renault-segunda-parte\/#breadcrumb"},"inLanguage":"es","potentialAction":[{"@type":"ReadAction","target":["http:\/\/autosdelpodio.com\/autos\/el-primer-traccion-delantera-de-renault-segunda-parte\/"]}]},{"@type":"ImageObject","inLanguage":"es","@id":"http:\/\/autosdelpodio.com\/autos\/el-primer-traccion-delantera-de-renault-segunda-parte\/#primaryimage","url":"http:\/\/autosdelpodio.com\/autos\/wp-content\/uploads\/2021\/01\/Renault-4-GTL-e1611941322133.jpg","contentUrl":"http:\/\/autosdelpodio.com\/autos\/wp-content\/uploads\/2021\/01\/Renault-4-GTL-e1611941322133.jpg","width":800,"height":533},{"@type":"BreadcrumbList","@id":"http:\/\/autosdelpodio.com\/autos\/el-primer-traccion-delantera-de-renault-segunda-parte\/#breadcrumb","itemListElement":[{"@type":"ListItem","position":1,"name":"Portada","item":"http:\/\/autosdelpodio.com\/autos\/"},{"@type":"ListItem","position":2,"name":"El primer tracci\u00f3n delantera de Renault &#8211; Segunda Parte"}]},{"@type":"WebSite","@id":"http:\/\/autosdelpodio.com\/autos\/#website","url":"http:\/\/autosdelpodio.com\/autos\/","name":"Autos del Podio","description":"La sexta del deporte motor","publisher":{"@id":"http:\/\/autosdelpodio.com\/autos\/#organization"},"potentialAction":[{"@type":"SearchAction","target":{"@type":"EntryPoint","urlTemplate":"http:\/\/autosdelpodio.com\/autos\/?s={search_term_string}"},"query-input":{"@type":"PropertyValueSpecification","valueRequired":true,"valueName":"search_term_string"}}],"inLanguage":"es"},{"@type":"Organization","@id":"http:\/\/autosdelpodio.com\/autos\/#organization","name":"Autos del Podio","url":"http:\/\/autosdelpodio.com\/autos\/","logo":{"@type":"ImageObject","inLanguage":"es","@id":"http:\/\/autosdelpodio.com\/autos\/#\/schema\/logo\/image\/","url":"http:\/\/autosdelpodio.com\/autos\/wp-content\/uploads\/2020\/08\/Logo_AR.jpg","contentUrl":"http:\/\/autosdelpodio.com\/autos\/wp-content\/uploads\/2020\/08\/Logo_AR.jpg","width":1038,"height":1044,"caption":"Autos del Podio"},"image":{"@id":"http:\/\/autosdelpodio.com\/autos\/#\/schema\/logo\/image\/"},"sameAs":["https:\/\/www.facebook.com\/profile.php?id=100057192590976&amp;amp;amp;amp;amp;amp;amp;amp;amp;amp;amp;amp;amp;amp;amp;amp;amp;amp;ref=ts","https:\/\/x.com\/autosdelpodio","https:\/\/www.youtube.com\/user\/AutosdelPodio"]},{"@type":"Person","@id":"http:\/\/autosdelpodio.com\/autos\/#\/schema\/person\/993527a4d01c3acdd3d6bce3770bc942","name":"autosdelpodio","image":{"@type":"ImageObject","inLanguage":"es","@id":"http:\/\/autosdelpodio.com\/autos\/wp-content\/litespeed\/avatar\/aa8f65cd201a80f6b844f63278aa84af.jpg?ver=1777403005","url":"http:\/\/autosdelpodio.com\/autos\/wp-content\/litespeed\/avatar\/aa8f65cd201a80f6b844f63278aa84af.jpg?ver=1777403005","contentUrl":"http:\/\/autosdelpodio.com\/autos\/wp-content\/litespeed\/avatar\/aa8f65cd201a80f6b844f63278aa84af.jpg?ver=1777403005","caption":"autosdelpodio"}}]}},"views":1133,"_links":{"self":[{"href":"http:\/\/autosdelpodio.com\/autos\/wp-json\/wp\/v2\/posts\/3897","targetHints":{"allow":["GET"]}}],"collection":[{"href":"http:\/\/autosdelpodio.com\/autos\/wp-json\/wp\/v2\/posts"}],"about":[{"href":"http:\/\/autosdelpodio.com\/autos\/wp-json\/wp\/v2\/types\/post"}],"author":[{"embeddable":true,"href":"http:\/\/autosdelpodio.com\/autos\/wp-json\/wp\/v2\/users\/3"}],"replies":[{"embeddable":true,"href":"http:\/\/autosdelpodio.com\/autos\/wp-json\/wp\/v2\/comments?post=3897"}],"version-history":[{"count":1,"href":"http:\/\/autosdelpodio.com\/autos\/wp-json\/wp\/v2\/posts\/3897\/revisions"}],"predecessor-version":[{"id":3899,"href":"http:\/\/autosdelpodio.com\/autos\/wp-json\/wp\/v2\/posts\/3897\/revisions\/3899"}],"wp:featuredmedia":[{"embeddable":true,"href":"http:\/\/autosdelpodio.com\/autos\/wp-json\/wp\/v2\/media\/3898"}],"wp:attachment":[{"href":"http:\/\/autosdelpodio.com\/autos\/wp-json\/wp\/v2\/media?parent=3897"}],"wp:term":[{"taxonomy":"category","embeddable":true,"href":"http:\/\/autosdelpodio.com\/autos\/wp-json\/wp\/v2\/categories?post=3897"},{"taxonomy":"post_tag","embeddable":true,"href":"http:\/\/autosdelpodio.com\/autos\/wp-json\/wp\/v2\/tags?post=3897"}],"curies":[{"name":"wp","href":"https:\/\/api.w.org\/{rel}","templated":true}]}}