{"id":391,"date":"2012-04-02T22:28:40","date_gmt":"2012-04-02T22:28:40","guid":{"rendered":"http:\/\/autosdelpodio.com\/autos\/2012\/04\/02\/el-super-tc-2000-y-el-callejero-de-buenos-aires\/"},"modified":"2012-04-02T22:28:40","modified_gmt":"2012-04-02T22:28:40","slug":"el-super-tc-2000-y-el-callejero-de-buenos-aires","status":"publish","type":"post","link":"http:\/\/autosdelpodio.com\/autos\/el-super-tc-2000-y-el-callejero-de-buenos-aires\/","title":{"rendered":"El Super TC 2000 y el callejero de Buenos Aires"},"content":{"rendered":"<p><span style=\"font-size: x-small;\"> <\/p>\n<p style=\"text-align: justify;\">No voy a contradecirme\u2026 sigo pensando que los circuitos callejeros deben utilizarse excepcionalmente, que para correr est\u00e1n los aut\u00f3dromos, que la cuota de riesgo se incrementa mucho y que ya demasiado peligroso es el automovilismo por s\u00ed mismo, como para agregarle m\u00e1s riesgos, pero no puedo negar que tienen un encanto muy particular, que la gente y los patrocinantes agradecen.<\/p>\n<p style=\"text-align: justify;\">Ahora bien, se corri\u00f3 finalmente por el callejero de Bs. As\u2026. EXCEPCIONAL, con la verdadera acepci\u00f3n de la palabra\u2026 es decir, \u00fanico, diferente, que sale de lo ordinario, que ocurre rara vez\u2026 asi calificar\u00eda la presentaci\u00f3n del Super TC 2000 en el callejero de Bs.as\u2026<\/p>\n<p>  <!--more-->  <span style=\"font-size: x-small;\"> <\/p>\n<p><p style=\"text-align: justify;\">\u00bfQue fue lo impresionante?? No solo un callejero en pleno centro de Bs As, sino ver autos de competici\u00f3n a 250 kms. a contramano por la Av. 9 de Julio, doblando en el obelisco o en la catedral\u2026 una foto \u00fanica, espectacular&#8230;<\/p>\n<p style=\"text-align: justify;\">El operativo para montar no solo el trazado, los taludes de cemento, las mallas protectoras, las tribunas, los boxes, sectores VIP, prensa, etc, etc\u2026 Impresionante\u2026<\/p>\n<p style=\"text-align: justify;\">Como trazado, obviamente es desparejo, produce vibraciones, buenas v\u00edas de escape, pero todos sab\u00edan que se trataba de una presentaci\u00f3n que apuntaba a los sponsors, a la TV, es decir, al show. Como cualquier circuito callejero, peligroso, muy peligroso para mi gusto\u2026 correr a cent\u00edmetros de taludes de cemento es un enorme riesgo adicional\u2026 por eso tambi\u00e9n el atractivo\u2026 ley de vida: cuanto m\u00e1s riesgoso, m\u00e1s atractivo\u2026<\/p>\n<p style=\"text-align: justify;\">La multitud que asisti\u00f3, entre ellas familias y curiosos, quiz\u00e1 alguna vez escucharon hablar de Ortelli, Mat\u00edas Rossi o Pechito L\u00f3pez, pero no mucho m\u00e1s.. participando de lo que fue un un espect\u00e1culo que en lugar de artistas sobre un escenario tuvo autos de 430 CV girando por las calles m\u00e1s transitadas de la Argentina\u2026 fue la idea y lo lograron\u2026<\/p>\n<p style=\"text-align: justify;\">Hablaban del ruido del nuevo motor\u2026 estuve muy atento a descubrir si me hac\u00eda sentir algo diferente\u2026 les aseguro que cuando aceleraron los 20 autos juntos fue como si me entrara electricidad por el cuerpo \u2026 no es el ruido de la F-1, pero se asemeja \u2026 impresiona\u2026<\/p>\n<p style=\"text-align: justify;\">\u00bfHubo errores? Claro que los hubo y si la carrera se mantiene en los pr\u00f3ximos a\u00f1os, tendr\u00e1n que corregirlos\u2026 el p\u00fablico no ve bien, hubo \u00abocupas\u00bb en las tribunas VIP, adem\u00e1s de la l\u00f3gica incomodidad que provoca armar semejante circo en el centro de la Capital\u2026<\/p>\n<p style=\"text-align: justify;\">Vamos a los n\u00fameros: dijeron que entre s\u00e1bado y domingo hubo cerca de un mill\u00f3n de personas\u2026 no lo creo, pero no importa\u2026 hubo mucha gente y el tiempo acompa\u00f1\u00f3 del mejor modo. Lo que s\u00ed les importa a los a las marcas, a la categor\u00eda, y al gobierno de la ciudad que se jug\u00f3 una patriada, porque no decirlo\u2026 fue el rating televisivo. Saben cu\u00e1nto midi\u00f3??: 17.3. En un hecho in\u00e9dito, una emisi\u00f3n deportiva que no sea futbol a las 13 hs. de un domingo, alcanz\u00f3 el mayor rating del d\u00eda\u2026 sorprendente\u2026 obvio que fue una jornada \u00fanica y especial, pero\u2026 tel\u00e9fono para el automovilismo para todos\u2026!!<\/p>\n<p style=\"text-align: justify;\">Resumen, una idea audaz que result\u00f3 positiva. Felicitaciones a quienes se jugaron\u2026 perm\u00edtanme la sugerencia: es bueno arriesgar, pero no siempre se sale indemne cuando se camina al borde de la cornisa.<\/p>\n<p style=\"text-align: justify;\">Ra\u00fal Barcel\u00f3 \u2013 Desde Boxes<\/p>\n<\/p>\n<p> <\/span><\/span><\/p>\n<p style=\"text-align: justify;\">\u00a0<\/p>\n","protected":false},"excerpt":{"rendered":"<p>No voy a contradecirme\u2026 sigo pensando que los circuitos callejeros deben utilizarse excepcionalmente, que para correr est\u00e1n los aut\u00f3dromos, que<\/p>\n","protected":false},"author":1,"featured_media":0,"comment_status":"open","ping_status":"open","sticky":false,"template":"","format":"standard","meta":{"colormag_page_container_layout":"default_layout","colormag_page_sidebar_layout":"default_layout","footnotes":""},"categories":[15],"tags":[],"class_list":["post-391","post","type-post","status-publish","format-standard","hentry","category-opinion"],"yoast_head":"<!-- This site is optimized with the Yoast SEO plugin v27.4 - https:\/\/yoast.com\/product\/yoast-seo-wordpress\/ -->\n<title>Autos del Podio | El Super TC 2000 y el callejero de Buenos Aires<\/title>\n<meta name=\"description\" content=\"Autos del Podio\" \/>\n<meta name=\"robots\" content=\"index, follow, max-snippet:-1, max-image-preview:large, max-video-preview:-1\" \/>\n<link rel=\"canonical\" href=\"https:\/\/autosdelpodio.com\/autos\/el-super-tc-2000-y-el-callejero-de-buenos-aires\/\" \/>\n<meta property=\"og:locale\" content=\"es_ES\" \/>\n<meta property=\"og:type\" content=\"article\" \/>\n<meta property=\"og:title\" content=\"Autos del Podio | El Super TC 2000 y el callejero de Buenos Aires\" \/>\n<meta property=\"og:description\" content=\"Autos del Podio\" \/>\n<meta property=\"og:url\" content=\"https:\/\/autosdelpodio.com\/autos\/el-super-tc-2000-y-el-callejero-de-buenos-aires\/\" \/>\n<meta property=\"og:site_name\" content=\"Autos del Podio\" \/>\n<meta property=\"article:publisher\" content=\"https:\/\/www.facebook.com\/profile.php?id=100057192590976&amp;amp%3bamp%3bamp%3bamp%3bamp%3bamp%3bamp%3bamp%3bamp%3bamp%3bamp%3bamp%3bamp%3bamp%3bamp%3bamp%3bamp%3bamp%3bref=ts\" \/>\n<meta property=\"article:published_time\" content=\"2012-04-02T22:28:40+00:00\" \/>\n<meta name=\"author\" content=\"wi022230\" \/>\n<meta name=\"twitter:card\" content=\"summary_large_image\" \/>\n<meta name=\"twitter:creator\" content=\"@autosdelpodio\" \/>\n<meta name=\"twitter:site\" content=\"@autosdelpodio\" \/>\n<meta name=\"twitter:label1\" content=\"Escrito por\" \/>\n\t<meta name=\"twitter:data1\" content=\"wi022230\" \/>\n\t<meta name=\"twitter:label2\" content=\"Tiempo de lectura\" \/>\n\t<meta name=\"twitter:data2\" content=\"3 minutos\" \/>\n<script type=\"application\/ld+json\" class=\"yoast-schema-graph\">{\"@context\":\"https:\\\/\\\/schema.org\",\"@graph\":[{\"@type\":\"Article\",\"@id\":\"https:\\\/\\\/autosdelpodio.com\\\/autos\\\/el-super-tc-2000-y-el-callejero-de-buenos-aires\\\/#article\",\"isPartOf\":{\"@id\":\"https:\\\/\\\/autosdelpodio.com\\\/autos\\\/el-super-tc-2000-y-el-callejero-de-buenos-aires\\\/\"},\"author\":{\"name\":\"wi022230\",\"@id\":\"http:\\\/\\\/autosdelpodio.com\\\/autos\\\/#\\\/schema\\\/person\\\/e88353cabf768863fdf874e30120f3ba\"},\"headline\":\"El Super TC 2000 y el callejero de Buenos Aires\",\"datePublished\":\"2012-04-02T22:28:40+00:00\",\"mainEntityOfPage\":{\"@id\":\"https:\\\/\\\/autosdelpodio.com\\\/autos\\\/el-super-tc-2000-y-el-callejero-de-buenos-aires\\\/\"},\"wordCount\":576,\"commentCount\":0,\"publisher\":{\"@id\":\"http:\\\/\\\/autosdelpodio.com\\\/autos\\\/#organization\"},\"articleSection\":[\"Opini\u00f3n\"],\"inLanguage\":\"es\",\"potentialAction\":[{\"@type\":\"CommentAction\",\"name\":\"Comment\",\"target\":[\"https:\\\/\\\/autosdelpodio.com\\\/autos\\\/el-super-tc-2000-y-el-callejero-de-buenos-aires\\\/#respond\"]}]},{\"@type\":\"WebPage\",\"@id\":\"https:\\\/\\\/autosdelpodio.com\\\/autos\\\/el-super-tc-2000-y-el-callejero-de-buenos-aires\\\/\",\"url\":\"https:\\\/\\\/autosdelpodio.com\\\/autos\\\/el-super-tc-2000-y-el-callejero-de-buenos-aires\\\/\",\"name\":\"Autos del Podio | El Super TC 2000 y el callejero de Buenos Aires\",\"isPartOf\":{\"@id\":\"http:\\\/\\\/autosdelpodio.com\\\/autos\\\/#website\"},\"datePublished\":\"2012-04-02T22:28:40+00:00\",\"description\":\"Autos del Podio\",\"breadcrumb\":{\"@id\":\"https:\\\/\\\/autosdelpodio.com\\\/autos\\\/el-super-tc-2000-y-el-callejero-de-buenos-aires\\\/#breadcrumb\"},\"inLanguage\":\"es\",\"potentialAction\":[{\"@type\":\"ReadAction\",\"target\":[\"https:\\\/\\\/autosdelpodio.com\\\/autos\\\/el-super-tc-2000-y-el-callejero-de-buenos-aires\\\/\"]}]},{\"@type\":\"BreadcrumbList\",\"@id\":\"https:\\\/\\\/autosdelpodio.com\\\/autos\\\/el-super-tc-2000-y-el-callejero-de-buenos-aires\\\/#breadcrumb\",\"itemListElement\":[{\"@type\":\"ListItem\",\"position\":1,\"name\":\"Portada\",\"item\":\"http:\\\/\\\/autosdelpodio.com\\\/autos\\\/\"},{\"@type\":\"ListItem\",\"position\":2,\"name\":\"El Super TC 2000 y el callejero de Buenos Aires\"}]},{\"@type\":\"WebSite\",\"@id\":\"http:\\\/\\\/autosdelpodio.com\\\/autos\\\/#website\",\"url\":\"http:\\\/\\\/autosdelpodio.com\\\/autos\\\/\",\"name\":\"Autos del Podio\",\"description\":\"La sexta del deporte motor\",\"publisher\":{\"@id\":\"http:\\\/\\\/autosdelpodio.com\\\/autos\\\/#organization\"},\"potentialAction\":[{\"@type\":\"SearchAction\",\"target\":{\"@type\":\"EntryPoint\",\"urlTemplate\":\"http:\\\/\\\/autosdelpodio.com\\\/autos\\\/?s={search_term_string}\"},\"query-input\":{\"@type\":\"PropertyValueSpecification\",\"valueRequired\":true,\"valueName\":\"search_term_string\"}}],\"inLanguage\":\"es\"},{\"@type\":\"Organization\",\"@id\":\"http:\\\/\\\/autosdelpodio.com\\\/autos\\\/#organization\",\"name\":\"Autos del Podio\",\"url\":\"http:\\\/\\\/autosdelpodio.com\\\/autos\\\/\",\"logo\":{\"@type\":\"ImageObject\",\"inLanguage\":\"es\",\"@id\":\"http:\\\/\\\/autosdelpodio.com\\\/autos\\\/#\\\/schema\\\/logo\\\/image\\\/\",\"url\":\"http:\\\/\\\/autosdelpodio.com\\\/autos\\\/wp-content\\\/uploads\\\/2020\\\/08\\\/Logo_AR.jpg\",\"contentUrl\":\"http:\\\/\\\/autosdelpodio.com\\\/autos\\\/wp-content\\\/uploads\\\/2020\\\/08\\\/Logo_AR.jpg\",\"width\":1038,\"height\":1044,\"caption\":\"Autos del Podio\"},\"image\":{\"@id\":\"http:\\\/\\\/autosdelpodio.com\\\/autos\\\/#\\\/schema\\\/logo\\\/image\\\/\"},\"sameAs\":[\"https:\\\/\\\/www.facebook.com\\\/profile.php?id=100057192590976&amp;amp;amp;amp;amp;amp;amp;amp;amp;amp;amp;amp;amp;amp;amp;amp;amp;amp;ref=ts\",\"https:\\\/\\\/x.com\\\/autosdelpodio\",\"https:\\\/\\\/www.youtube.com\\\/user\\\/AutosdelPodio\"]},{\"@type\":\"Person\",\"@id\":\"http:\\\/\\\/autosdelpodio.com\\\/autos\\\/#\\\/schema\\\/person\\\/e88353cabf768863fdf874e30120f3ba\",\"name\":\"wi022230\",\"image\":{\"@type\":\"ImageObject\",\"inLanguage\":\"es\",\"@id\":\"http:\\\/\\\/autosdelpodio.com\\\/autos\\\/wp-content\\\/litespeed\\\/avatar\\\/453fc9bdbb11d766ba4c7f14d0bd0aa9.jpg?ver=1776800006\",\"url\":\"http:\\\/\\\/autosdelpodio.com\\\/autos\\\/wp-content\\\/litespeed\\\/avatar\\\/453fc9bdbb11d766ba4c7f14d0bd0aa9.jpg?ver=1776800006\",\"contentUrl\":\"http:\\\/\\\/autosdelpodio.com\\\/autos\\\/wp-content\\\/litespeed\\\/avatar\\\/453fc9bdbb11d766ba4c7f14d0bd0aa9.jpg?ver=1776800006\",\"caption\":\"wi022230\"}}]}<\/script>\n<!-- \/ Yoast SEO plugin. -->","yoast_head_json":{"title":"Autos del Podio | El Super TC 2000 y el callejero de Buenos Aires","description":"Autos del Podio","robots":{"index":"index","follow":"follow","max-snippet":"max-snippet:-1","max-image-preview":"max-image-preview:large","max-video-preview":"max-video-preview:-1"},"canonical":"https:\/\/autosdelpodio.com\/autos\/el-super-tc-2000-y-el-callejero-de-buenos-aires\/","og_locale":"es_ES","og_type":"article","og_title":"Autos del Podio | El Super TC 2000 y el callejero de Buenos Aires","og_description":"Autos del Podio","og_url":"https:\/\/autosdelpodio.com\/autos\/el-super-tc-2000-y-el-callejero-de-buenos-aires\/","og_site_name":"Autos del Podio","article_publisher":"https:\/\/www.facebook.com\/profile.php?id=100057192590976&amp%3bamp%3bamp%3bamp%3bamp%3bamp%3bamp%3bamp%3bamp%3bamp%3bamp%3bamp%3bamp%3bamp%3bamp%3bamp%3bamp%3bamp%3bref=ts","article_published_time":"2012-04-02T22:28:40+00:00","author":"wi022230","twitter_card":"summary_large_image","twitter_creator":"@autosdelpodio","twitter_site":"@autosdelpodio","twitter_misc":{"Escrito por":"wi022230","Tiempo de lectura":"3 minutos"},"schema":{"@context":"https:\/\/schema.org","@graph":[{"@type":"Article","@id":"https:\/\/autosdelpodio.com\/autos\/el-super-tc-2000-y-el-callejero-de-buenos-aires\/#article","isPartOf":{"@id":"https:\/\/autosdelpodio.com\/autos\/el-super-tc-2000-y-el-callejero-de-buenos-aires\/"},"author":{"name":"wi022230","@id":"http:\/\/autosdelpodio.com\/autos\/#\/schema\/person\/e88353cabf768863fdf874e30120f3ba"},"headline":"El Super TC 2000 y el callejero de Buenos Aires","datePublished":"2012-04-02T22:28:40+00:00","mainEntityOfPage":{"@id":"https:\/\/autosdelpodio.com\/autos\/el-super-tc-2000-y-el-callejero-de-buenos-aires\/"},"wordCount":576,"commentCount":0,"publisher":{"@id":"http:\/\/autosdelpodio.com\/autos\/#organization"},"articleSection":["Opini\u00f3n"],"inLanguage":"es","potentialAction":[{"@type":"CommentAction","name":"Comment","target":["https:\/\/autosdelpodio.com\/autos\/el-super-tc-2000-y-el-callejero-de-buenos-aires\/#respond"]}]},{"@type":"WebPage","@id":"https:\/\/autosdelpodio.com\/autos\/el-super-tc-2000-y-el-callejero-de-buenos-aires\/","url":"https:\/\/autosdelpodio.com\/autos\/el-super-tc-2000-y-el-callejero-de-buenos-aires\/","name":"Autos del Podio | El Super TC 2000 y el callejero de Buenos Aires","isPartOf":{"@id":"http:\/\/autosdelpodio.com\/autos\/#website"},"datePublished":"2012-04-02T22:28:40+00:00","description":"Autos del Podio","breadcrumb":{"@id":"https:\/\/autosdelpodio.com\/autos\/el-super-tc-2000-y-el-callejero-de-buenos-aires\/#breadcrumb"},"inLanguage":"es","potentialAction":[{"@type":"ReadAction","target":["https:\/\/autosdelpodio.com\/autos\/el-super-tc-2000-y-el-callejero-de-buenos-aires\/"]}]},{"@type":"BreadcrumbList","@id":"https:\/\/autosdelpodio.com\/autos\/el-super-tc-2000-y-el-callejero-de-buenos-aires\/#breadcrumb","itemListElement":[{"@type":"ListItem","position":1,"name":"Portada","item":"http:\/\/autosdelpodio.com\/autos\/"},{"@type":"ListItem","position":2,"name":"El Super TC 2000 y el callejero de Buenos Aires"}]},{"@type":"WebSite","@id":"http:\/\/autosdelpodio.com\/autos\/#website","url":"http:\/\/autosdelpodio.com\/autos\/","name":"Autos del Podio","description":"La sexta del deporte motor","publisher":{"@id":"http:\/\/autosdelpodio.com\/autos\/#organization"},"potentialAction":[{"@type":"SearchAction","target":{"@type":"EntryPoint","urlTemplate":"http:\/\/autosdelpodio.com\/autos\/?s={search_term_string}"},"query-input":{"@type":"PropertyValueSpecification","valueRequired":true,"valueName":"search_term_string"}}],"inLanguage":"es"},{"@type":"Organization","@id":"http:\/\/autosdelpodio.com\/autos\/#organization","name":"Autos del Podio","url":"http:\/\/autosdelpodio.com\/autos\/","logo":{"@type":"ImageObject","inLanguage":"es","@id":"http:\/\/autosdelpodio.com\/autos\/#\/schema\/logo\/image\/","url":"http:\/\/autosdelpodio.com\/autos\/wp-content\/uploads\/2020\/08\/Logo_AR.jpg","contentUrl":"http:\/\/autosdelpodio.com\/autos\/wp-content\/uploads\/2020\/08\/Logo_AR.jpg","width":1038,"height":1044,"caption":"Autos del Podio"},"image":{"@id":"http:\/\/autosdelpodio.com\/autos\/#\/schema\/logo\/image\/"},"sameAs":["https:\/\/www.facebook.com\/profile.php?id=100057192590976&amp;amp;amp;amp;amp;amp;amp;amp;amp;amp;amp;amp;amp;amp;amp;amp;amp;amp;ref=ts","https:\/\/x.com\/autosdelpodio","https:\/\/www.youtube.com\/user\/AutosdelPodio"]},{"@type":"Person","@id":"http:\/\/autosdelpodio.com\/autos\/#\/schema\/person\/e88353cabf768863fdf874e30120f3ba","name":"wi022230","image":{"@type":"ImageObject","inLanguage":"es","@id":"http:\/\/autosdelpodio.com\/autos\/wp-content\/litespeed\/avatar\/453fc9bdbb11d766ba4c7f14d0bd0aa9.jpg?ver=1776800006","url":"http:\/\/autosdelpodio.com\/autos\/wp-content\/litespeed\/avatar\/453fc9bdbb11d766ba4c7f14d0bd0aa9.jpg?ver=1776800006","contentUrl":"http:\/\/autosdelpodio.com\/autos\/wp-content\/litespeed\/avatar\/453fc9bdbb11d766ba4c7f14d0bd0aa9.jpg?ver=1776800006","caption":"wi022230"}}]}},"views":519,"_links":{"self":[{"href":"http:\/\/autosdelpodio.com\/autos\/wp-json\/wp\/v2\/posts\/391","targetHints":{"allow":["GET"]}}],"collection":[{"href":"http:\/\/autosdelpodio.com\/autos\/wp-json\/wp\/v2\/posts"}],"about":[{"href":"http:\/\/autosdelpodio.com\/autos\/wp-json\/wp\/v2\/types\/post"}],"author":[{"embeddable":true,"href":"http:\/\/autosdelpodio.com\/autos\/wp-json\/wp\/v2\/users\/1"}],"replies":[{"embeddable":true,"href":"http:\/\/autosdelpodio.com\/autos\/wp-json\/wp\/v2\/comments?post=391"}],"version-history":[{"count":0,"href":"http:\/\/autosdelpodio.com\/autos\/wp-json\/wp\/v2\/posts\/391\/revisions"}],"wp:attachment":[{"href":"http:\/\/autosdelpodio.com\/autos\/wp-json\/wp\/v2\/media?parent=391"}],"wp:term":[{"taxonomy":"category","embeddable":true,"href":"http:\/\/autosdelpodio.com\/autos\/wp-json\/wp\/v2\/categories?post=391"},{"taxonomy":"post_tag","embeddable":true,"href":"http:\/\/autosdelpodio.com\/autos\/wp-json\/wp\/v2\/tags?post=391"}],"curies":[{"name":"wp","href":"https:\/\/api.w.org\/{rel}","templated":true}]}}