{"id":3911,"date":"2021-02-07T22:17:32","date_gmt":"2021-02-08T01:17:32","guid":{"rendered":"http:\/\/autosdelpodio.com\/autos\/?p=3911"},"modified":"2021-02-07T22:17:34","modified_gmt":"2021-02-08T01:17:34","slug":"hubo-ruido-de-motores-en-la-plata","status":"publish","type":"post","link":"http:\/\/autosdelpodio.com\/autos\/hubo-ruido-de-motores-en-la-plata\/","title":{"rendered":"Hubo ruido de motores en La Plata"},"content":{"rendered":"\n<p>Jerem\u00edas Olmedo (Ford) se qued\u00f3 con el triunfo en la Final del TC Mouras que tuvo su segunda presentaci\u00f3n de la temporada en La Plata.El joven salte\u00f1o fue escoltado por Marcos Quijada y Diego Azar.<br>En lo que respecta al TC Pista Mouras Gaspar Chansard inscribi\u00f3 su nombre como nuevo ganador en la calurosa jornada dominguera en la capital bonaerense en la cual Alberto Jaime y Nicol\u00e1s Mor\u00e1n completaron el top 3.<br>La proxima y tercera fecha del calendario volver\u00e1 a disputarse en el mismo escenario entre el 13 y 14 de Febrero.<br><strong>Final TC Mouras<\/strong><br><em>1\u00b0 146 OLMEDO, JEREM\u00cdAS Ford 16 28:07.2<br>2\u00b0 197 QUIJADA, MARCOS Dodge 16 1.807<br>3\u00b0 110 AZAR, DIEGO Chevrolet 16 4.627<br>4\u00b0 101 VALLE, LUCAS Dodge 16 5.44<br>5\u00b0 88 VICINO, LUCAS Chevrolet 16 5.816<br>6\u00b0 21 BUNDZIAK, RUDI Ford 16 6.678<br>7\u00b0 7 VIVOT, MAXIMILIANO Chevrolet 16 6.996<br>8\u00b0 45 LEGUIZAM\u00d3N, BALTAZAR Dodge 16 8.448<br>9\u00b0 172 GRANJA, LUCAS Chevrolet 16 8.828<br>10\u00b0 108 CONTA, GREGORIO Torino 16 11.743<br>11\u00b0 113 LUG\u00d3N, RODRIGO Ford 16 12.079<br>12\u00b0 99 SALERNO, ALESSANDRO Dodge 16 12.743<br>13\u00b0 16 GANDULIA, GABRIEL Torino 16 13.212<br>14\u00b0 54 COTIGNOLA, LUCIANO Dodge 16 13.532<br>15\u00b0 133 GUIFFREY, MAT\u00cdAS Ford 16 14.29<br>16\u00b0 93 DOMENECH, ALFONSO Dodge 16 14.475<br>17\u00b0 71 BREZZO, TOM\u00c1S Dodge 16 15.003<br>18\u00b0 77 MACEIRA, JUAN IGNACIO Torino 16 15.696<br>19\u00b0 98 REINOSO, BRAIAN Ford 16 17.049<br>20\u00b0 95 MONTENEGRO, GONZALO Chevrolet 16 18.194<br>21\u00b0 78 BALDINELLI, EZEQUIEL Ford 16 18.501<br>22\u00b0 177 PILO, JUAN PABLO Chevrolet 16 18.738<br>23\u00b0 92 OLIVER, AXEL Chevrolet 16 19.614<br>24\u00b0 28 NOWAK, LEONARDO Chevrolet 16 21.799<br>25\u00b0 34 TETI, JER\u00d3NIMO Torino 16 21.973<br>26\u00b0 30 ABDALA, TOM\u00c1S Ford 15 1 VTA<br>27\u00b0 105 ESQUIVEL, IGNACIO Ford 11 5 VTAS<br>28\u00b0 33 L\u00d3PEZ, JOS\u00c9 LUIS Ford 11 5 VTAS<br>29\u00b0 46 OLIVER, AMILCAR Dodge 9 7 VTAS<br>30\u00b0 55 MONTANARI, NICOL\u00c1S Dodge 7 9 VTAS<br>31\u00b0 107 MART\u00cdNEZ, TOB\u00cdAS Chevrolet 2 14 VTAS<br>32\u00b0 129 BOCCANERA, BRUNO Ford 2 14 VTAS<br>PROMEDIO: 145,609 KM\/H<br>RECORD DE VUELTA: NRO 110 (AZAR) VTA 2 EN 1:30.688 A 169,305 KM\/H<\/em><br><strong>Final TCPM<\/strong><br><em>1\u00b0 140 CHANSARD, GASPAR Dodge 14 23:51.822<br>2\u00b0 188 JAIME, ALBERTO DANIEL Dodge 14 23:59.075 7.253<br>3\u00b0 8 MOR\u00c1N, NICOL\u00c1S Ford 14 23:59.548 7.726<br>4\u00b0 78 DE BONIS, RAMIRO Ford 14 23:59.988 8.166<br>5\u00b0 371 RUIZ, MANUEL Dodge 14 24:07.346 15.524<br>6\u00b0 43 PIERALIGI, DINO Chevrolet 14 24:07.618 15.796<br>7\u00b0 152 ABASCIANO, FRANCO Chevrolet 14 24:08.196 16.374<br>8\u00b0 54 OCHOA, JOAQU\u00cdN Ford 14 24:08.197 16.375<br>9\u00b0 101 TESTA, RENZO Ford 14 24:08.332 16.510<br>10\u00b0 94 PI\u00d1EIRO, LAUTARO Ford 14 24:09.439 17.617<br>11\u00b0 99 EGU\u00cdA, JUAN JOS\u00c9 Ford 14 24:14.619 22.797<br>12\u00b0 5 BRACCO, EDUARDO Dodge 14 24:14.694 22.872<br>13\u00b0 88 DEAMBROSI, FRANCO Ford 14 24:14.884 23.062<br>14\u00b0 132 BEN\u00cdTEZ, FABRIZIO Dodge 14 24:31.178 39.356<br>15\u00b0 141 SERNA, TOM\u00c1S Chevrolet 13 24:48.223 1 VTA<br>16\u00b0 187 MALBR\u00c1N, JOS\u00c9 Chevrolet 11 19:25.947 3 VTAS<br>17\u00b0 123 GONNET, GER\u00d3NIMO Torino 10 17:43.094 4 VTAS<br>18\u00b0 139 FINELLI, NICOL\u00c1S Dodge 10 24:15.381 4 VTAS<br>19\u00b0 96 SAVA, VALENT\u00cdN Ford 6 09:32.073 8 VTAS<br>20\u00b0 66 BAILO, MART\u00cdN Chevrolet 5 09:42.481 9 VTAS<br>21\u00b0 58 GOYA, JOS\u00c9 ALBERTO Ford 5 12:07.526 9 VTAS<br>22\u00b0 79 PEREYRA, FABI\u00c1N Dodge 3 05:31.674 11 VTAS<br>23\u00b0 81 SEGOVIA, DIEGO Chevrolet 0 14 VTAS<br>PENALIZACION \u00abA\u00bb POR TECNICA NRO 54 (OCHOA) \u2013 ALTURA<\/em><\/p>\n","protected":false},"excerpt":{"rendered":"<p>Jerem\u00edas Olmedo (Ford) se qued\u00f3 con el triunfo en la Final del TC Mouras que tuvo su segunda presentaci\u00f3n de<\/p>\n","protected":false},"author":3,"featured_media":0,"comment_status":"open","ping_status":"open","sticky":false,"template":"","format":"standard","meta":{"colormag_page_container_layout":"default_layout","colormag_page_sidebar_layout":"default_layout","footnotes":""},"categories":[5],"tags":[143,390,322,323],"class_list":["post-3911","post","type-post","status-publish","format-standard","hentry","category-latest-news","tag-actc","tag-autodromo-mouras","tag-tc-mouras","tag-tcpm"],"yoast_head":"<!-- This site is optimized with the Yoast SEO plugin v27.4 - https:\/\/yoast.com\/product\/yoast-seo-wordpress\/ -->\n<title>Autos del Podio | Hubo ruido de motores en La Plata<\/title>\n<meta name=\"description\" content=\"Autos del Podio Nueva presentaci\u00f3n del TCM y TCPM en el Autodromo Roberto Mouras de La Plata\" \/>\n<meta name=\"robots\" content=\"index, follow, max-snippet:-1, max-image-preview:large, max-video-preview:-1\" \/>\n<link rel=\"canonical\" href=\"http:\/\/autosdelpodio.com\/autos\/hubo-ruido-de-motores-en-la-plata\/\" \/>\n<meta property=\"og:locale\" content=\"es_ES\" \/>\n<meta property=\"og:type\" content=\"article\" \/>\n<meta property=\"og:title\" content=\"Autos del Podio | Hubo ruido de motores en La Plata\" \/>\n<meta property=\"og:description\" content=\"Autos del Podio Nueva presentaci\u00f3n del TCM y TCPM en el Autodromo Roberto Mouras de La Plata\" \/>\n<meta property=\"og:url\" content=\"http:\/\/autosdelpodio.com\/autos\/hubo-ruido-de-motores-en-la-plata\/\" \/>\n<meta property=\"og:site_name\" content=\"Autos del Podio\" \/>\n<meta property=\"article:publisher\" content=\"https:\/\/www.facebook.com\/profile.php?id=100057192590976&amp;amp%3bamp%3bamp%3bamp%3bamp%3bamp%3bamp%3bamp%3bamp%3bamp%3bamp%3bamp%3bamp%3bamp%3bamp%3bamp%3bamp%3bamp%3bref=ts\" \/>\n<meta property=\"article:published_time\" content=\"2021-02-08T01:17:32+00:00\" \/>\n<meta property=\"article:modified_time\" content=\"2021-02-08T01:17:34+00:00\" \/>\n<meta name=\"author\" content=\"autosdelpodio\" \/>\n<meta name=\"twitter:card\" content=\"summary_large_image\" \/>\n<meta name=\"twitter:creator\" content=\"@autosdelpodio\" \/>\n<meta name=\"twitter:site\" content=\"@autosdelpodio\" \/>\n<meta name=\"twitter:label1\" content=\"Escrito por\" \/>\n\t<meta name=\"twitter:data1\" content=\"autosdelpodio\" \/>\n\t<meta name=\"twitter:label2\" content=\"Tiempo de lectura\" \/>\n\t<meta name=\"twitter:data2\" content=\"3 minutos\" \/>\n<script type=\"application\/ld+json\" class=\"yoast-schema-graph\">{\"@context\":\"https:\\\/\\\/schema.org\",\"@graph\":[{\"@type\":\"Article\",\"@id\":\"http:\\\/\\\/autosdelpodio.com\\\/autos\\\/hubo-ruido-de-motores-en-la-plata\\\/#article\",\"isPartOf\":{\"@id\":\"http:\\\/\\\/autosdelpodio.com\\\/autos\\\/hubo-ruido-de-motores-en-la-plata\\\/\"},\"author\":{\"name\":\"autosdelpodio\",\"@id\":\"http:\\\/\\\/autosdelpodio.com\\\/autos\\\/#\\\/schema\\\/person\\\/993527a4d01c3acdd3d6bce3770bc942\"},\"headline\":\"Hubo ruido de motores en La Plata\",\"datePublished\":\"2021-02-08T01:17:32+00:00\",\"dateModified\":\"2021-02-08T01:17:34+00:00\",\"mainEntityOfPage\":{\"@id\":\"http:\\\/\\\/autosdelpodio.com\\\/autos\\\/hubo-ruido-de-motores-en-la-plata\\\/\"},\"wordCount\":337,\"commentCount\":0,\"publisher\":{\"@id\":\"http:\\\/\\\/autosdelpodio.com\\\/autos\\\/#organization\"},\"keywords\":[\"ACTC\",\"Autodromo Mouras\",\"TC Mouras\",\"TCPM\"],\"articleSection\":[\"\u00daltimas noticias\"],\"inLanguage\":\"es\",\"potentialAction\":[{\"@type\":\"CommentAction\",\"name\":\"Comment\",\"target\":[\"http:\\\/\\\/autosdelpodio.com\\\/autos\\\/hubo-ruido-de-motores-en-la-plata\\\/#respond\"]}]},{\"@type\":\"WebPage\",\"@id\":\"http:\\\/\\\/autosdelpodio.com\\\/autos\\\/hubo-ruido-de-motores-en-la-plata\\\/\",\"url\":\"http:\\\/\\\/autosdelpodio.com\\\/autos\\\/hubo-ruido-de-motores-en-la-plata\\\/\",\"name\":\"Autos del Podio | Hubo ruido de motores en La Plata\",\"isPartOf\":{\"@id\":\"http:\\\/\\\/autosdelpodio.com\\\/autos\\\/#website\"},\"datePublished\":\"2021-02-08T01:17:32+00:00\",\"dateModified\":\"2021-02-08T01:17:34+00:00\",\"description\":\"Autos del Podio Nueva presentaci\u00f3n del TCM y TCPM en el Autodromo Roberto Mouras de La Plata\",\"breadcrumb\":{\"@id\":\"http:\\\/\\\/autosdelpodio.com\\\/autos\\\/hubo-ruido-de-motores-en-la-plata\\\/#breadcrumb\"},\"inLanguage\":\"es\",\"potentialAction\":[{\"@type\":\"ReadAction\",\"target\":[\"http:\\\/\\\/autosdelpodio.com\\\/autos\\\/hubo-ruido-de-motores-en-la-plata\\\/\"]}]},{\"@type\":\"BreadcrumbList\",\"@id\":\"http:\\\/\\\/autosdelpodio.com\\\/autos\\\/hubo-ruido-de-motores-en-la-plata\\\/#breadcrumb\",\"itemListElement\":[{\"@type\":\"ListItem\",\"position\":1,\"name\":\"Portada\",\"item\":\"http:\\\/\\\/autosdelpodio.com\\\/autos\\\/\"},{\"@type\":\"ListItem\",\"position\":2,\"name\":\"Hubo ruido de motores en La Plata\"}]},{\"@type\":\"WebSite\",\"@id\":\"http:\\\/\\\/autosdelpodio.com\\\/autos\\\/#website\",\"url\":\"http:\\\/\\\/autosdelpodio.com\\\/autos\\\/\",\"name\":\"Autos del Podio\",\"description\":\"La sexta del deporte motor\",\"publisher\":{\"@id\":\"http:\\\/\\\/autosdelpodio.com\\\/autos\\\/#organization\"},\"potentialAction\":[{\"@type\":\"SearchAction\",\"target\":{\"@type\":\"EntryPoint\",\"urlTemplate\":\"http:\\\/\\\/autosdelpodio.com\\\/autos\\\/?s={search_term_string}\"},\"query-input\":{\"@type\":\"PropertyValueSpecification\",\"valueRequired\":true,\"valueName\":\"search_term_string\"}}],\"inLanguage\":\"es\"},{\"@type\":\"Organization\",\"@id\":\"http:\\\/\\\/autosdelpodio.com\\\/autos\\\/#organization\",\"name\":\"Autos del Podio\",\"url\":\"http:\\\/\\\/autosdelpodio.com\\\/autos\\\/\",\"logo\":{\"@type\":\"ImageObject\",\"inLanguage\":\"es\",\"@id\":\"http:\\\/\\\/autosdelpodio.com\\\/autos\\\/#\\\/schema\\\/logo\\\/image\\\/\",\"url\":\"http:\\\/\\\/autosdelpodio.com\\\/autos\\\/wp-content\\\/uploads\\\/2020\\\/08\\\/Logo_AR.jpg\",\"contentUrl\":\"http:\\\/\\\/autosdelpodio.com\\\/autos\\\/wp-content\\\/uploads\\\/2020\\\/08\\\/Logo_AR.jpg\",\"width\":1038,\"height\":1044,\"caption\":\"Autos del Podio\"},\"image\":{\"@id\":\"http:\\\/\\\/autosdelpodio.com\\\/autos\\\/#\\\/schema\\\/logo\\\/image\\\/\"},\"sameAs\":[\"https:\\\/\\\/www.facebook.com\\\/profile.php?id=100057192590976&amp;amp;amp;amp;amp;amp;amp;amp;amp;amp;amp;amp;amp;amp;amp;amp;amp;amp;ref=ts\",\"https:\\\/\\\/x.com\\\/autosdelpodio\",\"https:\\\/\\\/www.youtube.com\\\/user\\\/AutosdelPodio\"]},{\"@type\":\"Person\",\"@id\":\"http:\\\/\\\/autosdelpodio.com\\\/autos\\\/#\\\/schema\\\/person\\\/993527a4d01c3acdd3d6bce3770bc942\",\"name\":\"autosdelpodio\",\"image\":{\"@type\":\"ImageObject\",\"inLanguage\":\"es\",\"@id\":\"http:\\\/\\\/autosdelpodio.com\\\/autos\\\/wp-content\\\/litespeed\\\/avatar\\\/aa8f65cd201a80f6b844f63278aa84af.jpg?ver=1776798175\",\"url\":\"http:\\\/\\\/autosdelpodio.com\\\/autos\\\/wp-content\\\/litespeed\\\/avatar\\\/aa8f65cd201a80f6b844f63278aa84af.jpg?ver=1776798175\",\"contentUrl\":\"http:\\\/\\\/autosdelpodio.com\\\/autos\\\/wp-content\\\/litespeed\\\/avatar\\\/aa8f65cd201a80f6b844f63278aa84af.jpg?ver=1776798175\",\"caption\":\"autosdelpodio\"}}]}<\/script>\n<!-- \/ Yoast SEO plugin. -->","yoast_head_json":{"title":"Autos del Podio | Hubo ruido de motores en La Plata","description":"Autos del Podio Nueva presentaci\u00f3n del TCM y TCPM en el Autodromo Roberto Mouras de La Plata","robots":{"index":"index","follow":"follow","max-snippet":"max-snippet:-1","max-image-preview":"max-image-preview:large","max-video-preview":"max-video-preview:-1"},"canonical":"http:\/\/autosdelpodio.com\/autos\/hubo-ruido-de-motores-en-la-plata\/","og_locale":"es_ES","og_type":"article","og_title":"Autos del Podio | Hubo ruido de motores en La Plata","og_description":"Autos del Podio Nueva presentaci\u00f3n del TCM y TCPM en el Autodromo Roberto Mouras de La Plata","og_url":"http:\/\/autosdelpodio.com\/autos\/hubo-ruido-de-motores-en-la-plata\/","og_site_name":"Autos del Podio","article_publisher":"https:\/\/www.facebook.com\/profile.php?id=100057192590976&amp%3bamp%3bamp%3bamp%3bamp%3bamp%3bamp%3bamp%3bamp%3bamp%3bamp%3bamp%3bamp%3bamp%3bamp%3bamp%3bamp%3bamp%3bref=ts","article_published_time":"2021-02-08T01:17:32+00:00","article_modified_time":"2021-02-08T01:17:34+00:00","author":"autosdelpodio","twitter_card":"summary_large_image","twitter_creator":"@autosdelpodio","twitter_site":"@autosdelpodio","twitter_misc":{"Escrito por":"autosdelpodio","Tiempo de lectura":"3 minutos"},"schema":{"@context":"https:\/\/schema.org","@graph":[{"@type":"Article","@id":"http:\/\/autosdelpodio.com\/autos\/hubo-ruido-de-motores-en-la-plata\/#article","isPartOf":{"@id":"http:\/\/autosdelpodio.com\/autos\/hubo-ruido-de-motores-en-la-plata\/"},"author":{"name":"autosdelpodio","@id":"http:\/\/autosdelpodio.com\/autos\/#\/schema\/person\/993527a4d01c3acdd3d6bce3770bc942"},"headline":"Hubo ruido de motores en La Plata","datePublished":"2021-02-08T01:17:32+00:00","dateModified":"2021-02-08T01:17:34+00:00","mainEntityOfPage":{"@id":"http:\/\/autosdelpodio.com\/autos\/hubo-ruido-de-motores-en-la-plata\/"},"wordCount":337,"commentCount":0,"publisher":{"@id":"http:\/\/autosdelpodio.com\/autos\/#organization"},"keywords":["ACTC","Autodromo Mouras","TC Mouras","TCPM"],"articleSection":["\u00daltimas noticias"],"inLanguage":"es","potentialAction":[{"@type":"CommentAction","name":"Comment","target":["http:\/\/autosdelpodio.com\/autos\/hubo-ruido-de-motores-en-la-plata\/#respond"]}]},{"@type":"WebPage","@id":"http:\/\/autosdelpodio.com\/autos\/hubo-ruido-de-motores-en-la-plata\/","url":"http:\/\/autosdelpodio.com\/autos\/hubo-ruido-de-motores-en-la-plata\/","name":"Autos del Podio | Hubo ruido de motores en La Plata","isPartOf":{"@id":"http:\/\/autosdelpodio.com\/autos\/#website"},"datePublished":"2021-02-08T01:17:32+00:00","dateModified":"2021-02-08T01:17:34+00:00","description":"Autos del Podio Nueva presentaci\u00f3n del TCM y TCPM en el Autodromo Roberto Mouras de La Plata","breadcrumb":{"@id":"http:\/\/autosdelpodio.com\/autos\/hubo-ruido-de-motores-en-la-plata\/#breadcrumb"},"inLanguage":"es","potentialAction":[{"@type":"ReadAction","target":["http:\/\/autosdelpodio.com\/autos\/hubo-ruido-de-motores-en-la-plata\/"]}]},{"@type":"BreadcrumbList","@id":"http:\/\/autosdelpodio.com\/autos\/hubo-ruido-de-motores-en-la-plata\/#breadcrumb","itemListElement":[{"@type":"ListItem","position":1,"name":"Portada","item":"http:\/\/autosdelpodio.com\/autos\/"},{"@type":"ListItem","position":2,"name":"Hubo ruido de motores en La Plata"}]},{"@type":"WebSite","@id":"http:\/\/autosdelpodio.com\/autos\/#website","url":"http:\/\/autosdelpodio.com\/autos\/","name":"Autos del Podio","description":"La sexta del deporte motor","publisher":{"@id":"http:\/\/autosdelpodio.com\/autos\/#organization"},"potentialAction":[{"@type":"SearchAction","target":{"@type":"EntryPoint","urlTemplate":"http:\/\/autosdelpodio.com\/autos\/?s={search_term_string}"},"query-input":{"@type":"PropertyValueSpecification","valueRequired":true,"valueName":"search_term_string"}}],"inLanguage":"es"},{"@type":"Organization","@id":"http:\/\/autosdelpodio.com\/autos\/#organization","name":"Autos del Podio","url":"http:\/\/autosdelpodio.com\/autos\/","logo":{"@type":"ImageObject","inLanguage":"es","@id":"http:\/\/autosdelpodio.com\/autos\/#\/schema\/logo\/image\/","url":"http:\/\/autosdelpodio.com\/autos\/wp-content\/uploads\/2020\/08\/Logo_AR.jpg","contentUrl":"http:\/\/autosdelpodio.com\/autos\/wp-content\/uploads\/2020\/08\/Logo_AR.jpg","width":1038,"height":1044,"caption":"Autos del Podio"},"image":{"@id":"http:\/\/autosdelpodio.com\/autos\/#\/schema\/logo\/image\/"},"sameAs":["https:\/\/www.facebook.com\/profile.php?id=100057192590976&amp;amp;amp;amp;amp;amp;amp;amp;amp;amp;amp;amp;amp;amp;amp;amp;amp;amp;ref=ts","https:\/\/x.com\/autosdelpodio","https:\/\/www.youtube.com\/user\/AutosdelPodio"]},{"@type":"Person","@id":"http:\/\/autosdelpodio.com\/autos\/#\/schema\/person\/993527a4d01c3acdd3d6bce3770bc942","name":"autosdelpodio","image":{"@type":"ImageObject","inLanguage":"es","@id":"http:\/\/autosdelpodio.com\/autos\/wp-content\/litespeed\/avatar\/aa8f65cd201a80f6b844f63278aa84af.jpg?ver=1776798175","url":"http:\/\/autosdelpodio.com\/autos\/wp-content\/litespeed\/avatar\/aa8f65cd201a80f6b844f63278aa84af.jpg?ver=1776798175","contentUrl":"http:\/\/autosdelpodio.com\/autos\/wp-content\/litespeed\/avatar\/aa8f65cd201a80f6b844f63278aa84af.jpg?ver=1776798175","caption":"autosdelpodio"}}]}},"views":608,"_links":{"self":[{"href":"http:\/\/autosdelpodio.com\/autos\/wp-json\/wp\/v2\/posts\/3911","targetHints":{"allow":["GET"]}}],"collection":[{"href":"http:\/\/autosdelpodio.com\/autos\/wp-json\/wp\/v2\/posts"}],"about":[{"href":"http:\/\/autosdelpodio.com\/autos\/wp-json\/wp\/v2\/types\/post"}],"author":[{"embeddable":true,"href":"http:\/\/autosdelpodio.com\/autos\/wp-json\/wp\/v2\/users\/3"}],"replies":[{"embeddable":true,"href":"http:\/\/autosdelpodio.com\/autos\/wp-json\/wp\/v2\/comments?post=3911"}],"version-history":[{"count":1,"href":"http:\/\/autosdelpodio.com\/autos\/wp-json\/wp\/v2\/posts\/3911\/revisions"}],"predecessor-version":[{"id":3912,"href":"http:\/\/autosdelpodio.com\/autos\/wp-json\/wp\/v2\/posts\/3911\/revisions\/3912"}],"wp:attachment":[{"href":"http:\/\/autosdelpodio.com\/autos\/wp-json\/wp\/v2\/media?parent=3911"}],"wp:term":[{"taxonomy":"category","embeddable":true,"href":"http:\/\/autosdelpodio.com\/autos\/wp-json\/wp\/v2\/categories?post=3911"},{"taxonomy":"post_tag","embeddable":true,"href":"http:\/\/autosdelpodio.com\/autos\/wp-json\/wp\/v2\/tags?post=3911"}],"curies":[{"name":"wp","href":"https:\/\/api.w.org\/{rel}","templated":true}]}}