{"id":3913,"date":"2021-02-08T20:15:57","date_gmt":"2021-02-08T23:15:57","guid":{"rendered":"http:\/\/autosdelpodio.com\/autos\/?p=3913"},"modified":"2021-02-10T22:33:09","modified_gmt":"2021-02-11T01:33:09","slug":"expo-auto-argentino-2021-suspendida","status":"publish","type":"post","link":"http:\/\/autosdelpodio.com\/autos\/expo-auto-argentino-2021-suspendida\/","title":{"rendered":"Expo Auto Argentino 2021 suspendida"},"content":{"rendered":"\n<p>A trav\u00e9s de un comunicado, la organizaci\u00f3n de Expo Auto Argentino inform\u00f3 que la edici\u00f3n prevista para este a\u00f1o est\u00e1 suspendida como consecuencia de la pandemia.<br>Expo Auto Argentino 2021 suspendida. La organizaci\u00f3n de la muestra difundi\u00f3 un comunicado dando a conocer la suspensi\u00f3n de la edici\u00f3n 2021.<\/p>\n\n\n\n<h5 class=\"wp-block-heading\"><strong>Comunicado de Expo Auto Argentino<\/strong><\/h5>\n\n\n\n<p>Ante las consultas que nos han hecho llegar expositores, periodistas y p\u00fablico en general, la organizaci\u00f3n de Expo Auto Argentino comunica que por el momento no est\u00e1n dadas las condiciones de seguridad sanitaria para organizar la muestra en la forma en que siempre lo hemos hecho.<\/p>\n\n\n\n<p>Por lo tanto, mientras dure la pandemia la exposici\u00f3n se encuentra suspendida y no podemos fijar una fecha para el evento ni mucho menos convocar a expositores y p\u00fablico.<\/p>\n\n\n\n<p>Una vez superada esta contingencia, se analizar\u00e1n alternativas para determinar una nueva fecha.<\/p>\n\n\n\n<p>Agradecemos a todos por la comprensi\u00f3n y esperamos poder encontrarnos nuevamente tan pronto la situaci\u00f3n lo permita.<\/p>\n\n\n\n<p><em>Organizaci\u00f3n de Expo Auto Argentino<\/em><\/p>\n","protected":false},"excerpt":{"rendered":"<p>A trav\u00e9s de un comunicado, la organizaci\u00f3n de Expo Auto Argentino inform\u00f3 que la edici\u00f3n prevista para este a\u00f1o est\u00e1<\/p>\n","protected":false},"author":3,"featured_media":3914,"comment_status":"open","ping_status":"open","sticky":false,"template":"","format":"standard","meta":{"colormag_page_container_layout":"default_layout","colormag_page_sidebar_layout":"default_layout","footnotes":""},"categories":[16,5],"tags":[118,43,186,53,68],"class_list":["post-3913","post","type-post","status-publish","format-standard","has-post-thumbnail","hentry","category-recta-principal","category-latest-news","tag-autos-clasicos","tag-autos-y-motos","tag-buenos-aires","tag-expo-auto-argentino","tag-exposiciones"],"yoast_head":"<!-- This site is optimized with the Yoast SEO plugin v27.4 - https:\/\/yoast.com\/product\/yoast-seo-wordpress\/ -->\n<title>Autos del Podio | Expo Auto Argentino 2021 suspendida<\/title>\n<meta name=\"description\" content=\"Autos del Podio La edici\u00f3n Expo Auto Argentino 2021 qued\u00f3 suspendida\" \/>\n<meta name=\"robots\" content=\"index, follow, max-snippet:-1, max-image-preview:large, max-video-preview:-1\" \/>\n<link rel=\"canonical\" href=\"http:\/\/autosdelpodio.com\/autos\/expo-auto-argentino-2021-suspendida\/\" \/>\n<meta property=\"og:locale\" content=\"es_ES\" \/>\n<meta property=\"og:type\" content=\"article\" \/>\n<meta property=\"og:title\" content=\"Autos del Podio | Expo Auto Argentino 2021 suspendida\" \/>\n<meta property=\"og:description\" content=\"Autos del Podio La edici\u00f3n Expo Auto Argentino 2021 qued\u00f3 suspendida\" \/>\n<meta property=\"og:url\" content=\"http:\/\/autosdelpodio.com\/autos\/expo-auto-argentino-2021-suspendida\/\" \/>\n<meta property=\"og:site_name\" content=\"Autos del Podio\" \/>\n<meta property=\"article:publisher\" content=\"https:\/\/www.facebook.com\/profile.php?id=100057192590976&amp;amp%3bamp%3bamp%3bamp%3bamp%3bamp%3bamp%3bamp%3bamp%3bamp%3bamp%3bamp%3bamp%3bamp%3bamp%3bamp%3bamp%3bamp%3bref=ts\" \/>\n<meta property=\"article:published_time\" content=\"2021-02-08T23:15:57+00:00\" \/>\n<meta property=\"article:modified_time\" content=\"2021-02-11T01:33:09+00:00\" \/>\n<meta property=\"og:image\" content=\"http:\/\/autosdelpodio.com\/autos\/wp-content\/uploads\/2021\/02\/Logo_Expo_Auto_Argentino.jpg\" \/>\n\t<meta property=\"og:image:width\" content=\"319\" \/>\n\t<meta property=\"og:image:height\" content=\"319\" \/>\n\t<meta property=\"og:image:type\" content=\"image\/jpeg\" \/>\n<meta name=\"author\" content=\"autosdelpodio\" \/>\n<meta name=\"twitter:card\" content=\"summary_large_image\" \/>\n<meta name=\"twitter:creator\" content=\"@autosdelpodio\" \/>\n<meta name=\"twitter:site\" content=\"@autosdelpodio\" \/>\n<meta name=\"twitter:label1\" content=\"Escrito por\" \/>\n\t<meta name=\"twitter:data1\" content=\"autosdelpodio\" \/>\n\t<meta name=\"twitter:label2\" content=\"Tiempo de lectura\" \/>\n\t<meta name=\"twitter:data2\" content=\"1 minuto\" \/>\n<script type=\"application\/ld+json\" class=\"yoast-schema-graph\">{\"@context\":\"https:\\\/\\\/schema.org\",\"@graph\":[{\"@type\":\"Article\",\"@id\":\"http:\\\/\\\/autosdelpodio.com\\\/autos\\\/expo-auto-argentino-2021-suspendida\\\/#article\",\"isPartOf\":{\"@id\":\"http:\\\/\\\/autosdelpodio.com\\\/autos\\\/expo-auto-argentino-2021-suspendida\\\/\"},\"author\":{\"name\":\"autosdelpodio\",\"@id\":\"http:\\\/\\\/autosdelpodio.com\\\/autos\\\/#\\\/schema\\\/person\\\/993527a4d01c3acdd3d6bce3770bc942\"},\"headline\":\"Expo Auto Argentino 2021 suspendida\",\"datePublished\":\"2021-02-08T23:15:57+00:00\",\"dateModified\":\"2021-02-11T01:33:09+00:00\",\"mainEntityOfPage\":{\"@id\":\"http:\\\/\\\/autosdelpodio.com\\\/autos\\\/expo-auto-argentino-2021-suspendida\\\/\"},\"wordCount\":181,\"commentCount\":1,\"publisher\":{\"@id\":\"http:\\\/\\\/autosdelpodio.com\\\/autos\\\/#organization\"},\"image\":{\"@id\":\"http:\\\/\\\/autosdelpodio.com\\\/autos\\\/expo-auto-argentino-2021-suspendida\\\/#primaryimage\"},\"thumbnailUrl\":\"http:\\\/\\\/autosdelpodio.com\\\/autos\\\/wp-content\\\/uploads\\\/2021\\\/02\\\/Logo_Expo_Auto_Argentino.jpg\",\"keywords\":[\"Autos Clasicos\",\"Autos y Motos\",\"Buenos Aires\",\"Expo Auto Argentino\",\"Exposiciones\"],\"articleSection\":[\"Recta Principal\",\"\u00daltimas noticias\"],\"inLanguage\":\"es\",\"potentialAction\":[{\"@type\":\"CommentAction\",\"name\":\"Comment\",\"target\":[\"http:\\\/\\\/autosdelpodio.com\\\/autos\\\/expo-auto-argentino-2021-suspendida\\\/#respond\"]}]},{\"@type\":\"WebPage\",\"@id\":\"http:\\\/\\\/autosdelpodio.com\\\/autos\\\/expo-auto-argentino-2021-suspendida\\\/\",\"url\":\"http:\\\/\\\/autosdelpodio.com\\\/autos\\\/expo-auto-argentino-2021-suspendida\\\/\",\"name\":\"Autos del Podio | Expo Auto Argentino 2021 suspendida\",\"isPartOf\":{\"@id\":\"http:\\\/\\\/autosdelpodio.com\\\/autos\\\/#website\"},\"primaryImageOfPage\":{\"@id\":\"http:\\\/\\\/autosdelpodio.com\\\/autos\\\/expo-auto-argentino-2021-suspendida\\\/#primaryimage\"},\"image\":{\"@id\":\"http:\\\/\\\/autosdelpodio.com\\\/autos\\\/expo-auto-argentino-2021-suspendida\\\/#primaryimage\"},\"thumbnailUrl\":\"http:\\\/\\\/autosdelpodio.com\\\/autos\\\/wp-content\\\/uploads\\\/2021\\\/02\\\/Logo_Expo_Auto_Argentino.jpg\",\"datePublished\":\"2021-02-08T23:15:57+00:00\",\"dateModified\":\"2021-02-11T01:33:09+00:00\",\"description\":\"Autos del Podio La edici\u00f3n Expo Auto Argentino 2021 qued\u00f3 suspendida\",\"breadcrumb\":{\"@id\":\"http:\\\/\\\/autosdelpodio.com\\\/autos\\\/expo-auto-argentino-2021-suspendida\\\/#breadcrumb\"},\"inLanguage\":\"es\",\"potentialAction\":[{\"@type\":\"ReadAction\",\"target\":[\"http:\\\/\\\/autosdelpodio.com\\\/autos\\\/expo-auto-argentino-2021-suspendida\\\/\"]}]},{\"@type\":\"ImageObject\",\"inLanguage\":\"es\",\"@id\":\"http:\\\/\\\/autosdelpodio.com\\\/autos\\\/expo-auto-argentino-2021-suspendida\\\/#primaryimage\",\"url\":\"http:\\\/\\\/autosdelpodio.com\\\/autos\\\/wp-content\\\/uploads\\\/2021\\\/02\\\/Logo_Expo_Auto_Argentino.jpg\",\"contentUrl\":\"http:\\\/\\\/autosdelpodio.com\\\/autos\\\/wp-content\\\/uploads\\\/2021\\\/02\\\/Logo_Expo_Auto_Argentino.jpg\",\"width\":319,\"height\":319},{\"@type\":\"BreadcrumbList\",\"@id\":\"http:\\\/\\\/autosdelpodio.com\\\/autos\\\/expo-auto-argentino-2021-suspendida\\\/#breadcrumb\",\"itemListElement\":[{\"@type\":\"ListItem\",\"position\":1,\"name\":\"Portada\",\"item\":\"http:\\\/\\\/autosdelpodio.com\\\/autos\\\/\"},{\"@type\":\"ListItem\",\"position\":2,\"name\":\"Expo Auto Argentino 2021 suspendida\"}]},{\"@type\":\"WebSite\",\"@id\":\"http:\\\/\\\/autosdelpodio.com\\\/autos\\\/#website\",\"url\":\"http:\\\/\\\/autosdelpodio.com\\\/autos\\\/\",\"name\":\"Autos del Podio\",\"description\":\"La sexta del deporte motor\",\"publisher\":{\"@id\":\"http:\\\/\\\/autosdelpodio.com\\\/autos\\\/#organization\"},\"potentialAction\":[{\"@type\":\"SearchAction\",\"target\":{\"@type\":\"EntryPoint\",\"urlTemplate\":\"http:\\\/\\\/autosdelpodio.com\\\/autos\\\/?s={search_term_string}\"},\"query-input\":{\"@type\":\"PropertyValueSpecification\",\"valueRequired\":true,\"valueName\":\"search_term_string\"}}],\"inLanguage\":\"es\"},{\"@type\":\"Organization\",\"@id\":\"http:\\\/\\\/autosdelpodio.com\\\/autos\\\/#organization\",\"name\":\"Autos del Podio\",\"url\":\"http:\\\/\\\/autosdelpodio.com\\\/autos\\\/\",\"logo\":{\"@type\":\"ImageObject\",\"inLanguage\":\"es\",\"@id\":\"http:\\\/\\\/autosdelpodio.com\\\/autos\\\/#\\\/schema\\\/logo\\\/image\\\/\",\"url\":\"http:\\\/\\\/autosdelpodio.com\\\/autos\\\/wp-content\\\/uploads\\\/2020\\\/08\\\/Logo_AR.jpg\",\"contentUrl\":\"http:\\\/\\\/autosdelpodio.com\\\/autos\\\/wp-content\\\/uploads\\\/2020\\\/08\\\/Logo_AR.jpg\",\"width\":1038,\"height\":1044,\"caption\":\"Autos del Podio\"},\"image\":{\"@id\":\"http:\\\/\\\/autosdelpodio.com\\\/autos\\\/#\\\/schema\\\/logo\\\/image\\\/\"},\"sameAs\":[\"https:\\\/\\\/www.facebook.com\\\/profile.php?id=100057192590976&amp;amp;amp;amp;amp;amp;amp;amp;amp;amp;amp;amp;amp;amp;amp;amp;amp;amp;ref=ts\",\"https:\\\/\\\/x.com\\\/autosdelpodio\",\"https:\\\/\\\/www.youtube.com\\\/user\\\/AutosdelPodio\"]},{\"@type\":\"Person\",\"@id\":\"http:\\\/\\\/autosdelpodio.com\\\/autos\\\/#\\\/schema\\\/person\\\/993527a4d01c3acdd3d6bce3770bc942\",\"name\":\"autosdelpodio\",\"image\":{\"@type\":\"ImageObject\",\"inLanguage\":\"es\",\"@id\":\"http:\\\/\\\/autosdelpodio.com\\\/autos\\\/wp-content\\\/litespeed\\\/avatar\\\/aa8f65cd201a80f6b844f63278aa84af.jpg?ver=1776798175\",\"url\":\"http:\\\/\\\/autosdelpodio.com\\\/autos\\\/wp-content\\\/litespeed\\\/avatar\\\/aa8f65cd201a80f6b844f63278aa84af.jpg?ver=1776798175\",\"contentUrl\":\"http:\\\/\\\/autosdelpodio.com\\\/autos\\\/wp-content\\\/litespeed\\\/avatar\\\/aa8f65cd201a80f6b844f63278aa84af.jpg?ver=1776798175\",\"caption\":\"autosdelpodio\"}}]}<\/script>\n<!-- \/ Yoast SEO plugin. -->","yoast_head_json":{"title":"Autos del Podio | Expo Auto Argentino 2021 suspendida","description":"Autos del Podio La edici\u00f3n Expo Auto Argentino 2021 qued\u00f3 suspendida","robots":{"index":"index","follow":"follow","max-snippet":"max-snippet:-1","max-image-preview":"max-image-preview:large","max-video-preview":"max-video-preview:-1"},"canonical":"http:\/\/autosdelpodio.com\/autos\/expo-auto-argentino-2021-suspendida\/","og_locale":"es_ES","og_type":"article","og_title":"Autos del Podio | Expo Auto Argentino 2021 suspendida","og_description":"Autos del Podio La edici\u00f3n Expo Auto Argentino 2021 qued\u00f3 suspendida","og_url":"http:\/\/autosdelpodio.com\/autos\/expo-auto-argentino-2021-suspendida\/","og_site_name":"Autos del Podio","article_publisher":"https:\/\/www.facebook.com\/profile.php?id=100057192590976&amp%3bamp%3bamp%3bamp%3bamp%3bamp%3bamp%3bamp%3bamp%3bamp%3bamp%3bamp%3bamp%3bamp%3bamp%3bamp%3bamp%3bamp%3bref=ts","article_published_time":"2021-02-08T23:15:57+00:00","article_modified_time":"2021-02-11T01:33:09+00:00","og_image":[{"width":319,"height":319,"url":"http:\/\/autosdelpodio.com\/autos\/wp-content\/uploads\/2021\/02\/Logo_Expo_Auto_Argentino.jpg","type":"image\/jpeg"}],"author":"autosdelpodio","twitter_card":"summary_large_image","twitter_creator":"@autosdelpodio","twitter_site":"@autosdelpodio","twitter_misc":{"Escrito por":"autosdelpodio","Tiempo de lectura":"1 minuto"},"schema":{"@context":"https:\/\/schema.org","@graph":[{"@type":"Article","@id":"http:\/\/autosdelpodio.com\/autos\/expo-auto-argentino-2021-suspendida\/#article","isPartOf":{"@id":"http:\/\/autosdelpodio.com\/autos\/expo-auto-argentino-2021-suspendida\/"},"author":{"name":"autosdelpodio","@id":"http:\/\/autosdelpodio.com\/autos\/#\/schema\/person\/993527a4d01c3acdd3d6bce3770bc942"},"headline":"Expo Auto Argentino 2021 suspendida","datePublished":"2021-02-08T23:15:57+00:00","dateModified":"2021-02-11T01:33:09+00:00","mainEntityOfPage":{"@id":"http:\/\/autosdelpodio.com\/autos\/expo-auto-argentino-2021-suspendida\/"},"wordCount":181,"commentCount":1,"publisher":{"@id":"http:\/\/autosdelpodio.com\/autos\/#organization"},"image":{"@id":"http:\/\/autosdelpodio.com\/autos\/expo-auto-argentino-2021-suspendida\/#primaryimage"},"thumbnailUrl":"http:\/\/autosdelpodio.com\/autos\/wp-content\/uploads\/2021\/02\/Logo_Expo_Auto_Argentino.jpg","keywords":["Autos Clasicos","Autos y Motos","Buenos Aires","Expo Auto Argentino","Exposiciones"],"articleSection":["Recta Principal","\u00daltimas noticias"],"inLanguage":"es","potentialAction":[{"@type":"CommentAction","name":"Comment","target":["http:\/\/autosdelpodio.com\/autos\/expo-auto-argentino-2021-suspendida\/#respond"]}]},{"@type":"WebPage","@id":"http:\/\/autosdelpodio.com\/autos\/expo-auto-argentino-2021-suspendida\/","url":"http:\/\/autosdelpodio.com\/autos\/expo-auto-argentino-2021-suspendida\/","name":"Autos del Podio | Expo Auto Argentino 2021 suspendida","isPartOf":{"@id":"http:\/\/autosdelpodio.com\/autos\/#website"},"primaryImageOfPage":{"@id":"http:\/\/autosdelpodio.com\/autos\/expo-auto-argentino-2021-suspendida\/#primaryimage"},"image":{"@id":"http:\/\/autosdelpodio.com\/autos\/expo-auto-argentino-2021-suspendida\/#primaryimage"},"thumbnailUrl":"http:\/\/autosdelpodio.com\/autos\/wp-content\/uploads\/2021\/02\/Logo_Expo_Auto_Argentino.jpg","datePublished":"2021-02-08T23:15:57+00:00","dateModified":"2021-02-11T01:33:09+00:00","description":"Autos del Podio La edici\u00f3n Expo Auto Argentino 2021 qued\u00f3 suspendida","breadcrumb":{"@id":"http:\/\/autosdelpodio.com\/autos\/expo-auto-argentino-2021-suspendida\/#breadcrumb"},"inLanguage":"es","potentialAction":[{"@type":"ReadAction","target":["http:\/\/autosdelpodio.com\/autos\/expo-auto-argentino-2021-suspendida\/"]}]},{"@type":"ImageObject","inLanguage":"es","@id":"http:\/\/autosdelpodio.com\/autos\/expo-auto-argentino-2021-suspendida\/#primaryimage","url":"http:\/\/autosdelpodio.com\/autos\/wp-content\/uploads\/2021\/02\/Logo_Expo_Auto_Argentino.jpg","contentUrl":"http:\/\/autosdelpodio.com\/autos\/wp-content\/uploads\/2021\/02\/Logo_Expo_Auto_Argentino.jpg","width":319,"height":319},{"@type":"BreadcrumbList","@id":"http:\/\/autosdelpodio.com\/autos\/expo-auto-argentino-2021-suspendida\/#breadcrumb","itemListElement":[{"@type":"ListItem","position":1,"name":"Portada","item":"http:\/\/autosdelpodio.com\/autos\/"},{"@type":"ListItem","position":2,"name":"Expo Auto Argentino 2021 suspendida"}]},{"@type":"WebSite","@id":"http:\/\/autosdelpodio.com\/autos\/#website","url":"http:\/\/autosdelpodio.com\/autos\/","name":"Autos del Podio","description":"La sexta del deporte motor","publisher":{"@id":"http:\/\/autosdelpodio.com\/autos\/#organization"},"potentialAction":[{"@type":"SearchAction","target":{"@type":"EntryPoint","urlTemplate":"http:\/\/autosdelpodio.com\/autos\/?s={search_term_string}"},"query-input":{"@type":"PropertyValueSpecification","valueRequired":true,"valueName":"search_term_string"}}],"inLanguage":"es"},{"@type":"Organization","@id":"http:\/\/autosdelpodio.com\/autos\/#organization","name":"Autos del Podio","url":"http:\/\/autosdelpodio.com\/autos\/","logo":{"@type":"ImageObject","inLanguage":"es","@id":"http:\/\/autosdelpodio.com\/autos\/#\/schema\/logo\/image\/","url":"http:\/\/autosdelpodio.com\/autos\/wp-content\/uploads\/2020\/08\/Logo_AR.jpg","contentUrl":"http:\/\/autosdelpodio.com\/autos\/wp-content\/uploads\/2020\/08\/Logo_AR.jpg","width":1038,"height":1044,"caption":"Autos del Podio"},"image":{"@id":"http:\/\/autosdelpodio.com\/autos\/#\/schema\/logo\/image\/"},"sameAs":["https:\/\/www.facebook.com\/profile.php?id=100057192590976&amp;amp;amp;amp;amp;amp;amp;amp;amp;amp;amp;amp;amp;amp;amp;amp;amp;amp;ref=ts","https:\/\/x.com\/autosdelpodio","https:\/\/www.youtube.com\/user\/AutosdelPodio"]},{"@type":"Person","@id":"http:\/\/autosdelpodio.com\/autos\/#\/schema\/person\/993527a4d01c3acdd3d6bce3770bc942","name":"autosdelpodio","image":{"@type":"ImageObject","inLanguage":"es","@id":"http:\/\/autosdelpodio.com\/autos\/wp-content\/litespeed\/avatar\/aa8f65cd201a80f6b844f63278aa84af.jpg?ver=1776798175","url":"http:\/\/autosdelpodio.com\/autos\/wp-content\/litespeed\/avatar\/aa8f65cd201a80f6b844f63278aa84af.jpg?ver=1776798175","contentUrl":"http:\/\/autosdelpodio.com\/autos\/wp-content\/litespeed\/avatar\/aa8f65cd201a80f6b844f63278aa84af.jpg?ver=1776798175","caption":"autosdelpodio"}}]}},"views":966,"_links":{"self":[{"href":"http:\/\/autosdelpodio.com\/autos\/wp-json\/wp\/v2\/posts\/3913","targetHints":{"allow":["GET"]}}],"collection":[{"href":"http:\/\/autosdelpodio.com\/autos\/wp-json\/wp\/v2\/posts"}],"about":[{"href":"http:\/\/autosdelpodio.com\/autos\/wp-json\/wp\/v2\/types\/post"}],"author":[{"embeddable":true,"href":"http:\/\/autosdelpodio.com\/autos\/wp-json\/wp\/v2\/users\/3"}],"replies":[{"embeddable":true,"href":"http:\/\/autosdelpodio.com\/autos\/wp-json\/wp\/v2\/comments?post=3913"}],"version-history":[{"count":3,"href":"http:\/\/autosdelpodio.com\/autos\/wp-json\/wp\/v2\/posts\/3913\/revisions"}],"predecessor-version":[{"id":3923,"href":"http:\/\/autosdelpodio.com\/autos\/wp-json\/wp\/v2\/posts\/3913\/revisions\/3923"}],"wp:featuredmedia":[{"embeddable":true,"href":"http:\/\/autosdelpodio.com\/autos\/wp-json\/wp\/v2\/media\/3914"}],"wp:attachment":[{"href":"http:\/\/autosdelpodio.com\/autos\/wp-json\/wp\/v2\/media?parent=3913"}],"wp:term":[{"taxonomy":"category","embeddable":true,"href":"http:\/\/autosdelpodio.com\/autos\/wp-json\/wp\/v2\/categories?post=3913"},{"taxonomy":"post_tag","embeddable":true,"href":"http:\/\/autosdelpodio.com\/autos\/wp-json\/wp\/v2\/tags?post=3913"}],"curies":[{"name":"wp","href":"https:\/\/api.w.org\/{rel}","templated":true}]}}