{"id":3918,"date":"2021-02-10T18:37:14","date_gmt":"2021-02-10T21:37:14","guid":{"rendered":"http:\/\/autosdelpodio.com\/autos\/?p=3918"},"modified":"2021-02-10T18:37:15","modified_gmt":"2021-02-10T21:37:15","slug":"cuando-oscar-galvez-puso-la-lupa-en-el-taunus","status":"publish","type":"post","link":"http:\/\/autosdelpodio.com\/autos\/cuando-oscar-galvez-puso-la-lupa-en-el-taunus\/","title":{"rendered":"Cuando Oscar G\u00e1lvez puso la lupa en el Taunus"},"content":{"rendered":"\n<p>Oscar G\u00e1lvez es uno de los m\u00e1ximos \u00eddolos del automovilismo argentino y un indiscutido referente de la marca Ford. En marzo de 1981 analizaba la renovada serie Taunus.<br>En enero de 1981, Ford Motor Argentina lanzaba la nueva l\u00ednea del Ford Taunus (ver nota). Meses m\u00e1s tarde, Oscar G\u00e1lvez evaluaba una de las primeras unidades para la recordada revista Su Auto.<\/p>\n\n\n\n<p>Por entonces, el cinco veces campe\u00f3n de Turismo Carretera segu\u00eda estrechamente vinculado a la marca del \u00f3valo como apoderado general de la agencia oficial Viel Automotores S.A., coordinador del equipo de competici\u00f3n y miembro de la Direcci\u00f3n de Relaciones P\u00fablicas. Con su verborr\u00e1gico estilo, y al volante de su flamante Taunus GT, \u201cEl Aguilucho\u201d elogiaba el nuevo estilo del chico de Ford:<\/p>\n\n\n\n<p>\u201cFijate, el L y el Ghia son totalmente nuevos, pero la cup\u00e9 tiene solamente modificaciones en la trompa y en la cola, con respecto a la carrocer\u00eda. El cap\u00f3 est\u00e1 m\u00e1s bajo y es m\u00e1s aerodin\u00e1mico que el anterior. Para eso instalaron una bater\u00eda m\u00e1s baja y que no requiere mantenimiento. Y mir\u00e1, en lugar de la bomba para accionar el lavaparabrisas, ahora tiene un motorcito que larga un chorro constante\u201d.<\/p>\n\n\n\n<p><strong>El gran piloto porte\u00f1o se sorprend\u00eda de la econom\u00eda del renovado modelo de Ford:<\/strong><\/p>\n\n\n\n<p>\u201cEl carburador es b\u00e1rbaro. Ya no ten\u00e9s que molestarte en cebarlo porque lo hace solo; marcha acelerado un ratito y despu\u00e9s sigue a marcha normal. Hasta los 145 km\/h funciona una sola boca, y despu\u00e9s abre la otra. Con la multiplicaci\u00f3n m\u00e1s larga (3,30:1) es s\u00faper econ\u00f3mico: yo hice 370 kil\u00f3metros con 36 litros a 120 kil\u00f3metros por hora. Y aqu\u00ed en la ciudad te da m\u00e1s de 10 kil\u00f3metros por litro\u201d.<br><strong>Una pegada de Ford<\/strong><br>En los primeros meses de 1981, las ventas de la agencia Viel se dispararon con el lanzamiento de la nueva l\u00ednea Taunus que rivalizaba con el cl\u00e1sico Falcon y se animaba con los importados. G\u00e1lvez derrochaba optimismo:<\/p>\n\n\n\n<p>\u201cEl Falcon tambi\u00e9n se vende bien. Es que ese es el caballito de batalla de Ford. Pero lo del Taunus es un fen\u00f3meno. Anda todo bien. Est\u00e1 bien terminado y es lindo. La gente est\u00e1 enloquecida con el Taunus nuevo. Ford se mand\u00f3 una pegada con ese auto y los importados lo van a sentir\u201d, conclu\u00eda Oscar.<\/p>\n\n\n\n<p>Fuente: revista Su Auto n\u00ba15. Marzo de 1981.<br><em>Publicado por<a href=\"https:\/\/autohistoria.com.ar\/\" target=\"_blank\" rel=\"noreferrer noopener\"> Autohistoria web<\/a><\/em><\/p>\n","protected":false},"excerpt":{"rendered":"<p>Oscar G\u00e1lvez es uno de los m\u00e1ximos \u00eddolos del automovilismo argentino y un indiscutido referente de la marca Ford. En<\/p>\n","protected":false},"author":3,"featured_media":3919,"comment_status":"open","ping_status":"open","sticky":false,"template":"","format":"standard","meta":{"colormag_page_container_layout":"default_layout","colormag_page_sidebar_layout":"default_layout","footnotes":""},"categories":[14,16],"tags":[118,88,526,527],"class_list":["post-3918","post","type-post","status-publish","format-standard","has-post-thumbnail","hentry","category-efemerides","category-recta-principal","tag-autos-clasicos","tag-ford-motor-company","tag-oscar-alfredo-galvez","tag-taunus"],"yoast_head":"<!-- This site is optimized with the Yoast SEO plugin v27.4 - https:\/\/yoast.com\/product\/yoast-seo-wordpress\/ -->\n<title>Autos del Podio | Cuando Oscar G\u00e1lvez puso la lupa en el Taunus<\/title>\n<meta name=\"description\" content=\"Autos del Podio Al volante de su GT, Oscar G\u00e1lvez puso la lupa en el Taunus 81\" \/>\n<meta name=\"robots\" content=\"index, follow, max-snippet:-1, max-image-preview:large, max-video-preview:-1\" \/>\n<link rel=\"canonical\" href=\"https:\/\/autosdelpodio.com\/autos\/cuando-oscar-galvez-puso-la-lupa-en-el-taunus\/\" \/>\n<meta property=\"og:locale\" content=\"es_ES\" \/>\n<meta property=\"og:type\" content=\"article\" \/>\n<meta property=\"og:title\" content=\"Autos del Podio | Cuando Oscar G\u00e1lvez puso la lupa en el Taunus\" \/>\n<meta property=\"og:description\" content=\"Autos del Podio Al volante de su GT, Oscar G\u00e1lvez puso la lupa en el Taunus 81\" \/>\n<meta property=\"og:url\" content=\"https:\/\/autosdelpodio.com\/autos\/cuando-oscar-galvez-puso-la-lupa-en-el-taunus\/\" \/>\n<meta property=\"og:site_name\" content=\"Autos del Podio\" \/>\n<meta property=\"article:publisher\" content=\"https:\/\/www.facebook.com\/profile.php?id=100057192590976&amp;amp%3bamp%3bamp%3bamp%3bamp%3bamp%3bamp%3bamp%3bamp%3bamp%3bamp%3bamp%3bamp%3bamp%3bamp%3bamp%3bamp%3bamp%3bref=ts\" \/>\n<meta property=\"article:published_time\" content=\"2021-02-10T21:37:14+00:00\" \/>\n<meta property=\"article:modified_time\" content=\"2021-02-10T21:37:15+00:00\" \/>\n<meta property=\"og:image\" content=\"https:\/\/autosdelpodio.com\/autos\/wp-content\/uploads\/2021\/02\/Taunus_Galvez.jpg\" \/>\n\t<meta property=\"og:image:width\" content=\"800\" \/>\n\t<meta property=\"og:image:height\" content=\"577\" \/>\n\t<meta property=\"og:image:type\" content=\"image\/jpeg\" \/>\n<meta name=\"author\" content=\"autosdelpodio\" \/>\n<meta name=\"twitter:card\" content=\"summary_large_image\" \/>\n<meta name=\"twitter:creator\" content=\"@autosdelpodio\" \/>\n<meta name=\"twitter:site\" content=\"@autosdelpodio\" \/>\n<meta name=\"twitter:label1\" content=\"Escrito por\" \/>\n\t<meta name=\"twitter:data1\" content=\"autosdelpodio\" \/>\n\t<meta name=\"twitter:label2\" content=\"Tiempo de lectura\" \/>\n\t<meta name=\"twitter:data2\" content=\"2 minutos\" \/>\n<script type=\"application\/ld+json\" class=\"yoast-schema-graph\">{\"@context\":\"https:\\\/\\\/schema.org\",\"@graph\":[{\"@type\":\"Article\",\"@id\":\"https:\\\/\\\/autosdelpodio.com\\\/autos\\\/cuando-oscar-galvez-puso-la-lupa-en-el-taunus\\\/#article\",\"isPartOf\":{\"@id\":\"https:\\\/\\\/autosdelpodio.com\\\/autos\\\/cuando-oscar-galvez-puso-la-lupa-en-el-taunus\\\/\"},\"author\":{\"name\":\"autosdelpodio\",\"@id\":\"http:\\\/\\\/autosdelpodio.com\\\/autos\\\/#\\\/schema\\\/person\\\/993527a4d01c3acdd3d6bce3770bc942\"},\"headline\":\"Cuando Oscar G\u00e1lvez puso la lupa en el Taunus\",\"datePublished\":\"2021-02-10T21:37:14+00:00\",\"dateModified\":\"2021-02-10T21:37:15+00:00\",\"mainEntityOfPage\":{\"@id\":\"https:\\\/\\\/autosdelpodio.com\\\/autos\\\/cuando-oscar-galvez-puso-la-lupa-en-el-taunus\\\/\"},\"wordCount\":430,\"commentCount\":0,\"publisher\":{\"@id\":\"http:\\\/\\\/autosdelpodio.com\\\/autos\\\/#organization\"},\"image\":{\"@id\":\"https:\\\/\\\/autosdelpodio.com\\\/autos\\\/cuando-oscar-galvez-puso-la-lupa-en-el-taunus\\\/#primaryimage\"},\"thumbnailUrl\":\"http:\\\/\\\/autosdelpodio.com\\\/autos\\\/wp-content\\\/uploads\\\/2021\\\/02\\\/Taunus_Galvez.jpg\",\"keywords\":[\"Autos Clasicos\",\"Ford Motor Company\",\"Oscar Alfredo Galvez\",\"Taunus\"],\"articleSection\":[\"Efem\u00e9rides\",\"Recta Principal\"],\"inLanguage\":\"es\",\"potentialAction\":[{\"@type\":\"CommentAction\",\"name\":\"Comment\",\"target\":[\"https:\\\/\\\/autosdelpodio.com\\\/autos\\\/cuando-oscar-galvez-puso-la-lupa-en-el-taunus\\\/#respond\"]}]},{\"@type\":\"WebPage\",\"@id\":\"https:\\\/\\\/autosdelpodio.com\\\/autos\\\/cuando-oscar-galvez-puso-la-lupa-en-el-taunus\\\/\",\"url\":\"https:\\\/\\\/autosdelpodio.com\\\/autos\\\/cuando-oscar-galvez-puso-la-lupa-en-el-taunus\\\/\",\"name\":\"Autos del Podio | Cuando Oscar G\u00e1lvez puso la lupa en el Taunus\",\"isPartOf\":{\"@id\":\"http:\\\/\\\/autosdelpodio.com\\\/autos\\\/#website\"},\"primaryImageOfPage\":{\"@id\":\"https:\\\/\\\/autosdelpodio.com\\\/autos\\\/cuando-oscar-galvez-puso-la-lupa-en-el-taunus\\\/#primaryimage\"},\"image\":{\"@id\":\"https:\\\/\\\/autosdelpodio.com\\\/autos\\\/cuando-oscar-galvez-puso-la-lupa-en-el-taunus\\\/#primaryimage\"},\"thumbnailUrl\":\"http:\\\/\\\/autosdelpodio.com\\\/autos\\\/wp-content\\\/uploads\\\/2021\\\/02\\\/Taunus_Galvez.jpg\",\"datePublished\":\"2021-02-10T21:37:14+00:00\",\"dateModified\":\"2021-02-10T21:37:15+00:00\",\"description\":\"Autos del Podio Al volante de su GT, Oscar G\u00e1lvez puso la lupa en el Taunus 81\",\"breadcrumb\":{\"@id\":\"https:\\\/\\\/autosdelpodio.com\\\/autos\\\/cuando-oscar-galvez-puso-la-lupa-en-el-taunus\\\/#breadcrumb\"},\"inLanguage\":\"es\",\"potentialAction\":[{\"@type\":\"ReadAction\",\"target\":[\"https:\\\/\\\/autosdelpodio.com\\\/autos\\\/cuando-oscar-galvez-puso-la-lupa-en-el-taunus\\\/\"]}]},{\"@type\":\"ImageObject\",\"inLanguage\":\"es\",\"@id\":\"https:\\\/\\\/autosdelpodio.com\\\/autos\\\/cuando-oscar-galvez-puso-la-lupa-en-el-taunus\\\/#primaryimage\",\"url\":\"http:\\\/\\\/autosdelpodio.com\\\/autos\\\/wp-content\\\/uploads\\\/2021\\\/02\\\/Taunus_Galvez.jpg\",\"contentUrl\":\"http:\\\/\\\/autosdelpodio.com\\\/autos\\\/wp-content\\\/uploads\\\/2021\\\/02\\\/Taunus_Galvez.jpg\",\"width\":800,\"height\":577},{\"@type\":\"BreadcrumbList\",\"@id\":\"https:\\\/\\\/autosdelpodio.com\\\/autos\\\/cuando-oscar-galvez-puso-la-lupa-en-el-taunus\\\/#breadcrumb\",\"itemListElement\":[{\"@type\":\"ListItem\",\"position\":1,\"name\":\"Portada\",\"item\":\"http:\\\/\\\/autosdelpodio.com\\\/autos\\\/\"},{\"@type\":\"ListItem\",\"position\":2,\"name\":\"Cuando Oscar G\u00e1lvez puso la lupa en el Taunus\"}]},{\"@type\":\"WebSite\",\"@id\":\"http:\\\/\\\/autosdelpodio.com\\\/autos\\\/#website\",\"url\":\"http:\\\/\\\/autosdelpodio.com\\\/autos\\\/\",\"name\":\"Autos del Podio\",\"description\":\"La sexta del deporte motor\",\"publisher\":{\"@id\":\"http:\\\/\\\/autosdelpodio.com\\\/autos\\\/#organization\"},\"potentialAction\":[{\"@type\":\"SearchAction\",\"target\":{\"@type\":\"EntryPoint\",\"urlTemplate\":\"http:\\\/\\\/autosdelpodio.com\\\/autos\\\/?s={search_term_string}\"},\"query-input\":{\"@type\":\"PropertyValueSpecification\",\"valueRequired\":true,\"valueName\":\"search_term_string\"}}],\"inLanguage\":\"es\"},{\"@type\":\"Organization\",\"@id\":\"http:\\\/\\\/autosdelpodio.com\\\/autos\\\/#organization\",\"name\":\"Autos del Podio\",\"url\":\"http:\\\/\\\/autosdelpodio.com\\\/autos\\\/\",\"logo\":{\"@type\":\"ImageObject\",\"inLanguage\":\"es\",\"@id\":\"http:\\\/\\\/autosdelpodio.com\\\/autos\\\/#\\\/schema\\\/logo\\\/image\\\/\",\"url\":\"http:\\\/\\\/autosdelpodio.com\\\/autos\\\/wp-content\\\/uploads\\\/2020\\\/08\\\/Logo_AR.jpg\",\"contentUrl\":\"http:\\\/\\\/autosdelpodio.com\\\/autos\\\/wp-content\\\/uploads\\\/2020\\\/08\\\/Logo_AR.jpg\",\"width\":1038,\"height\":1044,\"caption\":\"Autos del Podio\"},\"image\":{\"@id\":\"http:\\\/\\\/autosdelpodio.com\\\/autos\\\/#\\\/schema\\\/logo\\\/image\\\/\"},\"sameAs\":[\"https:\\\/\\\/www.facebook.com\\\/profile.php?id=100057192590976&amp;amp;amp;amp;amp;amp;amp;amp;amp;amp;amp;amp;amp;amp;amp;amp;amp;amp;ref=ts\",\"https:\\\/\\\/x.com\\\/autosdelpodio\",\"https:\\\/\\\/www.youtube.com\\\/user\\\/AutosdelPodio\"]},{\"@type\":\"Person\",\"@id\":\"http:\\\/\\\/autosdelpodio.com\\\/autos\\\/#\\\/schema\\\/person\\\/993527a4d01c3acdd3d6bce3770bc942\",\"name\":\"autosdelpodio\",\"image\":{\"@type\":\"ImageObject\",\"inLanguage\":\"es\",\"@id\":\"http:\\\/\\\/autosdelpodio.com\\\/autos\\\/wp-content\\\/litespeed\\\/avatar\\\/aa8f65cd201a80f6b844f63278aa84af.jpg?ver=1776798175\",\"url\":\"http:\\\/\\\/autosdelpodio.com\\\/autos\\\/wp-content\\\/litespeed\\\/avatar\\\/aa8f65cd201a80f6b844f63278aa84af.jpg?ver=1776798175\",\"contentUrl\":\"http:\\\/\\\/autosdelpodio.com\\\/autos\\\/wp-content\\\/litespeed\\\/avatar\\\/aa8f65cd201a80f6b844f63278aa84af.jpg?ver=1776798175\",\"caption\":\"autosdelpodio\"}}]}<\/script>\n<!-- \/ Yoast SEO plugin. -->","yoast_head_json":{"title":"Autos del Podio | Cuando Oscar G\u00e1lvez puso la lupa en el Taunus","description":"Autos del Podio Al volante de su GT, Oscar G\u00e1lvez puso la lupa en el Taunus 81","robots":{"index":"index","follow":"follow","max-snippet":"max-snippet:-1","max-image-preview":"max-image-preview:large","max-video-preview":"max-video-preview:-1"},"canonical":"https:\/\/autosdelpodio.com\/autos\/cuando-oscar-galvez-puso-la-lupa-en-el-taunus\/","og_locale":"es_ES","og_type":"article","og_title":"Autos del Podio | Cuando Oscar G\u00e1lvez puso la lupa en el Taunus","og_description":"Autos del Podio Al volante de su GT, Oscar G\u00e1lvez puso la lupa en el Taunus 81","og_url":"https:\/\/autosdelpodio.com\/autos\/cuando-oscar-galvez-puso-la-lupa-en-el-taunus\/","og_site_name":"Autos del Podio","article_publisher":"https:\/\/www.facebook.com\/profile.php?id=100057192590976&amp%3bamp%3bamp%3bamp%3bamp%3bamp%3bamp%3bamp%3bamp%3bamp%3bamp%3bamp%3bamp%3bamp%3bamp%3bamp%3bamp%3bamp%3bref=ts","article_published_time":"2021-02-10T21:37:14+00:00","article_modified_time":"2021-02-10T21:37:15+00:00","og_image":[{"width":800,"height":577,"url":"https:\/\/autosdelpodio.com\/autos\/wp-content\/uploads\/2021\/02\/Taunus_Galvez.jpg","type":"image\/jpeg"}],"author":"autosdelpodio","twitter_card":"summary_large_image","twitter_creator":"@autosdelpodio","twitter_site":"@autosdelpodio","twitter_misc":{"Escrito por":"autosdelpodio","Tiempo de lectura":"2 minutos"},"schema":{"@context":"https:\/\/schema.org","@graph":[{"@type":"Article","@id":"https:\/\/autosdelpodio.com\/autos\/cuando-oscar-galvez-puso-la-lupa-en-el-taunus\/#article","isPartOf":{"@id":"https:\/\/autosdelpodio.com\/autos\/cuando-oscar-galvez-puso-la-lupa-en-el-taunus\/"},"author":{"name":"autosdelpodio","@id":"http:\/\/autosdelpodio.com\/autos\/#\/schema\/person\/993527a4d01c3acdd3d6bce3770bc942"},"headline":"Cuando Oscar G\u00e1lvez puso la lupa en el Taunus","datePublished":"2021-02-10T21:37:14+00:00","dateModified":"2021-02-10T21:37:15+00:00","mainEntityOfPage":{"@id":"https:\/\/autosdelpodio.com\/autos\/cuando-oscar-galvez-puso-la-lupa-en-el-taunus\/"},"wordCount":430,"commentCount":0,"publisher":{"@id":"http:\/\/autosdelpodio.com\/autos\/#organization"},"image":{"@id":"https:\/\/autosdelpodio.com\/autos\/cuando-oscar-galvez-puso-la-lupa-en-el-taunus\/#primaryimage"},"thumbnailUrl":"http:\/\/autosdelpodio.com\/autos\/wp-content\/uploads\/2021\/02\/Taunus_Galvez.jpg","keywords":["Autos Clasicos","Ford Motor Company","Oscar Alfredo Galvez","Taunus"],"articleSection":["Efem\u00e9rides","Recta Principal"],"inLanguage":"es","potentialAction":[{"@type":"CommentAction","name":"Comment","target":["https:\/\/autosdelpodio.com\/autos\/cuando-oscar-galvez-puso-la-lupa-en-el-taunus\/#respond"]}]},{"@type":"WebPage","@id":"https:\/\/autosdelpodio.com\/autos\/cuando-oscar-galvez-puso-la-lupa-en-el-taunus\/","url":"https:\/\/autosdelpodio.com\/autos\/cuando-oscar-galvez-puso-la-lupa-en-el-taunus\/","name":"Autos del Podio | Cuando Oscar G\u00e1lvez puso la lupa en el Taunus","isPartOf":{"@id":"http:\/\/autosdelpodio.com\/autos\/#website"},"primaryImageOfPage":{"@id":"https:\/\/autosdelpodio.com\/autos\/cuando-oscar-galvez-puso-la-lupa-en-el-taunus\/#primaryimage"},"image":{"@id":"https:\/\/autosdelpodio.com\/autos\/cuando-oscar-galvez-puso-la-lupa-en-el-taunus\/#primaryimage"},"thumbnailUrl":"http:\/\/autosdelpodio.com\/autos\/wp-content\/uploads\/2021\/02\/Taunus_Galvez.jpg","datePublished":"2021-02-10T21:37:14+00:00","dateModified":"2021-02-10T21:37:15+00:00","description":"Autos del Podio Al volante de su GT, Oscar G\u00e1lvez puso la lupa en el Taunus 81","breadcrumb":{"@id":"https:\/\/autosdelpodio.com\/autos\/cuando-oscar-galvez-puso-la-lupa-en-el-taunus\/#breadcrumb"},"inLanguage":"es","potentialAction":[{"@type":"ReadAction","target":["https:\/\/autosdelpodio.com\/autos\/cuando-oscar-galvez-puso-la-lupa-en-el-taunus\/"]}]},{"@type":"ImageObject","inLanguage":"es","@id":"https:\/\/autosdelpodio.com\/autos\/cuando-oscar-galvez-puso-la-lupa-en-el-taunus\/#primaryimage","url":"http:\/\/autosdelpodio.com\/autos\/wp-content\/uploads\/2021\/02\/Taunus_Galvez.jpg","contentUrl":"http:\/\/autosdelpodio.com\/autos\/wp-content\/uploads\/2021\/02\/Taunus_Galvez.jpg","width":800,"height":577},{"@type":"BreadcrumbList","@id":"https:\/\/autosdelpodio.com\/autos\/cuando-oscar-galvez-puso-la-lupa-en-el-taunus\/#breadcrumb","itemListElement":[{"@type":"ListItem","position":1,"name":"Portada","item":"http:\/\/autosdelpodio.com\/autos\/"},{"@type":"ListItem","position":2,"name":"Cuando Oscar G\u00e1lvez puso la lupa en el Taunus"}]},{"@type":"WebSite","@id":"http:\/\/autosdelpodio.com\/autos\/#website","url":"http:\/\/autosdelpodio.com\/autos\/","name":"Autos del Podio","description":"La sexta del deporte motor","publisher":{"@id":"http:\/\/autosdelpodio.com\/autos\/#organization"},"potentialAction":[{"@type":"SearchAction","target":{"@type":"EntryPoint","urlTemplate":"http:\/\/autosdelpodio.com\/autos\/?s={search_term_string}"},"query-input":{"@type":"PropertyValueSpecification","valueRequired":true,"valueName":"search_term_string"}}],"inLanguage":"es"},{"@type":"Organization","@id":"http:\/\/autosdelpodio.com\/autos\/#organization","name":"Autos del Podio","url":"http:\/\/autosdelpodio.com\/autos\/","logo":{"@type":"ImageObject","inLanguage":"es","@id":"http:\/\/autosdelpodio.com\/autos\/#\/schema\/logo\/image\/","url":"http:\/\/autosdelpodio.com\/autos\/wp-content\/uploads\/2020\/08\/Logo_AR.jpg","contentUrl":"http:\/\/autosdelpodio.com\/autos\/wp-content\/uploads\/2020\/08\/Logo_AR.jpg","width":1038,"height":1044,"caption":"Autos del Podio"},"image":{"@id":"http:\/\/autosdelpodio.com\/autos\/#\/schema\/logo\/image\/"},"sameAs":["https:\/\/www.facebook.com\/profile.php?id=100057192590976&amp;amp;amp;amp;amp;amp;amp;amp;amp;amp;amp;amp;amp;amp;amp;amp;amp;amp;ref=ts","https:\/\/x.com\/autosdelpodio","https:\/\/www.youtube.com\/user\/AutosdelPodio"]},{"@type":"Person","@id":"http:\/\/autosdelpodio.com\/autos\/#\/schema\/person\/993527a4d01c3acdd3d6bce3770bc942","name":"autosdelpodio","image":{"@type":"ImageObject","inLanguage":"es","@id":"http:\/\/autosdelpodio.com\/autos\/wp-content\/litespeed\/avatar\/aa8f65cd201a80f6b844f63278aa84af.jpg?ver=1776798175","url":"http:\/\/autosdelpodio.com\/autos\/wp-content\/litespeed\/avatar\/aa8f65cd201a80f6b844f63278aa84af.jpg?ver=1776798175","contentUrl":"http:\/\/autosdelpodio.com\/autos\/wp-content\/litespeed\/avatar\/aa8f65cd201a80f6b844f63278aa84af.jpg?ver=1776798175","caption":"autosdelpodio"}}]}},"views":1576,"_links":{"self":[{"href":"http:\/\/autosdelpodio.com\/autos\/wp-json\/wp\/v2\/posts\/3918","targetHints":{"allow":["GET"]}}],"collection":[{"href":"http:\/\/autosdelpodio.com\/autos\/wp-json\/wp\/v2\/posts"}],"about":[{"href":"http:\/\/autosdelpodio.com\/autos\/wp-json\/wp\/v2\/types\/post"}],"author":[{"embeddable":true,"href":"http:\/\/autosdelpodio.com\/autos\/wp-json\/wp\/v2\/users\/3"}],"replies":[{"embeddable":true,"href":"http:\/\/autosdelpodio.com\/autos\/wp-json\/wp\/v2\/comments?post=3918"}],"version-history":[{"count":1,"href":"http:\/\/autosdelpodio.com\/autos\/wp-json\/wp\/v2\/posts\/3918\/revisions"}],"predecessor-version":[{"id":3920,"href":"http:\/\/autosdelpodio.com\/autos\/wp-json\/wp\/v2\/posts\/3918\/revisions\/3920"}],"wp:featuredmedia":[{"embeddable":true,"href":"http:\/\/autosdelpodio.com\/autos\/wp-json\/wp\/v2\/media\/3919"}],"wp:attachment":[{"href":"http:\/\/autosdelpodio.com\/autos\/wp-json\/wp\/v2\/media?parent=3918"}],"wp:term":[{"taxonomy":"category","embeddable":true,"href":"http:\/\/autosdelpodio.com\/autos\/wp-json\/wp\/v2\/categories?post=3918"},{"taxonomy":"post_tag","embeddable":true,"href":"http:\/\/autosdelpodio.com\/autos\/wp-json\/wp\/v2\/tags?post=3918"}],"curies":[{"name":"wp","href":"https:\/\/api.w.org\/{rel}","templated":true}]}}