{"id":3929,"date":"2021-02-14T15:10:02","date_gmt":"2021-02-14T18:10:02","guid":{"rendered":"http:\/\/autosdelpodio.com\/autos\/?p=3929"},"modified":"2021-02-14T16:14:05","modified_gmt":"2021-02-14T19:14:05","slug":"rossi-y-toyota-fueron-la-formula-perfecta","status":"publish","type":"post","link":"http:\/\/autosdelpodio.com\/autos\/rossi-y-toyota-fueron-la-formula-perfecta\/","title":{"rendered":"Rossi y Toyota fueron la formula perfecta"},"content":{"rendered":"\n<p>Mat\u00edas Rossi se consagr\u00f3 campe\u00f3n de la temporada 2020\/21 de Super TC2000 tras arribar tercero en la ultima fecha en el Autodromo de Buenos Aires.La carrera fue ganada por <a href=\"http:\/\/autosdelpodio.com\/autos\/gano-y-espera\/\" target=\"_blank\" rel=\"noreferrer noopener\">Agustin Canapino, quien lleg\u00f3 a la definici\u00f3n como principal rival<\/a> del piloto de Del Viso.<br>Para el nuevo monarca, que rompi\u00f3 la trilog\u00eda de Renault de temporadas anteriores, es el segundo titulo en el STC2000, que se suma al del 2013 tambi\u00e9n con la marca nipona.A dichos lauros hay que sumarle los del viejo TC2000 cuando gan\u00f3 en los a\u00f1os 2006,2007 y 2011: en las primeras dos ocasiones con Chevrolet y el restante con Toyota.<br>La pr\u00f3xima carrera que abrir\u00e1 calendario ser\u00e1 del 12 al 14 de Marzo en mismo escenario porte\u00f1o manteniendo la compa\u00f1\u00eda del TC2000 donde se consagr\u00f3 campe\u00f3n Ezequiel Bastidas (Toyota Corolla) y la Formula Renault 2.0 donde se coron\u00f3 Jorge Barrio de la mano del Croizet Racing.<\/p>\n\n\n\n<p><em>Foto: Prensa STC2000<br><\/em><\/p>\n\n\n\n<p><strong>Final STC2000 &#8211; GP Coronaci\u00f3n<\/strong><\/p>\n\n\n\n<p><em>1 CANAPINO 24 45;39.037<br>2 SANTERO 24 45;40.912 1.875<br>3 ROSSI 24 45;41.315 2.278<br>4 PERNIA 24 45;41.768 2.731<br>5 ARDUSSO 24 45;42.293 3.256<br>6 BARRICHELLO 24 45;42.869 3.832<br>7 LLAVER 24 45;45.136 6.099<br>8 MILLA 24 45;46.257 7.220<br>9 YANNANTUONI 24 45;47.058 8.021<br>10 MOSCARDINI 24 45;49.033 9.996<br>11 SILVA 24 45;51.676 12.639<br>12 GAGLIARDI G. 24 45;52.695 13.658<br>13 VIVIAN 24 45;53.314 14.277<br>14 RISATTI 24 45;53.333 14.296<br>15 GARRIZ 24 45;58.780 19.743<br>16 CIANTINI 24 46;01.678 22.641<br>17 ROSSO 24 46;02.137 23.100<br>18 SAPAG 19 36;45.504 5 vtas<br>19 CIARROCCHI 4 8;23.229 20 vtas<\/em><\/p>\n","protected":false},"excerpt":{"rendered":"<p>Mat\u00edas Rossi se consagr\u00f3 campe\u00f3n de la temporada 2020\/21 de Super TC2000 tras arribar tercero en la ultima fecha en<\/p>\n","protected":false},"author":3,"featured_media":3930,"comment_status":"open","ping_status":"open","sticky":false,"template":"","format":"standard","meta":{"colormag_page_container_layout":"default_layout","colormag_page_sidebar_layout":"default_layout","footnotes":""},"categories":[6,5],"tags":[142,378,366,77,217,326],"class_list":["post-3929","post","type-post","status-publish","format-standard","has-post-thumbnail","hentry","category-newsflash","category-latest-news","tag-autodromo-ba","tag-formula-renault","tag-matias-rossi","tag-supertc2000","tag-tc2000","tag-toyota"],"yoast_head":"<!-- This site is optimized with the Yoast SEO plugin v27.5 - https:\/\/yoast.com\/product\/yoast-seo-wordpress\/ -->\n<title>Autos del Podio | Rossi y Toyota fueron la formula perfecta<\/title>\n<meta name=\"description\" content=\"Autos del Podio Mat\u00edas Rossi hizo podio y se convirti\u00f3 nuevamente en campe\u00f3n de Super TC2000\" \/>\n<meta name=\"robots\" content=\"index, follow, max-snippet:-1, max-image-preview:large, max-video-preview:-1\" \/>\n<link rel=\"canonical\" href=\"https:\/\/autosdelpodio.com\/autos\/rossi-y-toyota-fueron-la-formula-perfecta\/\" \/>\n<meta property=\"og:locale\" content=\"es_ES\" \/>\n<meta property=\"og:type\" content=\"article\" \/>\n<meta property=\"og:title\" content=\"Autos del Podio | Rossi y Toyota fueron la formula perfecta\" \/>\n<meta property=\"og:description\" content=\"Autos del Podio Mat\u00edas Rossi hizo podio y se convirti\u00f3 nuevamente en campe\u00f3n de Super TC2000\" \/>\n<meta property=\"og:url\" content=\"https:\/\/autosdelpodio.com\/autos\/rossi-y-toyota-fueron-la-formula-perfecta\/\" \/>\n<meta property=\"og:site_name\" content=\"Autos del Podio\" \/>\n<meta property=\"article:publisher\" content=\"https:\/\/www.facebook.com\/profile.php?id=100057192590976&amp;amp%3bamp%3bamp%3bamp%3bamp%3bamp%3bamp%3bamp%3bamp%3bamp%3bamp%3bamp%3bamp%3bamp%3bamp%3bamp%3bamp%3bamp%3bref=ts\" \/>\n<meta property=\"article:published_time\" content=\"2021-02-14T18:10:02+00:00\" \/>\n<meta property=\"article:modified_time\" content=\"2021-02-14T19:14:05+00:00\" \/>\n<meta property=\"og:image\" content=\"https:\/\/autosdelpodio.com\/autos\/wp-content\/uploads\/2021\/02\/Rossi_STC2000-scaled-e1613326088654.jpg\" \/>\n\t<meta property=\"og:image:width\" content=\"800\" \/>\n\t<meta property=\"og:image:height\" content=\"531\" \/>\n\t<meta property=\"og:image:type\" content=\"image\/jpeg\" \/>\n<meta name=\"author\" content=\"autosdelpodio\" \/>\n<meta name=\"twitter:card\" content=\"summary_large_image\" \/>\n<meta name=\"twitter:creator\" content=\"@autosdelpodio\" \/>\n<meta name=\"twitter:site\" content=\"@autosdelpodio\" \/>\n<meta name=\"twitter:label1\" content=\"Escrito por\" \/>\n\t<meta name=\"twitter:data1\" content=\"autosdelpodio\" \/>\n\t<meta name=\"twitter:label2\" content=\"Tiempo de lectura\" \/>\n\t<meta name=\"twitter:data2\" content=\"2 minutos\" \/>\n<script type=\"application\/ld+json\" class=\"yoast-schema-graph\">{\"@context\":\"https:\\\/\\\/schema.org\",\"@graph\":[{\"@type\":\"Article\",\"@id\":\"https:\\\/\\\/autosdelpodio.com\\\/autos\\\/rossi-y-toyota-fueron-la-formula-perfecta\\\/#article\",\"isPartOf\":{\"@id\":\"https:\\\/\\\/autosdelpodio.com\\\/autos\\\/rossi-y-toyota-fueron-la-formula-perfecta\\\/\"},\"author\":{\"name\":\"autosdelpodio\",\"@id\":\"http:\\\/\\\/autosdelpodio.com\\\/autos\\\/#\\\/schema\\\/person\\\/993527a4d01c3acdd3d6bce3770bc942\"},\"headline\":\"Rossi y Toyota fueron la formula perfecta\",\"datePublished\":\"2021-02-14T18:10:02+00:00\",\"dateModified\":\"2021-02-14T19:14:05+00:00\",\"mainEntityOfPage\":{\"@id\":\"https:\\\/\\\/autosdelpodio.com\\\/autos\\\/rossi-y-toyota-fueron-la-formula-perfecta\\\/\"},\"wordCount\":193,\"commentCount\":0,\"publisher\":{\"@id\":\"http:\\\/\\\/autosdelpodio.com\\\/autos\\\/#organization\"},\"image\":{\"@id\":\"https:\\\/\\\/autosdelpodio.com\\\/autos\\\/rossi-y-toyota-fueron-la-formula-perfecta\\\/#primaryimage\"},\"thumbnailUrl\":\"http:\\\/\\\/autosdelpodio.com\\\/autos\\\/wp-content\\\/uploads\\\/2021\\\/02\\\/Rossi_STC2000-scaled-e1613326088654.jpg\",\"keywords\":[\"Autodromo BA\",\"Formula Renault\",\"Matias Rossi\",\"SuperTC2000\",\"TC2000\",\"Toyota\"],\"articleSection\":[\"Destacado\",\"\u00daltimas noticias\"],\"inLanguage\":\"es\",\"potentialAction\":[{\"@type\":\"CommentAction\",\"name\":\"Comment\",\"target\":[\"https:\\\/\\\/autosdelpodio.com\\\/autos\\\/rossi-y-toyota-fueron-la-formula-perfecta\\\/#respond\"]}]},{\"@type\":\"WebPage\",\"@id\":\"https:\\\/\\\/autosdelpodio.com\\\/autos\\\/rossi-y-toyota-fueron-la-formula-perfecta\\\/\",\"url\":\"https:\\\/\\\/autosdelpodio.com\\\/autos\\\/rossi-y-toyota-fueron-la-formula-perfecta\\\/\",\"name\":\"Autos del Podio | Rossi y Toyota fueron la formula perfecta\",\"isPartOf\":{\"@id\":\"http:\\\/\\\/autosdelpodio.com\\\/autos\\\/#website\"},\"primaryImageOfPage\":{\"@id\":\"https:\\\/\\\/autosdelpodio.com\\\/autos\\\/rossi-y-toyota-fueron-la-formula-perfecta\\\/#primaryimage\"},\"image\":{\"@id\":\"https:\\\/\\\/autosdelpodio.com\\\/autos\\\/rossi-y-toyota-fueron-la-formula-perfecta\\\/#primaryimage\"},\"thumbnailUrl\":\"http:\\\/\\\/autosdelpodio.com\\\/autos\\\/wp-content\\\/uploads\\\/2021\\\/02\\\/Rossi_STC2000-scaled-e1613326088654.jpg\",\"datePublished\":\"2021-02-14T18:10:02+00:00\",\"dateModified\":\"2021-02-14T19:14:05+00:00\",\"description\":\"Autos del Podio Mat\u00edas Rossi hizo podio y se convirti\u00f3 nuevamente en campe\u00f3n de Super TC2000\",\"breadcrumb\":{\"@id\":\"https:\\\/\\\/autosdelpodio.com\\\/autos\\\/rossi-y-toyota-fueron-la-formula-perfecta\\\/#breadcrumb\"},\"inLanguage\":\"es\",\"potentialAction\":[{\"@type\":\"ReadAction\",\"target\":[\"https:\\\/\\\/autosdelpodio.com\\\/autos\\\/rossi-y-toyota-fueron-la-formula-perfecta\\\/\"]}]},{\"@type\":\"ImageObject\",\"inLanguage\":\"es\",\"@id\":\"https:\\\/\\\/autosdelpodio.com\\\/autos\\\/rossi-y-toyota-fueron-la-formula-perfecta\\\/#primaryimage\",\"url\":\"http:\\\/\\\/autosdelpodio.com\\\/autos\\\/wp-content\\\/uploads\\\/2021\\\/02\\\/Rossi_STC2000-scaled-e1613326088654.jpg\",\"contentUrl\":\"http:\\\/\\\/autosdelpodio.com\\\/autos\\\/wp-content\\\/uploads\\\/2021\\\/02\\\/Rossi_STC2000-scaled-e1613326088654.jpg\",\"width\":800,\"height\":531},{\"@type\":\"BreadcrumbList\",\"@id\":\"https:\\\/\\\/autosdelpodio.com\\\/autos\\\/rossi-y-toyota-fueron-la-formula-perfecta\\\/#breadcrumb\",\"itemListElement\":[{\"@type\":\"ListItem\",\"position\":1,\"name\":\"Portada\",\"item\":\"http:\\\/\\\/autosdelpodio.com\\\/autos\\\/\"},{\"@type\":\"ListItem\",\"position\":2,\"name\":\"Rossi y Toyota fueron la formula perfecta\"}]},{\"@type\":\"WebSite\",\"@id\":\"http:\\\/\\\/autosdelpodio.com\\\/autos\\\/#website\",\"url\":\"http:\\\/\\\/autosdelpodio.com\\\/autos\\\/\",\"name\":\"Autos del Podio\",\"description\":\"La sexta del deporte motor\",\"publisher\":{\"@id\":\"http:\\\/\\\/autosdelpodio.com\\\/autos\\\/#organization\"},\"potentialAction\":[{\"@type\":\"SearchAction\",\"target\":{\"@type\":\"EntryPoint\",\"urlTemplate\":\"http:\\\/\\\/autosdelpodio.com\\\/autos\\\/?s={search_term_string}\"},\"query-input\":{\"@type\":\"PropertyValueSpecification\",\"valueRequired\":true,\"valueName\":\"search_term_string\"}}],\"inLanguage\":\"es\"},{\"@type\":\"Organization\",\"@id\":\"http:\\\/\\\/autosdelpodio.com\\\/autos\\\/#organization\",\"name\":\"Autos del Podio\",\"url\":\"http:\\\/\\\/autosdelpodio.com\\\/autos\\\/\",\"logo\":{\"@type\":\"ImageObject\",\"inLanguage\":\"es\",\"@id\":\"http:\\\/\\\/autosdelpodio.com\\\/autos\\\/#\\\/schema\\\/logo\\\/image\\\/\",\"url\":\"http:\\\/\\\/autosdelpodio.com\\\/autos\\\/wp-content\\\/uploads\\\/2020\\\/08\\\/Logo_AR.jpg\",\"contentUrl\":\"http:\\\/\\\/autosdelpodio.com\\\/autos\\\/wp-content\\\/uploads\\\/2020\\\/08\\\/Logo_AR.jpg\",\"width\":1038,\"height\":1044,\"caption\":\"Autos del Podio\"},\"image\":{\"@id\":\"http:\\\/\\\/autosdelpodio.com\\\/autos\\\/#\\\/schema\\\/logo\\\/image\\\/\"},\"sameAs\":[\"https:\\\/\\\/www.facebook.com\\\/profile.php?id=100057192590976&amp;amp;amp;amp;amp;amp;amp;amp;amp;amp;amp;amp;amp;amp;amp;amp;amp;amp;ref=ts\",\"https:\\\/\\\/x.com\\\/autosdelpodio\",\"https:\\\/\\\/www.youtube.com\\\/user\\\/AutosdelPodio\"]},{\"@type\":\"Person\",\"@id\":\"http:\\\/\\\/autosdelpodio.com\\\/autos\\\/#\\\/schema\\\/person\\\/993527a4d01c3acdd3d6bce3770bc942\",\"name\":\"autosdelpodio\",\"image\":{\"@type\":\"ImageObject\",\"inLanguage\":\"es\",\"@id\":\"http:\\\/\\\/autosdelpodio.com\\\/autos\\\/wp-content\\\/litespeed\\\/avatar\\\/aa8f65cd201a80f6b844f63278aa84af.jpg?ver=1777403005\",\"url\":\"http:\\\/\\\/autosdelpodio.com\\\/autos\\\/wp-content\\\/litespeed\\\/avatar\\\/aa8f65cd201a80f6b844f63278aa84af.jpg?ver=1777403005\",\"contentUrl\":\"http:\\\/\\\/autosdelpodio.com\\\/autos\\\/wp-content\\\/litespeed\\\/avatar\\\/aa8f65cd201a80f6b844f63278aa84af.jpg?ver=1777403005\",\"caption\":\"autosdelpodio\"}}]}<\/script>\n<!-- \/ Yoast SEO plugin. -->","yoast_head_json":{"title":"Autos del Podio | Rossi y Toyota fueron la formula perfecta","description":"Autos del Podio Mat\u00edas Rossi hizo podio y se convirti\u00f3 nuevamente en campe\u00f3n de Super TC2000","robots":{"index":"index","follow":"follow","max-snippet":"max-snippet:-1","max-image-preview":"max-image-preview:large","max-video-preview":"max-video-preview:-1"},"canonical":"https:\/\/autosdelpodio.com\/autos\/rossi-y-toyota-fueron-la-formula-perfecta\/","og_locale":"es_ES","og_type":"article","og_title":"Autos del Podio | Rossi y Toyota fueron la formula perfecta","og_description":"Autos del Podio Mat\u00edas Rossi hizo podio y se convirti\u00f3 nuevamente en campe\u00f3n de Super TC2000","og_url":"https:\/\/autosdelpodio.com\/autos\/rossi-y-toyota-fueron-la-formula-perfecta\/","og_site_name":"Autos del Podio","article_publisher":"https:\/\/www.facebook.com\/profile.php?id=100057192590976&amp%3bamp%3bamp%3bamp%3bamp%3bamp%3bamp%3bamp%3bamp%3bamp%3bamp%3bamp%3bamp%3bamp%3bamp%3bamp%3bamp%3bamp%3bref=ts","article_published_time":"2021-02-14T18:10:02+00:00","article_modified_time":"2021-02-14T19:14:05+00:00","og_image":[{"width":800,"height":531,"url":"https:\/\/autosdelpodio.com\/autos\/wp-content\/uploads\/2021\/02\/Rossi_STC2000-scaled-e1613326088654.jpg","type":"image\/jpeg"}],"author":"autosdelpodio","twitter_card":"summary_large_image","twitter_creator":"@autosdelpodio","twitter_site":"@autosdelpodio","twitter_misc":{"Escrito por":"autosdelpodio","Tiempo de lectura":"2 minutos"},"schema":{"@context":"https:\/\/schema.org","@graph":[{"@type":"Article","@id":"https:\/\/autosdelpodio.com\/autos\/rossi-y-toyota-fueron-la-formula-perfecta\/#article","isPartOf":{"@id":"https:\/\/autosdelpodio.com\/autos\/rossi-y-toyota-fueron-la-formula-perfecta\/"},"author":{"name":"autosdelpodio","@id":"http:\/\/autosdelpodio.com\/autos\/#\/schema\/person\/993527a4d01c3acdd3d6bce3770bc942"},"headline":"Rossi y Toyota fueron la formula perfecta","datePublished":"2021-02-14T18:10:02+00:00","dateModified":"2021-02-14T19:14:05+00:00","mainEntityOfPage":{"@id":"https:\/\/autosdelpodio.com\/autos\/rossi-y-toyota-fueron-la-formula-perfecta\/"},"wordCount":193,"commentCount":0,"publisher":{"@id":"http:\/\/autosdelpodio.com\/autos\/#organization"},"image":{"@id":"https:\/\/autosdelpodio.com\/autos\/rossi-y-toyota-fueron-la-formula-perfecta\/#primaryimage"},"thumbnailUrl":"http:\/\/autosdelpodio.com\/autos\/wp-content\/uploads\/2021\/02\/Rossi_STC2000-scaled-e1613326088654.jpg","keywords":["Autodromo BA","Formula Renault","Matias Rossi","SuperTC2000","TC2000","Toyota"],"articleSection":["Destacado","\u00daltimas noticias"],"inLanguage":"es","potentialAction":[{"@type":"CommentAction","name":"Comment","target":["https:\/\/autosdelpodio.com\/autos\/rossi-y-toyota-fueron-la-formula-perfecta\/#respond"]}]},{"@type":"WebPage","@id":"https:\/\/autosdelpodio.com\/autos\/rossi-y-toyota-fueron-la-formula-perfecta\/","url":"https:\/\/autosdelpodio.com\/autos\/rossi-y-toyota-fueron-la-formula-perfecta\/","name":"Autos del Podio | Rossi y Toyota fueron la formula perfecta","isPartOf":{"@id":"http:\/\/autosdelpodio.com\/autos\/#website"},"primaryImageOfPage":{"@id":"https:\/\/autosdelpodio.com\/autos\/rossi-y-toyota-fueron-la-formula-perfecta\/#primaryimage"},"image":{"@id":"https:\/\/autosdelpodio.com\/autos\/rossi-y-toyota-fueron-la-formula-perfecta\/#primaryimage"},"thumbnailUrl":"http:\/\/autosdelpodio.com\/autos\/wp-content\/uploads\/2021\/02\/Rossi_STC2000-scaled-e1613326088654.jpg","datePublished":"2021-02-14T18:10:02+00:00","dateModified":"2021-02-14T19:14:05+00:00","description":"Autos del Podio Mat\u00edas Rossi hizo podio y se convirti\u00f3 nuevamente en campe\u00f3n de Super TC2000","breadcrumb":{"@id":"https:\/\/autosdelpodio.com\/autos\/rossi-y-toyota-fueron-la-formula-perfecta\/#breadcrumb"},"inLanguage":"es","potentialAction":[{"@type":"ReadAction","target":["https:\/\/autosdelpodio.com\/autos\/rossi-y-toyota-fueron-la-formula-perfecta\/"]}]},{"@type":"ImageObject","inLanguage":"es","@id":"https:\/\/autosdelpodio.com\/autos\/rossi-y-toyota-fueron-la-formula-perfecta\/#primaryimage","url":"http:\/\/autosdelpodio.com\/autos\/wp-content\/uploads\/2021\/02\/Rossi_STC2000-scaled-e1613326088654.jpg","contentUrl":"http:\/\/autosdelpodio.com\/autos\/wp-content\/uploads\/2021\/02\/Rossi_STC2000-scaled-e1613326088654.jpg","width":800,"height":531},{"@type":"BreadcrumbList","@id":"https:\/\/autosdelpodio.com\/autos\/rossi-y-toyota-fueron-la-formula-perfecta\/#breadcrumb","itemListElement":[{"@type":"ListItem","position":1,"name":"Portada","item":"http:\/\/autosdelpodio.com\/autos\/"},{"@type":"ListItem","position":2,"name":"Rossi y Toyota fueron la formula perfecta"}]},{"@type":"WebSite","@id":"http:\/\/autosdelpodio.com\/autos\/#website","url":"http:\/\/autosdelpodio.com\/autos\/","name":"Autos del Podio","description":"La sexta del deporte motor","publisher":{"@id":"http:\/\/autosdelpodio.com\/autos\/#organization"},"potentialAction":[{"@type":"SearchAction","target":{"@type":"EntryPoint","urlTemplate":"http:\/\/autosdelpodio.com\/autos\/?s={search_term_string}"},"query-input":{"@type":"PropertyValueSpecification","valueRequired":true,"valueName":"search_term_string"}}],"inLanguage":"es"},{"@type":"Organization","@id":"http:\/\/autosdelpodio.com\/autos\/#organization","name":"Autos del Podio","url":"http:\/\/autosdelpodio.com\/autos\/","logo":{"@type":"ImageObject","inLanguage":"es","@id":"http:\/\/autosdelpodio.com\/autos\/#\/schema\/logo\/image\/","url":"http:\/\/autosdelpodio.com\/autos\/wp-content\/uploads\/2020\/08\/Logo_AR.jpg","contentUrl":"http:\/\/autosdelpodio.com\/autos\/wp-content\/uploads\/2020\/08\/Logo_AR.jpg","width":1038,"height":1044,"caption":"Autos del Podio"},"image":{"@id":"http:\/\/autosdelpodio.com\/autos\/#\/schema\/logo\/image\/"},"sameAs":["https:\/\/www.facebook.com\/profile.php?id=100057192590976&amp;amp;amp;amp;amp;amp;amp;amp;amp;amp;amp;amp;amp;amp;amp;amp;amp;amp;ref=ts","https:\/\/x.com\/autosdelpodio","https:\/\/www.youtube.com\/user\/AutosdelPodio"]},{"@type":"Person","@id":"http:\/\/autosdelpodio.com\/autos\/#\/schema\/person\/993527a4d01c3acdd3d6bce3770bc942","name":"autosdelpodio","image":{"@type":"ImageObject","inLanguage":"es","@id":"http:\/\/autosdelpodio.com\/autos\/wp-content\/litespeed\/avatar\/aa8f65cd201a80f6b844f63278aa84af.jpg?ver=1777403005","url":"http:\/\/autosdelpodio.com\/autos\/wp-content\/litespeed\/avatar\/aa8f65cd201a80f6b844f63278aa84af.jpg?ver=1777403005","contentUrl":"http:\/\/autosdelpodio.com\/autos\/wp-content\/litespeed\/avatar\/aa8f65cd201a80f6b844f63278aa84af.jpg?ver=1777403005","caption":"autosdelpodio"}}]}},"views":1078,"_links":{"self":[{"href":"http:\/\/autosdelpodio.com\/autos\/wp-json\/wp\/v2\/posts\/3929","targetHints":{"allow":["GET"]}}],"collection":[{"href":"http:\/\/autosdelpodio.com\/autos\/wp-json\/wp\/v2\/posts"}],"about":[{"href":"http:\/\/autosdelpodio.com\/autos\/wp-json\/wp\/v2\/types\/post"}],"author":[{"embeddable":true,"href":"http:\/\/autosdelpodio.com\/autos\/wp-json\/wp\/v2\/users\/3"}],"replies":[{"embeddable":true,"href":"http:\/\/autosdelpodio.com\/autos\/wp-json\/wp\/v2\/comments?post=3929"}],"version-history":[{"count":3,"href":"http:\/\/autosdelpodio.com\/autos\/wp-json\/wp\/v2\/posts\/3929\/revisions"}],"predecessor-version":[{"id":3934,"href":"http:\/\/autosdelpodio.com\/autos\/wp-json\/wp\/v2\/posts\/3929\/revisions\/3934"}],"wp:featuredmedia":[{"embeddable":true,"href":"http:\/\/autosdelpodio.com\/autos\/wp-json\/wp\/v2\/media\/3930"}],"wp:attachment":[{"href":"http:\/\/autosdelpodio.com\/autos\/wp-json\/wp\/v2\/media?parent=3929"}],"wp:term":[{"taxonomy":"category","embeddable":true,"href":"http:\/\/autosdelpodio.com\/autos\/wp-json\/wp\/v2\/categories?post=3929"},{"taxonomy":"post_tag","embeddable":true,"href":"http:\/\/autosdelpodio.com\/autos\/wp-json\/wp\/v2\/tags?post=3929"}],"curies":[{"name":"wp","href":"https:\/\/api.w.org\/{rel}","templated":true}]}}