{"id":3951,"date":"2021-02-21T14:03:29","date_gmt":"2021-02-21T17:03:29","guid":{"rendered":"http:\/\/autosdelpodio.com\/autos\/?p=3951"},"modified":"2021-02-23T18:35:48","modified_gmt":"2021-02-23T21:35:48","slug":"buenas-funciones-del-tp","status":"publish","type":"post","link":"http:\/\/autosdelpodio.com\/autos\/buenas-funciones-del-tp\/","title":{"rendered":"Buenas funciones del TP"},"content":{"rendered":"\n<p>El Autodromo de San Nicol\u00e1s fue testigo del <a href=\"http:\/\/autosdelpodio.com\/autos\/record-de-inscriptos\/\" target=\"_blank\" rel=\"noreferrer noopener\">festival de autos que tuvo en pista el Turismo Pista<\/a> que transcurrida la primera fecha, promete una extraordinaria temporada 2021.<br>En la Clase mayor Renzo Cerretti (Ford Fiesta) se impuso de principio a fin al cabo de 14 vueltas.Finalizada la competencia Cerretti fue excluido por tecnica de modo tal que Pablo Vuyovich fue re clasificado ganador y Luis Bessone su primer escolta.<br>En la Clase 2 Gabriel Melian (Volkswagen Up) gan\u00f3 por primera vez escoltado por Santiago Tambucci (Chevrolet Celta) y Mat\u00edas Cravero (Chevrolet Corsa)<br>Y al incio de la ma\u00f1ana nicole\u00f1a gan\u00f3 en la divisional menor Mat\u00edas Alvarez (Fiat Uno).<br>La pr\u00f3xima fecha ser\u00e1 28 de marzo en el Autodromo \u201cHermanos Emiliozzi\u201d de Olavarr\u00eda.<\/p>\n\n\n\n<p><strong>Final C3 &#8211; Fecha 1<\/strong><\/p>\n\n\n\n<p><em>1 CERRETTI 14 31;10.549<br>2 VUYOVICH 14 31;10.795 246<br>3 BESSONE 14 31;11.999 1.450<br>4 F ROSSOMANNO 14 31;13.236 2.687<br>5 ROBLEDO 14 31;14.112 3.563<br>6 BENEDETTI 14 31;15.834 5.285<br>7 DAMIANI 14 31;16.383 5.834<br>8 A.LESTARD 14 31;16.400 5.851<br>9 POSSIEL 14 31;16.983 6.434<br>10 BALDINELLI 14 31;17.503 6.954<br>11 BULICH 14 31;19.850 9.301<br>12 URRUTIA 14 31;20.204 9.655<br>13 D&#8217;AMICO 14 31;21.416 10.867<br>14 BATTINI 14 31;22.692 12.143<br>15 BADARACO 14 31;22.890 12.341<br>16 MARCHESSE 14 31;23.433 12.884<br>17 SNIECHOWSKI 14 31;23.684 13.135<br>18 FIERROS 14 31;24.904 14.355<br>19 MELLI 14 31;25.218 14.669<br>20 L ROSSOMANNO 14 31;25.529 14.980<br>21 MORENO 14 31;26.145 15.596<br>22 GARBIGLIA 14 31;28.008 17.459<br>23 R ALCAINE 14 31;29.833 19.284<br>24 URQUIZA 14 31;30.360 19.811<br>25 DONZINO 14 31;31.936 21.387<br>26 BESSONE 14 31;32.259 21.710<br>27 CASAIS 14 31;32.862 22.313<br>28 LOIACONO 14 31;33.090 22.541<br>29 MELILLO 14 31;34.146 23.597<br>30 LOIZATE 14 31;35.232 24.683<br>31 GARAVAGLIA 14 31;40.088 29.539<br>32 ETCHEVESTE 14 31;40.995 30.446<br>33 VIANA 14 31;53.558 43.009<br>34 BARBALARGA 13 29;38.912 1 vta<br>35 GARCIA 13 29;43.928 1 vta<br>36 COLLAZO 13 29;50.161 1 vta<br>37 RIESTRA 12 27;56.887 2 vtas<br>38 CRAVERO 12 27;57.993 2 vtas<br>39 GRIPPO 12 28;03.194 2 vtas<br>40 COLTRINARI 11 26;08.193 3 vtas<br>41 D.LESTARD 7 16;07.248 7 vtas<br>42 HERRERA 6 14;09.978 8 vtas<br>43 CONDE 2 3;41.194 12 vtas<br>44 PETRACCHINI 1 1;47.941 13 vtas<br>45 BLASIG 1 1;53.261 13 vtas<br>46 MALIZIA 1 2;17.214 13 vtas<\/em><\/p>\n","protected":false},"excerpt":{"rendered":"<p>El Autodromo de San Nicol\u00e1s fue testigo del festival de autos que tuvo en pista el Turismo Pista que transcurrida<\/p>\n","protected":false},"author":3,"featured_media":2974,"comment_status":"open","ping_status":"open","sticky":false,"template":"","format":"standard","meta":{"colormag_page_container_layout":"default_layout","colormag_page_sidebar_layout":"default_layout","footnotes":""},"categories":[5],"tags":[186,356,167],"class_list":["post-3951","post","type-post","status-publish","format-standard","has-post-thumbnail","hentry","category-latest-news","tag-buenos-aires","tag-san-nicolas","tag-turismo-pista"],"yoast_head":"<!-- This site is optimized with the Yoast SEO plugin v27.5 - https:\/\/yoast.com\/product\/yoast-seo-wordpress\/ -->\n<title>Autos del Podio | Buenas funciones del TP<\/title>\n<meta name=\"description\" content=\"Autos del Podio 133 autos formaron parte de la primera fecha del Turismo Pista\" \/>\n<meta name=\"robots\" content=\"index, follow, max-snippet:-1, max-image-preview:large, max-video-preview:-1\" \/>\n<link rel=\"canonical\" href=\"http:\/\/autosdelpodio.com\/autos\/buenas-funciones-del-tp\/\" \/>\n<meta property=\"og:locale\" content=\"es_ES\" \/>\n<meta property=\"og:type\" content=\"article\" \/>\n<meta property=\"og:title\" content=\"Autos del Podio | Buenas funciones del TP\" \/>\n<meta property=\"og:description\" content=\"Autos del Podio 133 autos formaron parte de la primera fecha del Turismo Pista\" \/>\n<meta property=\"og:url\" content=\"http:\/\/autosdelpodio.com\/autos\/buenas-funciones-del-tp\/\" \/>\n<meta property=\"og:site_name\" content=\"Autos del Podio\" \/>\n<meta property=\"article:publisher\" content=\"https:\/\/www.facebook.com\/profile.php?id=100057192590976&amp;amp%3bamp%3bamp%3bamp%3bamp%3bamp%3bamp%3bamp%3bamp%3bamp%3bamp%3bamp%3bamp%3bamp%3bamp%3bamp%3bamp%3bamp%3bref=ts\" \/>\n<meta property=\"article:published_time\" content=\"2021-02-21T17:03:29+00:00\" \/>\n<meta property=\"article:modified_time\" content=\"2021-02-23T21:35:48+00:00\" \/>\n<meta property=\"og:image\" content=\"http:\/\/autosdelpodio.com\/autos\/wp-content\/uploads\/2020\/11\/Logo_Turismo_Pista-e1627495319684.jpg\" \/>\n\t<meta property=\"og:image:width\" content=\"250\" \/>\n\t<meta property=\"og:image:height\" content=\"250\" \/>\n\t<meta property=\"og:image:type\" content=\"image\/jpeg\" \/>\n<meta name=\"author\" content=\"autosdelpodio\" \/>\n<meta name=\"twitter:card\" content=\"summary_large_image\" \/>\n<meta name=\"twitter:creator\" content=\"@autosdelpodio\" \/>\n<meta name=\"twitter:site\" content=\"@autosdelpodio\" \/>\n<meta name=\"twitter:label1\" content=\"Escrito por\" \/>\n\t<meta name=\"twitter:data1\" content=\"autosdelpodio\" \/>\n\t<meta name=\"twitter:label2\" content=\"Tiempo de lectura\" \/>\n\t<meta name=\"twitter:data2\" content=\"2 minutos\" \/>\n<script type=\"application\/ld+json\" class=\"yoast-schema-graph\">{\"@context\":\"https:\\\/\\\/schema.org\",\"@graph\":[{\"@type\":\"Article\",\"@id\":\"http:\\\/\\\/autosdelpodio.com\\\/autos\\\/buenas-funciones-del-tp\\\/#article\",\"isPartOf\":{\"@id\":\"http:\\\/\\\/autosdelpodio.com\\\/autos\\\/buenas-funciones-del-tp\\\/\"},\"author\":{\"name\":\"autosdelpodio\",\"@id\":\"http:\\\/\\\/autosdelpodio.com\\\/autos\\\/#\\\/schema\\\/person\\\/993527a4d01c3acdd3d6bce3770bc942\"},\"headline\":\"Buenas funciones del TP\",\"datePublished\":\"2021-02-21T17:03:29+00:00\",\"dateModified\":\"2021-02-23T21:35:48+00:00\",\"mainEntityOfPage\":{\"@id\":\"http:\\\/\\\/autosdelpodio.com\\\/autos\\\/buenas-funciones-del-tp\\\/\"},\"wordCount\":199,\"commentCount\":0,\"publisher\":{\"@id\":\"http:\\\/\\\/autosdelpodio.com\\\/autos\\\/#organization\"},\"image\":{\"@id\":\"http:\\\/\\\/autosdelpodio.com\\\/autos\\\/buenas-funciones-del-tp\\\/#primaryimage\"},\"thumbnailUrl\":\"http:\\\/\\\/autosdelpodio.com\\\/autos\\\/wp-content\\\/uploads\\\/2020\\\/11\\\/Logo_Turismo_Pista-e1627495319684.jpg\",\"keywords\":[\"Buenos Aires\",\"San Nicol\u00e1s\",\"Turismo Pista\"],\"articleSection\":[\"\u00daltimas noticias\"],\"inLanguage\":\"es\",\"potentialAction\":[{\"@type\":\"CommentAction\",\"name\":\"Comment\",\"target\":[\"http:\\\/\\\/autosdelpodio.com\\\/autos\\\/buenas-funciones-del-tp\\\/#respond\"]}]},{\"@type\":\"WebPage\",\"@id\":\"http:\\\/\\\/autosdelpodio.com\\\/autos\\\/buenas-funciones-del-tp\\\/\",\"url\":\"http:\\\/\\\/autosdelpodio.com\\\/autos\\\/buenas-funciones-del-tp\\\/\",\"name\":\"Autos del Podio | Buenas funciones del TP\",\"isPartOf\":{\"@id\":\"http:\\\/\\\/autosdelpodio.com\\\/autos\\\/#website\"},\"primaryImageOfPage\":{\"@id\":\"http:\\\/\\\/autosdelpodio.com\\\/autos\\\/buenas-funciones-del-tp\\\/#primaryimage\"},\"image\":{\"@id\":\"http:\\\/\\\/autosdelpodio.com\\\/autos\\\/buenas-funciones-del-tp\\\/#primaryimage\"},\"thumbnailUrl\":\"http:\\\/\\\/autosdelpodio.com\\\/autos\\\/wp-content\\\/uploads\\\/2020\\\/11\\\/Logo_Turismo_Pista-e1627495319684.jpg\",\"datePublished\":\"2021-02-21T17:03:29+00:00\",\"dateModified\":\"2021-02-23T21:35:48+00:00\",\"description\":\"Autos del Podio 133 autos formaron parte de la primera fecha del Turismo Pista\",\"breadcrumb\":{\"@id\":\"http:\\\/\\\/autosdelpodio.com\\\/autos\\\/buenas-funciones-del-tp\\\/#breadcrumb\"},\"inLanguage\":\"es\",\"potentialAction\":[{\"@type\":\"ReadAction\",\"target\":[\"http:\\\/\\\/autosdelpodio.com\\\/autos\\\/buenas-funciones-del-tp\\\/\"]}]},{\"@type\":\"ImageObject\",\"inLanguage\":\"es\",\"@id\":\"http:\\\/\\\/autosdelpodio.com\\\/autos\\\/buenas-funciones-del-tp\\\/#primaryimage\",\"url\":\"http:\\\/\\\/autosdelpodio.com\\\/autos\\\/wp-content\\\/uploads\\\/2020\\\/11\\\/Logo_Turismo_Pista-e1627495319684.jpg\",\"contentUrl\":\"http:\\\/\\\/autosdelpodio.com\\\/autos\\\/wp-content\\\/uploads\\\/2020\\\/11\\\/Logo_Turismo_Pista-e1627495319684.jpg\",\"width\":250,\"height\":250},{\"@type\":\"BreadcrumbList\",\"@id\":\"http:\\\/\\\/autosdelpodio.com\\\/autos\\\/buenas-funciones-del-tp\\\/#breadcrumb\",\"itemListElement\":[{\"@type\":\"ListItem\",\"position\":1,\"name\":\"Portada\",\"item\":\"http:\\\/\\\/autosdelpodio.com\\\/autos\\\/\"},{\"@type\":\"ListItem\",\"position\":2,\"name\":\"Buenas funciones del TP\"}]},{\"@type\":\"WebSite\",\"@id\":\"http:\\\/\\\/autosdelpodio.com\\\/autos\\\/#website\",\"url\":\"http:\\\/\\\/autosdelpodio.com\\\/autos\\\/\",\"name\":\"Autos del Podio\",\"description\":\"La sexta del deporte motor\",\"publisher\":{\"@id\":\"http:\\\/\\\/autosdelpodio.com\\\/autos\\\/#organization\"},\"potentialAction\":[{\"@type\":\"SearchAction\",\"target\":{\"@type\":\"EntryPoint\",\"urlTemplate\":\"http:\\\/\\\/autosdelpodio.com\\\/autos\\\/?s={search_term_string}\"},\"query-input\":{\"@type\":\"PropertyValueSpecification\",\"valueRequired\":true,\"valueName\":\"search_term_string\"}}],\"inLanguage\":\"es\"},{\"@type\":\"Organization\",\"@id\":\"http:\\\/\\\/autosdelpodio.com\\\/autos\\\/#organization\",\"name\":\"Autos del Podio\",\"url\":\"http:\\\/\\\/autosdelpodio.com\\\/autos\\\/\",\"logo\":{\"@type\":\"ImageObject\",\"inLanguage\":\"es\",\"@id\":\"http:\\\/\\\/autosdelpodio.com\\\/autos\\\/#\\\/schema\\\/logo\\\/image\\\/\",\"url\":\"http:\\\/\\\/autosdelpodio.com\\\/autos\\\/wp-content\\\/uploads\\\/2020\\\/08\\\/Logo_AR.jpg\",\"contentUrl\":\"http:\\\/\\\/autosdelpodio.com\\\/autos\\\/wp-content\\\/uploads\\\/2020\\\/08\\\/Logo_AR.jpg\",\"width\":1038,\"height\":1044,\"caption\":\"Autos del Podio\"},\"image\":{\"@id\":\"http:\\\/\\\/autosdelpodio.com\\\/autos\\\/#\\\/schema\\\/logo\\\/image\\\/\"},\"sameAs\":[\"https:\\\/\\\/www.facebook.com\\\/profile.php?id=100057192590976&amp;amp;amp;amp;amp;amp;amp;amp;amp;amp;amp;amp;amp;amp;amp;amp;amp;amp;ref=ts\",\"https:\\\/\\\/x.com\\\/autosdelpodio\",\"https:\\\/\\\/www.youtube.com\\\/user\\\/AutosdelPodio\"]},{\"@type\":\"Person\",\"@id\":\"http:\\\/\\\/autosdelpodio.com\\\/autos\\\/#\\\/schema\\\/person\\\/993527a4d01c3acdd3d6bce3770bc942\",\"name\":\"autosdelpodio\",\"image\":{\"@type\":\"ImageObject\",\"inLanguage\":\"es\",\"@id\":\"http:\\\/\\\/autosdelpodio.com\\\/autos\\\/wp-content\\\/litespeed\\\/avatar\\\/aa8f65cd201a80f6b844f63278aa84af.jpg?ver=1777403005\",\"url\":\"http:\\\/\\\/autosdelpodio.com\\\/autos\\\/wp-content\\\/litespeed\\\/avatar\\\/aa8f65cd201a80f6b844f63278aa84af.jpg?ver=1777403005\",\"contentUrl\":\"http:\\\/\\\/autosdelpodio.com\\\/autos\\\/wp-content\\\/litespeed\\\/avatar\\\/aa8f65cd201a80f6b844f63278aa84af.jpg?ver=1777403005\",\"caption\":\"autosdelpodio\"}}]}<\/script>\n<!-- \/ Yoast SEO plugin. -->","yoast_head_json":{"title":"Autos del Podio | Buenas funciones del TP","description":"Autos del Podio 133 autos formaron parte de la primera fecha del Turismo Pista","robots":{"index":"index","follow":"follow","max-snippet":"max-snippet:-1","max-image-preview":"max-image-preview:large","max-video-preview":"max-video-preview:-1"},"canonical":"http:\/\/autosdelpodio.com\/autos\/buenas-funciones-del-tp\/","og_locale":"es_ES","og_type":"article","og_title":"Autos del Podio | Buenas funciones del TP","og_description":"Autos del Podio 133 autos formaron parte de la primera fecha del Turismo Pista","og_url":"http:\/\/autosdelpodio.com\/autos\/buenas-funciones-del-tp\/","og_site_name":"Autos del Podio","article_publisher":"https:\/\/www.facebook.com\/profile.php?id=100057192590976&amp%3bamp%3bamp%3bamp%3bamp%3bamp%3bamp%3bamp%3bamp%3bamp%3bamp%3bamp%3bamp%3bamp%3bamp%3bamp%3bamp%3bamp%3bref=ts","article_published_time":"2021-02-21T17:03:29+00:00","article_modified_time":"2021-02-23T21:35:48+00:00","og_image":[{"width":250,"height":250,"url":"http:\/\/autosdelpodio.com\/autos\/wp-content\/uploads\/2020\/11\/Logo_Turismo_Pista-e1627495319684.jpg","type":"image\/jpeg"}],"author":"autosdelpodio","twitter_card":"summary_large_image","twitter_creator":"@autosdelpodio","twitter_site":"@autosdelpodio","twitter_misc":{"Escrito por":"autosdelpodio","Tiempo de lectura":"2 minutos"},"schema":{"@context":"https:\/\/schema.org","@graph":[{"@type":"Article","@id":"http:\/\/autosdelpodio.com\/autos\/buenas-funciones-del-tp\/#article","isPartOf":{"@id":"http:\/\/autosdelpodio.com\/autos\/buenas-funciones-del-tp\/"},"author":{"name":"autosdelpodio","@id":"http:\/\/autosdelpodio.com\/autos\/#\/schema\/person\/993527a4d01c3acdd3d6bce3770bc942"},"headline":"Buenas funciones del TP","datePublished":"2021-02-21T17:03:29+00:00","dateModified":"2021-02-23T21:35:48+00:00","mainEntityOfPage":{"@id":"http:\/\/autosdelpodio.com\/autos\/buenas-funciones-del-tp\/"},"wordCount":199,"commentCount":0,"publisher":{"@id":"http:\/\/autosdelpodio.com\/autos\/#organization"},"image":{"@id":"http:\/\/autosdelpodio.com\/autos\/buenas-funciones-del-tp\/#primaryimage"},"thumbnailUrl":"http:\/\/autosdelpodio.com\/autos\/wp-content\/uploads\/2020\/11\/Logo_Turismo_Pista-e1627495319684.jpg","keywords":["Buenos Aires","San Nicol\u00e1s","Turismo Pista"],"articleSection":["\u00daltimas noticias"],"inLanguage":"es","potentialAction":[{"@type":"CommentAction","name":"Comment","target":["http:\/\/autosdelpodio.com\/autos\/buenas-funciones-del-tp\/#respond"]}]},{"@type":"WebPage","@id":"http:\/\/autosdelpodio.com\/autos\/buenas-funciones-del-tp\/","url":"http:\/\/autosdelpodio.com\/autos\/buenas-funciones-del-tp\/","name":"Autos del Podio | Buenas funciones del TP","isPartOf":{"@id":"http:\/\/autosdelpodio.com\/autos\/#website"},"primaryImageOfPage":{"@id":"http:\/\/autosdelpodio.com\/autos\/buenas-funciones-del-tp\/#primaryimage"},"image":{"@id":"http:\/\/autosdelpodio.com\/autos\/buenas-funciones-del-tp\/#primaryimage"},"thumbnailUrl":"http:\/\/autosdelpodio.com\/autos\/wp-content\/uploads\/2020\/11\/Logo_Turismo_Pista-e1627495319684.jpg","datePublished":"2021-02-21T17:03:29+00:00","dateModified":"2021-02-23T21:35:48+00:00","description":"Autos del Podio 133 autos formaron parte de la primera fecha del Turismo Pista","breadcrumb":{"@id":"http:\/\/autosdelpodio.com\/autos\/buenas-funciones-del-tp\/#breadcrumb"},"inLanguage":"es","potentialAction":[{"@type":"ReadAction","target":["http:\/\/autosdelpodio.com\/autos\/buenas-funciones-del-tp\/"]}]},{"@type":"ImageObject","inLanguage":"es","@id":"http:\/\/autosdelpodio.com\/autos\/buenas-funciones-del-tp\/#primaryimage","url":"http:\/\/autosdelpodio.com\/autos\/wp-content\/uploads\/2020\/11\/Logo_Turismo_Pista-e1627495319684.jpg","contentUrl":"http:\/\/autosdelpodio.com\/autos\/wp-content\/uploads\/2020\/11\/Logo_Turismo_Pista-e1627495319684.jpg","width":250,"height":250},{"@type":"BreadcrumbList","@id":"http:\/\/autosdelpodio.com\/autos\/buenas-funciones-del-tp\/#breadcrumb","itemListElement":[{"@type":"ListItem","position":1,"name":"Portada","item":"http:\/\/autosdelpodio.com\/autos\/"},{"@type":"ListItem","position":2,"name":"Buenas funciones del TP"}]},{"@type":"WebSite","@id":"http:\/\/autosdelpodio.com\/autos\/#website","url":"http:\/\/autosdelpodio.com\/autos\/","name":"Autos del Podio","description":"La sexta del deporte motor","publisher":{"@id":"http:\/\/autosdelpodio.com\/autos\/#organization"},"potentialAction":[{"@type":"SearchAction","target":{"@type":"EntryPoint","urlTemplate":"http:\/\/autosdelpodio.com\/autos\/?s={search_term_string}"},"query-input":{"@type":"PropertyValueSpecification","valueRequired":true,"valueName":"search_term_string"}}],"inLanguage":"es"},{"@type":"Organization","@id":"http:\/\/autosdelpodio.com\/autos\/#organization","name":"Autos del Podio","url":"http:\/\/autosdelpodio.com\/autos\/","logo":{"@type":"ImageObject","inLanguage":"es","@id":"http:\/\/autosdelpodio.com\/autos\/#\/schema\/logo\/image\/","url":"http:\/\/autosdelpodio.com\/autos\/wp-content\/uploads\/2020\/08\/Logo_AR.jpg","contentUrl":"http:\/\/autosdelpodio.com\/autos\/wp-content\/uploads\/2020\/08\/Logo_AR.jpg","width":1038,"height":1044,"caption":"Autos del Podio"},"image":{"@id":"http:\/\/autosdelpodio.com\/autos\/#\/schema\/logo\/image\/"},"sameAs":["https:\/\/www.facebook.com\/profile.php?id=100057192590976&amp;amp;amp;amp;amp;amp;amp;amp;amp;amp;amp;amp;amp;amp;amp;amp;amp;amp;ref=ts","https:\/\/x.com\/autosdelpodio","https:\/\/www.youtube.com\/user\/AutosdelPodio"]},{"@type":"Person","@id":"http:\/\/autosdelpodio.com\/autos\/#\/schema\/person\/993527a4d01c3acdd3d6bce3770bc942","name":"autosdelpodio","image":{"@type":"ImageObject","inLanguage":"es","@id":"http:\/\/autosdelpodio.com\/autos\/wp-content\/litespeed\/avatar\/aa8f65cd201a80f6b844f63278aa84af.jpg?ver=1777403005","url":"http:\/\/autosdelpodio.com\/autos\/wp-content\/litespeed\/avatar\/aa8f65cd201a80f6b844f63278aa84af.jpg?ver=1777403005","contentUrl":"http:\/\/autosdelpodio.com\/autos\/wp-content\/litespeed\/avatar\/aa8f65cd201a80f6b844f63278aa84af.jpg?ver=1777403005","caption":"autosdelpodio"}}]}},"views":503,"_links":{"self":[{"href":"http:\/\/autosdelpodio.com\/autos\/wp-json\/wp\/v2\/posts\/3951","targetHints":{"allow":["GET"]}}],"collection":[{"href":"http:\/\/autosdelpodio.com\/autos\/wp-json\/wp\/v2\/posts"}],"about":[{"href":"http:\/\/autosdelpodio.com\/autos\/wp-json\/wp\/v2\/types\/post"}],"author":[{"embeddable":true,"href":"http:\/\/autosdelpodio.com\/autos\/wp-json\/wp\/v2\/users\/3"}],"replies":[{"embeddable":true,"href":"http:\/\/autosdelpodio.com\/autos\/wp-json\/wp\/v2\/comments?post=3951"}],"version-history":[{"count":2,"href":"http:\/\/autosdelpodio.com\/autos\/wp-json\/wp\/v2\/posts\/3951\/revisions"}],"predecessor-version":[{"id":3957,"href":"http:\/\/autosdelpodio.com\/autos\/wp-json\/wp\/v2\/posts\/3951\/revisions\/3957"}],"wp:featuredmedia":[{"embeddable":true,"href":"http:\/\/autosdelpodio.com\/autos\/wp-json\/wp\/v2\/media\/2974"}],"wp:attachment":[{"href":"http:\/\/autosdelpodio.com\/autos\/wp-json\/wp\/v2\/media?parent=3951"}],"wp:term":[{"taxonomy":"category","embeddable":true,"href":"http:\/\/autosdelpodio.com\/autos\/wp-json\/wp\/v2\/categories?post=3951"},{"taxonomy":"post_tag","embeddable":true,"href":"http:\/\/autosdelpodio.com\/autos\/wp-json\/wp\/v2\/tags?post=3951"}],"curies":[{"name":"wp","href":"https:\/\/api.w.org\/{rel}","templated":true}]}}