{"id":3953,"date":"2021-02-21T14:45:57","date_gmt":"2021-02-21T17:45:57","guid":{"rendered":"http:\/\/autosdelpodio.com\/autos\/?p=3953"},"modified":"2021-02-21T14:45:58","modified_gmt":"2021-02-21T17:45:58","slug":"en-honor-a-su-padre","status":"publish","type":"post","link":"http:\/\/autosdelpodio.com\/autos\/en-honor-a-su-padre\/","title":{"rendered":"En honor a su padre"},"content":{"rendered":"\n<p>Agustin Canapino gan\u00f3 de punta a punta la primera final del a\u00f1o en el Autodromo Roberto Mouras de La Plata.Josito Di Palma recuper\u00f3 el protagonismo al arribar segundo y el Tubo Gini fue tercero.<br>El Titan de Arrecifes, que pas\u00f3 una semana muy dificil <a href=\"http:\/\/autosdelpodio.com\/autos\/fallecio-alberto-canapino\/\" target=\"_blank\" rel=\"noreferrer noopener\">junto a su familia tras la perdida de su padre <\/a>en el transcurso de la semana le dedic\u00f3 a Alberto dicho logro en el marco del flamante proyecto Squadra Canapino el cual le alista el Chevrolet n\u00b086.<br>En la antesala a la final del TC, El ascendente del TCM Lucas Panarotti (Dodge) logr\u00f3 su primer triunfo en el arranque del TC Pista.<br>La segunda fecha tendr\u00e1 lugar entre el 6 y 7 de Marzo en el Autodromo capitalino Oscar y Juan Galvez de Buenos Aires, donde se aguarda que pueda concretarse el regreso reducido de publico asistente<\/p>\n\n\n\n<p><strong>Final TC &#8211; La Plata &#8211; Fecha 1<\/strong><\/p>\n\n\n\n<p><em>1\u00b0 86 CANAPINO, AGUST\u00cdN Chevrolet 20 34:06.469<br>2\u00b0 25 DI PALMA, LUIS JOS\u00c9 Ford 20 34:07.187 0.718<br>3\u00b0 6 GINI, ESTEBAN Torino 20 34:07.616 1.147<br>4\u00b0 56 TODINO, GERM\u00c1N Torino 20 34:09.009 2.540<br>5\u00b0 5 LEDESMA, CHRISTIAN Chevrolet 20 34:09.568 3.099<br>6\u00b0 11 LAMBIRIS, MAURICIO Ford 20 34:10.570 4.101<br>7\u00b0 95 LANDA, MARCOS Torino 20 34:10.941 4.472<br>8\u00b0 7 MAZZACANE, GAST\u00d3N Chevrolet 20 34:11.948 5.479<br>9\u00b0 68 SANTERO, JULI\u00c1N Ford 20 34:12.866 6.397<br>10\u00b0 31 PONCE DE LE\u00d3N, GABRIEL Ford 20 34:16.138 9.669<br>11\u00b0 16 MORIATIS, EMANUEL Ford 20 34:16.232 9.763<br>12\u00b0 8 CASTELLANO, JONATAN Dodge 20 34:16.676 10.207<br>13\u00b0 1 WERNER, MARIANO Ford 20 34:16.879 10.410<br>14\u00b0 157 DE BENEDICTIS, JUAN BAUTISTA Ford 20 34:19.463 12.994<br>15\u00b0 127 AGRELO, MARCELO Torino 20 34:19.610 13.141<br>16\u00b0 22 BONELLI, NICOL\u00c1S Ford 20 34:19.723 13.254<br>17\u00b0 28 FONTANA, NORBERTO Chevrolet 20 34:19.863 13.394<br>18\u00b0 37 COTIGNOLA, NICOL\u00c1S Torino 20 34:20.239 13.770<br>19\u00b0 36 COSTANZO, PABLO Torino 20 34:20.608 14.139<br>20\u00b0 88 PONTE, MART\u00cdN Dodge 20 34:21.276 14.807<br>21\u00b0 101 UGALDE, LIONEL Torino 20 34:21.641 15.172<br>22\u00b0 34 EBARL\u00cdN, JUAN JOS\u00c9 Chevrolet 20 34:21.852 15.383<br>23\u00b0 129 TROSSET, NICOL\u00c1S Ford 20 34:22.402 15.933<br>24\u00b0 55 MULET, LEANDRO Dodge 20 34:23.120 16.651<br>25\u00b0 77 CIANTINI, DIEGO Dodge 20 34:23.319 16.850<br>26\u00b0 122 JAKOS, ANDR\u00c9S Dodge 20 34:24.024 17.555<br>27\u00b0 21 TRUCCO, JUAN MART\u00cdN Dodge 20 34:24.175 17.706<br>28\u00b0 177 LONDERO, AYRTON Ford 20 34:24.440 17.971<br>29\u00b0 27 DELLA MOTTA, FACUNDO Torino 20 34:24.868 18.399<br>30\u00b0 91 ORTELLI, GUILLERMO Chevrolet 20 34:25.238 18.769<br>31\u00b0 20 PERN\u00cdA, LEONEL Torino 20 34:25.482 19.013<br>32\u00b0 51 GIANINI, JUAN PABLO Ford 20 34:25.577 19.108<br>33\u00b0 75 ALAUX, SERGIO Chevrolet 20 34:29.131 22.662<br>34\u00b0 48 DOSE, CHRISTIAN Chevrolet 20 34:29.436 22.967<br>35\u00b0 10 MANGONI, SANTIAGO Chevrolet 20 34:29.839 23.370<br>36\u00b0 83 ARDUSSO, FACUNDO Chevrolet 20 34:30.994 24.525<br>37\u00b0 115 DE CARLO, DIEGO Chevrolet 20 34:31.177 24.708<br>38\u00b0 79 NOLESI, MATH\u00cdAS Ford 17 34:30.342 3 VTAS<br>39\u00b0 116 RUGGIERO, ALAN Ford 15 26:15.036 5 VTAS<br>40\u00b0 3 URCERA, JOS\u00c9 MANUEL Chevrolet 14 21:43.399 6 VTAS<br>41\u00b0 29 CATAL\u00c1N MAGNI, JUAN TOM\u00c1S Ford 13 20:19.118 7 VTAS<br>42\u00b0 100 OKULOVICH, CARLOS Torino 13 20:44.305 7 VTAS<br>43\u00b0 133 AGUIRRE, VALENT\u00cdN Ford 13 27:42.887 7 VTAS<br>44\u00b0 99 BRUNO, JUAN MART\u00cdN Dodge 10 26:52.766 10 VTAS<br>45\u00b0 2 BENVENUTI, JUAN CRUZ Torino 8 12:31.457 12 VTAS<br>46\u00b0 114 FERRANTE, GAST\u00d3N Torino 7 10:54.907 13 VTAS<br>47\u00b0 26 SPATARO, EMILIANO Torino 5 10:16.008 15 VTAS<\/em><\/p>\n","protected":false},"excerpt":{"rendered":"<p>Agustin Canapino gan\u00f3 de punta a punta la primera final del a\u00f1o en el Autodromo Roberto Mouras de La Plata.Josito<\/p>\n","protected":false},"author":3,"featured_media":3954,"comment_status":"open","ping_status":"open","sticky":false,"template":"","format":"standard","meta":{"colormag_page_container_layout":"default_layout","colormag_page_sidebar_layout":"default_layout","footnotes":""},"categories":[6,5],"tags":[367,390,37,39],"class_list":["post-3953","post","type-post","status-publish","format-standard","has-post-thumbnail","hentry","category-newsflash","category-latest-news","tag-agustin-canapino","tag-autodromo-mouras","tag-chevrolet","tag-turismo-carretera"],"yoast_head":"<!-- This site is optimized with the Yoast SEO plugin v27.5 - https:\/\/yoast.com\/product\/yoast-seo-wordpress\/ -->\n<title>Autos del Podio | En honor a su padre<\/title>\n<meta name=\"description\" content=\"Autos del Podio Agustin Canapino gan\u00f3 por primera vez en La Plata donde el TC puso primera\" \/>\n<meta name=\"robots\" content=\"index, follow, max-snippet:-1, max-image-preview:large, max-video-preview:-1\" \/>\n<link rel=\"canonical\" href=\"http:\/\/autosdelpodio.com\/autos\/en-honor-a-su-padre\/\" \/>\n<meta property=\"og:locale\" content=\"es_ES\" \/>\n<meta property=\"og:type\" content=\"article\" \/>\n<meta property=\"og:title\" content=\"Autos del Podio | En honor a su padre\" \/>\n<meta property=\"og:description\" content=\"Autos del Podio Agustin Canapino gan\u00f3 por primera vez en La Plata donde el TC puso primera\" \/>\n<meta property=\"og:url\" content=\"http:\/\/autosdelpodio.com\/autos\/en-honor-a-su-padre\/\" \/>\n<meta property=\"og:site_name\" content=\"Autos del Podio\" \/>\n<meta property=\"article:publisher\" content=\"https:\/\/www.facebook.com\/profile.php?id=100057192590976&amp;amp%3bamp%3bamp%3bamp%3bamp%3bamp%3bamp%3bamp%3bamp%3bamp%3bamp%3bamp%3bamp%3bamp%3bamp%3bamp%3bamp%3bamp%3bref=ts\" \/>\n<meta property=\"article:published_time\" content=\"2021-02-21T17:45:57+00:00\" \/>\n<meta property=\"article:modified_time\" content=\"2021-02-21T17:45:58+00:00\" \/>\n<meta property=\"og:image\" content=\"http:\/\/autosdelpodio.com\/autos\/wp-content\/uploads\/2021\/02\/Canapino_TC-scaled-e1613929524671.jpg\" \/>\n\t<meta property=\"og:image:width\" content=\"400\" \/>\n\t<meta property=\"og:image:height\" content=\"225\" \/>\n\t<meta property=\"og:image:type\" content=\"image\/jpeg\" \/>\n<meta name=\"author\" content=\"autosdelpodio\" \/>\n<meta name=\"twitter:card\" content=\"summary_large_image\" \/>\n<meta name=\"twitter:creator\" content=\"@autosdelpodio\" \/>\n<meta name=\"twitter:site\" content=\"@autosdelpodio\" \/>\n<meta name=\"twitter:label1\" content=\"Escrito por\" \/>\n\t<meta name=\"twitter:data1\" content=\"autosdelpodio\" \/>\n\t<meta name=\"twitter:label2\" content=\"Tiempo de lectura\" \/>\n\t<meta name=\"twitter:data2\" content=\"3 minutos\" \/>\n<script type=\"application\/ld+json\" class=\"yoast-schema-graph\">{\"@context\":\"https:\\\/\\\/schema.org\",\"@graph\":[{\"@type\":\"Article\",\"@id\":\"http:\\\/\\\/autosdelpodio.com\\\/autos\\\/en-honor-a-su-padre\\\/#article\",\"isPartOf\":{\"@id\":\"http:\\\/\\\/autosdelpodio.com\\\/autos\\\/en-honor-a-su-padre\\\/\"},\"author\":{\"name\":\"autosdelpodio\",\"@id\":\"http:\\\/\\\/autosdelpodio.com\\\/autos\\\/#\\\/schema\\\/person\\\/993527a4d01c3acdd3d6bce3770bc942\"},\"headline\":\"En honor a su padre\",\"datePublished\":\"2021-02-21T17:45:57+00:00\",\"dateModified\":\"2021-02-21T17:45:58+00:00\",\"mainEntityOfPage\":{\"@id\":\"http:\\\/\\\/autosdelpodio.com\\\/autos\\\/en-honor-a-su-padre\\\/\"},\"wordCount\":339,\"commentCount\":1,\"publisher\":{\"@id\":\"http:\\\/\\\/autosdelpodio.com\\\/autos\\\/#organization\"},\"image\":{\"@id\":\"http:\\\/\\\/autosdelpodio.com\\\/autos\\\/en-honor-a-su-padre\\\/#primaryimage\"},\"thumbnailUrl\":\"http:\\\/\\\/autosdelpodio.com\\\/autos\\\/wp-content\\\/uploads\\\/2021\\\/02\\\/Canapino_TC-scaled-e1613929524671.jpg\",\"keywords\":[\"Agustin Canapino\",\"Autodromo Mouras\",\"Chevrolet\",\"Turismo Carretera\"],\"articleSection\":[\"Destacado\",\"\u00daltimas noticias\"],\"inLanguage\":\"es\",\"potentialAction\":[{\"@type\":\"CommentAction\",\"name\":\"Comment\",\"target\":[\"http:\\\/\\\/autosdelpodio.com\\\/autos\\\/en-honor-a-su-padre\\\/#respond\"]}]},{\"@type\":\"WebPage\",\"@id\":\"http:\\\/\\\/autosdelpodio.com\\\/autos\\\/en-honor-a-su-padre\\\/\",\"url\":\"http:\\\/\\\/autosdelpodio.com\\\/autos\\\/en-honor-a-su-padre\\\/\",\"name\":\"Autos del Podio | En honor a su padre\",\"isPartOf\":{\"@id\":\"http:\\\/\\\/autosdelpodio.com\\\/autos\\\/#website\"},\"primaryImageOfPage\":{\"@id\":\"http:\\\/\\\/autosdelpodio.com\\\/autos\\\/en-honor-a-su-padre\\\/#primaryimage\"},\"image\":{\"@id\":\"http:\\\/\\\/autosdelpodio.com\\\/autos\\\/en-honor-a-su-padre\\\/#primaryimage\"},\"thumbnailUrl\":\"http:\\\/\\\/autosdelpodio.com\\\/autos\\\/wp-content\\\/uploads\\\/2021\\\/02\\\/Canapino_TC-scaled-e1613929524671.jpg\",\"datePublished\":\"2021-02-21T17:45:57+00:00\",\"dateModified\":\"2021-02-21T17:45:58+00:00\",\"description\":\"Autos del Podio Agustin Canapino gan\u00f3 por primera vez en La Plata donde el TC puso primera\",\"breadcrumb\":{\"@id\":\"http:\\\/\\\/autosdelpodio.com\\\/autos\\\/en-honor-a-su-padre\\\/#breadcrumb\"},\"inLanguage\":\"es\",\"potentialAction\":[{\"@type\":\"ReadAction\",\"target\":[\"http:\\\/\\\/autosdelpodio.com\\\/autos\\\/en-honor-a-su-padre\\\/\"]}]},{\"@type\":\"ImageObject\",\"inLanguage\":\"es\",\"@id\":\"http:\\\/\\\/autosdelpodio.com\\\/autos\\\/en-honor-a-su-padre\\\/#primaryimage\",\"url\":\"http:\\\/\\\/autosdelpodio.com\\\/autos\\\/wp-content\\\/uploads\\\/2021\\\/02\\\/Canapino_TC-scaled-e1613929524671.jpg\",\"contentUrl\":\"http:\\\/\\\/autosdelpodio.com\\\/autos\\\/wp-content\\\/uploads\\\/2021\\\/02\\\/Canapino_TC-scaled-e1613929524671.jpg\",\"width\":400,\"height\":225},{\"@type\":\"BreadcrumbList\",\"@id\":\"http:\\\/\\\/autosdelpodio.com\\\/autos\\\/en-honor-a-su-padre\\\/#breadcrumb\",\"itemListElement\":[{\"@type\":\"ListItem\",\"position\":1,\"name\":\"Portada\",\"item\":\"http:\\\/\\\/autosdelpodio.com\\\/autos\\\/\"},{\"@type\":\"ListItem\",\"position\":2,\"name\":\"En honor a su padre\"}]},{\"@type\":\"WebSite\",\"@id\":\"http:\\\/\\\/autosdelpodio.com\\\/autos\\\/#website\",\"url\":\"http:\\\/\\\/autosdelpodio.com\\\/autos\\\/\",\"name\":\"Autos del Podio\",\"description\":\"La sexta del deporte motor\",\"publisher\":{\"@id\":\"http:\\\/\\\/autosdelpodio.com\\\/autos\\\/#organization\"},\"potentialAction\":[{\"@type\":\"SearchAction\",\"target\":{\"@type\":\"EntryPoint\",\"urlTemplate\":\"http:\\\/\\\/autosdelpodio.com\\\/autos\\\/?s={search_term_string}\"},\"query-input\":{\"@type\":\"PropertyValueSpecification\",\"valueRequired\":true,\"valueName\":\"search_term_string\"}}],\"inLanguage\":\"es\"},{\"@type\":\"Organization\",\"@id\":\"http:\\\/\\\/autosdelpodio.com\\\/autos\\\/#organization\",\"name\":\"Autos del Podio\",\"url\":\"http:\\\/\\\/autosdelpodio.com\\\/autos\\\/\",\"logo\":{\"@type\":\"ImageObject\",\"inLanguage\":\"es\",\"@id\":\"http:\\\/\\\/autosdelpodio.com\\\/autos\\\/#\\\/schema\\\/logo\\\/image\\\/\",\"url\":\"http:\\\/\\\/autosdelpodio.com\\\/autos\\\/wp-content\\\/uploads\\\/2020\\\/08\\\/Logo_AR.jpg\",\"contentUrl\":\"http:\\\/\\\/autosdelpodio.com\\\/autos\\\/wp-content\\\/uploads\\\/2020\\\/08\\\/Logo_AR.jpg\",\"width\":1038,\"height\":1044,\"caption\":\"Autos del Podio\"},\"image\":{\"@id\":\"http:\\\/\\\/autosdelpodio.com\\\/autos\\\/#\\\/schema\\\/logo\\\/image\\\/\"},\"sameAs\":[\"https:\\\/\\\/www.facebook.com\\\/profile.php?id=100057192590976&amp;amp;amp;amp;amp;amp;amp;amp;amp;amp;amp;amp;amp;amp;amp;amp;amp;amp;ref=ts\",\"https:\\\/\\\/x.com\\\/autosdelpodio\",\"https:\\\/\\\/www.youtube.com\\\/user\\\/AutosdelPodio\"]},{\"@type\":\"Person\",\"@id\":\"http:\\\/\\\/autosdelpodio.com\\\/autos\\\/#\\\/schema\\\/person\\\/993527a4d01c3acdd3d6bce3770bc942\",\"name\":\"autosdelpodio\",\"image\":{\"@type\":\"ImageObject\",\"inLanguage\":\"es\",\"@id\":\"http:\\\/\\\/autosdelpodio.com\\\/autos\\\/wp-content\\\/litespeed\\\/avatar\\\/aa8f65cd201a80f6b844f63278aa84af.jpg?ver=1777403005\",\"url\":\"http:\\\/\\\/autosdelpodio.com\\\/autos\\\/wp-content\\\/litespeed\\\/avatar\\\/aa8f65cd201a80f6b844f63278aa84af.jpg?ver=1777403005\",\"contentUrl\":\"http:\\\/\\\/autosdelpodio.com\\\/autos\\\/wp-content\\\/litespeed\\\/avatar\\\/aa8f65cd201a80f6b844f63278aa84af.jpg?ver=1777403005\",\"caption\":\"autosdelpodio\"}}]}<\/script>\n<!-- \/ Yoast SEO plugin. -->","yoast_head_json":{"title":"Autos del Podio | En honor a su padre","description":"Autos del Podio Agustin Canapino gan\u00f3 por primera vez en La Plata donde el TC puso primera","robots":{"index":"index","follow":"follow","max-snippet":"max-snippet:-1","max-image-preview":"max-image-preview:large","max-video-preview":"max-video-preview:-1"},"canonical":"http:\/\/autosdelpodio.com\/autos\/en-honor-a-su-padre\/","og_locale":"es_ES","og_type":"article","og_title":"Autos del Podio | En honor a su padre","og_description":"Autos del Podio Agustin Canapino gan\u00f3 por primera vez en La Plata donde el TC puso primera","og_url":"http:\/\/autosdelpodio.com\/autos\/en-honor-a-su-padre\/","og_site_name":"Autos del Podio","article_publisher":"https:\/\/www.facebook.com\/profile.php?id=100057192590976&amp%3bamp%3bamp%3bamp%3bamp%3bamp%3bamp%3bamp%3bamp%3bamp%3bamp%3bamp%3bamp%3bamp%3bamp%3bamp%3bamp%3bamp%3bref=ts","article_published_time":"2021-02-21T17:45:57+00:00","article_modified_time":"2021-02-21T17:45:58+00:00","og_image":[{"width":400,"height":225,"url":"http:\/\/autosdelpodio.com\/autos\/wp-content\/uploads\/2021\/02\/Canapino_TC-scaled-e1613929524671.jpg","type":"image\/jpeg"}],"author":"autosdelpodio","twitter_card":"summary_large_image","twitter_creator":"@autosdelpodio","twitter_site":"@autosdelpodio","twitter_misc":{"Escrito por":"autosdelpodio","Tiempo de lectura":"3 minutos"},"schema":{"@context":"https:\/\/schema.org","@graph":[{"@type":"Article","@id":"http:\/\/autosdelpodio.com\/autos\/en-honor-a-su-padre\/#article","isPartOf":{"@id":"http:\/\/autosdelpodio.com\/autos\/en-honor-a-su-padre\/"},"author":{"name":"autosdelpodio","@id":"http:\/\/autosdelpodio.com\/autos\/#\/schema\/person\/993527a4d01c3acdd3d6bce3770bc942"},"headline":"En honor a su padre","datePublished":"2021-02-21T17:45:57+00:00","dateModified":"2021-02-21T17:45:58+00:00","mainEntityOfPage":{"@id":"http:\/\/autosdelpodio.com\/autos\/en-honor-a-su-padre\/"},"wordCount":339,"commentCount":1,"publisher":{"@id":"http:\/\/autosdelpodio.com\/autos\/#organization"},"image":{"@id":"http:\/\/autosdelpodio.com\/autos\/en-honor-a-su-padre\/#primaryimage"},"thumbnailUrl":"http:\/\/autosdelpodio.com\/autos\/wp-content\/uploads\/2021\/02\/Canapino_TC-scaled-e1613929524671.jpg","keywords":["Agustin Canapino","Autodromo Mouras","Chevrolet","Turismo Carretera"],"articleSection":["Destacado","\u00daltimas noticias"],"inLanguage":"es","potentialAction":[{"@type":"CommentAction","name":"Comment","target":["http:\/\/autosdelpodio.com\/autos\/en-honor-a-su-padre\/#respond"]}]},{"@type":"WebPage","@id":"http:\/\/autosdelpodio.com\/autos\/en-honor-a-su-padre\/","url":"http:\/\/autosdelpodio.com\/autos\/en-honor-a-su-padre\/","name":"Autos del Podio | En honor a su padre","isPartOf":{"@id":"http:\/\/autosdelpodio.com\/autos\/#website"},"primaryImageOfPage":{"@id":"http:\/\/autosdelpodio.com\/autos\/en-honor-a-su-padre\/#primaryimage"},"image":{"@id":"http:\/\/autosdelpodio.com\/autos\/en-honor-a-su-padre\/#primaryimage"},"thumbnailUrl":"http:\/\/autosdelpodio.com\/autos\/wp-content\/uploads\/2021\/02\/Canapino_TC-scaled-e1613929524671.jpg","datePublished":"2021-02-21T17:45:57+00:00","dateModified":"2021-02-21T17:45:58+00:00","description":"Autos del Podio Agustin Canapino gan\u00f3 por primera vez en La Plata donde el TC puso primera","breadcrumb":{"@id":"http:\/\/autosdelpodio.com\/autos\/en-honor-a-su-padre\/#breadcrumb"},"inLanguage":"es","potentialAction":[{"@type":"ReadAction","target":["http:\/\/autosdelpodio.com\/autos\/en-honor-a-su-padre\/"]}]},{"@type":"ImageObject","inLanguage":"es","@id":"http:\/\/autosdelpodio.com\/autos\/en-honor-a-su-padre\/#primaryimage","url":"http:\/\/autosdelpodio.com\/autos\/wp-content\/uploads\/2021\/02\/Canapino_TC-scaled-e1613929524671.jpg","contentUrl":"http:\/\/autosdelpodio.com\/autos\/wp-content\/uploads\/2021\/02\/Canapino_TC-scaled-e1613929524671.jpg","width":400,"height":225},{"@type":"BreadcrumbList","@id":"http:\/\/autosdelpodio.com\/autos\/en-honor-a-su-padre\/#breadcrumb","itemListElement":[{"@type":"ListItem","position":1,"name":"Portada","item":"http:\/\/autosdelpodio.com\/autos\/"},{"@type":"ListItem","position":2,"name":"En honor a su padre"}]},{"@type":"WebSite","@id":"http:\/\/autosdelpodio.com\/autos\/#website","url":"http:\/\/autosdelpodio.com\/autos\/","name":"Autos del Podio","description":"La sexta del deporte motor","publisher":{"@id":"http:\/\/autosdelpodio.com\/autos\/#organization"},"potentialAction":[{"@type":"SearchAction","target":{"@type":"EntryPoint","urlTemplate":"http:\/\/autosdelpodio.com\/autos\/?s={search_term_string}"},"query-input":{"@type":"PropertyValueSpecification","valueRequired":true,"valueName":"search_term_string"}}],"inLanguage":"es"},{"@type":"Organization","@id":"http:\/\/autosdelpodio.com\/autos\/#organization","name":"Autos del Podio","url":"http:\/\/autosdelpodio.com\/autos\/","logo":{"@type":"ImageObject","inLanguage":"es","@id":"http:\/\/autosdelpodio.com\/autos\/#\/schema\/logo\/image\/","url":"http:\/\/autosdelpodio.com\/autos\/wp-content\/uploads\/2020\/08\/Logo_AR.jpg","contentUrl":"http:\/\/autosdelpodio.com\/autos\/wp-content\/uploads\/2020\/08\/Logo_AR.jpg","width":1038,"height":1044,"caption":"Autos del Podio"},"image":{"@id":"http:\/\/autosdelpodio.com\/autos\/#\/schema\/logo\/image\/"},"sameAs":["https:\/\/www.facebook.com\/profile.php?id=100057192590976&amp;amp;amp;amp;amp;amp;amp;amp;amp;amp;amp;amp;amp;amp;amp;amp;amp;amp;ref=ts","https:\/\/x.com\/autosdelpodio","https:\/\/www.youtube.com\/user\/AutosdelPodio"]},{"@type":"Person","@id":"http:\/\/autosdelpodio.com\/autos\/#\/schema\/person\/993527a4d01c3acdd3d6bce3770bc942","name":"autosdelpodio","image":{"@type":"ImageObject","inLanguage":"es","@id":"http:\/\/autosdelpodio.com\/autos\/wp-content\/litespeed\/avatar\/aa8f65cd201a80f6b844f63278aa84af.jpg?ver=1777403005","url":"http:\/\/autosdelpodio.com\/autos\/wp-content\/litespeed\/avatar\/aa8f65cd201a80f6b844f63278aa84af.jpg?ver=1777403005","contentUrl":"http:\/\/autosdelpodio.com\/autos\/wp-content\/litespeed\/avatar\/aa8f65cd201a80f6b844f63278aa84af.jpg?ver=1777403005","caption":"autosdelpodio"}}]}},"views":985,"_links":{"self":[{"href":"http:\/\/autosdelpodio.com\/autos\/wp-json\/wp\/v2\/posts\/3953","targetHints":{"allow":["GET"]}}],"collection":[{"href":"http:\/\/autosdelpodio.com\/autos\/wp-json\/wp\/v2\/posts"}],"about":[{"href":"http:\/\/autosdelpodio.com\/autos\/wp-json\/wp\/v2\/types\/post"}],"author":[{"embeddable":true,"href":"http:\/\/autosdelpodio.com\/autos\/wp-json\/wp\/v2\/users\/3"}],"replies":[{"embeddable":true,"href":"http:\/\/autosdelpodio.com\/autos\/wp-json\/wp\/v2\/comments?post=3953"}],"version-history":[{"count":1,"href":"http:\/\/autosdelpodio.com\/autos\/wp-json\/wp\/v2\/posts\/3953\/revisions"}],"predecessor-version":[{"id":3955,"href":"http:\/\/autosdelpodio.com\/autos\/wp-json\/wp\/v2\/posts\/3953\/revisions\/3955"}],"wp:featuredmedia":[{"embeddable":true,"href":"http:\/\/autosdelpodio.com\/autos\/wp-json\/wp\/v2\/media\/3954"}],"wp:attachment":[{"href":"http:\/\/autosdelpodio.com\/autos\/wp-json\/wp\/v2\/media?parent=3953"}],"wp:term":[{"taxonomy":"category","embeddable":true,"href":"http:\/\/autosdelpodio.com\/autos\/wp-json\/wp\/v2\/categories?post=3953"},{"taxonomy":"post_tag","embeddable":true,"href":"http:\/\/autosdelpodio.com\/autos\/wp-json\/wp\/v2\/tags?post=3953"}],"curies":[{"name":"wp","href":"https:\/\/api.w.org\/{rel}","templated":true}]}}