{"id":3962,"date":"2021-02-23T18:41:00","date_gmt":"2021-02-23T21:41:00","guid":{"rendered":"http:\/\/autosdelpodio.com\/autos\/?p=3962"},"modified":"2021-02-23T18:41:01","modified_gmt":"2021-02-23T21:41:01","slug":"primer-equipo-femenino-llega-al-top-race","status":"publish","type":"post","link":"http:\/\/autosdelpodio.com\/autos\/primer-equipo-femenino-llega-al-top-race\/","title":{"rendered":"Primer equipo femenino llega al Top Race"},"content":{"rendered":"\n<p>El Vitarti Girls Team se abre camino en el TopRace desde el pr\u00f3ximo 4 de Abril en la apertura de la temporada 2021. Ser\u00e1 el primer equipo femenino a nivel nacional conformado por pilotos y staff t\u00e9cnico.<\/p>\n\n\n\n<p>El objetivo principal del equipo dirigido por Tamara Vital que tiene su sede en Campana, es&nbsp;promover el g\u00e9nero femenino dentro del automovilismo argentino. Apoyando a pilotos y staff t\u00e9cnico en un deporte que empieza a cambiar sus rumbos con el avance de la inclusi\u00f3n.<\/p>\n\n\n\n<p>En enero el equipo tuvo su primer contacto con el TopRace, realizando una serie de ensayos en Paran\u00e1 con la piloto Rocio Migliore, oriunda de Santa F\u00e9. El resultado fue sumamente positivo e impuls\u00f3 al equipo a realizar un nuevo ensayo en Buenos Aires, donde se presentaron cuatro pilotos: Valentina Funes, Agustina Mattio, Roci\u00f3 Migliore y Candela Riestra.<\/p>\n\n\n\n<p><em><strong>\u00abEstamos trabajando para poder presentar los cuatro autos del Junior y la unidad del Series en Abril, el pr\u00f3ximo lunes vamos a estar realizando un nuevo ensayo. Por el momento est\u00e1n Rocio y Valentina confirmadas y seguimos a la espera de confirmar las dos butacas restantes. Estamos muy contentas con todo el movimiento que se va generando y por los mensajes de apoyo, no es un proyecto f\u00e1cil pero vamos a apostar todo para tener continuidad\u00bb,<\/strong><\/em>&nbsp;coment\u00f3 Tamara Vital responsable del equipo.<\/p>\n\n\n\n<p><em><strong>\u00abEl objetivo es adem\u00e1s sumar staff femenino, tenemos confirmadas a Paula Salazar y Victoria Pascual como mec\u00e1nicas y a Estefania Onorio como ingeniera, por mi parte voy a estar en la direcci\u00f3n deportiva, adem\u00e1s estamos en charla con m\u00e1s mec\u00e1nicas, una psic\u00f3loga deportiva y jefa de prensa\u00bb,&nbsp;<\/strong><\/em>&nbsp;afirm\u00f3 Vital, la joven radicada en la ciudad de Tandil.<\/p>\n\n\n\n<p>De esta manera queda confirmada la salida a pista del primer equipo femenino en la historia del automovilismo. El TopRace comienza a sentir el perfume de mujer por la calle de boxes.<\/p>\n\n\n\n<p><em>Texto Tamara Vital.<\/em><\/p>\n","protected":false},"excerpt":{"rendered":"<p>El Vitarti Girls Team se abre camino en el TopRace desde el pr\u00f3ximo 4 de Abril en la apertura de<\/p>\n","protected":false},"author":3,"featured_media":3963,"comment_status":"open","ping_status":"open","sticky":false,"template":"","format":"standard","meta":{"colormag_page_container_layout":"default_layout","colormag_page_sidebar_layout":"default_layout","footnotes":""},"categories":[6,5],"tags":[86,79,513],"class_list":["post-3962","post","type-post","status-publish","format-standard","has-post-thumbnail","hentry","category-newsflash","category-latest-news","tag-pilotos-y-categorias","tag-top-race-v6","tag-tr-junior"],"yoast_head":"<!-- This site is optimized with the Yoast SEO plugin v27.5 - https:\/\/yoast.com\/product\/yoast-seo-wordpress\/ -->\n<title>Autos del Podio | Primer equipo femenino llega al Top Race<\/title>\n<meta name=\"description\" content=\"Autos del Podio Llega al autovilismo argentino el primer equipo de competici\u00f3n 100% femenino\" \/>\n<meta name=\"robots\" content=\"index, follow, max-snippet:-1, max-image-preview:large, max-video-preview:-1\" \/>\n<link rel=\"canonical\" href=\"http:\/\/autosdelpodio.com\/autos\/primer-equipo-femenino-llega-al-top-race\/\" \/>\n<meta property=\"og:locale\" content=\"es_ES\" \/>\n<meta property=\"og:type\" content=\"article\" \/>\n<meta property=\"og:title\" content=\"Autos del Podio | Primer equipo femenino llega al Top Race\" \/>\n<meta property=\"og:description\" content=\"Autos del Podio Llega al autovilismo argentino el primer equipo de competici\u00f3n 100% femenino\" \/>\n<meta property=\"og:url\" content=\"http:\/\/autosdelpodio.com\/autos\/primer-equipo-femenino-llega-al-top-race\/\" \/>\n<meta property=\"og:site_name\" content=\"Autos del Podio\" \/>\n<meta property=\"article:publisher\" content=\"https:\/\/www.facebook.com\/profile.php?id=100057192590976&amp;amp%3bamp%3bamp%3bamp%3bamp%3bamp%3bamp%3bamp%3bamp%3bamp%3bamp%3bamp%3bamp%3bamp%3bamp%3bamp%3bamp%3bamp%3bref=ts\" \/>\n<meta property=\"article:published_time\" content=\"2021-02-23T21:41:00+00:00\" \/>\n<meta property=\"article:modified_time\" content=\"2021-02-23T21:41:01+00:00\" \/>\n<meta property=\"og:image\" content=\"http:\/\/autosdelpodio.com\/autos\/wp-content\/uploads\/2021\/02\/Top_Race_Femenino100-e1614116319313.jpg\" \/>\n\t<meta property=\"og:image:width\" content=\"800\" \/>\n\t<meta property=\"og:image:height\" content=\"326\" \/>\n\t<meta property=\"og:image:type\" content=\"image\/jpeg\" \/>\n<meta name=\"author\" content=\"autosdelpodio\" \/>\n<meta name=\"twitter:card\" content=\"summary_large_image\" \/>\n<meta name=\"twitter:creator\" content=\"@autosdelpodio\" \/>\n<meta name=\"twitter:site\" content=\"@autosdelpodio\" \/>\n<meta name=\"twitter:label1\" content=\"Escrito por\" \/>\n\t<meta name=\"twitter:data1\" content=\"autosdelpodio\" \/>\n\t<meta name=\"twitter:label2\" content=\"Tiempo de lectura\" \/>\n\t<meta name=\"twitter:data2\" content=\"2 minutos\" \/>\n<script type=\"application\/ld+json\" class=\"yoast-schema-graph\">{\"@context\":\"https:\\\/\\\/schema.org\",\"@graph\":[{\"@type\":\"Article\",\"@id\":\"http:\\\/\\\/autosdelpodio.com\\\/autos\\\/primer-equipo-femenino-llega-al-top-race\\\/#article\",\"isPartOf\":{\"@id\":\"http:\\\/\\\/autosdelpodio.com\\\/autos\\\/primer-equipo-femenino-llega-al-top-race\\\/\"},\"author\":{\"name\":\"autosdelpodio\",\"@id\":\"http:\\\/\\\/autosdelpodio.com\\\/autos\\\/#\\\/schema\\\/person\\\/993527a4d01c3acdd3d6bce3770bc942\"},\"headline\":\"Primer equipo femenino llega al Top Race\",\"datePublished\":\"2021-02-23T21:41:00+00:00\",\"dateModified\":\"2021-02-23T21:41:01+00:00\",\"mainEntityOfPage\":{\"@id\":\"http:\\\/\\\/autosdelpodio.com\\\/autos\\\/primer-equipo-femenino-llega-al-top-race\\\/\"},\"wordCount\":338,\"commentCount\":0,\"publisher\":{\"@id\":\"http:\\\/\\\/autosdelpodio.com\\\/autos\\\/#organization\"},\"image\":{\"@id\":\"http:\\\/\\\/autosdelpodio.com\\\/autos\\\/primer-equipo-femenino-llega-al-top-race\\\/#primaryimage\"},\"thumbnailUrl\":\"http:\\\/\\\/autosdelpodio.com\\\/autos\\\/wp-content\\\/uploads\\\/2021\\\/02\\\/Top_Race_Femenino100-e1614116319313.jpg\",\"keywords\":[\"Pilotos y Categorias\",\"Top Race V6\",\"TR Junior\"],\"articleSection\":[\"Destacado\",\"\u00daltimas noticias\"],\"inLanguage\":\"es\",\"potentialAction\":[{\"@type\":\"CommentAction\",\"name\":\"Comment\",\"target\":[\"http:\\\/\\\/autosdelpodio.com\\\/autos\\\/primer-equipo-femenino-llega-al-top-race\\\/#respond\"]}]},{\"@type\":\"WebPage\",\"@id\":\"http:\\\/\\\/autosdelpodio.com\\\/autos\\\/primer-equipo-femenino-llega-al-top-race\\\/\",\"url\":\"http:\\\/\\\/autosdelpodio.com\\\/autos\\\/primer-equipo-femenino-llega-al-top-race\\\/\",\"name\":\"Autos del Podio | Primer equipo femenino llega al Top Race\",\"isPartOf\":{\"@id\":\"http:\\\/\\\/autosdelpodio.com\\\/autos\\\/#website\"},\"primaryImageOfPage\":{\"@id\":\"http:\\\/\\\/autosdelpodio.com\\\/autos\\\/primer-equipo-femenino-llega-al-top-race\\\/#primaryimage\"},\"image\":{\"@id\":\"http:\\\/\\\/autosdelpodio.com\\\/autos\\\/primer-equipo-femenino-llega-al-top-race\\\/#primaryimage\"},\"thumbnailUrl\":\"http:\\\/\\\/autosdelpodio.com\\\/autos\\\/wp-content\\\/uploads\\\/2021\\\/02\\\/Top_Race_Femenino100-e1614116319313.jpg\",\"datePublished\":\"2021-02-23T21:41:00+00:00\",\"dateModified\":\"2021-02-23T21:41:01+00:00\",\"description\":\"Autos del Podio Llega al autovilismo argentino el primer equipo de competici\u00f3n 100% femenino\",\"breadcrumb\":{\"@id\":\"http:\\\/\\\/autosdelpodio.com\\\/autos\\\/primer-equipo-femenino-llega-al-top-race\\\/#breadcrumb\"},\"inLanguage\":\"es\",\"potentialAction\":[{\"@type\":\"ReadAction\",\"target\":[\"http:\\\/\\\/autosdelpodio.com\\\/autos\\\/primer-equipo-femenino-llega-al-top-race\\\/\"]}]},{\"@type\":\"ImageObject\",\"inLanguage\":\"es\",\"@id\":\"http:\\\/\\\/autosdelpodio.com\\\/autos\\\/primer-equipo-femenino-llega-al-top-race\\\/#primaryimage\",\"url\":\"http:\\\/\\\/autosdelpodio.com\\\/autos\\\/wp-content\\\/uploads\\\/2021\\\/02\\\/Top_Race_Femenino100-e1614116319313.jpg\",\"contentUrl\":\"http:\\\/\\\/autosdelpodio.com\\\/autos\\\/wp-content\\\/uploads\\\/2021\\\/02\\\/Top_Race_Femenino100-e1614116319313.jpg\",\"width\":800,\"height\":326},{\"@type\":\"BreadcrumbList\",\"@id\":\"http:\\\/\\\/autosdelpodio.com\\\/autos\\\/primer-equipo-femenino-llega-al-top-race\\\/#breadcrumb\",\"itemListElement\":[{\"@type\":\"ListItem\",\"position\":1,\"name\":\"Portada\",\"item\":\"http:\\\/\\\/autosdelpodio.com\\\/autos\\\/\"},{\"@type\":\"ListItem\",\"position\":2,\"name\":\"Primer equipo femenino llega al Top Race\"}]},{\"@type\":\"WebSite\",\"@id\":\"http:\\\/\\\/autosdelpodio.com\\\/autos\\\/#website\",\"url\":\"http:\\\/\\\/autosdelpodio.com\\\/autos\\\/\",\"name\":\"Autos del Podio\",\"description\":\"La sexta del deporte motor\",\"publisher\":{\"@id\":\"http:\\\/\\\/autosdelpodio.com\\\/autos\\\/#organization\"},\"potentialAction\":[{\"@type\":\"SearchAction\",\"target\":{\"@type\":\"EntryPoint\",\"urlTemplate\":\"http:\\\/\\\/autosdelpodio.com\\\/autos\\\/?s={search_term_string}\"},\"query-input\":{\"@type\":\"PropertyValueSpecification\",\"valueRequired\":true,\"valueName\":\"search_term_string\"}}],\"inLanguage\":\"es\"},{\"@type\":\"Organization\",\"@id\":\"http:\\\/\\\/autosdelpodio.com\\\/autos\\\/#organization\",\"name\":\"Autos del Podio\",\"url\":\"http:\\\/\\\/autosdelpodio.com\\\/autos\\\/\",\"logo\":{\"@type\":\"ImageObject\",\"inLanguage\":\"es\",\"@id\":\"http:\\\/\\\/autosdelpodio.com\\\/autos\\\/#\\\/schema\\\/logo\\\/image\\\/\",\"url\":\"http:\\\/\\\/autosdelpodio.com\\\/autos\\\/wp-content\\\/uploads\\\/2020\\\/08\\\/Logo_AR.jpg\",\"contentUrl\":\"http:\\\/\\\/autosdelpodio.com\\\/autos\\\/wp-content\\\/uploads\\\/2020\\\/08\\\/Logo_AR.jpg\",\"width\":1038,\"height\":1044,\"caption\":\"Autos del Podio\"},\"image\":{\"@id\":\"http:\\\/\\\/autosdelpodio.com\\\/autos\\\/#\\\/schema\\\/logo\\\/image\\\/\"},\"sameAs\":[\"https:\\\/\\\/www.facebook.com\\\/profile.php?id=100057192590976&amp;amp;amp;amp;amp;amp;amp;amp;amp;amp;amp;amp;amp;amp;amp;amp;amp;amp;ref=ts\",\"https:\\\/\\\/x.com\\\/autosdelpodio\",\"https:\\\/\\\/www.youtube.com\\\/user\\\/AutosdelPodio\"]},{\"@type\":\"Person\",\"@id\":\"http:\\\/\\\/autosdelpodio.com\\\/autos\\\/#\\\/schema\\\/person\\\/993527a4d01c3acdd3d6bce3770bc942\",\"name\":\"autosdelpodio\",\"image\":{\"@type\":\"ImageObject\",\"inLanguage\":\"es\",\"@id\":\"http:\\\/\\\/autosdelpodio.com\\\/autos\\\/wp-content\\\/litespeed\\\/avatar\\\/aa8f65cd201a80f6b844f63278aa84af.jpg?ver=1777403005\",\"url\":\"http:\\\/\\\/autosdelpodio.com\\\/autos\\\/wp-content\\\/litespeed\\\/avatar\\\/aa8f65cd201a80f6b844f63278aa84af.jpg?ver=1777403005\",\"contentUrl\":\"http:\\\/\\\/autosdelpodio.com\\\/autos\\\/wp-content\\\/litespeed\\\/avatar\\\/aa8f65cd201a80f6b844f63278aa84af.jpg?ver=1777403005\",\"caption\":\"autosdelpodio\"}}]}<\/script>\n<!-- \/ Yoast SEO plugin. -->","yoast_head_json":{"title":"Autos del Podio | Primer equipo femenino llega al Top Race","description":"Autos del Podio Llega al autovilismo argentino el primer equipo de competici\u00f3n 100% femenino","robots":{"index":"index","follow":"follow","max-snippet":"max-snippet:-1","max-image-preview":"max-image-preview:large","max-video-preview":"max-video-preview:-1"},"canonical":"http:\/\/autosdelpodio.com\/autos\/primer-equipo-femenino-llega-al-top-race\/","og_locale":"es_ES","og_type":"article","og_title":"Autos del Podio | Primer equipo femenino llega al Top Race","og_description":"Autos del Podio Llega al autovilismo argentino el primer equipo de competici\u00f3n 100% femenino","og_url":"http:\/\/autosdelpodio.com\/autos\/primer-equipo-femenino-llega-al-top-race\/","og_site_name":"Autos del Podio","article_publisher":"https:\/\/www.facebook.com\/profile.php?id=100057192590976&amp%3bamp%3bamp%3bamp%3bamp%3bamp%3bamp%3bamp%3bamp%3bamp%3bamp%3bamp%3bamp%3bamp%3bamp%3bamp%3bamp%3bamp%3bref=ts","article_published_time":"2021-02-23T21:41:00+00:00","article_modified_time":"2021-02-23T21:41:01+00:00","og_image":[{"width":800,"height":326,"url":"http:\/\/autosdelpodio.com\/autos\/wp-content\/uploads\/2021\/02\/Top_Race_Femenino100-e1614116319313.jpg","type":"image\/jpeg"}],"author":"autosdelpodio","twitter_card":"summary_large_image","twitter_creator":"@autosdelpodio","twitter_site":"@autosdelpodio","twitter_misc":{"Escrito por":"autosdelpodio","Tiempo de lectura":"2 minutos"},"schema":{"@context":"https:\/\/schema.org","@graph":[{"@type":"Article","@id":"http:\/\/autosdelpodio.com\/autos\/primer-equipo-femenino-llega-al-top-race\/#article","isPartOf":{"@id":"http:\/\/autosdelpodio.com\/autos\/primer-equipo-femenino-llega-al-top-race\/"},"author":{"name":"autosdelpodio","@id":"http:\/\/autosdelpodio.com\/autos\/#\/schema\/person\/993527a4d01c3acdd3d6bce3770bc942"},"headline":"Primer equipo femenino llega al Top Race","datePublished":"2021-02-23T21:41:00+00:00","dateModified":"2021-02-23T21:41:01+00:00","mainEntityOfPage":{"@id":"http:\/\/autosdelpodio.com\/autos\/primer-equipo-femenino-llega-al-top-race\/"},"wordCount":338,"commentCount":0,"publisher":{"@id":"http:\/\/autosdelpodio.com\/autos\/#organization"},"image":{"@id":"http:\/\/autosdelpodio.com\/autos\/primer-equipo-femenino-llega-al-top-race\/#primaryimage"},"thumbnailUrl":"http:\/\/autosdelpodio.com\/autos\/wp-content\/uploads\/2021\/02\/Top_Race_Femenino100-e1614116319313.jpg","keywords":["Pilotos y Categorias","Top Race V6","TR Junior"],"articleSection":["Destacado","\u00daltimas noticias"],"inLanguage":"es","potentialAction":[{"@type":"CommentAction","name":"Comment","target":["http:\/\/autosdelpodio.com\/autos\/primer-equipo-femenino-llega-al-top-race\/#respond"]}]},{"@type":"WebPage","@id":"http:\/\/autosdelpodio.com\/autos\/primer-equipo-femenino-llega-al-top-race\/","url":"http:\/\/autosdelpodio.com\/autos\/primer-equipo-femenino-llega-al-top-race\/","name":"Autos del Podio | Primer equipo femenino llega al Top Race","isPartOf":{"@id":"http:\/\/autosdelpodio.com\/autos\/#website"},"primaryImageOfPage":{"@id":"http:\/\/autosdelpodio.com\/autos\/primer-equipo-femenino-llega-al-top-race\/#primaryimage"},"image":{"@id":"http:\/\/autosdelpodio.com\/autos\/primer-equipo-femenino-llega-al-top-race\/#primaryimage"},"thumbnailUrl":"http:\/\/autosdelpodio.com\/autos\/wp-content\/uploads\/2021\/02\/Top_Race_Femenino100-e1614116319313.jpg","datePublished":"2021-02-23T21:41:00+00:00","dateModified":"2021-02-23T21:41:01+00:00","description":"Autos del Podio Llega al autovilismo argentino el primer equipo de competici\u00f3n 100% femenino","breadcrumb":{"@id":"http:\/\/autosdelpodio.com\/autos\/primer-equipo-femenino-llega-al-top-race\/#breadcrumb"},"inLanguage":"es","potentialAction":[{"@type":"ReadAction","target":["http:\/\/autosdelpodio.com\/autos\/primer-equipo-femenino-llega-al-top-race\/"]}]},{"@type":"ImageObject","inLanguage":"es","@id":"http:\/\/autosdelpodio.com\/autos\/primer-equipo-femenino-llega-al-top-race\/#primaryimage","url":"http:\/\/autosdelpodio.com\/autos\/wp-content\/uploads\/2021\/02\/Top_Race_Femenino100-e1614116319313.jpg","contentUrl":"http:\/\/autosdelpodio.com\/autos\/wp-content\/uploads\/2021\/02\/Top_Race_Femenino100-e1614116319313.jpg","width":800,"height":326},{"@type":"BreadcrumbList","@id":"http:\/\/autosdelpodio.com\/autos\/primer-equipo-femenino-llega-al-top-race\/#breadcrumb","itemListElement":[{"@type":"ListItem","position":1,"name":"Portada","item":"http:\/\/autosdelpodio.com\/autos\/"},{"@type":"ListItem","position":2,"name":"Primer equipo femenino llega al Top Race"}]},{"@type":"WebSite","@id":"http:\/\/autosdelpodio.com\/autos\/#website","url":"http:\/\/autosdelpodio.com\/autos\/","name":"Autos del Podio","description":"La sexta del deporte motor","publisher":{"@id":"http:\/\/autosdelpodio.com\/autos\/#organization"},"potentialAction":[{"@type":"SearchAction","target":{"@type":"EntryPoint","urlTemplate":"http:\/\/autosdelpodio.com\/autos\/?s={search_term_string}"},"query-input":{"@type":"PropertyValueSpecification","valueRequired":true,"valueName":"search_term_string"}}],"inLanguage":"es"},{"@type":"Organization","@id":"http:\/\/autosdelpodio.com\/autos\/#organization","name":"Autos del Podio","url":"http:\/\/autosdelpodio.com\/autos\/","logo":{"@type":"ImageObject","inLanguage":"es","@id":"http:\/\/autosdelpodio.com\/autos\/#\/schema\/logo\/image\/","url":"http:\/\/autosdelpodio.com\/autos\/wp-content\/uploads\/2020\/08\/Logo_AR.jpg","contentUrl":"http:\/\/autosdelpodio.com\/autos\/wp-content\/uploads\/2020\/08\/Logo_AR.jpg","width":1038,"height":1044,"caption":"Autos del Podio"},"image":{"@id":"http:\/\/autosdelpodio.com\/autos\/#\/schema\/logo\/image\/"},"sameAs":["https:\/\/www.facebook.com\/profile.php?id=100057192590976&amp;amp;amp;amp;amp;amp;amp;amp;amp;amp;amp;amp;amp;amp;amp;amp;amp;amp;ref=ts","https:\/\/x.com\/autosdelpodio","https:\/\/www.youtube.com\/user\/AutosdelPodio"]},{"@type":"Person","@id":"http:\/\/autosdelpodio.com\/autos\/#\/schema\/person\/993527a4d01c3acdd3d6bce3770bc942","name":"autosdelpodio","image":{"@type":"ImageObject","inLanguage":"es","@id":"http:\/\/autosdelpodio.com\/autos\/wp-content\/litespeed\/avatar\/aa8f65cd201a80f6b844f63278aa84af.jpg?ver=1777403005","url":"http:\/\/autosdelpodio.com\/autos\/wp-content\/litespeed\/avatar\/aa8f65cd201a80f6b844f63278aa84af.jpg?ver=1777403005","contentUrl":"http:\/\/autosdelpodio.com\/autos\/wp-content\/litespeed\/avatar\/aa8f65cd201a80f6b844f63278aa84af.jpg?ver=1777403005","caption":"autosdelpodio"}}]}},"views":575,"_links":{"self":[{"href":"http:\/\/autosdelpodio.com\/autos\/wp-json\/wp\/v2\/posts\/3962","targetHints":{"allow":["GET"]}}],"collection":[{"href":"http:\/\/autosdelpodio.com\/autos\/wp-json\/wp\/v2\/posts"}],"about":[{"href":"http:\/\/autosdelpodio.com\/autos\/wp-json\/wp\/v2\/types\/post"}],"author":[{"embeddable":true,"href":"http:\/\/autosdelpodio.com\/autos\/wp-json\/wp\/v2\/users\/3"}],"replies":[{"embeddable":true,"href":"http:\/\/autosdelpodio.com\/autos\/wp-json\/wp\/v2\/comments?post=3962"}],"version-history":[{"count":1,"href":"http:\/\/autosdelpodio.com\/autos\/wp-json\/wp\/v2\/posts\/3962\/revisions"}],"predecessor-version":[{"id":3964,"href":"http:\/\/autosdelpodio.com\/autos\/wp-json\/wp\/v2\/posts\/3962\/revisions\/3964"}],"wp:featuredmedia":[{"embeddable":true,"href":"http:\/\/autosdelpodio.com\/autos\/wp-json\/wp\/v2\/media\/3963"}],"wp:attachment":[{"href":"http:\/\/autosdelpodio.com\/autos\/wp-json\/wp\/v2\/media?parent=3962"}],"wp:term":[{"taxonomy":"category","embeddable":true,"href":"http:\/\/autosdelpodio.com\/autos\/wp-json\/wp\/v2\/categories?post=3962"},{"taxonomy":"post_tag","embeddable":true,"href":"http:\/\/autosdelpodio.com\/autos\/wp-json\/wp\/v2\/tags?post=3962"}],"curies":[{"name":"wp","href":"https:\/\/api.w.org\/{rel}","templated":true}]}}