{"id":400,"date":"2012-04-08T18:58:39","date_gmt":"2012-04-08T18:58:39","guid":{"rendered":"http:\/\/autosdelpodio.com\/autos\/2012\/04\/08\/se-dio-la-logica\/"},"modified":"2012-04-08T18:58:39","modified_gmt":"2012-04-08T18:58:39","slug":"se-dio-la-logica","status":"publish","type":"post","link":"http:\/\/autosdelpodio.com\/autos\/se-dio-la-logica\/","title":{"rendered":"Se dio la l\u00f3gica:"},"content":{"rendered":"<p><span style=\"font-size: x-small;\"> <\/p>\n<p style=\"text-align: justify;\">N\u00e9stor Girolami se qued\u00f3 con el triunfo en la tercera fecha del TC en Mendoza y ratific\u00f3 su liderazgo en la etapa regular. Mat\u00edas Rossi (Chevrolet) y Norberto Fontana completaron el podio.Una alegr\u00eda para los seguidores de Torino que lograron el 1-3.<\/p>\n<p> <\/span><\/p>\n<p style=\"text-align: justify;\">Con estos resultados en el campeonato es liderado por Girolami con 68 puntos, Matias Rossi 56,5, Gabriel Ponce de Le\u00f3n (Ford)\u00a037, Mauro Gialombardo (Ford)\u00a033, Lionel Ugalde 32,5 (Ford).<\/p>\n<p>  <!--more-->  <\/p>\n<p>\u00a0<\/p>\n<\/p>\n<p><p style=\"text-align: justify;\">La pr\u00f3xima cita ser\u00e1 el 29 de abril en Trelew,provincia de Chubut.<\/p>\n<\/p>\n<p style=\"text-align: justify;\"><span style=\"font-size: x-small;\">Terminada la competencia, Emanuel Moriatis (Ford N\u00ba 23) fue excluido de la final del TC por toque con Jos\u00e9 Mar\u00eda L\u00f3pez (Chevrolet N\u00ba4).<\/span><\/p>\n<p style=\"text-align: justify;\">Posiciones finales:<\/p>\n<p><p>1 Girolami, N\u00e9stor (Torino) 47:12.085<\/p>\n<p>2 Rossi, Mat\u00edas (Chevrolet) 47:12.685<\/p>\n<p>3 Fontana, Norberto (Torino) 47:12.787<\/p>\n<p>4 Ponce de Le\u00f3n, Gabriel (Ford) 47:13.103<\/p>\n<p>5 Moriatis, Emanuel (Ford) 47:13.527<\/p>\n<p>6 Castellano, Jonatan (Dodge) 47:13.989<\/p>\n<p>7 Angelini, Juan Marcos (Dodge) 47:14.048<\/p>\n<p>8 Silva, Juan Manuel (Ford) 47:14.555<\/p>\n<p>9 Bosio, Ezequiel (Torino) 47:14.644<\/p>\n<p>10 De Benedictis, Juan Bautista (Ford) 47:15.050<\/p>\n<p>11 Ortelli, Guillermo (Chevrolet) 47:15.310<\/p>\n<p>12 Alaux, Sergio (Chevrolet) 47:15.795<\/p>\n<p>13 Jalaf, Mat\u00edas (Ford) 47:16.167<\/p>\n<p>14 Oubi\u00f1a, Adri\u00e1n (Ford) 47:16.375<\/p>\n<p>15 Ledesma, Christian (Chevrolet) 47:16.791<\/p>\n<p>16 Savino, Jos\u00e9 (Ford) 47:17.482<\/p>\n<p>17 Sotro, Leonel (Ford) 47:18.173<\/p>\n<p>18 Ugalde, Lionel (Ford) 47:18.647<\/p>\n<p>19 Werner, Mariano (Ford) 47:18.833<\/p>\n<p>20 Tanoni, Omar (Ford) 47:19.600<\/p>\n<p>21 Juan, Maximiliano (Ford) 47:21.576<\/p>\n<p>22 Campanera, Laureano (Chevrolet) 47:21.842<\/p>\n<p>23 Ciantini, Jos\u00e9 (Dodge) 47:23.843<\/p>\n<p>24 Dose, Christian (Chevrolet) 47:23.920<\/p>\n<p>25 Trucco, Juan Mart\u00edn (Dodge) 47:24.128<\/p>\n<p>26 Del Bo , Roberto (Chevrolet) 47:24.551<\/p>\n<p>27 Mazzacane, Gast\u00f3n (Chevrolet) 47:22.162<\/p>\n<p>28 Urretavizcaya, Tom\u00e1s (Torino) 44:40.865<\/p>\n<p>29 L\u00f3pez, Jos\u00e9 Mar\u00eda (Chevrolet)<\/p>\n<p>30 Di Palma, Lu\u00eds Jos\u00e9 H (Torino)<\/p>\n<p>31 Bonelli, Pr\u00f3spero (Ford)<\/p>\n<p>32 Gianini, Juan Pablo (Ford)<\/p>\n<p>33 Verna, Rafael (Dodge)<\/p>\n<p>34 Aventin, Diego (Ford)<\/p>\n<p>35 Giallombardo, Mauro (Ford)<\/p>\n<p>36 Kohler, Claudio (Dodge)<\/p>\n<p>37 De Carlo, Diego (Chevrolet)<\/p>\n<p>38 Altuna, Mariano (Chevrolet)<\/p>\n<p>39 Spataro, Emiliano (Dodge)<\/p>\n<p>40 Mart\u00ednez, Omar (Ford)<\/p>\n<p>41 Nolesi, Mathias (Ford)<\/p>\n<p>42 Canapino, Agust\u00edn (Chevrolet)<\/p>\n<p>43 Pern\u00eda, Leonel (Chevrolet)<\/p>\n<p>44 Ponte, Mart\u00edn (Torino<\/p><\/p>\n","protected":false},"excerpt":{"rendered":"<p>N\u00e9stor Girolami se qued\u00f3 con el triunfo en la tercera fecha del TC en Mendoza y ratific\u00f3 su liderazgo en<\/p>\n","protected":false},"author":1,"featured_media":0,"comment_status":"open","ping_status":"open","sticky":false,"template":"","format":"standard","meta":{"colormag_page_container_layout":"default_layout","colormag_page_sidebar_layout":"default_layout","footnotes":""},"categories":[5],"tags":[],"class_list":["post-400","post","type-post","status-publish","format-standard","hentry","category-latest-news"],"yoast_head":"<!-- This site is optimized with the Yoast SEO plugin v27.4 - https:\/\/yoast.com\/product\/yoast-seo-wordpress\/ -->\n<title>Autos del Podio | Se dio la l\u00f3gica:<\/title>\n<meta name=\"description\" content=\"Autos del Podio\" \/>\n<meta name=\"robots\" content=\"index, follow, max-snippet:-1, max-image-preview:large, max-video-preview:-1\" \/>\n<link rel=\"canonical\" href=\"http:\/\/autosdelpodio.com\/autos\/se-dio-la-logica\/\" \/>\n<meta property=\"og:locale\" content=\"es_ES\" \/>\n<meta property=\"og:type\" content=\"article\" \/>\n<meta property=\"og:title\" content=\"Autos del Podio | Se dio la l\u00f3gica:\" \/>\n<meta property=\"og:description\" content=\"Autos del Podio\" \/>\n<meta property=\"og:url\" content=\"http:\/\/autosdelpodio.com\/autos\/se-dio-la-logica\/\" \/>\n<meta property=\"og:site_name\" content=\"Autos del Podio\" \/>\n<meta property=\"article:publisher\" content=\"https:\/\/www.facebook.com\/profile.php?id=100057192590976&amp;amp%3bamp%3bamp%3bamp%3bamp%3bamp%3bamp%3bamp%3bamp%3bamp%3bamp%3bamp%3bamp%3bamp%3bamp%3bamp%3bamp%3bamp%3bref=ts\" \/>\n<meta property=\"article:published_time\" content=\"2012-04-08T18:58:39+00:00\" \/>\n<meta name=\"author\" content=\"wi022230\" \/>\n<meta name=\"twitter:card\" content=\"summary_large_image\" \/>\n<meta name=\"twitter:creator\" content=\"@autosdelpodio\" \/>\n<meta name=\"twitter:site\" content=\"@autosdelpodio\" \/>\n<meta name=\"twitter:label1\" content=\"Escrito por\" \/>\n\t<meta name=\"twitter:data1\" content=\"wi022230\" \/>\n\t<meta name=\"twitter:label2\" content=\"Tiempo de lectura\" \/>\n\t<meta name=\"twitter:data2\" content=\"1 minuto\" \/>\n<script type=\"application\/ld+json\" class=\"yoast-schema-graph\">{\"@context\":\"https:\\\/\\\/schema.org\",\"@graph\":[{\"@type\":\"Article\",\"@id\":\"http:\\\/\\\/autosdelpodio.com\\\/autos\\\/se-dio-la-logica\\\/#article\",\"isPartOf\":{\"@id\":\"http:\\\/\\\/autosdelpodio.com\\\/autos\\\/se-dio-la-logica\\\/\"},\"author\":{\"name\":\"wi022230\",\"@id\":\"http:\\\/\\\/autosdelpodio.com\\\/autos\\\/#\\\/schema\\\/person\\\/e88353cabf768863fdf874e30120f3ba\"},\"headline\":\"Se dio la l\u00f3gica:\",\"datePublished\":\"2012-04-08T18:58:39+00:00\",\"mainEntityOfPage\":{\"@id\":\"http:\\\/\\\/autosdelpodio.com\\\/autos\\\/se-dio-la-logica\\\/\"},\"wordCount\":279,\"commentCount\":0,\"publisher\":{\"@id\":\"http:\\\/\\\/autosdelpodio.com\\\/autos\\\/#organization\"},\"articleSection\":[\"\u00daltimas noticias\"],\"inLanguage\":\"es\",\"potentialAction\":[{\"@type\":\"CommentAction\",\"name\":\"Comment\",\"target\":[\"http:\\\/\\\/autosdelpodio.com\\\/autos\\\/se-dio-la-logica\\\/#respond\"]}]},{\"@type\":\"WebPage\",\"@id\":\"http:\\\/\\\/autosdelpodio.com\\\/autos\\\/se-dio-la-logica\\\/\",\"url\":\"http:\\\/\\\/autosdelpodio.com\\\/autos\\\/se-dio-la-logica\\\/\",\"name\":\"Autos del Podio | Se dio la l\u00f3gica:\",\"isPartOf\":{\"@id\":\"http:\\\/\\\/autosdelpodio.com\\\/autos\\\/#website\"},\"datePublished\":\"2012-04-08T18:58:39+00:00\",\"description\":\"Autos del Podio\",\"breadcrumb\":{\"@id\":\"http:\\\/\\\/autosdelpodio.com\\\/autos\\\/se-dio-la-logica\\\/#breadcrumb\"},\"inLanguage\":\"es\",\"potentialAction\":[{\"@type\":\"ReadAction\",\"target\":[\"http:\\\/\\\/autosdelpodio.com\\\/autos\\\/se-dio-la-logica\\\/\"]}]},{\"@type\":\"BreadcrumbList\",\"@id\":\"http:\\\/\\\/autosdelpodio.com\\\/autos\\\/se-dio-la-logica\\\/#breadcrumb\",\"itemListElement\":[{\"@type\":\"ListItem\",\"position\":1,\"name\":\"Portada\",\"item\":\"http:\\\/\\\/autosdelpodio.com\\\/autos\\\/\"},{\"@type\":\"ListItem\",\"position\":2,\"name\":\"Se dio la l\u00f3gica:\"}]},{\"@type\":\"WebSite\",\"@id\":\"http:\\\/\\\/autosdelpodio.com\\\/autos\\\/#website\",\"url\":\"http:\\\/\\\/autosdelpodio.com\\\/autos\\\/\",\"name\":\"Autos del Podio\",\"description\":\"La sexta del deporte motor\",\"publisher\":{\"@id\":\"http:\\\/\\\/autosdelpodio.com\\\/autos\\\/#organization\"},\"potentialAction\":[{\"@type\":\"SearchAction\",\"target\":{\"@type\":\"EntryPoint\",\"urlTemplate\":\"http:\\\/\\\/autosdelpodio.com\\\/autos\\\/?s={search_term_string}\"},\"query-input\":{\"@type\":\"PropertyValueSpecification\",\"valueRequired\":true,\"valueName\":\"search_term_string\"}}],\"inLanguage\":\"es\"},{\"@type\":\"Organization\",\"@id\":\"http:\\\/\\\/autosdelpodio.com\\\/autos\\\/#organization\",\"name\":\"Autos del Podio\",\"url\":\"http:\\\/\\\/autosdelpodio.com\\\/autos\\\/\",\"logo\":{\"@type\":\"ImageObject\",\"inLanguage\":\"es\",\"@id\":\"http:\\\/\\\/autosdelpodio.com\\\/autos\\\/#\\\/schema\\\/logo\\\/image\\\/\",\"url\":\"http:\\\/\\\/autosdelpodio.com\\\/autos\\\/wp-content\\\/uploads\\\/2020\\\/08\\\/Logo_AR.jpg\",\"contentUrl\":\"http:\\\/\\\/autosdelpodio.com\\\/autos\\\/wp-content\\\/uploads\\\/2020\\\/08\\\/Logo_AR.jpg\",\"width\":1038,\"height\":1044,\"caption\":\"Autos del Podio\"},\"image\":{\"@id\":\"http:\\\/\\\/autosdelpodio.com\\\/autos\\\/#\\\/schema\\\/logo\\\/image\\\/\"},\"sameAs\":[\"https:\\\/\\\/www.facebook.com\\\/profile.php?id=100057192590976&amp;amp;amp;amp;amp;amp;amp;amp;amp;amp;amp;amp;amp;amp;amp;amp;amp;amp;ref=ts\",\"https:\\\/\\\/x.com\\\/autosdelpodio\",\"https:\\\/\\\/www.youtube.com\\\/user\\\/AutosdelPodio\"]},{\"@type\":\"Person\",\"@id\":\"http:\\\/\\\/autosdelpodio.com\\\/autos\\\/#\\\/schema\\\/person\\\/e88353cabf768863fdf874e30120f3ba\",\"name\":\"wi022230\",\"image\":{\"@type\":\"ImageObject\",\"inLanguage\":\"es\",\"@id\":\"http:\\\/\\\/autosdelpodio.com\\\/autos\\\/wp-content\\\/litespeed\\\/avatar\\\/453fc9bdbb11d766ba4c7f14d0bd0aa9.jpg?ver=1776800006\",\"url\":\"http:\\\/\\\/autosdelpodio.com\\\/autos\\\/wp-content\\\/litespeed\\\/avatar\\\/453fc9bdbb11d766ba4c7f14d0bd0aa9.jpg?ver=1776800006\",\"contentUrl\":\"http:\\\/\\\/autosdelpodio.com\\\/autos\\\/wp-content\\\/litespeed\\\/avatar\\\/453fc9bdbb11d766ba4c7f14d0bd0aa9.jpg?ver=1776800006\",\"caption\":\"wi022230\"}}]}<\/script>\n<!-- \/ Yoast SEO plugin. -->","yoast_head_json":{"title":"Autos del Podio | Se dio la l\u00f3gica:","description":"Autos del Podio","robots":{"index":"index","follow":"follow","max-snippet":"max-snippet:-1","max-image-preview":"max-image-preview:large","max-video-preview":"max-video-preview:-1"},"canonical":"http:\/\/autosdelpodio.com\/autos\/se-dio-la-logica\/","og_locale":"es_ES","og_type":"article","og_title":"Autos del Podio | Se dio la l\u00f3gica:","og_description":"Autos del Podio","og_url":"http:\/\/autosdelpodio.com\/autos\/se-dio-la-logica\/","og_site_name":"Autos del Podio","article_publisher":"https:\/\/www.facebook.com\/profile.php?id=100057192590976&amp%3bamp%3bamp%3bamp%3bamp%3bamp%3bamp%3bamp%3bamp%3bamp%3bamp%3bamp%3bamp%3bamp%3bamp%3bamp%3bamp%3bamp%3bref=ts","article_published_time":"2012-04-08T18:58:39+00:00","author":"wi022230","twitter_card":"summary_large_image","twitter_creator":"@autosdelpodio","twitter_site":"@autosdelpodio","twitter_misc":{"Escrito por":"wi022230","Tiempo de lectura":"1 minuto"},"schema":{"@context":"https:\/\/schema.org","@graph":[{"@type":"Article","@id":"http:\/\/autosdelpodio.com\/autos\/se-dio-la-logica\/#article","isPartOf":{"@id":"http:\/\/autosdelpodio.com\/autos\/se-dio-la-logica\/"},"author":{"name":"wi022230","@id":"http:\/\/autosdelpodio.com\/autos\/#\/schema\/person\/e88353cabf768863fdf874e30120f3ba"},"headline":"Se dio la l\u00f3gica:","datePublished":"2012-04-08T18:58:39+00:00","mainEntityOfPage":{"@id":"http:\/\/autosdelpodio.com\/autos\/se-dio-la-logica\/"},"wordCount":279,"commentCount":0,"publisher":{"@id":"http:\/\/autosdelpodio.com\/autos\/#organization"},"articleSection":["\u00daltimas noticias"],"inLanguage":"es","potentialAction":[{"@type":"CommentAction","name":"Comment","target":["http:\/\/autosdelpodio.com\/autos\/se-dio-la-logica\/#respond"]}]},{"@type":"WebPage","@id":"http:\/\/autosdelpodio.com\/autos\/se-dio-la-logica\/","url":"http:\/\/autosdelpodio.com\/autos\/se-dio-la-logica\/","name":"Autos del Podio | Se dio la l\u00f3gica:","isPartOf":{"@id":"http:\/\/autosdelpodio.com\/autos\/#website"},"datePublished":"2012-04-08T18:58:39+00:00","description":"Autos del Podio","breadcrumb":{"@id":"http:\/\/autosdelpodio.com\/autos\/se-dio-la-logica\/#breadcrumb"},"inLanguage":"es","potentialAction":[{"@type":"ReadAction","target":["http:\/\/autosdelpodio.com\/autos\/se-dio-la-logica\/"]}]},{"@type":"BreadcrumbList","@id":"http:\/\/autosdelpodio.com\/autos\/se-dio-la-logica\/#breadcrumb","itemListElement":[{"@type":"ListItem","position":1,"name":"Portada","item":"http:\/\/autosdelpodio.com\/autos\/"},{"@type":"ListItem","position":2,"name":"Se dio la l\u00f3gica:"}]},{"@type":"WebSite","@id":"http:\/\/autosdelpodio.com\/autos\/#website","url":"http:\/\/autosdelpodio.com\/autos\/","name":"Autos del Podio","description":"La sexta del deporte motor","publisher":{"@id":"http:\/\/autosdelpodio.com\/autos\/#organization"},"potentialAction":[{"@type":"SearchAction","target":{"@type":"EntryPoint","urlTemplate":"http:\/\/autosdelpodio.com\/autos\/?s={search_term_string}"},"query-input":{"@type":"PropertyValueSpecification","valueRequired":true,"valueName":"search_term_string"}}],"inLanguage":"es"},{"@type":"Organization","@id":"http:\/\/autosdelpodio.com\/autos\/#organization","name":"Autos del Podio","url":"http:\/\/autosdelpodio.com\/autos\/","logo":{"@type":"ImageObject","inLanguage":"es","@id":"http:\/\/autosdelpodio.com\/autos\/#\/schema\/logo\/image\/","url":"http:\/\/autosdelpodio.com\/autos\/wp-content\/uploads\/2020\/08\/Logo_AR.jpg","contentUrl":"http:\/\/autosdelpodio.com\/autos\/wp-content\/uploads\/2020\/08\/Logo_AR.jpg","width":1038,"height":1044,"caption":"Autos del Podio"},"image":{"@id":"http:\/\/autosdelpodio.com\/autos\/#\/schema\/logo\/image\/"},"sameAs":["https:\/\/www.facebook.com\/profile.php?id=100057192590976&amp;amp;amp;amp;amp;amp;amp;amp;amp;amp;amp;amp;amp;amp;amp;amp;amp;amp;ref=ts","https:\/\/x.com\/autosdelpodio","https:\/\/www.youtube.com\/user\/AutosdelPodio"]},{"@type":"Person","@id":"http:\/\/autosdelpodio.com\/autos\/#\/schema\/person\/e88353cabf768863fdf874e30120f3ba","name":"wi022230","image":{"@type":"ImageObject","inLanguage":"es","@id":"http:\/\/autosdelpodio.com\/autos\/wp-content\/litespeed\/avatar\/453fc9bdbb11d766ba4c7f14d0bd0aa9.jpg?ver=1776800006","url":"http:\/\/autosdelpodio.com\/autos\/wp-content\/litespeed\/avatar\/453fc9bdbb11d766ba4c7f14d0bd0aa9.jpg?ver=1776800006","contentUrl":"http:\/\/autosdelpodio.com\/autos\/wp-content\/litespeed\/avatar\/453fc9bdbb11d766ba4c7f14d0bd0aa9.jpg?ver=1776800006","caption":"wi022230"}}]}},"views":528,"_links":{"self":[{"href":"http:\/\/autosdelpodio.com\/autos\/wp-json\/wp\/v2\/posts\/400","targetHints":{"allow":["GET"]}}],"collection":[{"href":"http:\/\/autosdelpodio.com\/autos\/wp-json\/wp\/v2\/posts"}],"about":[{"href":"http:\/\/autosdelpodio.com\/autos\/wp-json\/wp\/v2\/types\/post"}],"author":[{"embeddable":true,"href":"http:\/\/autosdelpodio.com\/autos\/wp-json\/wp\/v2\/users\/1"}],"replies":[{"embeddable":true,"href":"http:\/\/autosdelpodio.com\/autos\/wp-json\/wp\/v2\/comments?post=400"}],"version-history":[{"count":0,"href":"http:\/\/autosdelpodio.com\/autos\/wp-json\/wp\/v2\/posts\/400\/revisions"}],"wp:attachment":[{"href":"http:\/\/autosdelpodio.com\/autos\/wp-json\/wp\/v2\/media?parent=400"}],"wp:term":[{"taxonomy":"category","embeddable":true,"href":"http:\/\/autosdelpodio.com\/autos\/wp-json\/wp\/v2\/categories?post=400"},{"taxonomy":"post_tag","embeddable":true,"href":"http:\/\/autosdelpodio.com\/autos\/wp-json\/wp\/v2\/tags?post=400"}],"curies":[{"name":"wp","href":"https:\/\/api.w.org\/{rel}","templated":true}]}}