{"id":4001,"date":"2021-03-04T22:30:04","date_gmt":"2021-03-05T01:30:04","guid":{"rendered":"http:\/\/autosdelpodio.com\/autos\/?p=4001"},"modified":"2021-03-04T22:34:09","modified_gmt":"2021-03-05T01:34:09","slug":"volkswagen-revela-detalles-del-taos","status":"publish","type":"post","link":"http:\/\/autosdelpodio.com\/autos\/volkswagen-revela-detalles-del-taos\/","title":{"rendered":"Volkswagen revela detalles del Taos"},"content":{"rendered":"\n<p>Volkswagen revela detalles del Taos. Volkswagen Argentina realiz\u00f3 un&nbsp;<em>workshop&nbsp;<\/em>t\u00e9cnico sobre Taos, el nuevo SUV de la marca que ser\u00e1 fabricado en el Centro Industrial Pacheco para toda la regi\u00f3n. Durante la jornada, que cont\u00f3 con la participaci\u00f3n de m\u00e1s de 40 periodistas especializados en el mercado automotor, se comunicaron aspectos vinculados con las caracter\u00edsticas mec\u00e1nicas, de equipamiento y seguridad del nuevo veh\u00edculo de la marca.<\/p>\n\n\n\n<p><em>\u201cPara nosotros es muy importante continuar brindando informaci\u00f3n detallada sobre Taos para que la gente pueda tener, a la hora de su lanzamiento, un conocimiento profundo sobre las ventajas del producto y sus diferenciales. Taos llega para convertirse en un referente del segmento en t\u00e9rminos de calidad, eficiencia y, por sobre todas las cosas, seguridad\u201d<\/em>, sostuvo Mart\u00edn Massimino, director comercial del Grupo Volkswagen Argentina.<\/p>\n\n\n\n<p>Thomas Owsianski, presidente y CEO del Grupo Volkswagen Argentina, destac\u00f3 que <em>\u201cla llegada de Taos es motivo de gran orgullo, no solo por ser un producto innovador y tecnol\u00f3gico que demand\u00f3 una inversi\u00f3n en la Argentina de USD 650 millones, sino tambi\u00e9n porque es el primer SUV que nuestra marca produce localmente y que ser\u00e1 exportado a toda la regi\u00f3n de Sudam\u00e9rica\u201d.<\/em><\/p>\n\n\n\n<h5 class=\"wp-block-heading\">En breve, fabricado en Pacheco<\/h5>\n\n\n\n<p>Leonardo Ezcurra, gerente ejecutivo de Lanzamientos, y Jorge Garc\u00eda, gerente del Centro T\u00e9cnico, estuvieron a cargo de brindar todos los detalles sobre el nuevo integrante de la familia SUV de Volkswagen, que llega para completar la denominada<strong> \u201cOfensiva SUV\u201d<\/strong> y que comenzar\u00e1 su producci\u00f3n en serie en nuestro pa\u00eds en las pr\u00f3ximas semanas.<\/p>\n\n\n\n<p>Con el objetivo de maximizar las medidas de seguridad e higiene y continuar haciendo foco en la prevenci\u00f3n, los invitados fueron divididos en dos grupos de veinte personas y se respetaron todas las indicaciones que fueran brindadas por los responsables m\u00e9dicos de la compa\u00f1\u00eda.<\/p>\n\n\n\n<p><em>Fuente: prensa Grupo Volkswagen Argentina<\/em><\/p>\n","protected":false},"excerpt":{"rendered":"<p>Volkswagen revela detalles del Taos. Volkswagen Argentina realiz\u00f3 un&nbsp;workshop&nbsp;t\u00e9cnico sobre Taos, el nuevo SUV de la marca que ser\u00e1 fabricado<\/p>\n","protected":false},"author":3,"featured_media":4002,"comment_status":"open","ping_status":"open","sticky":false,"template":"","format":"standard","meta":{"colormag_page_container_layout":"default_layout","colormag_page_sidebar_layout":"default_layout","footnotes":""},"categories":[6,17],"tags":[535,32,35,369,90],"class_list":["post-4001","post","type-post","status-publish","format-standard","has-post-thumbnail","hentry","category-newsflash","category-entrevistas","tag-centro-industrial-pacheco","tag-industria-automotriz","tag-republica-argentina","tag-suv","tag-volkswagen"],"yoast_head":"<!-- This site is optimized with the Yoast SEO plugin v27.4 - https:\/\/yoast.com\/product\/yoast-seo-wordpress\/ -->\n<title>Autos del Podio | Volkswagen revela detalles del Taos<\/title>\n<meta name=\"description\" content=\"Autos del Podio En un workshop t\u00e9cnico, se oficializaron aspectos in\u00e9ditos sobre las caracter\u00edsticas del nuevo SUV de la marca que comenzar\u00e1 en breve a producirse en Argentina\" \/>\n<meta name=\"robots\" content=\"index, follow, max-snippet:-1, max-image-preview:large, max-video-preview:-1\" \/>\n<link rel=\"canonical\" href=\"http:\/\/autosdelpodio.com\/autos\/volkswagen-revela-detalles-del-taos\/\" \/>\n<meta property=\"og:locale\" content=\"es_ES\" \/>\n<meta property=\"og:type\" content=\"article\" \/>\n<meta property=\"og:title\" content=\"Autos del Podio | Volkswagen revela detalles del Taos\" \/>\n<meta property=\"og:description\" content=\"Autos del Podio En un workshop t\u00e9cnico, se oficializaron aspectos in\u00e9ditos sobre las caracter\u00edsticas del nuevo SUV de la marca que comenzar\u00e1 en breve a producirse en Argentina\" \/>\n<meta property=\"og:url\" content=\"http:\/\/autosdelpodio.com\/autos\/volkswagen-revela-detalles-del-taos\/\" \/>\n<meta property=\"og:site_name\" content=\"Autos del Podio\" \/>\n<meta property=\"article:publisher\" content=\"https:\/\/www.facebook.com\/profile.php?id=100057192590976&amp;amp%3bamp%3bamp%3bamp%3bamp%3bamp%3bamp%3bamp%3bamp%3bamp%3bamp%3bamp%3bamp%3bamp%3bamp%3bamp%3bamp%3bamp%3bref=ts\" \/>\n<meta property=\"article:published_time\" content=\"2021-03-05T01:30:04+00:00\" \/>\n<meta property=\"article:modified_time\" content=\"2021-03-05T01:34:09+00:00\" \/>\n<meta property=\"og:image\" content=\"http:\/\/autosdelpodio.com\/autos\/wp-content\/uploads\/2021\/03\/VW-TAOS-e1614907655965.jpg\" \/>\n\t<meta property=\"og:image:width\" content=\"500\" \/>\n\t<meta property=\"og:image:height\" content=\"250\" \/>\n\t<meta property=\"og:image:type\" content=\"image\/jpeg\" \/>\n<meta name=\"author\" content=\"autosdelpodio\" \/>\n<meta name=\"twitter:card\" content=\"summary_large_image\" \/>\n<meta name=\"twitter:creator\" content=\"@autosdelpodio\" \/>\n<meta name=\"twitter:site\" content=\"@autosdelpodio\" \/>\n<meta name=\"twitter:label1\" content=\"Escrito por\" \/>\n\t<meta name=\"twitter:data1\" content=\"autosdelpodio\" \/>\n\t<meta name=\"twitter:label2\" content=\"Tiempo de lectura\" \/>\n\t<meta name=\"twitter:data2\" content=\"2 minutos\" \/>\n<script type=\"application\/ld+json\" class=\"yoast-schema-graph\">{\"@context\":\"https:\\\/\\\/schema.org\",\"@graph\":[{\"@type\":\"Article\",\"@id\":\"http:\\\/\\\/autosdelpodio.com\\\/autos\\\/volkswagen-revela-detalles-del-taos\\\/#article\",\"isPartOf\":{\"@id\":\"http:\\\/\\\/autosdelpodio.com\\\/autos\\\/volkswagen-revela-detalles-del-taos\\\/\"},\"author\":{\"name\":\"autosdelpodio\",\"@id\":\"http:\\\/\\\/autosdelpodio.com\\\/autos\\\/#\\\/schema\\\/person\\\/993527a4d01c3acdd3d6bce3770bc942\"},\"headline\":\"Volkswagen revela detalles del Taos\",\"datePublished\":\"2021-03-05T01:30:04+00:00\",\"dateModified\":\"2021-03-05T01:34:09+00:00\",\"mainEntityOfPage\":{\"@id\":\"http:\\\/\\\/autosdelpodio.com\\\/autos\\\/volkswagen-revela-detalles-del-taos\\\/\"},\"wordCount\":328,\"commentCount\":0,\"publisher\":{\"@id\":\"http:\\\/\\\/autosdelpodio.com\\\/autos\\\/#organization\"},\"image\":{\"@id\":\"http:\\\/\\\/autosdelpodio.com\\\/autos\\\/volkswagen-revela-detalles-del-taos\\\/#primaryimage\"},\"thumbnailUrl\":\"http:\\\/\\\/autosdelpodio.com\\\/autos\\\/wp-content\\\/uploads\\\/2021\\\/03\\\/VW-TAOS-e1614907655965.jpg\",\"keywords\":[\"Centro Industrial Pacheco\",\"Industria Automotriz\",\"Republica Argentina\",\"SUV\",\"Volkswagen\"],\"articleSection\":[\"Destacado\",\"Entrevistas\"],\"inLanguage\":\"es\",\"potentialAction\":[{\"@type\":\"CommentAction\",\"name\":\"Comment\",\"target\":[\"http:\\\/\\\/autosdelpodio.com\\\/autos\\\/volkswagen-revela-detalles-del-taos\\\/#respond\"]}]},{\"@type\":\"WebPage\",\"@id\":\"http:\\\/\\\/autosdelpodio.com\\\/autos\\\/volkswagen-revela-detalles-del-taos\\\/\",\"url\":\"http:\\\/\\\/autosdelpodio.com\\\/autos\\\/volkswagen-revela-detalles-del-taos\\\/\",\"name\":\"Autos del Podio | Volkswagen revela detalles del Taos\",\"isPartOf\":{\"@id\":\"http:\\\/\\\/autosdelpodio.com\\\/autos\\\/#website\"},\"primaryImageOfPage\":{\"@id\":\"http:\\\/\\\/autosdelpodio.com\\\/autos\\\/volkswagen-revela-detalles-del-taos\\\/#primaryimage\"},\"image\":{\"@id\":\"http:\\\/\\\/autosdelpodio.com\\\/autos\\\/volkswagen-revela-detalles-del-taos\\\/#primaryimage\"},\"thumbnailUrl\":\"http:\\\/\\\/autosdelpodio.com\\\/autos\\\/wp-content\\\/uploads\\\/2021\\\/03\\\/VW-TAOS-e1614907655965.jpg\",\"datePublished\":\"2021-03-05T01:30:04+00:00\",\"dateModified\":\"2021-03-05T01:34:09+00:00\",\"description\":\"Autos del Podio En un workshop t\u00e9cnico, se oficializaron aspectos in\u00e9ditos sobre las caracter\u00edsticas del nuevo SUV de la marca que comenzar\u00e1 en breve a producirse en Argentina\",\"breadcrumb\":{\"@id\":\"http:\\\/\\\/autosdelpodio.com\\\/autos\\\/volkswagen-revela-detalles-del-taos\\\/#breadcrumb\"},\"inLanguage\":\"es\",\"potentialAction\":[{\"@type\":\"ReadAction\",\"target\":[\"http:\\\/\\\/autosdelpodio.com\\\/autos\\\/volkswagen-revela-detalles-del-taos\\\/\"]}]},{\"@type\":\"ImageObject\",\"inLanguage\":\"es\",\"@id\":\"http:\\\/\\\/autosdelpodio.com\\\/autos\\\/volkswagen-revela-detalles-del-taos\\\/#primaryimage\",\"url\":\"http:\\\/\\\/autosdelpodio.com\\\/autos\\\/wp-content\\\/uploads\\\/2021\\\/03\\\/VW-TAOS-e1614907655965.jpg\",\"contentUrl\":\"http:\\\/\\\/autosdelpodio.com\\\/autos\\\/wp-content\\\/uploads\\\/2021\\\/03\\\/VW-TAOS-e1614907655965.jpg\",\"width\":500,\"height\":250},{\"@type\":\"BreadcrumbList\",\"@id\":\"http:\\\/\\\/autosdelpodio.com\\\/autos\\\/volkswagen-revela-detalles-del-taos\\\/#breadcrumb\",\"itemListElement\":[{\"@type\":\"ListItem\",\"position\":1,\"name\":\"Portada\",\"item\":\"http:\\\/\\\/autosdelpodio.com\\\/autos\\\/\"},{\"@type\":\"ListItem\",\"position\":2,\"name\":\"Volkswagen revela detalles del Taos\"}]},{\"@type\":\"WebSite\",\"@id\":\"http:\\\/\\\/autosdelpodio.com\\\/autos\\\/#website\",\"url\":\"http:\\\/\\\/autosdelpodio.com\\\/autos\\\/\",\"name\":\"Autos del Podio\",\"description\":\"La sexta del deporte motor\",\"publisher\":{\"@id\":\"http:\\\/\\\/autosdelpodio.com\\\/autos\\\/#organization\"},\"potentialAction\":[{\"@type\":\"SearchAction\",\"target\":{\"@type\":\"EntryPoint\",\"urlTemplate\":\"http:\\\/\\\/autosdelpodio.com\\\/autos\\\/?s={search_term_string}\"},\"query-input\":{\"@type\":\"PropertyValueSpecification\",\"valueRequired\":true,\"valueName\":\"search_term_string\"}}],\"inLanguage\":\"es\"},{\"@type\":\"Organization\",\"@id\":\"http:\\\/\\\/autosdelpodio.com\\\/autos\\\/#organization\",\"name\":\"Autos del Podio\",\"url\":\"http:\\\/\\\/autosdelpodio.com\\\/autos\\\/\",\"logo\":{\"@type\":\"ImageObject\",\"inLanguage\":\"es\",\"@id\":\"http:\\\/\\\/autosdelpodio.com\\\/autos\\\/#\\\/schema\\\/logo\\\/image\\\/\",\"url\":\"http:\\\/\\\/autosdelpodio.com\\\/autos\\\/wp-content\\\/uploads\\\/2020\\\/08\\\/Logo_AR.jpg\",\"contentUrl\":\"http:\\\/\\\/autosdelpodio.com\\\/autos\\\/wp-content\\\/uploads\\\/2020\\\/08\\\/Logo_AR.jpg\",\"width\":1038,\"height\":1044,\"caption\":\"Autos del Podio\"},\"image\":{\"@id\":\"http:\\\/\\\/autosdelpodio.com\\\/autos\\\/#\\\/schema\\\/logo\\\/image\\\/\"},\"sameAs\":[\"https:\\\/\\\/www.facebook.com\\\/profile.php?id=100057192590976&amp;amp;amp;amp;amp;amp;amp;amp;amp;amp;amp;amp;amp;amp;amp;amp;amp;amp;ref=ts\",\"https:\\\/\\\/x.com\\\/autosdelpodio\",\"https:\\\/\\\/www.youtube.com\\\/user\\\/AutosdelPodio\"]},{\"@type\":\"Person\",\"@id\":\"http:\\\/\\\/autosdelpodio.com\\\/autos\\\/#\\\/schema\\\/person\\\/993527a4d01c3acdd3d6bce3770bc942\",\"name\":\"autosdelpodio\",\"image\":{\"@type\":\"ImageObject\",\"inLanguage\":\"es\",\"@id\":\"http:\\\/\\\/autosdelpodio.com\\\/autos\\\/wp-content\\\/litespeed\\\/avatar\\\/aa8f65cd201a80f6b844f63278aa84af.jpg?ver=1776798175\",\"url\":\"http:\\\/\\\/autosdelpodio.com\\\/autos\\\/wp-content\\\/litespeed\\\/avatar\\\/aa8f65cd201a80f6b844f63278aa84af.jpg?ver=1776798175\",\"contentUrl\":\"http:\\\/\\\/autosdelpodio.com\\\/autos\\\/wp-content\\\/litespeed\\\/avatar\\\/aa8f65cd201a80f6b844f63278aa84af.jpg?ver=1776798175\",\"caption\":\"autosdelpodio\"}}]}<\/script>\n<!-- \/ Yoast SEO plugin. -->","yoast_head_json":{"title":"Autos del Podio | Volkswagen revela detalles del Taos","description":"Autos del Podio En un workshop t\u00e9cnico, se oficializaron aspectos in\u00e9ditos sobre las caracter\u00edsticas del nuevo SUV de la marca que comenzar\u00e1 en breve a producirse en Argentina","robots":{"index":"index","follow":"follow","max-snippet":"max-snippet:-1","max-image-preview":"max-image-preview:large","max-video-preview":"max-video-preview:-1"},"canonical":"http:\/\/autosdelpodio.com\/autos\/volkswagen-revela-detalles-del-taos\/","og_locale":"es_ES","og_type":"article","og_title":"Autos del Podio | Volkswagen revela detalles del Taos","og_description":"Autos del Podio En un workshop t\u00e9cnico, se oficializaron aspectos in\u00e9ditos sobre las caracter\u00edsticas del nuevo SUV de la marca que comenzar\u00e1 en breve a producirse en Argentina","og_url":"http:\/\/autosdelpodio.com\/autos\/volkswagen-revela-detalles-del-taos\/","og_site_name":"Autos del Podio","article_publisher":"https:\/\/www.facebook.com\/profile.php?id=100057192590976&amp%3bamp%3bamp%3bamp%3bamp%3bamp%3bamp%3bamp%3bamp%3bamp%3bamp%3bamp%3bamp%3bamp%3bamp%3bamp%3bamp%3bamp%3bref=ts","article_published_time":"2021-03-05T01:30:04+00:00","article_modified_time":"2021-03-05T01:34:09+00:00","og_image":[{"width":500,"height":250,"url":"http:\/\/autosdelpodio.com\/autos\/wp-content\/uploads\/2021\/03\/VW-TAOS-e1614907655965.jpg","type":"image\/jpeg"}],"author":"autosdelpodio","twitter_card":"summary_large_image","twitter_creator":"@autosdelpodio","twitter_site":"@autosdelpodio","twitter_misc":{"Escrito por":"autosdelpodio","Tiempo de lectura":"2 minutos"},"schema":{"@context":"https:\/\/schema.org","@graph":[{"@type":"Article","@id":"http:\/\/autosdelpodio.com\/autos\/volkswagen-revela-detalles-del-taos\/#article","isPartOf":{"@id":"http:\/\/autosdelpodio.com\/autos\/volkswagen-revela-detalles-del-taos\/"},"author":{"name":"autosdelpodio","@id":"http:\/\/autosdelpodio.com\/autos\/#\/schema\/person\/993527a4d01c3acdd3d6bce3770bc942"},"headline":"Volkswagen revela detalles del Taos","datePublished":"2021-03-05T01:30:04+00:00","dateModified":"2021-03-05T01:34:09+00:00","mainEntityOfPage":{"@id":"http:\/\/autosdelpodio.com\/autos\/volkswagen-revela-detalles-del-taos\/"},"wordCount":328,"commentCount":0,"publisher":{"@id":"http:\/\/autosdelpodio.com\/autos\/#organization"},"image":{"@id":"http:\/\/autosdelpodio.com\/autos\/volkswagen-revela-detalles-del-taos\/#primaryimage"},"thumbnailUrl":"http:\/\/autosdelpodio.com\/autos\/wp-content\/uploads\/2021\/03\/VW-TAOS-e1614907655965.jpg","keywords":["Centro Industrial Pacheco","Industria Automotriz","Republica Argentina","SUV","Volkswagen"],"articleSection":["Destacado","Entrevistas"],"inLanguage":"es","potentialAction":[{"@type":"CommentAction","name":"Comment","target":["http:\/\/autosdelpodio.com\/autos\/volkswagen-revela-detalles-del-taos\/#respond"]}]},{"@type":"WebPage","@id":"http:\/\/autosdelpodio.com\/autos\/volkswagen-revela-detalles-del-taos\/","url":"http:\/\/autosdelpodio.com\/autos\/volkswagen-revela-detalles-del-taos\/","name":"Autos del Podio | Volkswagen revela detalles del Taos","isPartOf":{"@id":"http:\/\/autosdelpodio.com\/autos\/#website"},"primaryImageOfPage":{"@id":"http:\/\/autosdelpodio.com\/autos\/volkswagen-revela-detalles-del-taos\/#primaryimage"},"image":{"@id":"http:\/\/autosdelpodio.com\/autos\/volkswagen-revela-detalles-del-taos\/#primaryimage"},"thumbnailUrl":"http:\/\/autosdelpodio.com\/autos\/wp-content\/uploads\/2021\/03\/VW-TAOS-e1614907655965.jpg","datePublished":"2021-03-05T01:30:04+00:00","dateModified":"2021-03-05T01:34:09+00:00","description":"Autos del Podio En un workshop t\u00e9cnico, se oficializaron aspectos in\u00e9ditos sobre las caracter\u00edsticas del nuevo SUV de la marca que comenzar\u00e1 en breve a producirse en Argentina","breadcrumb":{"@id":"http:\/\/autosdelpodio.com\/autos\/volkswagen-revela-detalles-del-taos\/#breadcrumb"},"inLanguage":"es","potentialAction":[{"@type":"ReadAction","target":["http:\/\/autosdelpodio.com\/autos\/volkswagen-revela-detalles-del-taos\/"]}]},{"@type":"ImageObject","inLanguage":"es","@id":"http:\/\/autosdelpodio.com\/autos\/volkswagen-revela-detalles-del-taos\/#primaryimage","url":"http:\/\/autosdelpodio.com\/autos\/wp-content\/uploads\/2021\/03\/VW-TAOS-e1614907655965.jpg","contentUrl":"http:\/\/autosdelpodio.com\/autos\/wp-content\/uploads\/2021\/03\/VW-TAOS-e1614907655965.jpg","width":500,"height":250},{"@type":"BreadcrumbList","@id":"http:\/\/autosdelpodio.com\/autos\/volkswagen-revela-detalles-del-taos\/#breadcrumb","itemListElement":[{"@type":"ListItem","position":1,"name":"Portada","item":"http:\/\/autosdelpodio.com\/autos\/"},{"@type":"ListItem","position":2,"name":"Volkswagen revela detalles del Taos"}]},{"@type":"WebSite","@id":"http:\/\/autosdelpodio.com\/autos\/#website","url":"http:\/\/autosdelpodio.com\/autos\/","name":"Autos del Podio","description":"La sexta del deporte motor","publisher":{"@id":"http:\/\/autosdelpodio.com\/autos\/#organization"},"potentialAction":[{"@type":"SearchAction","target":{"@type":"EntryPoint","urlTemplate":"http:\/\/autosdelpodio.com\/autos\/?s={search_term_string}"},"query-input":{"@type":"PropertyValueSpecification","valueRequired":true,"valueName":"search_term_string"}}],"inLanguage":"es"},{"@type":"Organization","@id":"http:\/\/autosdelpodio.com\/autos\/#organization","name":"Autos del Podio","url":"http:\/\/autosdelpodio.com\/autos\/","logo":{"@type":"ImageObject","inLanguage":"es","@id":"http:\/\/autosdelpodio.com\/autos\/#\/schema\/logo\/image\/","url":"http:\/\/autosdelpodio.com\/autos\/wp-content\/uploads\/2020\/08\/Logo_AR.jpg","contentUrl":"http:\/\/autosdelpodio.com\/autos\/wp-content\/uploads\/2020\/08\/Logo_AR.jpg","width":1038,"height":1044,"caption":"Autos del Podio"},"image":{"@id":"http:\/\/autosdelpodio.com\/autos\/#\/schema\/logo\/image\/"},"sameAs":["https:\/\/www.facebook.com\/profile.php?id=100057192590976&amp;amp;amp;amp;amp;amp;amp;amp;amp;amp;amp;amp;amp;amp;amp;amp;amp;amp;ref=ts","https:\/\/x.com\/autosdelpodio","https:\/\/www.youtube.com\/user\/AutosdelPodio"]},{"@type":"Person","@id":"http:\/\/autosdelpodio.com\/autos\/#\/schema\/person\/993527a4d01c3acdd3d6bce3770bc942","name":"autosdelpodio","image":{"@type":"ImageObject","inLanguage":"es","@id":"http:\/\/autosdelpodio.com\/autos\/wp-content\/litespeed\/avatar\/aa8f65cd201a80f6b844f63278aa84af.jpg?ver=1776798175","url":"http:\/\/autosdelpodio.com\/autos\/wp-content\/litespeed\/avatar\/aa8f65cd201a80f6b844f63278aa84af.jpg?ver=1776798175","contentUrl":"http:\/\/autosdelpodio.com\/autos\/wp-content\/litespeed\/avatar\/aa8f65cd201a80f6b844f63278aa84af.jpg?ver=1776798175","caption":"autosdelpodio"}}]}},"views":1001,"_links":{"self":[{"href":"http:\/\/autosdelpodio.com\/autos\/wp-json\/wp\/v2\/posts\/4001","targetHints":{"allow":["GET"]}}],"collection":[{"href":"http:\/\/autosdelpodio.com\/autos\/wp-json\/wp\/v2\/posts"}],"about":[{"href":"http:\/\/autosdelpodio.com\/autos\/wp-json\/wp\/v2\/types\/post"}],"author":[{"embeddable":true,"href":"http:\/\/autosdelpodio.com\/autos\/wp-json\/wp\/v2\/users\/3"}],"replies":[{"embeddable":true,"href":"http:\/\/autosdelpodio.com\/autos\/wp-json\/wp\/v2\/comments?post=4001"}],"version-history":[{"count":1,"href":"http:\/\/autosdelpodio.com\/autos\/wp-json\/wp\/v2\/posts\/4001\/revisions"}],"predecessor-version":[{"id":4003,"href":"http:\/\/autosdelpodio.com\/autos\/wp-json\/wp\/v2\/posts\/4001\/revisions\/4003"}],"wp:featuredmedia":[{"embeddable":true,"href":"http:\/\/autosdelpodio.com\/autos\/wp-json\/wp\/v2\/media\/4002"}],"wp:attachment":[{"href":"http:\/\/autosdelpodio.com\/autos\/wp-json\/wp\/v2\/media?parent=4001"}],"wp:term":[{"taxonomy":"category","embeddable":true,"href":"http:\/\/autosdelpodio.com\/autos\/wp-json\/wp\/v2\/categories?post=4001"},{"taxonomy":"post_tag","embeddable":true,"href":"http:\/\/autosdelpodio.com\/autos\/wp-json\/wp\/v2\/tags?post=4001"}],"curies":[{"name":"wp","href":"https:\/\/api.w.org\/{rel}","templated":true}]}}