{"id":4006,"date":"2021-03-07T15:15:08","date_gmt":"2021-03-07T18:15:08","guid":{"rendered":"http:\/\/autosdelpodio.com\/autos\/?p=4006"},"modified":"2021-03-07T17:14:20","modified_gmt":"2021-03-07T20:14:20","slug":"urcera-en-el-momento-justo","status":"publish","type":"post","link":"http:\/\/autosdelpodio.com\/autos\/urcera-en-el-momento-justo\/","title":{"rendered":"Urcera en el momento justo"},"content":{"rendered":"\n<p>La segunda final del a\u00f1o del TC en el Autodromo Oscar y Juan Galvez la gan\u00f3 Jose Manuel Urcera, repitiendo lo hecho en 2020 en el escenario porte\u00f1o.Al de Chevrolet lo escoltaron Juan Manuel Trucco (Dodge) y Juan Pablo Gianini (Ford).<br>En una carrera que tuvo de todo, presencia de aceite en pista, neutralizaciones, roces y dem\u00e1s Urcera pudo sacar r\u00e9dito del toque entre <a href=\"http:\/\/autosdelpodio.com\/autos\/en-honor-a-su-padre\/\" target=\"_blank\" rel=\"noreferrer noopener\">el ultimo vencedor Agustin Canapino<\/a> y el flamante <a href=\"http:\/\/autosdelpodio.com\/autos\/de-marianito-a-mariano\/\" target=\"_blank\" rel=\"noreferrer noopener\">campe\u00f3n Mariano Werner<\/a>, que dej\u00f3 a este ultimo fuera de la lucha y a Canapino con el cuarto lugar (de no mediar sanciones) pese a reiterados intentos no pudo doblegar a un siempre dif\u00edcil Gianini.<\/p>\n\n\n\n<p>El campeonato lo sigue liderando Canapino con 83 unidades, segundo se ubica Mauricio Lambiris con 69,25 y tercero Esteban Gini con 65,5.<br>Pese a que la final de TC Pista tuvo varias detenciones por choques, toques e incidencias a lo largo de sus 15 giros Mart\u00edn Vazquez se impuso con su Dodge de punta a punta en lo que fue el aperitivo previo a la final del TC que cont\u00f3 con <a href=\"http:\/\/autosdelpodio.com\/autos\/vuelve-el-publico-al-tc-en-san-juan\/\" target=\"_blank\" rel=\"noreferrer noopener\">la vuelta del publico en forma reducida a 2700 espectadores<\/a>.<\/p>\n\n\n\n<p>La pr\u00f3xima fecha ser\u00e1 el 28 de Marzo en el Autodromo bonaerense de San Nicol\u00e1s.<\/p>\n\n\n\n<p><strong>Final TC a 20 Vueltas &#8211; Fecha 2 &#8211; CABA<\/strong><\/p>\n\n\n\n<p><em>1\u00b0 3 URCERA, JOS\u00c9 MANUEL Chevrolet 20 43:30.544<br>2\u00b0 21 TRUCCO, JUAN MART\u00cdN Dodge 20 43:31.526 0.982<br>3\u00b0 51 GIANINI, JUAN PABLO Ford 20 43:36.936 6.392<br>4\u00b0 86 CANAPINO, AGUST\u00cdN Chevrolet 20 43:37.408 6.864<br>5\u00b0 20 PERN\u00cdA, LEONEL Torino 20 43:37.663 7.119<br>6\u00b0 11 LAMBIRIS, MAURICIO Ford 20 43:37.805 7.261<br>7\u00b0 95 LANDA, MARCOS Torino 20 43:38.065 7.521<br>8\u00b0 6 GINI, ESTEBAN Torino 20 43:39.661 9.117<br>9\u00b0 10 MANGONI, SANTIAGO Chevrolet 20 43:40.316 9.772<br>10\u00b0 5 LEDESMA, CHRISTIAN Chevrolet 20 43:40.929 10.385<br>11\u00b0 31 PONCE DE LE\u00d3N, GABRIEL Ford 20 43:41.609 11.065<br>12\u00b0 26 SPATARO, EMILIANO Torino 20 43:42.777 12.233<br>13\u00b0 88 PONTE, MART\u00cdN Dodge 20 43:43.443 12.899<br>14\u00b0 22 BONELLI, NICOL\u00c1S Ford 20 43:45.062 14.518<br>15\u00b0 83 ARDUSSO, FACUNDO Chevrolet 20 43:45.750 15.206<br>16\u00b0 157 DE BENEDICTIS, JUAN BAUTISTA Ford 20 43:46.079 15.535<br>17\u00b0 100 OKULOVICH, CARLOS Torino 20 43:47.541 16.997<br>18\u00b0 29 CATAL\u00c1N MAGNI, JUAN TOM\u00c1S Ford 20 43:47.865 17.321<br>19\u00b0 56 TODINO, GERM\u00c1N Torino 20 43:48.943 18.399<br>20\u00b0 68 SANTERO, JULI\u00c1N Ford 20 43:49.236 18.692<br>21\u00b0 79 NOLESI, MATH\u00cdAS Ford 20 43:49.721 19.177<br>22\u00b0 122 JAKOS, ANDR\u00c9S Dodge 20 43:50.234 19.690<br>23\u00b0 28 FONTANA, NORBERTO Chevrolet 20 43:50.429 19.885<br>24\u00b0 34 EBARL\u00cdN, JUAN JOS\u00c9 Chevrolet 20 43:50.743 20.199<br>25\u00b0 25 DI PALMA, LUIS JOS\u00c9 Ford 20 43:51.273 20.729<br>26\u00b0 48 DOSE, CHRISTIAN Chevrolet 20 43:58.752 28.208<br>27\u00b0 115 DE CARLO, DIEGO Chevrolet 20 44:26.725 56.181<br>28\u00b0 91 ORTELLI, GUILLERMO Chevrolet 18 40:30.098 2 VTAS<br>29\u00b0 36 COSTANZO, PABLO Torino 18 40:44.884 2 VTAS<br>30\u00b0 1 WERNER, MARIANO Ford 17 39:21.036 3 VTAS<br>31\u00b0 7 MAZZACANE, GAST\u00d3N Chevrolet 14 30:39.412 6 VTAS<br>32\u00b0 127 AGRELO, MARCELO Torino 14 30:51.172 6 VTAS<br>33\u00b0 114 FERRANTE, GAST\u00d3N Torino 14 32:29.265 6 VTAS<br>34\u00b0 8 CASTELLANO, JONATAN Dodge 11 22:15.375 9 VTAS<br>35\u00b0 77 CIANTINI, DIEGO Dodge 10 18:55.070 10 VTAS<br>36\u00b0 129 TROSSET, NICOL\u00c1S Ford 10 18:59.998 10 VTAS<br>37\u00b0 37 COTIGNOLA, NICOL\u00c1S Torino 9 17:25.022 11 VTAS<br>38\u00b0 101 UGALDE, LIONEL Torino 9 17:24.720 11 VTAS<br>39\u00b0 177 LONDERO, AYRTON Ford 5 08:26.978 15 VTAS<br>40\u00b0 133 AGUIRRE, VALENT\u00cdN Ford 5 08:43.393 15 VTAS<br>41\u00b0 99 BRUNO, JUAN MART\u00cdN Dodge 4 06:46.191 16 VTAS<br>42\u00b0 2 BENVENUTI, JUAN CRUZ Torino 4 06:51.828 16 VTAS<br>43\u00b0 27 DELLA MOTTA, FACUNDO Torino 3 04:53.587 17 VTAS<br>44\u00b0 116 RUGGIERO, ALAN Ford 0 00:00.000 20 VTAS<\/em><\/p>\n","protected":false},"excerpt":{"rendered":"<p>La segunda final del a\u00f1o del TC en el Autodromo Oscar y Juan Galvez la gan\u00f3 Jose Manuel Urcera, repitiendo<\/p>\n","protected":false},"author":3,"featured_media":848,"comment_status":"open","ping_status":"open","sticky":false,"template":"","format":"standard","meta":{"colormag_page_container_layout":"default_layout","colormag_page_sidebar_layout":"default_layout","footnotes":""},"categories":[6],"tags":[143,142,37,395,349,39],"class_list":["post-4006","post","type-post","status-publish","format-standard","has-post-thumbnail","hentry","category-newsflash","tag-actc","tag-autodromo-ba","tag-chevrolet","tag-jose-manuel-urccera","tag-tc-pista","tag-turismo-carretera"],"yoast_head":"<!-- This site is optimized with the Yoast SEO plugin v27.4 - https:\/\/yoast.com\/product\/yoast-seo-wordpress\/ -->\n<title>Autos del Podio | Urcera en el momento justo<\/title>\n<meta name=\"description\" content=\"Autos del Podio El Galvez a pedir del Manu Urcera\" \/>\n<meta name=\"robots\" content=\"index, follow, max-snippet:-1, max-image-preview:large, max-video-preview:-1\" \/>\n<link rel=\"canonical\" href=\"http:\/\/autosdelpodio.com\/autos\/urcera-en-el-momento-justo\/\" \/>\n<meta property=\"og:locale\" content=\"es_ES\" \/>\n<meta property=\"og:type\" content=\"article\" \/>\n<meta property=\"og:title\" content=\"Autos del Podio | Urcera en el momento justo\" \/>\n<meta property=\"og:description\" content=\"Autos del Podio El Galvez a pedir del Manu Urcera\" \/>\n<meta property=\"og:url\" content=\"http:\/\/autosdelpodio.com\/autos\/urcera-en-el-momento-justo\/\" \/>\n<meta property=\"og:site_name\" content=\"Autos del Podio\" \/>\n<meta property=\"article:publisher\" content=\"https:\/\/www.facebook.com\/profile.php?id=100057192590976&amp;amp%3bamp%3bamp%3bamp%3bamp%3bamp%3bamp%3bamp%3bamp%3bamp%3bamp%3bamp%3bamp%3bamp%3bamp%3bamp%3bamp%3bamp%3bref=ts\" \/>\n<meta property=\"article:published_time\" content=\"2021-03-07T18:15:08+00:00\" \/>\n<meta property=\"article:modified_time\" content=\"2021-03-07T20:14:20+00:00\" \/>\n<meta property=\"og:image\" content=\"http:\/\/autosdelpodio.com\/autos\/wp-content\/uploads\/2013\/10\/galvez_fachada-e1615140892477.jpg\" \/>\n\t<meta property=\"og:image:width\" content=\"500\" \/>\n\t<meta property=\"og:image:height\" content=\"272\" \/>\n\t<meta property=\"og:image:type\" content=\"image\/jpeg\" \/>\n<meta name=\"author\" content=\"autosdelpodio\" \/>\n<meta name=\"twitter:card\" content=\"summary_large_image\" \/>\n<meta name=\"twitter:creator\" content=\"@autosdelpodio\" \/>\n<meta name=\"twitter:site\" content=\"@autosdelpodio\" \/>\n<meta name=\"twitter:label1\" content=\"Escrito por\" \/>\n\t<meta name=\"twitter:data1\" content=\"autosdelpodio\" \/>\n\t<meta name=\"twitter:label2\" content=\"Tiempo de lectura\" \/>\n\t<meta name=\"twitter:data2\" content=\"3 minutos\" \/>\n<script type=\"application\/ld+json\" class=\"yoast-schema-graph\">{\"@context\":\"https:\\\/\\\/schema.org\",\"@graph\":[{\"@type\":\"Article\",\"@id\":\"http:\\\/\\\/autosdelpodio.com\\\/autos\\\/urcera-en-el-momento-justo\\\/#article\",\"isPartOf\":{\"@id\":\"http:\\\/\\\/autosdelpodio.com\\\/autos\\\/urcera-en-el-momento-justo\\\/\"},\"author\":{\"name\":\"autosdelpodio\",\"@id\":\"http:\\\/\\\/autosdelpodio.com\\\/autos\\\/#\\\/schema\\\/person\\\/993527a4d01c3acdd3d6bce3770bc942\"},\"headline\":\"Urcera en el momento justo\",\"datePublished\":\"2021-03-07T18:15:08+00:00\",\"dateModified\":\"2021-03-07T20:14:20+00:00\",\"mainEntityOfPage\":{\"@id\":\"http:\\\/\\\/autosdelpodio.com\\\/autos\\\/urcera-en-el-momento-justo\\\/\"},\"wordCount\":403,\"commentCount\":0,\"publisher\":{\"@id\":\"http:\\\/\\\/autosdelpodio.com\\\/autos\\\/#organization\"},\"image\":{\"@id\":\"http:\\\/\\\/autosdelpodio.com\\\/autos\\\/urcera-en-el-momento-justo\\\/#primaryimage\"},\"thumbnailUrl\":\"http:\\\/\\\/autosdelpodio.com\\\/autos\\\/wp-content\\\/uploads\\\/2013\\\/10\\\/galvez_fachada-e1615140892477.jpg\",\"keywords\":[\"ACTC\",\"Autodromo BA\",\"Chevrolet\",\"Jose Manuel Urccera\",\"TC Pista\",\"Turismo Carretera\"],\"articleSection\":[\"Destacado\"],\"inLanguage\":\"es\",\"potentialAction\":[{\"@type\":\"CommentAction\",\"name\":\"Comment\",\"target\":[\"http:\\\/\\\/autosdelpodio.com\\\/autos\\\/urcera-en-el-momento-justo\\\/#respond\"]}]},{\"@type\":\"WebPage\",\"@id\":\"http:\\\/\\\/autosdelpodio.com\\\/autos\\\/urcera-en-el-momento-justo\\\/\",\"url\":\"http:\\\/\\\/autosdelpodio.com\\\/autos\\\/urcera-en-el-momento-justo\\\/\",\"name\":\"Autos del Podio | Urcera en el momento justo\",\"isPartOf\":{\"@id\":\"http:\\\/\\\/autosdelpodio.com\\\/autos\\\/#website\"},\"primaryImageOfPage\":{\"@id\":\"http:\\\/\\\/autosdelpodio.com\\\/autos\\\/urcera-en-el-momento-justo\\\/#primaryimage\"},\"image\":{\"@id\":\"http:\\\/\\\/autosdelpodio.com\\\/autos\\\/urcera-en-el-momento-justo\\\/#primaryimage\"},\"thumbnailUrl\":\"http:\\\/\\\/autosdelpodio.com\\\/autos\\\/wp-content\\\/uploads\\\/2013\\\/10\\\/galvez_fachada-e1615140892477.jpg\",\"datePublished\":\"2021-03-07T18:15:08+00:00\",\"dateModified\":\"2021-03-07T20:14:20+00:00\",\"description\":\"Autos del Podio El Galvez a pedir del Manu Urcera\",\"breadcrumb\":{\"@id\":\"http:\\\/\\\/autosdelpodio.com\\\/autos\\\/urcera-en-el-momento-justo\\\/#breadcrumb\"},\"inLanguage\":\"es\",\"potentialAction\":[{\"@type\":\"ReadAction\",\"target\":[\"http:\\\/\\\/autosdelpodio.com\\\/autos\\\/urcera-en-el-momento-justo\\\/\"]}]},{\"@type\":\"ImageObject\",\"inLanguage\":\"es\",\"@id\":\"http:\\\/\\\/autosdelpodio.com\\\/autos\\\/urcera-en-el-momento-justo\\\/#primaryimage\",\"url\":\"http:\\\/\\\/autosdelpodio.com\\\/autos\\\/wp-content\\\/uploads\\\/2013\\\/10\\\/galvez_fachada-e1615140892477.jpg\",\"contentUrl\":\"http:\\\/\\\/autosdelpodio.com\\\/autos\\\/wp-content\\\/uploads\\\/2013\\\/10\\\/galvez_fachada-e1615140892477.jpg\",\"width\":500,\"height\":272},{\"@type\":\"BreadcrumbList\",\"@id\":\"http:\\\/\\\/autosdelpodio.com\\\/autos\\\/urcera-en-el-momento-justo\\\/#breadcrumb\",\"itemListElement\":[{\"@type\":\"ListItem\",\"position\":1,\"name\":\"Portada\",\"item\":\"http:\\\/\\\/autosdelpodio.com\\\/autos\\\/\"},{\"@type\":\"ListItem\",\"position\":2,\"name\":\"Urcera en el momento justo\"}]},{\"@type\":\"WebSite\",\"@id\":\"http:\\\/\\\/autosdelpodio.com\\\/autos\\\/#website\",\"url\":\"http:\\\/\\\/autosdelpodio.com\\\/autos\\\/\",\"name\":\"Autos del Podio\",\"description\":\"La sexta del deporte motor\",\"publisher\":{\"@id\":\"http:\\\/\\\/autosdelpodio.com\\\/autos\\\/#organization\"},\"potentialAction\":[{\"@type\":\"SearchAction\",\"target\":{\"@type\":\"EntryPoint\",\"urlTemplate\":\"http:\\\/\\\/autosdelpodio.com\\\/autos\\\/?s={search_term_string}\"},\"query-input\":{\"@type\":\"PropertyValueSpecification\",\"valueRequired\":true,\"valueName\":\"search_term_string\"}}],\"inLanguage\":\"es\"},{\"@type\":\"Organization\",\"@id\":\"http:\\\/\\\/autosdelpodio.com\\\/autos\\\/#organization\",\"name\":\"Autos del Podio\",\"url\":\"http:\\\/\\\/autosdelpodio.com\\\/autos\\\/\",\"logo\":{\"@type\":\"ImageObject\",\"inLanguage\":\"es\",\"@id\":\"http:\\\/\\\/autosdelpodio.com\\\/autos\\\/#\\\/schema\\\/logo\\\/image\\\/\",\"url\":\"http:\\\/\\\/autosdelpodio.com\\\/autos\\\/wp-content\\\/uploads\\\/2020\\\/08\\\/Logo_AR.jpg\",\"contentUrl\":\"http:\\\/\\\/autosdelpodio.com\\\/autos\\\/wp-content\\\/uploads\\\/2020\\\/08\\\/Logo_AR.jpg\",\"width\":1038,\"height\":1044,\"caption\":\"Autos del Podio\"},\"image\":{\"@id\":\"http:\\\/\\\/autosdelpodio.com\\\/autos\\\/#\\\/schema\\\/logo\\\/image\\\/\"},\"sameAs\":[\"https:\\\/\\\/www.facebook.com\\\/profile.php?id=100057192590976&amp;amp;amp;amp;amp;amp;amp;amp;amp;amp;amp;amp;amp;amp;amp;amp;amp;amp;ref=ts\",\"https:\\\/\\\/x.com\\\/autosdelpodio\",\"https:\\\/\\\/www.youtube.com\\\/user\\\/AutosdelPodio\"]},{\"@type\":\"Person\",\"@id\":\"http:\\\/\\\/autosdelpodio.com\\\/autos\\\/#\\\/schema\\\/person\\\/993527a4d01c3acdd3d6bce3770bc942\",\"name\":\"autosdelpodio\",\"image\":{\"@type\":\"ImageObject\",\"inLanguage\":\"es\",\"@id\":\"http:\\\/\\\/autosdelpodio.com\\\/autos\\\/wp-content\\\/litespeed\\\/avatar\\\/aa8f65cd201a80f6b844f63278aa84af.jpg?ver=1776798175\",\"url\":\"http:\\\/\\\/autosdelpodio.com\\\/autos\\\/wp-content\\\/litespeed\\\/avatar\\\/aa8f65cd201a80f6b844f63278aa84af.jpg?ver=1776798175\",\"contentUrl\":\"http:\\\/\\\/autosdelpodio.com\\\/autos\\\/wp-content\\\/litespeed\\\/avatar\\\/aa8f65cd201a80f6b844f63278aa84af.jpg?ver=1776798175\",\"caption\":\"autosdelpodio\"}}]}<\/script>\n<!-- \/ Yoast SEO plugin. -->","yoast_head_json":{"title":"Autos del Podio | Urcera en el momento justo","description":"Autos del Podio El Galvez a pedir del Manu Urcera","robots":{"index":"index","follow":"follow","max-snippet":"max-snippet:-1","max-image-preview":"max-image-preview:large","max-video-preview":"max-video-preview:-1"},"canonical":"http:\/\/autosdelpodio.com\/autos\/urcera-en-el-momento-justo\/","og_locale":"es_ES","og_type":"article","og_title":"Autos del Podio | Urcera en el momento justo","og_description":"Autos del Podio El Galvez a pedir del Manu Urcera","og_url":"http:\/\/autosdelpodio.com\/autos\/urcera-en-el-momento-justo\/","og_site_name":"Autos del Podio","article_publisher":"https:\/\/www.facebook.com\/profile.php?id=100057192590976&amp%3bamp%3bamp%3bamp%3bamp%3bamp%3bamp%3bamp%3bamp%3bamp%3bamp%3bamp%3bamp%3bamp%3bamp%3bamp%3bamp%3bamp%3bref=ts","article_published_time":"2021-03-07T18:15:08+00:00","article_modified_time":"2021-03-07T20:14:20+00:00","og_image":[{"width":500,"height":272,"url":"http:\/\/autosdelpodio.com\/autos\/wp-content\/uploads\/2013\/10\/galvez_fachada-e1615140892477.jpg","type":"image\/jpeg"}],"author":"autosdelpodio","twitter_card":"summary_large_image","twitter_creator":"@autosdelpodio","twitter_site":"@autosdelpodio","twitter_misc":{"Escrito por":"autosdelpodio","Tiempo de lectura":"3 minutos"},"schema":{"@context":"https:\/\/schema.org","@graph":[{"@type":"Article","@id":"http:\/\/autosdelpodio.com\/autos\/urcera-en-el-momento-justo\/#article","isPartOf":{"@id":"http:\/\/autosdelpodio.com\/autos\/urcera-en-el-momento-justo\/"},"author":{"name":"autosdelpodio","@id":"http:\/\/autosdelpodio.com\/autos\/#\/schema\/person\/993527a4d01c3acdd3d6bce3770bc942"},"headline":"Urcera en el momento justo","datePublished":"2021-03-07T18:15:08+00:00","dateModified":"2021-03-07T20:14:20+00:00","mainEntityOfPage":{"@id":"http:\/\/autosdelpodio.com\/autos\/urcera-en-el-momento-justo\/"},"wordCount":403,"commentCount":0,"publisher":{"@id":"http:\/\/autosdelpodio.com\/autos\/#organization"},"image":{"@id":"http:\/\/autosdelpodio.com\/autos\/urcera-en-el-momento-justo\/#primaryimage"},"thumbnailUrl":"http:\/\/autosdelpodio.com\/autos\/wp-content\/uploads\/2013\/10\/galvez_fachada-e1615140892477.jpg","keywords":["ACTC","Autodromo BA","Chevrolet","Jose Manuel Urccera","TC Pista","Turismo Carretera"],"articleSection":["Destacado"],"inLanguage":"es","potentialAction":[{"@type":"CommentAction","name":"Comment","target":["http:\/\/autosdelpodio.com\/autos\/urcera-en-el-momento-justo\/#respond"]}]},{"@type":"WebPage","@id":"http:\/\/autosdelpodio.com\/autos\/urcera-en-el-momento-justo\/","url":"http:\/\/autosdelpodio.com\/autos\/urcera-en-el-momento-justo\/","name":"Autos del Podio | Urcera en el momento justo","isPartOf":{"@id":"http:\/\/autosdelpodio.com\/autos\/#website"},"primaryImageOfPage":{"@id":"http:\/\/autosdelpodio.com\/autos\/urcera-en-el-momento-justo\/#primaryimage"},"image":{"@id":"http:\/\/autosdelpodio.com\/autos\/urcera-en-el-momento-justo\/#primaryimage"},"thumbnailUrl":"http:\/\/autosdelpodio.com\/autos\/wp-content\/uploads\/2013\/10\/galvez_fachada-e1615140892477.jpg","datePublished":"2021-03-07T18:15:08+00:00","dateModified":"2021-03-07T20:14:20+00:00","description":"Autos del Podio El Galvez a pedir del Manu Urcera","breadcrumb":{"@id":"http:\/\/autosdelpodio.com\/autos\/urcera-en-el-momento-justo\/#breadcrumb"},"inLanguage":"es","potentialAction":[{"@type":"ReadAction","target":["http:\/\/autosdelpodio.com\/autos\/urcera-en-el-momento-justo\/"]}]},{"@type":"ImageObject","inLanguage":"es","@id":"http:\/\/autosdelpodio.com\/autos\/urcera-en-el-momento-justo\/#primaryimage","url":"http:\/\/autosdelpodio.com\/autos\/wp-content\/uploads\/2013\/10\/galvez_fachada-e1615140892477.jpg","contentUrl":"http:\/\/autosdelpodio.com\/autos\/wp-content\/uploads\/2013\/10\/galvez_fachada-e1615140892477.jpg","width":500,"height":272},{"@type":"BreadcrumbList","@id":"http:\/\/autosdelpodio.com\/autos\/urcera-en-el-momento-justo\/#breadcrumb","itemListElement":[{"@type":"ListItem","position":1,"name":"Portada","item":"http:\/\/autosdelpodio.com\/autos\/"},{"@type":"ListItem","position":2,"name":"Urcera en el momento justo"}]},{"@type":"WebSite","@id":"http:\/\/autosdelpodio.com\/autos\/#website","url":"http:\/\/autosdelpodio.com\/autos\/","name":"Autos del Podio","description":"La sexta del deporte motor","publisher":{"@id":"http:\/\/autosdelpodio.com\/autos\/#organization"},"potentialAction":[{"@type":"SearchAction","target":{"@type":"EntryPoint","urlTemplate":"http:\/\/autosdelpodio.com\/autos\/?s={search_term_string}"},"query-input":{"@type":"PropertyValueSpecification","valueRequired":true,"valueName":"search_term_string"}}],"inLanguage":"es"},{"@type":"Organization","@id":"http:\/\/autosdelpodio.com\/autos\/#organization","name":"Autos del Podio","url":"http:\/\/autosdelpodio.com\/autos\/","logo":{"@type":"ImageObject","inLanguage":"es","@id":"http:\/\/autosdelpodio.com\/autos\/#\/schema\/logo\/image\/","url":"http:\/\/autosdelpodio.com\/autos\/wp-content\/uploads\/2020\/08\/Logo_AR.jpg","contentUrl":"http:\/\/autosdelpodio.com\/autos\/wp-content\/uploads\/2020\/08\/Logo_AR.jpg","width":1038,"height":1044,"caption":"Autos del Podio"},"image":{"@id":"http:\/\/autosdelpodio.com\/autos\/#\/schema\/logo\/image\/"},"sameAs":["https:\/\/www.facebook.com\/profile.php?id=100057192590976&amp;amp;amp;amp;amp;amp;amp;amp;amp;amp;amp;amp;amp;amp;amp;amp;amp;amp;ref=ts","https:\/\/x.com\/autosdelpodio","https:\/\/www.youtube.com\/user\/AutosdelPodio"]},{"@type":"Person","@id":"http:\/\/autosdelpodio.com\/autos\/#\/schema\/person\/993527a4d01c3acdd3d6bce3770bc942","name":"autosdelpodio","image":{"@type":"ImageObject","inLanguage":"es","@id":"http:\/\/autosdelpodio.com\/autos\/wp-content\/litespeed\/avatar\/aa8f65cd201a80f6b844f63278aa84af.jpg?ver=1776798175","url":"http:\/\/autosdelpodio.com\/autos\/wp-content\/litespeed\/avatar\/aa8f65cd201a80f6b844f63278aa84af.jpg?ver=1776798175","contentUrl":"http:\/\/autosdelpodio.com\/autos\/wp-content\/litespeed\/avatar\/aa8f65cd201a80f6b844f63278aa84af.jpg?ver=1776798175","caption":"autosdelpodio"}}]}},"views":913,"_links":{"self":[{"href":"http:\/\/autosdelpodio.com\/autos\/wp-json\/wp\/v2\/posts\/4006","targetHints":{"allow":["GET"]}}],"collection":[{"href":"http:\/\/autosdelpodio.com\/autos\/wp-json\/wp\/v2\/posts"}],"about":[{"href":"http:\/\/autosdelpodio.com\/autos\/wp-json\/wp\/v2\/types\/post"}],"author":[{"embeddable":true,"href":"http:\/\/autosdelpodio.com\/autos\/wp-json\/wp\/v2\/users\/3"}],"replies":[{"embeddable":true,"href":"http:\/\/autosdelpodio.com\/autos\/wp-json\/wp\/v2\/comments?post=4006"}],"version-history":[{"count":6,"href":"http:\/\/autosdelpodio.com\/autos\/wp-json\/wp\/v2\/posts\/4006\/revisions"}],"predecessor-version":[{"id":4015,"href":"http:\/\/autosdelpodio.com\/autos\/wp-json\/wp\/v2\/posts\/4006\/revisions\/4015"}],"wp:featuredmedia":[{"embeddable":true,"href":"http:\/\/autosdelpodio.com\/autos\/wp-json\/wp\/v2\/media\/848"}],"wp:attachment":[{"href":"http:\/\/autosdelpodio.com\/autos\/wp-json\/wp\/v2\/media?parent=4006"}],"wp:term":[{"taxonomy":"category","embeddable":true,"href":"http:\/\/autosdelpodio.com\/autos\/wp-json\/wp\/v2\/categories?post=4006"},{"taxonomy":"post_tag","embeddable":true,"href":"http:\/\/autosdelpodio.com\/autos\/wp-json\/wp\/v2\/tags?post=4006"}],"curies":[{"name":"wp","href":"https:\/\/api.w.org\/{rel}","templated":true}]}}