{"id":4018,"date":"2021-03-09T16:30:52","date_gmt":"2021-03-09T19:30:52","guid":{"rendered":"http:\/\/autosdelpodio.com\/autos\/?p=4018"},"modified":"2021-03-17T22:14:24","modified_gmt":"2021-03-18T01:14:24","slug":"el-mercado-de-pases-super-tc2000-2021","status":"publish","type":"post","link":"http:\/\/autosdelpodio.com\/autos\/el-mercado-de-pases-super-tc2000-2021\/","title":{"rendered":"El mercado de pases Super TC2000 \u2013 2021"},"content":{"rendered":"\n<p>Te ponemos al d\u00eda con los movimientos generados hasta aqu\u00ed de cara a la temporada 2021 de Super TC2000.Cambio de pilotos, de marcas y equipos. \u00c9ste es el panorama de c\u00f3mo est\u00e1n conformadas las diversas escuadras oficiales, semioficiales y particulares.<\/p>\n\n\n\n<p><strong>Renault Sport:<\/strong> siguen el campe\u00f3n 2019 Leonel Pern\u00eda y Mat\u00edas Milla.Luego de varias temporadas y el bi campeonato 2017-2018 emigr\u00f3 Facundo Ardusso.<br>Se reforz\u00f3 con el ascendente del TC2000 Tomas Cingolani y el ingeniero\/piloto Damian Fineschi<\/p>\n\n\n\n<p><strong>Chevrolet YFP:<\/strong> amplia un cupo a su plantel de pilotos.Habr\u00e1 3 Chevrolet Cruze para Agustin Canapino Bernardo Llaver y el ex Renault Tom\u00e1s Gagliardi Genn\u00e9<\/p>\n\n\n\n<p><strong>Toyota Gazoo Racing:<\/strong> de manera oficial la marca nipona tendr\u00e1 4 Corolla. Contin\u00faan el campe\u00f3n 2020\/21 Mat\u00edas Rossi, el brasile\u00f1o Rubens Barrichello, Julian Santero y Franco Vivian.<\/p>\n\n\n\n<p><strong>Midas Racing Team:<\/strong> la escuadra que comanda Sergio Rafaelli que desembarc\u00f3 el a\u00f1o pasado de modo sat\u00e9lite del TGR con otros 2 Corolla para Ricardo Risatti y el debut de Valentin Aguirre anunci\u00f3 el alejamiento de la categor\u00eda.<\/p>\n\n\n\n<p><strong>Junior<\/strong>: A partir de la tercera fecha en el Oscar Cabalen de Alta Gracia del 11 de Abril, se suma el equipo a cargo de Claudio Pfening junto a los jovenes Ian Reutemann y Nicol\u00e1s Moscardini que utilizaran los Toyota Corolla ex Midas.<\/p>\n\n\n\n<p><strong>Puma Energy Honda Racing:<\/strong> Ante el retiro de Juan Manuel Silva el team de Victor Rosso apuesta a los experimentados Facundo Ardusso Fabian Yannantuoni mas los j\u00f3venes Juan Angel Rosso (sigue) y la llegada de Jose Manuel Sapag en lugar de Nicolas Moscardini.<\/p>\n\n\n\n<p><strong>Fiat Racing Team:<\/strong> bajo la direcci\u00f3n del DTA de Ulises Armellini dej\u00f3 sobre el cierre del torneo pasado la categor\u00eda que ya no tendr\u00e1 definitivamente como pilotos del Cronos a Matias Mu\u00f1oz Marchesi, Bruno Armellini y el campe\u00f3n 2018 de Top Race V6 Franco Girolami.<\/p>\n\n\n\n<p><strong>Equipo FDC:<\/strong> las 2 unidades C4 Lounge ser\u00e1n para Juan Jose Garriz y Marcelo Ciarrocci y Jose Manuel Sapag en lo que por el momento compone el unico equipo particular sin apoyo alguno de la terminal automotriz.<\/p>\n\n\n\n<p><strong>Monti Motorsport: <\/strong>Luciano Monti desactiv\u00f3 el desaf\u00edo que tuvo junto a Jose Manuel Urcera de poner en pista el Cruze en forma particular.<br><strong>TS Racing:<\/strong> tampoco arrancar\u00e1 el 2021.No sigue Nicolas Traut (Chevrolet) <\/p>\n","protected":false},"excerpt":{"rendered":"<p>Te ponemos al d\u00eda con los movimientos generados hasta aqu\u00ed de cara a la temporada 2021 de Super TC2000.Cambio de<\/p>\n","protected":false},"author":3,"featured_media":724,"comment_status":"open","ping_status":"open","sticky":false,"template":"","format":"standard","meta":{"colormag_page_container_layout":"default_layout","colormag_page_sidebar_layout":"default_layout","footnotes":""},"categories":[6,5],"tags":[142,86,77],"class_list":["post-4018","post","type-post","status-publish","format-standard","has-post-thumbnail","hentry","category-newsflash","category-latest-news","tag-autodromo-ba","tag-pilotos-y-categorias","tag-supertc2000"],"yoast_head":"<!-- This site is optimized with the Yoast SEO plugin v27.5 - https:\/\/yoast.com\/product\/yoast-seo-wordpress\/ -->\n<title>Autos del Podio | El mercado de pases Super TC2000 \u2013 2021<\/title>\n<meta name=\"description\" content=\"Autos del Podio Con mas bajas que altas comienza una nueva temporada del STC2000 este fin de semana en Buenos Aires\" \/>\n<meta name=\"robots\" content=\"index, follow, max-snippet:-1, max-image-preview:large, max-video-preview:-1\" \/>\n<link rel=\"canonical\" href=\"http:\/\/autosdelpodio.com\/autos\/el-mercado-de-pases-super-tc2000-2021\/\" \/>\n<meta property=\"og:locale\" content=\"es_ES\" \/>\n<meta property=\"og:type\" content=\"article\" \/>\n<meta property=\"og:title\" content=\"Autos del Podio | El mercado de pases Super TC2000 \u2013 2021\" \/>\n<meta property=\"og:description\" content=\"Autos del Podio Con mas bajas que altas comienza una nueva temporada del STC2000 este fin de semana en Buenos Aires\" \/>\n<meta property=\"og:url\" content=\"http:\/\/autosdelpodio.com\/autos\/el-mercado-de-pases-super-tc2000-2021\/\" \/>\n<meta property=\"og:site_name\" content=\"Autos del Podio\" \/>\n<meta property=\"article:publisher\" content=\"https:\/\/www.facebook.com\/profile.php?id=100057192590976&amp;amp%3bamp%3bamp%3bamp%3bamp%3bamp%3bamp%3bamp%3bamp%3bamp%3bamp%3bamp%3bamp%3bamp%3bamp%3bamp%3bamp%3bamp%3bref=ts\" \/>\n<meta property=\"article:published_time\" content=\"2021-03-09T19:30:52+00:00\" \/>\n<meta property=\"article:modified_time\" content=\"2021-03-18T01:14:24+00:00\" \/>\n<meta property=\"og:image\" content=\"http:\/\/autosdelpodio.com\/autos\/wp-content\/uploads\/2013\/04\/ver_imagen_galeria_nocrop.jpg\" \/>\n\t<meta property=\"og:image:width\" content=\"350\" \/>\n\t<meta property=\"og:image:height\" content=\"189\" \/>\n\t<meta property=\"og:image:type\" content=\"image\/jpeg\" \/>\n<meta name=\"author\" content=\"autosdelpodio\" \/>\n<meta name=\"twitter:card\" content=\"summary_large_image\" \/>\n<meta name=\"twitter:creator\" content=\"@autosdelpodio\" \/>\n<meta name=\"twitter:site\" content=\"@autosdelpodio\" \/>\n<meta name=\"twitter:label1\" content=\"Escrito por\" \/>\n\t<meta name=\"twitter:data1\" content=\"autosdelpodio\" \/>\n\t<meta name=\"twitter:label2\" content=\"Tiempo de lectura\" \/>\n\t<meta name=\"twitter:data2\" content=\"2 minutos\" \/>\n<script type=\"application\/ld+json\" class=\"yoast-schema-graph\">{\"@context\":\"https:\\\/\\\/schema.org\",\"@graph\":[{\"@type\":\"Article\",\"@id\":\"http:\\\/\\\/autosdelpodio.com\\\/autos\\\/el-mercado-de-pases-super-tc2000-2021\\\/#article\",\"isPartOf\":{\"@id\":\"http:\\\/\\\/autosdelpodio.com\\\/autos\\\/el-mercado-de-pases-super-tc2000-2021\\\/\"},\"author\":{\"name\":\"autosdelpodio\",\"@id\":\"http:\\\/\\\/autosdelpodio.com\\\/autos\\\/#\\\/schema\\\/person\\\/993527a4d01c3acdd3d6bce3770bc942\"},\"headline\":\"El mercado de pases Super TC2000 \u2013 2021\",\"datePublished\":\"2021-03-09T19:30:52+00:00\",\"dateModified\":\"2021-03-18T01:14:24+00:00\",\"mainEntityOfPage\":{\"@id\":\"http:\\\/\\\/autosdelpodio.com\\\/autos\\\/el-mercado-de-pases-super-tc2000-2021\\\/\"},\"wordCount\":390,\"commentCount\":0,\"publisher\":{\"@id\":\"http:\\\/\\\/autosdelpodio.com\\\/autos\\\/#organization\"},\"image\":{\"@id\":\"http:\\\/\\\/autosdelpodio.com\\\/autos\\\/el-mercado-de-pases-super-tc2000-2021\\\/#primaryimage\"},\"thumbnailUrl\":\"http:\\\/\\\/autosdelpodio.com\\\/autos\\\/wp-content\\\/uploads\\\/2013\\\/04\\\/ver_imagen_galeria_nocrop.jpg\",\"keywords\":[\"Autodromo BA\",\"Pilotos y Categorias\",\"SuperTC2000\"],\"articleSection\":[\"Destacado\",\"\u00daltimas noticias\"],\"inLanguage\":\"es\",\"potentialAction\":[{\"@type\":\"CommentAction\",\"name\":\"Comment\",\"target\":[\"http:\\\/\\\/autosdelpodio.com\\\/autos\\\/el-mercado-de-pases-super-tc2000-2021\\\/#respond\"]}]},{\"@type\":\"WebPage\",\"@id\":\"http:\\\/\\\/autosdelpodio.com\\\/autos\\\/el-mercado-de-pases-super-tc2000-2021\\\/\",\"url\":\"http:\\\/\\\/autosdelpodio.com\\\/autos\\\/el-mercado-de-pases-super-tc2000-2021\\\/\",\"name\":\"Autos del Podio | El mercado de pases Super TC2000 \u2013 2021\",\"isPartOf\":{\"@id\":\"http:\\\/\\\/autosdelpodio.com\\\/autos\\\/#website\"},\"primaryImageOfPage\":{\"@id\":\"http:\\\/\\\/autosdelpodio.com\\\/autos\\\/el-mercado-de-pases-super-tc2000-2021\\\/#primaryimage\"},\"image\":{\"@id\":\"http:\\\/\\\/autosdelpodio.com\\\/autos\\\/el-mercado-de-pases-super-tc2000-2021\\\/#primaryimage\"},\"thumbnailUrl\":\"http:\\\/\\\/autosdelpodio.com\\\/autos\\\/wp-content\\\/uploads\\\/2013\\\/04\\\/ver_imagen_galeria_nocrop.jpg\",\"datePublished\":\"2021-03-09T19:30:52+00:00\",\"dateModified\":\"2021-03-18T01:14:24+00:00\",\"description\":\"Autos del Podio Con mas bajas que altas comienza una nueva temporada del STC2000 este fin de semana en Buenos Aires\",\"breadcrumb\":{\"@id\":\"http:\\\/\\\/autosdelpodio.com\\\/autos\\\/el-mercado-de-pases-super-tc2000-2021\\\/#breadcrumb\"},\"inLanguage\":\"es\",\"potentialAction\":[{\"@type\":\"ReadAction\",\"target\":[\"http:\\\/\\\/autosdelpodio.com\\\/autos\\\/el-mercado-de-pases-super-tc2000-2021\\\/\"]}]},{\"@type\":\"ImageObject\",\"inLanguage\":\"es\",\"@id\":\"http:\\\/\\\/autosdelpodio.com\\\/autos\\\/el-mercado-de-pases-super-tc2000-2021\\\/#primaryimage\",\"url\":\"http:\\\/\\\/autosdelpodio.com\\\/autos\\\/wp-content\\\/uploads\\\/2013\\\/04\\\/ver_imagen_galeria_nocrop.jpg\",\"contentUrl\":\"http:\\\/\\\/autosdelpodio.com\\\/autos\\\/wp-content\\\/uploads\\\/2013\\\/04\\\/ver_imagen_galeria_nocrop.jpg\",\"width\":350,\"height\":189},{\"@type\":\"BreadcrumbList\",\"@id\":\"http:\\\/\\\/autosdelpodio.com\\\/autos\\\/el-mercado-de-pases-super-tc2000-2021\\\/#breadcrumb\",\"itemListElement\":[{\"@type\":\"ListItem\",\"position\":1,\"name\":\"Portada\",\"item\":\"http:\\\/\\\/autosdelpodio.com\\\/autos\\\/\"},{\"@type\":\"ListItem\",\"position\":2,\"name\":\"El mercado de pases Super TC2000 \u2013 2021\"}]},{\"@type\":\"WebSite\",\"@id\":\"http:\\\/\\\/autosdelpodio.com\\\/autos\\\/#website\",\"url\":\"http:\\\/\\\/autosdelpodio.com\\\/autos\\\/\",\"name\":\"Autos del Podio\",\"description\":\"La sexta del deporte motor\",\"publisher\":{\"@id\":\"http:\\\/\\\/autosdelpodio.com\\\/autos\\\/#organization\"},\"potentialAction\":[{\"@type\":\"SearchAction\",\"target\":{\"@type\":\"EntryPoint\",\"urlTemplate\":\"http:\\\/\\\/autosdelpodio.com\\\/autos\\\/?s={search_term_string}\"},\"query-input\":{\"@type\":\"PropertyValueSpecification\",\"valueRequired\":true,\"valueName\":\"search_term_string\"}}],\"inLanguage\":\"es\"},{\"@type\":\"Organization\",\"@id\":\"http:\\\/\\\/autosdelpodio.com\\\/autos\\\/#organization\",\"name\":\"Autos del Podio\",\"url\":\"http:\\\/\\\/autosdelpodio.com\\\/autos\\\/\",\"logo\":{\"@type\":\"ImageObject\",\"inLanguage\":\"es\",\"@id\":\"http:\\\/\\\/autosdelpodio.com\\\/autos\\\/#\\\/schema\\\/logo\\\/image\\\/\",\"url\":\"http:\\\/\\\/autosdelpodio.com\\\/autos\\\/wp-content\\\/uploads\\\/2020\\\/08\\\/Logo_AR.jpg\",\"contentUrl\":\"http:\\\/\\\/autosdelpodio.com\\\/autos\\\/wp-content\\\/uploads\\\/2020\\\/08\\\/Logo_AR.jpg\",\"width\":1038,\"height\":1044,\"caption\":\"Autos del Podio\"},\"image\":{\"@id\":\"http:\\\/\\\/autosdelpodio.com\\\/autos\\\/#\\\/schema\\\/logo\\\/image\\\/\"},\"sameAs\":[\"https:\\\/\\\/www.facebook.com\\\/profile.php?id=100057192590976&amp;amp;amp;amp;amp;amp;amp;amp;amp;amp;amp;amp;amp;amp;amp;amp;amp;amp;ref=ts\",\"https:\\\/\\\/x.com\\\/autosdelpodio\",\"https:\\\/\\\/www.youtube.com\\\/user\\\/AutosdelPodio\"]},{\"@type\":\"Person\",\"@id\":\"http:\\\/\\\/autosdelpodio.com\\\/autos\\\/#\\\/schema\\\/person\\\/993527a4d01c3acdd3d6bce3770bc942\",\"name\":\"autosdelpodio\",\"image\":{\"@type\":\"ImageObject\",\"inLanguage\":\"es\",\"@id\":\"http:\\\/\\\/autosdelpodio.com\\\/autos\\\/wp-content\\\/litespeed\\\/avatar\\\/aa8f65cd201a80f6b844f63278aa84af.jpg?ver=1777403005\",\"url\":\"http:\\\/\\\/autosdelpodio.com\\\/autos\\\/wp-content\\\/litespeed\\\/avatar\\\/aa8f65cd201a80f6b844f63278aa84af.jpg?ver=1777403005\",\"contentUrl\":\"http:\\\/\\\/autosdelpodio.com\\\/autos\\\/wp-content\\\/litespeed\\\/avatar\\\/aa8f65cd201a80f6b844f63278aa84af.jpg?ver=1777403005\",\"caption\":\"autosdelpodio\"}}]}<\/script>\n<!-- \/ Yoast SEO plugin. -->","yoast_head_json":{"title":"Autos del Podio | El mercado de pases Super TC2000 \u2013 2021","description":"Autos del Podio Con mas bajas que altas comienza una nueva temporada del STC2000 este fin de semana en Buenos Aires","robots":{"index":"index","follow":"follow","max-snippet":"max-snippet:-1","max-image-preview":"max-image-preview:large","max-video-preview":"max-video-preview:-1"},"canonical":"http:\/\/autosdelpodio.com\/autos\/el-mercado-de-pases-super-tc2000-2021\/","og_locale":"es_ES","og_type":"article","og_title":"Autos del Podio | El mercado de pases Super TC2000 \u2013 2021","og_description":"Autos del Podio Con mas bajas que altas comienza una nueva temporada del STC2000 este fin de semana en Buenos Aires","og_url":"http:\/\/autosdelpodio.com\/autos\/el-mercado-de-pases-super-tc2000-2021\/","og_site_name":"Autos del Podio","article_publisher":"https:\/\/www.facebook.com\/profile.php?id=100057192590976&amp%3bamp%3bamp%3bamp%3bamp%3bamp%3bamp%3bamp%3bamp%3bamp%3bamp%3bamp%3bamp%3bamp%3bamp%3bamp%3bamp%3bamp%3bref=ts","article_published_time":"2021-03-09T19:30:52+00:00","article_modified_time":"2021-03-18T01:14:24+00:00","og_image":[{"width":350,"height":189,"url":"http:\/\/autosdelpodio.com\/autos\/wp-content\/uploads\/2013\/04\/ver_imagen_galeria_nocrop.jpg","type":"image\/jpeg"}],"author":"autosdelpodio","twitter_card":"summary_large_image","twitter_creator":"@autosdelpodio","twitter_site":"@autosdelpodio","twitter_misc":{"Escrito por":"autosdelpodio","Tiempo de lectura":"2 minutos"},"schema":{"@context":"https:\/\/schema.org","@graph":[{"@type":"Article","@id":"http:\/\/autosdelpodio.com\/autos\/el-mercado-de-pases-super-tc2000-2021\/#article","isPartOf":{"@id":"http:\/\/autosdelpodio.com\/autos\/el-mercado-de-pases-super-tc2000-2021\/"},"author":{"name":"autosdelpodio","@id":"http:\/\/autosdelpodio.com\/autos\/#\/schema\/person\/993527a4d01c3acdd3d6bce3770bc942"},"headline":"El mercado de pases Super TC2000 \u2013 2021","datePublished":"2021-03-09T19:30:52+00:00","dateModified":"2021-03-18T01:14:24+00:00","mainEntityOfPage":{"@id":"http:\/\/autosdelpodio.com\/autos\/el-mercado-de-pases-super-tc2000-2021\/"},"wordCount":390,"commentCount":0,"publisher":{"@id":"http:\/\/autosdelpodio.com\/autos\/#organization"},"image":{"@id":"http:\/\/autosdelpodio.com\/autos\/el-mercado-de-pases-super-tc2000-2021\/#primaryimage"},"thumbnailUrl":"http:\/\/autosdelpodio.com\/autos\/wp-content\/uploads\/2013\/04\/ver_imagen_galeria_nocrop.jpg","keywords":["Autodromo BA","Pilotos y Categorias","SuperTC2000"],"articleSection":["Destacado","\u00daltimas noticias"],"inLanguage":"es","potentialAction":[{"@type":"CommentAction","name":"Comment","target":["http:\/\/autosdelpodio.com\/autos\/el-mercado-de-pases-super-tc2000-2021\/#respond"]}]},{"@type":"WebPage","@id":"http:\/\/autosdelpodio.com\/autos\/el-mercado-de-pases-super-tc2000-2021\/","url":"http:\/\/autosdelpodio.com\/autos\/el-mercado-de-pases-super-tc2000-2021\/","name":"Autos del Podio | El mercado de pases Super TC2000 \u2013 2021","isPartOf":{"@id":"http:\/\/autosdelpodio.com\/autos\/#website"},"primaryImageOfPage":{"@id":"http:\/\/autosdelpodio.com\/autos\/el-mercado-de-pases-super-tc2000-2021\/#primaryimage"},"image":{"@id":"http:\/\/autosdelpodio.com\/autos\/el-mercado-de-pases-super-tc2000-2021\/#primaryimage"},"thumbnailUrl":"http:\/\/autosdelpodio.com\/autos\/wp-content\/uploads\/2013\/04\/ver_imagen_galeria_nocrop.jpg","datePublished":"2021-03-09T19:30:52+00:00","dateModified":"2021-03-18T01:14:24+00:00","description":"Autos del Podio Con mas bajas que altas comienza una nueva temporada del STC2000 este fin de semana en Buenos Aires","breadcrumb":{"@id":"http:\/\/autosdelpodio.com\/autos\/el-mercado-de-pases-super-tc2000-2021\/#breadcrumb"},"inLanguage":"es","potentialAction":[{"@type":"ReadAction","target":["http:\/\/autosdelpodio.com\/autos\/el-mercado-de-pases-super-tc2000-2021\/"]}]},{"@type":"ImageObject","inLanguage":"es","@id":"http:\/\/autosdelpodio.com\/autos\/el-mercado-de-pases-super-tc2000-2021\/#primaryimage","url":"http:\/\/autosdelpodio.com\/autos\/wp-content\/uploads\/2013\/04\/ver_imagen_galeria_nocrop.jpg","contentUrl":"http:\/\/autosdelpodio.com\/autos\/wp-content\/uploads\/2013\/04\/ver_imagen_galeria_nocrop.jpg","width":350,"height":189},{"@type":"BreadcrumbList","@id":"http:\/\/autosdelpodio.com\/autos\/el-mercado-de-pases-super-tc2000-2021\/#breadcrumb","itemListElement":[{"@type":"ListItem","position":1,"name":"Portada","item":"http:\/\/autosdelpodio.com\/autos\/"},{"@type":"ListItem","position":2,"name":"El mercado de pases Super TC2000 \u2013 2021"}]},{"@type":"WebSite","@id":"http:\/\/autosdelpodio.com\/autos\/#website","url":"http:\/\/autosdelpodio.com\/autos\/","name":"Autos del Podio","description":"La sexta del deporte motor","publisher":{"@id":"http:\/\/autosdelpodio.com\/autos\/#organization"},"potentialAction":[{"@type":"SearchAction","target":{"@type":"EntryPoint","urlTemplate":"http:\/\/autosdelpodio.com\/autos\/?s={search_term_string}"},"query-input":{"@type":"PropertyValueSpecification","valueRequired":true,"valueName":"search_term_string"}}],"inLanguage":"es"},{"@type":"Organization","@id":"http:\/\/autosdelpodio.com\/autos\/#organization","name":"Autos del Podio","url":"http:\/\/autosdelpodio.com\/autos\/","logo":{"@type":"ImageObject","inLanguage":"es","@id":"http:\/\/autosdelpodio.com\/autos\/#\/schema\/logo\/image\/","url":"http:\/\/autosdelpodio.com\/autos\/wp-content\/uploads\/2020\/08\/Logo_AR.jpg","contentUrl":"http:\/\/autosdelpodio.com\/autos\/wp-content\/uploads\/2020\/08\/Logo_AR.jpg","width":1038,"height":1044,"caption":"Autos del Podio"},"image":{"@id":"http:\/\/autosdelpodio.com\/autos\/#\/schema\/logo\/image\/"},"sameAs":["https:\/\/www.facebook.com\/profile.php?id=100057192590976&amp;amp;amp;amp;amp;amp;amp;amp;amp;amp;amp;amp;amp;amp;amp;amp;amp;amp;ref=ts","https:\/\/x.com\/autosdelpodio","https:\/\/www.youtube.com\/user\/AutosdelPodio"]},{"@type":"Person","@id":"http:\/\/autosdelpodio.com\/autos\/#\/schema\/person\/993527a4d01c3acdd3d6bce3770bc942","name":"autosdelpodio","image":{"@type":"ImageObject","inLanguage":"es","@id":"http:\/\/autosdelpodio.com\/autos\/wp-content\/litespeed\/avatar\/aa8f65cd201a80f6b844f63278aa84af.jpg?ver=1777403005","url":"http:\/\/autosdelpodio.com\/autos\/wp-content\/litespeed\/avatar\/aa8f65cd201a80f6b844f63278aa84af.jpg?ver=1777403005","contentUrl":"http:\/\/autosdelpodio.com\/autos\/wp-content\/litespeed\/avatar\/aa8f65cd201a80f6b844f63278aa84af.jpg?ver=1777403005","caption":"autosdelpodio"}}]}},"views":964,"_links":{"self":[{"href":"http:\/\/autosdelpodio.com\/autos\/wp-json\/wp\/v2\/posts\/4018","targetHints":{"allow":["GET"]}}],"collection":[{"href":"http:\/\/autosdelpodio.com\/autos\/wp-json\/wp\/v2\/posts"}],"about":[{"href":"http:\/\/autosdelpodio.com\/autos\/wp-json\/wp\/v2\/types\/post"}],"author":[{"embeddable":true,"href":"http:\/\/autosdelpodio.com\/autos\/wp-json\/wp\/v2\/users\/3"}],"replies":[{"embeddable":true,"href":"http:\/\/autosdelpodio.com\/autos\/wp-json\/wp\/v2\/comments?post=4018"}],"version-history":[{"count":3,"href":"http:\/\/autosdelpodio.com\/autos\/wp-json\/wp\/v2\/posts\/4018\/revisions"}],"predecessor-version":[{"id":4057,"href":"http:\/\/autosdelpodio.com\/autos\/wp-json\/wp\/v2\/posts\/4018\/revisions\/4057"}],"wp:featuredmedia":[{"embeddable":true,"href":"http:\/\/autosdelpodio.com\/autos\/wp-json\/wp\/v2\/media\/724"}],"wp:attachment":[{"href":"http:\/\/autosdelpodio.com\/autos\/wp-json\/wp\/v2\/media?parent=4018"}],"wp:term":[{"taxonomy":"category","embeddable":true,"href":"http:\/\/autosdelpodio.com\/autos\/wp-json\/wp\/v2\/categories?post=4018"},{"taxonomy":"post_tag","embeddable":true,"href":"http:\/\/autosdelpodio.com\/autos\/wp-json\/wp\/v2\/tags?post=4018"}],"curies":[{"name":"wp","href":"https:\/\/api.w.org\/{rel}","templated":true}]}}