{"id":4020,"date":"2021-03-10T15:35:43","date_gmt":"2021-03-10T18:35:43","guid":{"rendered":"http:\/\/autosdelpodio.com\/autos\/?p=4020"},"modified":"2021-03-10T15:35:44","modified_gmt":"2021-03-10T18:35:44","slug":"el-gobierno-estimula-las-exportaciones-automotrices","status":"publish","type":"post","link":"http:\/\/autosdelpodio.com\/autos\/el-gobierno-estimula-las-exportaciones-automotrices\/","title":{"rendered":"El gobierno estimula las exportaciones automotrices"},"content":{"rendered":"\n<p>Las exportaciones incrementales de las terminales automotrices, es decir las que este a\u00f1o superen los niveles de 2020, no pagar\u00e1n retenciones como parte del esquema de incentivo acordado del gobierno nacional con la Asociaci\u00f3n de F\u00e1bricas de Automotores (ADEFA), lo que resultar\u00e1 de alto impacto para el sector que destina a los mercados externos m\u00e1s del 50 % de su producci\u00f3n.<\/p>\n\n\n\n<p>La medida se adopt\u00f3 mediante el Decreto -modificatorio del Decreto 789\/20- firmado este martes por el presidente Alberto Fern\u00e1ndez, en un acto realizado en el Museo del Bicentenario de la Casa de Gobierno, oportunidad en el que se present\u00f3 el Proyecto de Ley de Promoci\u00f3n Inversiones en la Industria Automotriz y su Cadena de Valor que se remitir\u00e1 en breve al Congreso.<\/p>\n\n\n\n<p>La industria automotriz es una de las principales ramas del sector manufacturero local: genera cerca de 130.000 empleos privados registrados, representa alrededor del 7 % del PBI industrial y exporta a casi 50 pa\u00edses por casi US$ 4.500 millones, m\u00e1s del 50 % de su producci\u00f3n, representando el 35 % del total de las exportaciones de manufactura industrial del pa\u00eds.<\/p>\n\n\n\n<p>El anuncio, que estar\u00e1 vigente a partir de la publicaci\u00f3n del decreto, mantendr\u00e1 los derechos de exportaci\u00f3n de 2020 con una al\u00edcuota de 4,5 %, pero se desgravar\u00e1n totalmente las exportaciones incrementales, con lo que de esta forma dejar\u00e1n de pagar retenciones las ventas que superen los niveles del a\u00f1o pasado, explicaron fuentes oficiales a T\u00e9lam.<\/p>\n\n\n\n<p>El mecanismo acordado prev\u00e9 que las terminales de manera independiente puedan acceder a la exportaci\u00f3n de autom\u00f3viles y comerciales livianos con arancel 0 una vez cubierto el nivel de env\u00edos concretados al exterior durante 2020, para lo cual se har\u00e1 un an\u00e1lisis y seguimiento f\u00e1brica por f\u00e1brica.<\/p>\n\n\n\n<p>Al respecto, el presidente de ADEFA, Daniel Herrero, destac\u00f3 la medida y resalt\u00f3 la importancia que tiene para desarrollo del sector automotor, que se caracteriza por su \u201calto perfil exportador y el rol clave dentro del entramado industrial y en el desarrollo econ\u00f3mico y social del pa\u00eds\u201d.<\/p>\n\n\n\n<p><em>\u201cEl di\u00e1logo y el consenso son el camino para la generaci\u00f3n de medidas que alienten el desarrollo de nuestro sector y permitan al mismo tiempo promover mayores exportaciones, generar mayor producci\u00f3n y un ingreso incremental de divisas para el pa\u00eds\u201d<\/em>, sostuvo el presidente de ADEFA.<\/p>\n\n\n\n<p>De acuerdo con el \u00faltimo informe del Indec referido al \u00cdndice de Producci\u00f3n Industrial Manufacturero, correspondiente a enero 2021, la divisi\u00f3n de veh\u00edculos automotores, carrocer\u00edas, remolques y autopartes present\u00f3 un incremento interanual de 16,5 % en el primer mes del a\u00f1o.<\/p>\n\n\n\n<p>En cuanto al mercado externo, en enero 2021, las exportaciones de autom\u00f3viles y utilitarios nacionales aumentan interanualmente 37,2 %, de las cuales las ventas externas de utilitarios -que representan el 78,8 % del total de unidades exportadas en enero 2021- aumentan 55,8 % respecto a enero 2020.<\/p>\n\n\n\n<p>Del total de unidades exportadas de autom\u00f3viles y utilitarios, el 68,3 % se destin\u00f3 a Brasil, pa\u00eds que presenta un aumento interanual de 47,2 % con respecto a enero de 2020.<\/p>\n\n\n\n<h5 class=\"wp-block-heading\"><strong>Ley de Promoci\u00f3n de Inversiones en la Industria Automotriz<\/strong><\/h5>\n\n\n\n<figure class=\"wp-block-embed is-type-video is-provider-youtube wp-block-embed-youtube wp-embed-aspect-16-9 wp-has-aspect-ratio\"><div class=\"wp-block-embed__wrapper\">\n<iframe title=\"El presidente Alberto Fern\u00e1ndez anunci\u00f3 beneficios para la industria automotriz\" width=\"800\" height=\"450\" src=\"https:\/\/www.youtube.com\/embed\/8ox_TypJEZQ?feature=oembed\" frameborder=\"0\" allow=\"accelerometer; autoplay; clipboard-write; encrypted-media; gyroscope; picture-in-picture\" allowfullscreen><\/iframe>\n<\/div><\/figure>\n\n\n\n<p>En el encuentro se present\u00f3, adem\u00e1s, el proyecto de Ley de Promoci\u00f3n de Inversiones en la Industria Automotriz consensuado a mediados de enero y que la b\u00fasqueda de un nuevo marco de producci\u00f3n que incluye a las empresas fabricantes de autom\u00f3viles, utilitarios, comerciales livianos, camiones y chasis, motores, cajas de transmisi\u00f3n, ejes, autopartes y piezas.<\/p>\n\n\n\n<p>El automotor es un sector que requiere de permanentes inversiones de gran escala para mantener su nivel de competitividad, dado los constantes avances en materia de tecnolog\u00eda y dise\u00f1o a nivel global.<\/p>\n\n\n\n<p>El ministro de Desarrollo Productivo, Mat\u00edas Kulfas, sostuvo en la presentaci\u00f3n de la iniciativa en el Museo del Bicentenario, que el proyecto de ley que ser\u00e1 enviado al Parlamento permitir\u00e1 \u201cpromover m\u00e1s de US$ 5.000 millones con nuevas inversiones, con m\u00e1s producci\u00f3n en el pa\u00eds, m\u00e1s empleo y m\u00e1s exportaciones\u201d.<\/p>\n\n\n\n<p>Kulfas destac\u00f3 que este sector industrial que recibi\u00f3 el apoyo del programa de Asistencia de Emergencia al Trabajo y la Producci\u00f3n (ATP) el a\u00f1o pasado \u201choy est\u00e1 produciendo por encima de los niveles previos a la pandemia, mostrando la gran capacidad de reacci\u00f3n y el acompa\u00f1amiento a esta pol\u00edtica destinada a promover el trabajo argentino\u201d.<\/p>\n\n\n\n<p>El proyecto, explic\u00f3 Kulfas, \u201cincorpora dos grandes conjuntos de elementos\u201d, uno dedicado a \u201cest\u00edmulos para la inversi\u00f3n\u201d, y un segundo que conforma la \u201cinstituci\u00f3n de la movilidad, para institucionalizar esta concertaci\u00f3n de ideas\u201d.<\/p>\n\n\n\n<p>Los encuentros de la Mesa Sectorial Automotriz comenzaron a mediados de octubre del a\u00f1o pasado con la participaci\u00f3n, entre otros funcionarios y funcionarias, del ministro Kulfas; el secretario de Industria, Ariel Schale; y la subsecretaria de Industria, Julieta Lousteau.<\/p>\n\n\n\n<p>El sector empresarial est\u00e1 representado en la mesa por las principales c\u00e1maras del sector (ADEFA, AFAC y ADIMRA), mientras que el sindicalismo particip\u00f3 a trav\u00e9s de la UOM, UOMRA y SMATA.<\/p>\n\n\n\n<p><em>Fuente:&nbsp;<a href=\"https:\/\/www.telam.com.ar\/notas\/202103\/546862-retenciones--exportaciones--vehiculos-0-km.html\" target=\"_blank\" rel=\"noreferrer noopener\">T\u00e9lam<\/a><\/em><\/p>\n","protected":false},"excerpt":{"rendered":"<p>Las exportaciones incrementales de las terminales automotrices, es decir las que este a\u00f1o superen los niveles de 2020, no pagar\u00e1n<\/p>\n","protected":false},"author":3,"featured_media":0,"comment_status":"open","ping_status":"open","sticky":false,"template":"","format":"standard","meta":{"colormag_page_container_layout":"default_layout","colormag_page_sidebar_layout":"default_layout","footnotes":""},"categories":[5],"tags":[361,32,208,35],"class_list":["post-4020","post","type-post","status-publish","format-standard","hentry","category-latest-news","tag-autos","tag-industria-automotriz","tag-produccion","tag-republica-argentina"],"yoast_head":"<!-- This site is optimized with the Yoast SEO plugin v27.5 - https:\/\/yoast.com\/product\/yoast-seo-wordpress\/ -->\n<title>Autos del Podio | El gobierno estimula las exportaciones automotrices<\/title>\n<meta name=\"description\" content=\"Autos del Podio En un acto realizado en el Museo del Bicentenario de la Casa de Gobierno, el presidente Alberto Fern\u00e1ndez anunci\u00f3 medidas de est\u00edmulo a las exportaciones automotrices.\" \/>\n<meta name=\"robots\" content=\"index, follow, max-snippet:-1, max-image-preview:large, max-video-preview:-1\" \/>\n<link rel=\"canonical\" href=\"http:\/\/autosdelpodio.com\/autos\/el-gobierno-estimula-las-exportaciones-automotrices\/\" \/>\n<meta property=\"og:locale\" content=\"es_ES\" \/>\n<meta property=\"og:type\" content=\"article\" \/>\n<meta property=\"og:title\" content=\"Autos del Podio | El gobierno estimula las exportaciones automotrices\" \/>\n<meta property=\"og:description\" content=\"Autos del Podio En un acto realizado en el Museo del Bicentenario de la Casa de Gobierno, el presidente Alberto Fern\u00e1ndez anunci\u00f3 medidas de est\u00edmulo a las exportaciones automotrices.\" \/>\n<meta property=\"og:url\" content=\"http:\/\/autosdelpodio.com\/autos\/el-gobierno-estimula-las-exportaciones-automotrices\/\" \/>\n<meta property=\"og:site_name\" content=\"Autos del Podio\" \/>\n<meta property=\"article:publisher\" content=\"https:\/\/www.facebook.com\/profile.php?id=100057192590976&amp;amp%3bamp%3bamp%3bamp%3bamp%3bamp%3bamp%3bamp%3bamp%3bamp%3bamp%3bamp%3bamp%3bamp%3bamp%3bamp%3bamp%3bamp%3bref=ts\" \/>\n<meta property=\"article:published_time\" content=\"2021-03-10T18:35:43+00:00\" \/>\n<meta property=\"article:modified_time\" content=\"2021-03-10T18:35:44+00:00\" \/>\n<meta name=\"author\" content=\"autosdelpodio\" \/>\n<meta name=\"twitter:card\" content=\"summary_large_image\" \/>\n<meta name=\"twitter:creator\" content=\"@autosdelpodio\" \/>\n<meta name=\"twitter:site\" content=\"@autosdelpodio\" \/>\n<meta name=\"twitter:label1\" content=\"Escrito por\" \/>\n\t<meta name=\"twitter:data1\" content=\"autosdelpodio\" \/>\n\t<meta name=\"twitter:label2\" content=\"Tiempo de lectura\" \/>\n\t<meta name=\"twitter:data2\" content=\"4 minutos\" \/>\n<script type=\"application\/ld+json\" class=\"yoast-schema-graph\">{\"@context\":\"https:\\\/\\\/schema.org\",\"@graph\":[{\"@type\":\"Article\",\"@id\":\"http:\\\/\\\/autosdelpodio.com\\\/autos\\\/el-gobierno-estimula-las-exportaciones-automotrices\\\/#article\",\"isPartOf\":{\"@id\":\"http:\\\/\\\/autosdelpodio.com\\\/autos\\\/el-gobierno-estimula-las-exportaciones-automotrices\\\/\"},\"author\":{\"name\":\"autosdelpodio\",\"@id\":\"http:\\\/\\\/autosdelpodio.com\\\/autos\\\/#\\\/schema\\\/person\\\/993527a4d01c3acdd3d6bce3770bc942\"},\"headline\":\"El gobierno estimula las exportaciones automotrices\",\"datePublished\":\"2021-03-10T18:35:43+00:00\",\"dateModified\":\"2021-03-10T18:35:44+00:00\",\"mainEntityOfPage\":{\"@id\":\"http:\\\/\\\/autosdelpodio.com\\\/autos\\\/el-gobierno-estimula-las-exportaciones-automotrices\\\/\"},\"wordCount\":854,\"commentCount\":0,\"publisher\":{\"@id\":\"http:\\\/\\\/autosdelpodio.com\\\/autos\\\/#organization\"},\"keywords\":[\"Autos\",\"Industria Automotriz\",\"Producci\u00f3n\",\"Republica Argentina\"],\"articleSection\":[\"\u00daltimas noticias\"],\"inLanguage\":\"es\",\"potentialAction\":[{\"@type\":\"CommentAction\",\"name\":\"Comment\",\"target\":[\"http:\\\/\\\/autosdelpodio.com\\\/autos\\\/el-gobierno-estimula-las-exportaciones-automotrices\\\/#respond\"]}]},{\"@type\":\"WebPage\",\"@id\":\"http:\\\/\\\/autosdelpodio.com\\\/autos\\\/el-gobierno-estimula-las-exportaciones-automotrices\\\/\",\"url\":\"http:\\\/\\\/autosdelpodio.com\\\/autos\\\/el-gobierno-estimula-las-exportaciones-automotrices\\\/\",\"name\":\"Autos del Podio | El gobierno estimula las exportaciones automotrices\",\"isPartOf\":{\"@id\":\"http:\\\/\\\/autosdelpodio.com\\\/autos\\\/#website\"},\"datePublished\":\"2021-03-10T18:35:43+00:00\",\"dateModified\":\"2021-03-10T18:35:44+00:00\",\"description\":\"Autos del Podio En un acto realizado en el Museo del Bicentenario de la Casa de Gobierno, el presidente Alberto Fern\u00e1ndez anunci\u00f3 medidas de est\u00edmulo a las exportaciones automotrices.\",\"breadcrumb\":{\"@id\":\"http:\\\/\\\/autosdelpodio.com\\\/autos\\\/el-gobierno-estimula-las-exportaciones-automotrices\\\/#breadcrumb\"},\"inLanguage\":\"es\",\"potentialAction\":[{\"@type\":\"ReadAction\",\"target\":[\"http:\\\/\\\/autosdelpodio.com\\\/autos\\\/el-gobierno-estimula-las-exportaciones-automotrices\\\/\"]}]},{\"@type\":\"BreadcrumbList\",\"@id\":\"http:\\\/\\\/autosdelpodio.com\\\/autos\\\/el-gobierno-estimula-las-exportaciones-automotrices\\\/#breadcrumb\",\"itemListElement\":[{\"@type\":\"ListItem\",\"position\":1,\"name\":\"Portada\",\"item\":\"http:\\\/\\\/autosdelpodio.com\\\/autos\\\/\"},{\"@type\":\"ListItem\",\"position\":2,\"name\":\"El gobierno estimula las exportaciones automotrices\"}]},{\"@type\":\"WebSite\",\"@id\":\"http:\\\/\\\/autosdelpodio.com\\\/autos\\\/#website\",\"url\":\"http:\\\/\\\/autosdelpodio.com\\\/autos\\\/\",\"name\":\"Autos del Podio\",\"description\":\"La sexta del deporte motor\",\"publisher\":{\"@id\":\"http:\\\/\\\/autosdelpodio.com\\\/autos\\\/#organization\"},\"potentialAction\":[{\"@type\":\"SearchAction\",\"target\":{\"@type\":\"EntryPoint\",\"urlTemplate\":\"http:\\\/\\\/autosdelpodio.com\\\/autos\\\/?s={search_term_string}\"},\"query-input\":{\"@type\":\"PropertyValueSpecification\",\"valueRequired\":true,\"valueName\":\"search_term_string\"}}],\"inLanguage\":\"es\"},{\"@type\":\"Organization\",\"@id\":\"http:\\\/\\\/autosdelpodio.com\\\/autos\\\/#organization\",\"name\":\"Autos del Podio\",\"url\":\"http:\\\/\\\/autosdelpodio.com\\\/autos\\\/\",\"logo\":{\"@type\":\"ImageObject\",\"inLanguage\":\"es\",\"@id\":\"http:\\\/\\\/autosdelpodio.com\\\/autos\\\/#\\\/schema\\\/logo\\\/image\\\/\",\"url\":\"http:\\\/\\\/autosdelpodio.com\\\/autos\\\/wp-content\\\/uploads\\\/2020\\\/08\\\/Logo_AR.jpg\",\"contentUrl\":\"http:\\\/\\\/autosdelpodio.com\\\/autos\\\/wp-content\\\/uploads\\\/2020\\\/08\\\/Logo_AR.jpg\",\"width\":1038,\"height\":1044,\"caption\":\"Autos del Podio\"},\"image\":{\"@id\":\"http:\\\/\\\/autosdelpodio.com\\\/autos\\\/#\\\/schema\\\/logo\\\/image\\\/\"},\"sameAs\":[\"https:\\\/\\\/www.facebook.com\\\/profile.php?id=100057192590976&amp;amp;amp;amp;amp;amp;amp;amp;amp;amp;amp;amp;amp;amp;amp;amp;amp;amp;ref=ts\",\"https:\\\/\\\/x.com\\\/autosdelpodio\",\"https:\\\/\\\/www.youtube.com\\\/user\\\/AutosdelPodio\"]},{\"@type\":\"Person\",\"@id\":\"http:\\\/\\\/autosdelpodio.com\\\/autos\\\/#\\\/schema\\\/person\\\/993527a4d01c3acdd3d6bce3770bc942\",\"name\":\"autosdelpodio\",\"image\":{\"@type\":\"ImageObject\",\"inLanguage\":\"es\",\"@id\":\"http:\\\/\\\/autosdelpodio.com\\\/autos\\\/wp-content\\\/litespeed\\\/avatar\\\/aa8f65cd201a80f6b844f63278aa84af.jpg?ver=1777403005\",\"url\":\"http:\\\/\\\/autosdelpodio.com\\\/autos\\\/wp-content\\\/litespeed\\\/avatar\\\/aa8f65cd201a80f6b844f63278aa84af.jpg?ver=1777403005\",\"contentUrl\":\"http:\\\/\\\/autosdelpodio.com\\\/autos\\\/wp-content\\\/litespeed\\\/avatar\\\/aa8f65cd201a80f6b844f63278aa84af.jpg?ver=1777403005\",\"caption\":\"autosdelpodio\"}}]}<\/script>\n<!-- \/ Yoast SEO plugin. -->","yoast_head_json":{"title":"Autos del Podio | El gobierno estimula las exportaciones automotrices","description":"Autos del Podio En un acto realizado en el Museo del Bicentenario de la Casa de Gobierno, el presidente Alberto Fern\u00e1ndez anunci\u00f3 medidas de est\u00edmulo a las exportaciones automotrices.","robots":{"index":"index","follow":"follow","max-snippet":"max-snippet:-1","max-image-preview":"max-image-preview:large","max-video-preview":"max-video-preview:-1"},"canonical":"http:\/\/autosdelpodio.com\/autos\/el-gobierno-estimula-las-exportaciones-automotrices\/","og_locale":"es_ES","og_type":"article","og_title":"Autos del Podio | El gobierno estimula las exportaciones automotrices","og_description":"Autos del Podio En un acto realizado en el Museo del Bicentenario de la Casa de Gobierno, el presidente Alberto Fern\u00e1ndez anunci\u00f3 medidas de est\u00edmulo a las exportaciones automotrices.","og_url":"http:\/\/autosdelpodio.com\/autos\/el-gobierno-estimula-las-exportaciones-automotrices\/","og_site_name":"Autos del Podio","article_publisher":"https:\/\/www.facebook.com\/profile.php?id=100057192590976&amp%3bamp%3bamp%3bamp%3bamp%3bamp%3bamp%3bamp%3bamp%3bamp%3bamp%3bamp%3bamp%3bamp%3bamp%3bamp%3bamp%3bamp%3bref=ts","article_published_time":"2021-03-10T18:35:43+00:00","article_modified_time":"2021-03-10T18:35:44+00:00","author":"autosdelpodio","twitter_card":"summary_large_image","twitter_creator":"@autosdelpodio","twitter_site":"@autosdelpodio","twitter_misc":{"Escrito por":"autosdelpodio","Tiempo de lectura":"4 minutos"},"schema":{"@context":"https:\/\/schema.org","@graph":[{"@type":"Article","@id":"http:\/\/autosdelpodio.com\/autos\/el-gobierno-estimula-las-exportaciones-automotrices\/#article","isPartOf":{"@id":"http:\/\/autosdelpodio.com\/autos\/el-gobierno-estimula-las-exportaciones-automotrices\/"},"author":{"name":"autosdelpodio","@id":"http:\/\/autosdelpodio.com\/autos\/#\/schema\/person\/993527a4d01c3acdd3d6bce3770bc942"},"headline":"El gobierno estimula las exportaciones automotrices","datePublished":"2021-03-10T18:35:43+00:00","dateModified":"2021-03-10T18:35:44+00:00","mainEntityOfPage":{"@id":"http:\/\/autosdelpodio.com\/autos\/el-gobierno-estimula-las-exportaciones-automotrices\/"},"wordCount":854,"commentCount":0,"publisher":{"@id":"http:\/\/autosdelpodio.com\/autos\/#organization"},"keywords":["Autos","Industria Automotriz","Producci\u00f3n","Republica Argentina"],"articleSection":["\u00daltimas noticias"],"inLanguage":"es","potentialAction":[{"@type":"CommentAction","name":"Comment","target":["http:\/\/autosdelpodio.com\/autos\/el-gobierno-estimula-las-exportaciones-automotrices\/#respond"]}]},{"@type":"WebPage","@id":"http:\/\/autosdelpodio.com\/autos\/el-gobierno-estimula-las-exportaciones-automotrices\/","url":"http:\/\/autosdelpodio.com\/autos\/el-gobierno-estimula-las-exportaciones-automotrices\/","name":"Autos del Podio | El gobierno estimula las exportaciones automotrices","isPartOf":{"@id":"http:\/\/autosdelpodio.com\/autos\/#website"},"datePublished":"2021-03-10T18:35:43+00:00","dateModified":"2021-03-10T18:35:44+00:00","description":"Autos del Podio En un acto realizado en el Museo del Bicentenario de la Casa de Gobierno, el presidente Alberto Fern\u00e1ndez anunci\u00f3 medidas de est\u00edmulo a las exportaciones automotrices.","breadcrumb":{"@id":"http:\/\/autosdelpodio.com\/autos\/el-gobierno-estimula-las-exportaciones-automotrices\/#breadcrumb"},"inLanguage":"es","potentialAction":[{"@type":"ReadAction","target":["http:\/\/autosdelpodio.com\/autos\/el-gobierno-estimula-las-exportaciones-automotrices\/"]}]},{"@type":"BreadcrumbList","@id":"http:\/\/autosdelpodio.com\/autos\/el-gobierno-estimula-las-exportaciones-automotrices\/#breadcrumb","itemListElement":[{"@type":"ListItem","position":1,"name":"Portada","item":"http:\/\/autosdelpodio.com\/autos\/"},{"@type":"ListItem","position":2,"name":"El gobierno estimula las exportaciones automotrices"}]},{"@type":"WebSite","@id":"http:\/\/autosdelpodio.com\/autos\/#website","url":"http:\/\/autosdelpodio.com\/autos\/","name":"Autos del Podio","description":"La sexta del deporte motor","publisher":{"@id":"http:\/\/autosdelpodio.com\/autos\/#organization"},"potentialAction":[{"@type":"SearchAction","target":{"@type":"EntryPoint","urlTemplate":"http:\/\/autosdelpodio.com\/autos\/?s={search_term_string}"},"query-input":{"@type":"PropertyValueSpecification","valueRequired":true,"valueName":"search_term_string"}}],"inLanguage":"es"},{"@type":"Organization","@id":"http:\/\/autosdelpodio.com\/autos\/#organization","name":"Autos del Podio","url":"http:\/\/autosdelpodio.com\/autos\/","logo":{"@type":"ImageObject","inLanguage":"es","@id":"http:\/\/autosdelpodio.com\/autos\/#\/schema\/logo\/image\/","url":"http:\/\/autosdelpodio.com\/autos\/wp-content\/uploads\/2020\/08\/Logo_AR.jpg","contentUrl":"http:\/\/autosdelpodio.com\/autos\/wp-content\/uploads\/2020\/08\/Logo_AR.jpg","width":1038,"height":1044,"caption":"Autos del Podio"},"image":{"@id":"http:\/\/autosdelpodio.com\/autos\/#\/schema\/logo\/image\/"},"sameAs":["https:\/\/www.facebook.com\/profile.php?id=100057192590976&amp;amp;amp;amp;amp;amp;amp;amp;amp;amp;amp;amp;amp;amp;amp;amp;amp;amp;ref=ts","https:\/\/x.com\/autosdelpodio","https:\/\/www.youtube.com\/user\/AutosdelPodio"]},{"@type":"Person","@id":"http:\/\/autosdelpodio.com\/autos\/#\/schema\/person\/993527a4d01c3acdd3d6bce3770bc942","name":"autosdelpodio","image":{"@type":"ImageObject","inLanguage":"es","@id":"http:\/\/autosdelpodio.com\/autos\/wp-content\/litespeed\/avatar\/aa8f65cd201a80f6b844f63278aa84af.jpg?ver=1777403005","url":"http:\/\/autosdelpodio.com\/autos\/wp-content\/litespeed\/avatar\/aa8f65cd201a80f6b844f63278aa84af.jpg?ver=1777403005","contentUrl":"http:\/\/autosdelpodio.com\/autos\/wp-content\/litespeed\/avatar\/aa8f65cd201a80f6b844f63278aa84af.jpg?ver=1777403005","caption":"autosdelpodio"}}]}},"views":540,"_links":{"self":[{"href":"http:\/\/autosdelpodio.com\/autos\/wp-json\/wp\/v2\/posts\/4020","targetHints":{"allow":["GET"]}}],"collection":[{"href":"http:\/\/autosdelpodio.com\/autos\/wp-json\/wp\/v2\/posts"}],"about":[{"href":"http:\/\/autosdelpodio.com\/autos\/wp-json\/wp\/v2\/types\/post"}],"author":[{"embeddable":true,"href":"http:\/\/autosdelpodio.com\/autos\/wp-json\/wp\/v2\/users\/3"}],"replies":[{"embeddable":true,"href":"http:\/\/autosdelpodio.com\/autos\/wp-json\/wp\/v2\/comments?post=4020"}],"version-history":[{"count":2,"href":"http:\/\/autosdelpodio.com\/autos\/wp-json\/wp\/v2\/posts\/4020\/revisions"}],"predecessor-version":[{"id":4022,"href":"http:\/\/autosdelpodio.com\/autos\/wp-json\/wp\/v2\/posts\/4020\/revisions\/4022"}],"wp:attachment":[{"href":"http:\/\/autosdelpodio.com\/autos\/wp-json\/wp\/v2\/media?parent=4020"}],"wp:term":[{"taxonomy":"category","embeddable":true,"href":"http:\/\/autosdelpodio.com\/autos\/wp-json\/wp\/v2\/categories?post=4020"},{"taxonomy":"post_tag","embeddable":true,"href":"http:\/\/autosdelpodio.com\/autos\/wp-json\/wp\/v2\/tags?post=4020"}],"curies":[{"name":"wp","href":"https:\/\/api.w.org\/{rel}","templated":true}]}}