{"id":408,"date":"2012-04-19T20:24:42","date_gmt":"2012-04-19T20:24:42","guid":{"rendered":"http:\/\/autosdelpodio.com\/autos\/2012\/04\/19\/que-no-te-la-vendan-cambiada\/"},"modified":"2012-04-19T20:24:42","modified_gmt":"2012-04-19T20:24:42","slug":"que-no-te-la-vendan-cambiada","status":"publish","type":"post","link":"http:\/\/autosdelpodio.com\/autos\/que-no-te-la-vendan-cambiada\/","title":{"rendered":"Que no te la vendan cambiada"},"content":{"rendered":"<p><span style=\"font-size: x-small;\"> <\/p>\n<p> <span style=\"font-size: x-small;\"> <\/p>\n<p><p>\u00a0<\/p>\n<p>\u00a0<\/p>\n<p style=\"text-align: justify;\">Que no te la vendan cambiada. No se es mejor o peor porque est\u00e9 en manos del estado o est\u00e9 en manos privadas. Es una buena medida, pero no es imprescindible, tampoco necesaria, \u00bfcambia algo? S\u00ed, un poco. Pero en lo que no puedes confundirte es en el cuento de que lo estatal es mejor que lo privado, o que lo privado es mejor que lo estatal, porque tanto lo estatal como lo privado est\u00e1n hechos por hombres y mujeres, y los buenos hombres y mujeres est\u00e1n en el \u00e1mbito p\u00fablico como en el privado.<\/p>\n<p style=\"text-align: justify;\">No se trata de copiar modelos, porque alguien por ah\u00ed dice, y he escuchado declaraciones de todo tipo y de todo color, poniendo ejemplos como Estados Unidos o algunos pa\u00edses de Europa, supuestamente del mundo desarrollado, a pesar de la grave crisis en la que est\u00e1n viviendo.<\/p>\n<p style=\"text-align: justify;\">Uno puede decir que tienen toda la raz\u00f3n del mundo, salvo que copiar ese modelo en Argentina es casi imposible, porque hay un peque\u00f1o detalle que se est\u00e1 escapando. Si ponemos el caso de los Estados Unidos, hace mucho m\u00e1s de doscientos a\u00f1os, desde 1776, que los tipos tienen el mismo sistema econ\u00f3mico y que tienen siempre la misma moneda, a diferencia de los pa\u00edses de Am\u00e9rica Latina.<\/p>\n<p style=\"text-align: justify;\">\u00bfQu\u00e9 se puede contar, hablando de Argentina? Si uno ya cruz\u00f3 la barrera de los cincuenta, se puede acordar de la gran cantidad de ceros que se le han sacado a nuestros billetes, y de las distintas denominaciones que hemos tenido. A esa cuesti\u00f3n debe sumarse la cosa m\u00e1s kafkiana que haya planteado cualquier econom\u00eda del mundo: el Lecop, el Patac\u00f3n, el Boc\u00f3n, nombres de toda \u00edndole donde de golpe suced\u00eda que ibas a Mendoza, incluso por una necesidad imperiosa como puede ser una desgracia familiar, y no te recib\u00edan patacones, solamente recib\u00edan bonos mendocinos o bonos federales; y eso pas\u00f3 s\u00f3lo en la Argentina. No hay otro pa\u00eds del mundo, desde que tengo uso de raz\u00f3n, que haya inventado una serie incontable de pseudomonedas, como pas\u00f3 en Argentina.<\/p>\n<p style=\"text-align: justify;\">Y si hacemos un poquito de memoria, esos bonos fueron producto de gobiernos peronistas provinciales, en su gran mayor\u00eda, responsable en gran parte de la crisis en la que desemboc\u00f3 la Argentina en diciembre de 2001.<\/p>\n<p style=\"text-align: justify;\">Por eso me permito repetir: Que no te la cuenten cambiada. Este no es un problema de manos estatales o manos privadas, la verdad es una sola y son las reglas del juego. Y en esto, con ciertas reservas, va a haber que darles la raz\u00f3n a los espa\u00f1oles o a los franceses o a los alemanes, o a los norteamericanos o a cualquier hijo de buen vecino que quiera venir a invertir en la Argentina, \u00bfconviene o no conviene? Y yo les digo no, hoy por hoy no conviene invertir en la Argentina y alguien podr\u00e1 decir: \u00a1Mir\u00e1 lo que est\u00e1 diciendo este antipatriota !<\/p>\n<p style=\"text-align: justify;\">Pongamos un ejemplo: RazonEs de SER tiene un convenio publicitario, con determinadas condiciones, firmado con el municipio de Mor\u00f3n para otorgar un servicio. Se le brinda un servicio al municipio de Mor\u00f3n, donde uno se compromete a cumplir con la prestaci\u00f3n de un determinado servicio y para ello recibe una orden de compra debidamente firmada por la autoridad responsable y que es aceptada por el medio de comunicaci\u00f3n, donde, supongamos, en un lapso de seis meses se comprometen ambas partes a cumplir determinadas caracter\u00edsticas.<\/p>\n<p style=\"text-align: justify;\">Si RazonEs de SER no cumple, el municipio con todo el derecho puede rescindir unilateralmente pero porque est\u00e1 establecido que si una de las dos partes no cumple, la rescisi\u00f3n puede ser autom\u00e1tica. Pero en el caso de que el municipio no cumpla, el medio puede demandar al municipio por incumplimiento de pago, por querer pagar menos de lo que estaba pautado o cualquier otro incumplimiento. Pues, bien, la situaci\u00f3n te va brindando inseguridad.<\/p>\n<p style=\"text-align: justify;\">\u00bfQu\u00e9 quiero decir con esto? Que cuando te vuelven a llamar para firmar una nueva pauta o un nuevo acuerdo comercial, uno va desconfiando, ya no se va con la misma confianza.<\/p>\n<p style=\"text-align: justify;\">Con un pa\u00eds es igual. Eso es lo que est\u00e1 pasando con Argentina hoy. \u00bfQui\u00e9n, en su sano juicio de empresario serio \u2013salvo que venga con un mercado especulativo de tres meses- va a venir a invertir a mediano y largo plazo si nunca se sabe cu\u00e1les son las reglas del juego?<\/p>\n<p style=\"text-align: justify;\">Lo que nos diferencia de los dem\u00e1s, y por eso digo que no te la vendan cambiada, es que uno va a los Estados Unidos y, hace doscientos a\u00f1os \u2013salvo una peque\u00f1a modificaci\u00f3n obviamente legal por los tiempos que corren- m\u00e1s o menos las reglas del juego son las mismas. En Alemania, con sus m\u00e1s y con sus menos, las reglas son las mismas, y cuando se firma algo a veinte a\u00f1os, casi con seguridad es porque durante esos veinte a\u00f1os va a ser as\u00ed.<\/p>\n<p style=\"text-align: justify;\">En la Rep\u00fablica Argentina, llevamos casi 30 a\u00f1os de vida institucional, porque para hablar de democracia todav\u00eda nos falta mucho camino por recorrer. Sin embargo, \u00bfquer\u00e9s que te diga cu\u00e1ntas veces cambiamos las reglas del juego de YPF? \u00bfCu\u00e1ntas veces se cambiaron las reglas del juego de Aerol\u00edneas Argentinas? \u00bfCu\u00e1ntas se cambiaron las del gas o las del suministro de energ\u00eda el\u00e9ctrica?&#8230; No menos de seis, porque vino Ra\u00fal Alfons\u00edn e hizo lo suyo, detr\u00e1s de Alfons\u00edn vino Carlos Sa\u00fal Menem y ya se sabe lo que pas\u00f3\u2026 Estamos pagando hoy las consecuencias. Despu\u00e9s fue el turno de Fernando de la R\u00faa y volvi\u00f3 a cambiar las reglas. En medio de la crisis m\u00e1s feroz, lleg\u00f3 Eduardo Duhalde y dijo: no, as\u00ed como lo hizo la Alianza no, esto hay que hacerlo de tal manera, y volvimos a cambiar. En el 2003 fue el turno de N\u00e9stor Kirchner y dijo: no, todo lo que hicieron los otros nada que ver, hay que hacerlo de otra manera.<\/p>\n<p style=\"text-align: justify;\">Cuatro a\u00f1os despu\u00e9s lleg\u00f3 Cristina Fern\u00e1ndez \u2013que siempre tuvo m\u00e1s poder que N\u00e9stor y que tiene m\u00e1s capacidad de mando y de gobierno que \u00e9l- y dijo: algunas cosas que implement\u00f3 N\u00e9stor tambi\u00e9n las voy a cambiar.<\/p>\n<p style=\"text-align: justify;\">Seis gobiernos, seis cambios. Eso es no tener pol\u00edtica de Estado. Y no estoy diciendo que Estados Unidos es el pa\u00eds m\u00e1s maravilloso del mundo y que si vamos todos a vivir a Estados Unidos lo vamos a pasar b\u00e1rbaro, porque no es cierto. Los que viven del R\u00edo Bravo para abajo y van a intentar suerte es USA, la pasan re mal, salvo que uno vaya con mucho dinero, obviamente. El problema es que cuando se va all\u00e1, se tiene claro a qu\u00e9 se va.<\/p>\n<p style=\"text-align: justify;\">Y por eso tambi\u00e9n estamos llegando al hartazgo de que, cada vez que se hace un anuncio, se monta una obra de teatro. La pol\u00edtica grande, la pol\u00edtica en serio, no necesita de un teatro, necesita de un conductor \u2013o una conductora en este caso- que la tenemos, porque no dejo de reconocer que tenemos conducci\u00f3n del pa\u00eds.<\/p>\n<p style=\"text-align: justify;\">Si hay algo que aplaudir de la administraci\u00f3n de Cristina Fern\u00e1ndez, m\u00e1s que de la de N\u00e9stor, es que la agenda la impone la pol\u00edtica, no la imponen los diarios.<\/p>\n<p style=\"text-align: justify;\">Hasta hace cuatro a\u00f1os la agenda la marcaban los diarios con N\u00e9stor y todo en el gobierno. Sal\u00eda Clar\u00edn y el tema era lo que dec\u00eda Clar\u00edn o La Naci\u00f3n, hoy no. Hoy Clar\u00edn y La Naci\u00f3n ponen lo que dice el gobierno y est\u00e1 muy bien, eso es excelente, es lo mejor que le puede pasar a un pa\u00eds, que la agenda la marquen los pol\u00edticos, no los medios de comunicaci\u00f3n, pero eso no quiere decir que estamos en el mejor de los mundos.<\/p>\n<p style=\"text-align: justify;\">Por eso digo, que no hay que equivocarse, que no te la vendan cambiada. No hay que comer el primer caramelo que te ponen sobre la mesa.<\/p>\n<p style=\"text-align: justify;\">El gran inconveniente que tenemos en la Rep\u00fablica Argentina se llama inseguridad jur\u00eddica. El gran problema no es la inseguridad en la calle, que es otro cuento de los medios tambi\u00e9n, porque est\u00e1 exacerbada. El gran problema de la inseguridad en Argentina no pasa por los pibes chorros, sino por la inseguridad jur\u00eddica, el no saber cu\u00e1les van a ser las reglas del juego que se van a tener dentro de dos meses, porque un d\u00eda se levant\u00f3 el se\u00f1or Guillermo Moreno, encabronado o con alguna copa de m\u00e1s y dijo: se acab\u00f3 la importaci\u00f3n de tal o cual insumo o producto\u2026 O porque Cristina un d\u00eda est\u00e1 enojada porque alg\u00fan presidente la maltrat\u00f3 o no la trat\u00f3 como ella esperaba y entonces sale y dice, a partir de ahora tal cosa.<\/p>\n<p style=\"text-align: justify;\">No se puede jugar a la pol\u00edtica. A la pol\u00edtica se la ejerce con seriedad, con madurez, con adultez y sobre todo con garant\u00edas.<\/p>\n<p style=\"text-align: justify;\">Un pa\u00eds que no da garant\u00edas, es un pa\u00eds que retrocede.<\/p>\n<\/p>\n<p> <\/span><\/span> <\/p>\n<p>\u00a0<\/p>\n<\/p>\n<p>\u00a0<\/p>\n","protected":false},"excerpt":{"rendered":"<p>\u00a0 \u00a0 Que no te la vendan cambiada. No se es mejor o peor porque est\u00e9 en manos del estado<\/p>\n","protected":false},"author":1,"featured_media":407,"comment_status":"open","ping_status":"open","sticky":false,"template":"","format":"standard","meta":{"colormag_page_container_layout":"default_layout","colormag_page_sidebar_layout":"default_layout","footnotes":""},"categories":[15],"tags":[],"class_list":["post-408","post","type-post","status-publish","format-standard","has-post-thumbnail","hentry","category-opinion"],"yoast_head":"<!-- This site is optimized with the Yoast SEO plugin v27.5 - https:\/\/yoast.com\/product\/yoast-seo-wordpress\/ -->\n<title>Autos del Podio | Que no te la vendan cambiada<\/title>\n<meta name=\"description\" content=\"Autos del Podio\" \/>\n<meta name=\"robots\" content=\"index, follow, max-snippet:-1, max-image-preview:large, max-video-preview:-1\" \/>\n<link rel=\"canonical\" href=\"http:\/\/autosdelpodio.com\/autos\/que-no-te-la-vendan-cambiada\/\" \/>\n<meta property=\"og:locale\" content=\"es_ES\" \/>\n<meta property=\"og:type\" content=\"article\" \/>\n<meta property=\"og:title\" content=\"Autos del Podio | Que no te la vendan cambiada\" \/>\n<meta property=\"og:description\" content=\"Autos del Podio\" \/>\n<meta property=\"og:url\" content=\"http:\/\/autosdelpodio.com\/autos\/que-no-te-la-vendan-cambiada\/\" \/>\n<meta property=\"og:site_name\" content=\"Autos del Podio\" \/>\n<meta property=\"article:publisher\" content=\"https:\/\/www.facebook.com\/profile.php?id=100057192590976&amp;amp%3bamp%3bamp%3bamp%3bamp%3bamp%3bamp%3bamp%3bamp%3bamp%3bamp%3bamp%3bamp%3bamp%3bamp%3bamp%3bamp%3bamp%3bref=ts\" \/>\n<meta property=\"article:published_time\" content=\"2012-04-19T20:24:42+00:00\" \/>\n<meta property=\"og:image\" content=\"http:\/\/autosdelpodio.com\/autos\/wp-content\/uploads\/2012\/04\/b_1003712578_ypf.jpg\" \/>\n\t<meta property=\"og:image:width\" content=\"454\" \/>\n\t<meta property=\"og:image:height\" content=\"302\" \/>\n\t<meta property=\"og:image:type\" content=\"image\/jpeg\" \/>\n<meta name=\"author\" content=\"wi022230\" \/>\n<meta name=\"twitter:card\" content=\"summary_large_image\" \/>\n<meta name=\"twitter:creator\" content=\"@autosdelpodio\" \/>\n<meta name=\"twitter:site\" content=\"@autosdelpodio\" \/>\n<meta name=\"twitter:label1\" content=\"Escrito por\" \/>\n\t<meta name=\"twitter:data1\" content=\"wi022230\" \/>\n\t<meta name=\"twitter:label2\" content=\"Tiempo de lectura\" \/>\n\t<meta name=\"twitter:data2\" content=\"8 minutos\" \/>\n<script type=\"application\/ld+json\" class=\"yoast-schema-graph\">{\"@context\":\"https:\\\/\\\/schema.org\",\"@graph\":[{\"@type\":\"Article\",\"@id\":\"http:\\\/\\\/autosdelpodio.com\\\/autos\\\/que-no-te-la-vendan-cambiada\\\/#article\",\"isPartOf\":{\"@id\":\"http:\\\/\\\/autosdelpodio.com\\\/autos\\\/que-no-te-la-vendan-cambiada\\\/\"},\"author\":{\"name\":\"wi022230\",\"@id\":\"http:\\\/\\\/autosdelpodio.com\\\/autos\\\/#\\\/schema\\\/person\\\/e88353cabf768863fdf874e30120f3ba\"},\"headline\":\"Que no te la vendan cambiada\",\"datePublished\":\"2012-04-19T20:24:42+00:00\",\"mainEntityOfPage\":{\"@id\":\"http:\\\/\\\/autosdelpodio.com\\\/autos\\\/que-no-te-la-vendan-cambiada\\\/\"},\"wordCount\":1581,\"commentCount\":0,\"publisher\":{\"@id\":\"http:\\\/\\\/autosdelpodio.com\\\/autos\\\/#organization\"},\"image\":{\"@id\":\"http:\\\/\\\/autosdelpodio.com\\\/autos\\\/que-no-te-la-vendan-cambiada\\\/#primaryimage\"},\"thumbnailUrl\":\"http:\\\/\\\/autosdelpodio.com\\\/autos\\\/wp-content\\\/uploads\\\/2012\\\/04\\\/b_1003712578_ypf.jpg\",\"articleSection\":[\"Opini\u00f3n\"],\"inLanguage\":\"es\",\"potentialAction\":[{\"@type\":\"CommentAction\",\"name\":\"Comment\",\"target\":[\"http:\\\/\\\/autosdelpodio.com\\\/autos\\\/que-no-te-la-vendan-cambiada\\\/#respond\"]}]},{\"@type\":\"WebPage\",\"@id\":\"http:\\\/\\\/autosdelpodio.com\\\/autos\\\/que-no-te-la-vendan-cambiada\\\/\",\"url\":\"http:\\\/\\\/autosdelpodio.com\\\/autos\\\/que-no-te-la-vendan-cambiada\\\/\",\"name\":\"Autos del Podio | Que no te la vendan cambiada\",\"isPartOf\":{\"@id\":\"http:\\\/\\\/autosdelpodio.com\\\/autos\\\/#website\"},\"primaryImageOfPage\":{\"@id\":\"http:\\\/\\\/autosdelpodio.com\\\/autos\\\/que-no-te-la-vendan-cambiada\\\/#primaryimage\"},\"image\":{\"@id\":\"http:\\\/\\\/autosdelpodio.com\\\/autos\\\/que-no-te-la-vendan-cambiada\\\/#primaryimage\"},\"thumbnailUrl\":\"http:\\\/\\\/autosdelpodio.com\\\/autos\\\/wp-content\\\/uploads\\\/2012\\\/04\\\/b_1003712578_ypf.jpg\",\"datePublished\":\"2012-04-19T20:24:42+00:00\",\"description\":\"Autos del Podio\",\"breadcrumb\":{\"@id\":\"http:\\\/\\\/autosdelpodio.com\\\/autos\\\/que-no-te-la-vendan-cambiada\\\/#breadcrumb\"},\"inLanguage\":\"es\",\"potentialAction\":[{\"@type\":\"ReadAction\",\"target\":[\"http:\\\/\\\/autosdelpodio.com\\\/autos\\\/que-no-te-la-vendan-cambiada\\\/\"]}]},{\"@type\":\"ImageObject\",\"inLanguage\":\"es\",\"@id\":\"http:\\\/\\\/autosdelpodio.com\\\/autos\\\/que-no-te-la-vendan-cambiada\\\/#primaryimage\",\"url\":\"http:\\\/\\\/autosdelpodio.com\\\/autos\\\/wp-content\\\/uploads\\\/2012\\\/04\\\/b_1003712578_ypf.jpg\",\"contentUrl\":\"http:\\\/\\\/autosdelpodio.com\\\/autos\\\/wp-content\\\/uploads\\\/2012\\\/04\\\/b_1003712578_ypf.jpg\",\"width\":454,\"height\":302},{\"@type\":\"BreadcrumbList\",\"@id\":\"http:\\\/\\\/autosdelpodio.com\\\/autos\\\/que-no-te-la-vendan-cambiada\\\/#breadcrumb\",\"itemListElement\":[{\"@type\":\"ListItem\",\"position\":1,\"name\":\"Portada\",\"item\":\"http:\\\/\\\/autosdelpodio.com\\\/autos\\\/\"},{\"@type\":\"ListItem\",\"position\":2,\"name\":\"Que no te la vendan cambiada\"}]},{\"@type\":\"WebSite\",\"@id\":\"http:\\\/\\\/autosdelpodio.com\\\/autos\\\/#website\",\"url\":\"http:\\\/\\\/autosdelpodio.com\\\/autos\\\/\",\"name\":\"Autos del Podio\",\"description\":\"La sexta del deporte motor\",\"publisher\":{\"@id\":\"http:\\\/\\\/autosdelpodio.com\\\/autos\\\/#organization\"},\"potentialAction\":[{\"@type\":\"SearchAction\",\"target\":{\"@type\":\"EntryPoint\",\"urlTemplate\":\"http:\\\/\\\/autosdelpodio.com\\\/autos\\\/?s={search_term_string}\"},\"query-input\":{\"@type\":\"PropertyValueSpecification\",\"valueRequired\":true,\"valueName\":\"search_term_string\"}}],\"inLanguage\":\"es\"},{\"@type\":\"Organization\",\"@id\":\"http:\\\/\\\/autosdelpodio.com\\\/autos\\\/#organization\",\"name\":\"Autos del Podio\",\"url\":\"http:\\\/\\\/autosdelpodio.com\\\/autos\\\/\",\"logo\":{\"@type\":\"ImageObject\",\"inLanguage\":\"es\",\"@id\":\"http:\\\/\\\/autosdelpodio.com\\\/autos\\\/#\\\/schema\\\/logo\\\/image\\\/\",\"url\":\"http:\\\/\\\/autosdelpodio.com\\\/autos\\\/wp-content\\\/uploads\\\/2020\\\/08\\\/Logo_AR.jpg\",\"contentUrl\":\"http:\\\/\\\/autosdelpodio.com\\\/autos\\\/wp-content\\\/uploads\\\/2020\\\/08\\\/Logo_AR.jpg\",\"width\":1038,\"height\":1044,\"caption\":\"Autos del Podio\"},\"image\":{\"@id\":\"http:\\\/\\\/autosdelpodio.com\\\/autos\\\/#\\\/schema\\\/logo\\\/image\\\/\"},\"sameAs\":[\"https:\\\/\\\/www.facebook.com\\\/profile.php?id=100057192590976&amp;amp;amp;amp;amp;amp;amp;amp;amp;amp;amp;amp;amp;amp;amp;amp;amp;amp;ref=ts\",\"https:\\\/\\\/x.com\\\/autosdelpodio\",\"https:\\\/\\\/www.youtube.com\\\/user\\\/AutosdelPodio\"]},{\"@type\":\"Person\",\"@id\":\"http:\\\/\\\/autosdelpodio.com\\\/autos\\\/#\\\/schema\\\/person\\\/e88353cabf768863fdf874e30120f3ba\",\"name\":\"wi022230\",\"image\":{\"@type\":\"ImageObject\",\"inLanguage\":\"es\",\"@id\":\"http:\\\/\\\/autosdelpodio.com\\\/autos\\\/wp-content\\\/litespeed\\\/avatar\\\/453fc9bdbb11d766ba4c7f14d0bd0aa9.jpg?ver=1777404874\",\"url\":\"http:\\\/\\\/autosdelpodio.com\\\/autos\\\/wp-content\\\/litespeed\\\/avatar\\\/453fc9bdbb11d766ba4c7f14d0bd0aa9.jpg?ver=1777404874\",\"contentUrl\":\"http:\\\/\\\/autosdelpodio.com\\\/autos\\\/wp-content\\\/litespeed\\\/avatar\\\/453fc9bdbb11d766ba4c7f14d0bd0aa9.jpg?ver=1777404874\",\"caption\":\"wi022230\"}}]}<\/script>\n<!-- \/ Yoast SEO plugin. -->","yoast_head_json":{"title":"Autos del Podio | Que no te la vendan cambiada","description":"Autos del Podio","robots":{"index":"index","follow":"follow","max-snippet":"max-snippet:-1","max-image-preview":"max-image-preview:large","max-video-preview":"max-video-preview:-1"},"canonical":"http:\/\/autosdelpodio.com\/autos\/que-no-te-la-vendan-cambiada\/","og_locale":"es_ES","og_type":"article","og_title":"Autos del Podio | Que no te la vendan cambiada","og_description":"Autos del Podio","og_url":"http:\/\/autosdelpodio.com\/autos\/que-no-te-la-vendan-cambiada\/","og_site_name":"Autos del Podio","article_publisher":"https:\/\/www.facebook.com\/profile.php?id=100057192590976&amp%3bamp%3bamp%3bamp%3bamp%3bamp%3bamp%3bamp%3bamp%3bamp%3bamp%3bamp%3bamp%3bamp%3bamp%3bamp%3bamp%3bamp%3bref=ts","article_published_time":"2012-04-19T20:24:42+00:00","og_image":[{"width":454,"height":302,"url":"http:\/\/autosdelpodio.com\/autos\/wp-content\/uploads\/2012\/04\/b_1003712578_ypf.jpg","type":"image\/jpeg"}],"author":"wi022230","twitter_card":"summary_large_image","twitter_creator":"@autosdelpodio","twitter_site":"@autosdelpodio","twitter_misc":{"Escrito por":"wi022230","Tiempo de lectura":"8 minutos"},"schema":{"@context":"https:\/\/schema.org","@graph":[{"@type":"Article","@id":"http:\/\/autosdelpodio.com\/autos\/que-no-te-la-vendan-cambiada\/#article","isPartOf":{"@id":"http:\/\/autosdelpodio.com\/autos\/que-no-te-la-vendan-cambiada\/"},"author":{"name":"wi022230","@id":"http:\/\/autosdelpodio.com\/autos\/#\/schema\/person\/e88353cabf768863fdf874e30120f3ba"},"headline":"Que no te la vendan cambiada","datePublished":"2012-04-19T20:24:42+00:00","mainEntityOfPage":{"@id":"http:\/\/autosdelpodio.com\/autos\/que-no-te-la-vendan-cambiada\/"},"wordCount":1581,"commentCount":0,"publisher":{"@id":"http:\/\/autosdelpodio.com\/autos\/#organization"},"image":{"@id":"http:\/\/autosdelpodio.com\/autos\/que-no-te-la-vendan-cambiada\/#primaryimage"},"thumbnailUrl":"http:\/\/autosdelpodio.com\/autos\/wp-content\/uploads\/2012\/04\/b_1003712578_ypf.jpg","articleSection":["Opini\u00f3n"],"inLanguage":"es","potentialAction":[{"@type":"CommentAction","name":"Comment","target":["http:\/\/autosdelpodio.com\/autos\/que-no-te-la-vendan-cambiada\/#respond"]}]},{"@type":"WebPage","@id":"http:\/\/autosdelpodio.com\/autos\/que-no-te-la-vendan-cambiada\/","url":"http:\/\/autosdelpodio.com\/autos\/que-no-te-la-vendan-cambiada\/","name":"Autos del Podio | Que no te la vendan cambiada","isPartOf":{"@id":"http:\/\/autosdelpodio.com\/autos\/#website"},"primaryImageOfPage":{"@id":"http:\/\/autosdelpodio.com\/autos\/que-no-te-la-vendan-cambiada\/#primaryimage"},"image":{"@id":"http:\/\/autosdelpodio.com\/autos\/que-no-te-la-vendan-cambiada\/#primaryimage"},"thumbnailUrl":"http:\/\/autosdelpodio.com\/autos\/wp-content\/uploads\/2012\/04\/b_1003712578_ypf.jpg","datePublished":"2012-04-19T20:24:42+00:00","description":"Autos del Podio","breadcrumb":{"@id":"http:\/\/autosdelpodio.com\/autos\/que-no-te-la-vendan-cambiada\/#breadcrumb"},"inLanguage":"es","potentialAction":[{"@type":"ReadAction","target":["http:\/\/autosdelpodio.com\/autos\/que-no-te-la-vendan-cambiada\/"]}]},{"@type":"ImageObject","inLanguage":"es","@id":"http:\/\/autosdelpodio.com\/autos\/que-no-te-la-vendan-cambiada\/#primaryimage","url":"http:\/\/autosdelpodio.com\/autos\/wp-content\/uploads\/2012\/04\/b_1003712578_ypf.jpg","contentUrl":"http:\/\/autosdelpodio.com\/autos\/wp-content\/uploads\/2012\/04\/b_1003712578_ypf.jpg","width":454,"height":302},{"@type":"BreadcrumbList","@id":"http:\/\/autosdelpodio.com\/autos\/que-no-te-la-vendan-cambiada\/#breadcrumb","itemListElement":[{"@type":"ListItem","position":1,"name":"Portada","item":"http:\/\/autosdelpodio.com\/autos\/"},{"@type":"ListItem","position":2,"name":"Que no te la vendan cambiada"}]},{"@type":"WebSite","@id":"http:\/\/autosdelpodio.com\/autos\/#website","url":"http:\/\/autosdelpodio.com\/autos\/","name":"Autos del Podio","description":"La sexta del deporte motor","publisher":{"@id":"http:\/\/autosdelpodio.com\/autos\/#organization"},"potentialAction":[{"@type":"SearchAction","target":{"@type":"EntryPoint","urlTemplate":"http:\/\/autosdelpodio.com\/autos\/?s={search_term_string}"},"query-input":{"@type":"PropertyValueSpecification","valueRequired":true,"valueName":"search_term_string"}}],"inLanguage":"es"},{"@type":"Organization","@id":"http:\/\/autosdelpodio.com\/autos\/#organization","name":"Autos del Podio","url":"http:\/\/autosdelpodio.com\/autos\/","logo":{"@type":"ImageObject","inLanguage":"es","@id":"http:\/\/autosdelpodio.com\/autos\/#\/schema\/logo\/image\/","url":"http:\/\/autosdelpodio.com\/autos\/wp-content\/uploads\/2020\/08\/Logo_AR.jpg","contentUrl":"http:\/\/autosdelpodio.com\/autos\/wp-content\/uploads\/2020\/08\/Logo_AR.jpg","width":1038,"height":1044,"caption":"Autos del Podio"},"image":{"@id":"http:\/\/autosdelpodio.com\/autos\/#\/schema\/logo\/image\/"},"sameAs":["https:\/\/www.facebook.com\/profile.php?id=100057192590976&amp;amp;amp;amp;amp;amp;amp;amp;amp;amp;amp;amp;amp;amp;amp;amp;amp;amp;ref=ts","https:\/\/x.com\/autosdelpodio","https:\/\/www.youtube.com\/user\/AutosdelPodio"]},{"@type":"Person","@id":"http:\/\/autosdelpodio.com\/autos\/#\/schema\/person\/e88353cabf768863fdf874e30120f3ba","name":"wi022230","image":{"@type":"ImageObject","inLanguage":"es","@id":"http:\/\/autosdelpodio.com\/autos\/wp-content\/litespeed\/avatar\/453fc9bdbb11d766ba4c7f14d0bd0aa9.jpg?ver=1777404874","url":"http:\/\/autosdelpodio.com\/autos\/wp-content\/litespeed\/avatar\/453fc9bdbb11d766ba4c7f14d0bd0aa9.jpg?ver=1777404874","contentUrl":"http:\/\/autosdelpodio.com\/autos\/wp-content\/litespeed\/avatar\/453fc9bdbb11d766ba4c7f14d0bd0aa9.jpg?ver=1777404874","caption":"wi022230"}}]}},"views":443,"_links":{"self":[{"href":"http:\/\/autosdelpodio.com\/autos\/wp-json\/wp\/v2\/posts\/408","targetHints":{"allow":["GET"]}}],"collection":[{"href":"http:\/\/autosdelpodio.com\/autos\/wp-json\/wp\/v2\/posts"}],"about":[{"href":"http:\/\/autosdelpodio.com\/autos\/wp-json\/wp\/v2\/types\/post"}],"author":[{"embeddable":true,"href":"http:\/\/autosdelpodio.com\/autos\/wp-json\/wp\/v2\/users\/1"}],"replies":[{"embeddable":true,"href":"http:\/\/autosdelpodio.com\/autos\/wp-json\/wp\/v2\/comments?post=408"}],"version-history":[{"count":0,"href":"http:\/\/autosdelpodio.com\/autos\/wp-json\/wp\/v2\/posts\/408\/revisions"}],"wp:featuredmedia":[{"embeddable":true,"href":"http:\/\/autosdelpodio.com\/autos\/wp-json\/wp\/v2\/media\/407"}],"wp:attachment":[{"href":"http:\/\/autosdelpodio.com\/autos\/wp-json\/wp\/v2\/media?parent=408"}],"wp:term":[{"taxonomy":"category","embeddable":true,"href":"http:\/\/autosdelpodio.com\/autos\/wp-json\/wp\/v2\/categories?post=408"},{"taxonomy":"post_tag","embeddable":true,"href":"http:\/\/autosdelpodio.com\/autos\/wp-json\/wp\/v2\/tags?post=408"}],"curies":[{"name":"wp","href":"https:\/\/api.w.org\/{rel}","templated":true}]}}