{"id":4097,"date":"2021-03-30T19:29:08","date_gmt":"2021-03-30T22:29:08","guid":{"rendered":"http:\/\/autosdelpodio.com\/autos\/?p=4097"},"modified":"2021-03-30T19:29:09","modified_gmt":"2021-03-30T22:29:09","slug":"gm-argentina-fabrico-el-chevrolet-cruze-150-000","status":"publish","type":"post","link":"http:\/\/autosdelpodio.com\/autos\/gm-argentina-fabrico-el-chevrolet-cruze-150-000\/","title":{"rendered":"GM Argentina fabric\u00f3 el Chevrolet Cruze 150.000"},"content":{"rendered":"\n<p>GM Argentina fabric\u00f3 el Chevrolet Cruze 150.000. El complejo industrial de General Motors, ubicado en Alvear, Rosario, provincia de Santa Fe, produjo el pasado viernes 26 de marzo un Cruze Sed\u00e1n Premier con destino final Brasil, a donde se exporta entre otros pa\u00edses de la regi\u00f3n.<\/p>\n\n\n\n<p>Al respecto, Federico Ovejero, vicepresidente de GM Argentina, Uruguay y Paraguay asegur\u00f3 \u201c<em>es un gran orgullo para nosotros alcanzar este volumen de fabricaci\u00f3n de un modelo que sigue siendo el sed\u00e1n m\u00e1s tecnol\u00f3gico que se fabrica en la Argentina y que se ha convertido en un referente de Chevrolet en nuestro pa\u00eds y en la regi\u00f3n, resultado de nuestro compromiso con la calidad de manufactura que existe en nuestra f\u00e1brica\u201d<\/em>.<\/p>\n\n\n\n<p>Por su parte, Claudio Vulcano, director de Manufactura del complejo santafecino de General Motors subray\u00f3 tambi\u00e9n que \u201c<em>este evento es resultado de una construcci\u00f3n constante de calidad y excelencia de todos los que participan en esta larga cadena de valor para la fabricaci\u00f3n de veh\u00edculos Chevrolet en Argentina: empleados, proveedores, sindicato, e instalaciones con un alt\u00edsimo equipamiento tecnol\u00f3gico invertido, dan como resultado una planta industrial de \u00faltima generaci\u00f3n que produce veh\u00edculos de alt\u00edsima calidad y nos llena de un gran orgullo<\/em>\u201d.<\/p>\n\n\n\n<h5 class=\"wp-block-heading\">Acerca del Chevrolet Cruze<\/h5>\n\n\n\n<p>El Chevrolet Cruze se comercializa con tres niveles de equipamiento (LT, LTZ y Premier), en dos versiones de carrocer\u00eda, hatch (5 puertas) y sed\u00e1n (4 puertas). La motorizaci\u00f3n turbo del Cruze es naftera de 1.4L de 4 cilindros\/16v y 153 cv de potencia, y ofrece dos tipos de cajas de cambio, manual o autom\u00e1tica de 6 velocidades.<\/p>\n\n\n\n<p>Recientemente fue lanzada la versi\u00f3n LTZ con importantes modificaciones est\u00e9ticas ofreciendo llantas, parrilla y paragolpes m\u00e1s deportivos, adem\u00e1s de un paquete de equipamiento superior que lo ubica entre las versiones LT y Premier, en una franja de precio muy buscada por los clientes de este segmento. Adem\u00e1s de un dise\u00f1o frontal diferenciado, la nueva versi\u00f3n del Cruze LTZ se caracteriza por las llantas de 17\u201d con terminaci\u00f3n especial, por los faros traseros LED, por su interior&nbsp;<em>premium<\/em>&nbsp;en tono oscuro, por la c\u00e1mara de marcha atr\u00e1s de alta definici\u00f3n, cargador de bater\u00eda de celular inal\u00e1mbrico, y por la nueva generaci\u00f3n de MyLink con sistema de Internet Wifi nativo y OnStar.<\/p>\n\n\n\n<p><em>Fuente: prensa GM Argentina<\/em><\/p>\n","protected":false},"excerpt":{"rendered":"<p>GM Argentina fabric\u00f3 el Chevrolet Cruze 150.000. El complejo industrial de General Motors, ubicado en Alvear, Rosario, provincia de Santa<\/p>\n","protected":false},"author":3,"featured_media":4098,"comment_status":"open","ping_status":"open","sticky":false,"template":"","format":"standard","meta":{"colormag_page_container_layout":"default_layout","colormag_page_sidebar_layout":"default_layout","footnotes":""},"categories":[6],"tags":[537,401,32,208,35],"class_list":["post-4097","post","type-post","status-publish","format-standard","has-post-thumbnail","hentry","category-newsflash","tag-general-alvear","tag-general-motors","tag-industria-automotriz","tag-produccion","tag-republica-argentina"],"yoast_head":"<!-- This site is optimized with the Yoast SEO plugin v27.5 - https:\/\/yoast.com\/product\/yoast-seo-wordpress\/ -->\n<title>Autos del Podio | GM Argentina fabric\u00f3 el Chevrolet Cruze 150.000<\/title>\n<meta name=\"description\" content=\"Autos del Podio El Complejo Automotor de GM ubicado en Alvear, provincia de Santa Fe, produjo la unidad 150.000 del Chevrolet Cruze\" \/>\n<meta name=\"robots\" content=\"index, follow, max-snippet:-1, max-image-preview:large, max-video-preview:-1\" \/>\n<link rel=\"canonical\" href=\"http:\/\/autosdelpodio.com\/autos\/gm-argentina-fabrico-el-chevrolet-cruze-150-000\/\" \/>\n<meta property=\"og:locale\" content=\"es_ES\" \/>\n<meta property=\"og:type\" content=\"article\" \/>\n<meta property=\"og:title\" content=\"Autos del Podio | GM Argentina fabric\u00f3 el Chevrolet Cruze 150.000\" \/>\n<meta property=\"og:description\" content=\"Autos del Podio El Complejo Automotor de GM ubicado en Alvear, provincia de Santa Fe, produjo la unidad 150.000 del Chevrolet Cruze\" \/>\n<meta property=\"og:url\" content=\"http:\/\/autosdelpodio.com\/autos\/gm-argentina-fabrico-el-chevrolet-cruze-150-000\/\" \/>\n<meta property=\"og:site_name\" content=\"Autos del Podio\" \/>\n<meta property=\"article:publisher\" content=\"https:\/\/www.facebook.com\/profile.php?id=100057192590976&amp;amp%3bamp%3bamp%3bamp%3bamp%3bamp%3bamp%3bamp%3bamp%3bamp%3bamp%3bamp%3bamp%3bamp%3bamp%3bamp%3bamp%3bamp%3bref=ts\" \/>\n<meta property=\"article:published_time\" content=\"2021-03-30T22:29:08+00:00\" \/>\n<meta property=\"article:modified_time\" content=\"2021-03-30T22:29:09+00:00\" \/>\n<meta property=\"og:image\" content=\"http:\/\/autosdelpodio.com\/autos\/wp-content\/uploads\/2021\/03\/Chevrolet_Cruze-e1617143277846.jpg\" \/>\n\t<meta property=\"og:image:width\" content=\"500\" \/>\n\t<meta property=\"og:image:height\" content=\"250\" \/>\n\t<meta property=\"og:image:type\" content=\"image\/jpeg\" \/>\n<meta name=\"author\" content=\"autosdelpodio\" \/>\n<meta name=\"twitter:card\" content=\"summary_large_image\" \/>\n<meta name=\"twitter:creator\" content=\"@autosdelpodio\" \/>\n<meta name=\"twitter:site\" content=\"@autosdelpodio\" \/>\n<meta name=\"twitter:label1\" content=\"Escrito por\" \/>\n\t<meta name=\"twitter:data1\" content=\"autosdelpodio\" \/>\n\t<meta name=\"twitter:label2\" content=\"Tiempo de lectura\" \/>\n\t<meta name=\"twitter:data2\" content=\"2 minutos\" \/>\n<script type=\"application\/ld+json\" class=\"yoast-schema-graph\">{\"@context\":\"https:\\\/\\\/schema.org\",\"@graph\":[{\"@type\":\"Article\",\"@id\":\"http:\\\/\\\/autosdelpodio.com\\\/autos\\\/gm-argentina-fabrico-el-chevrolet-cruze-150-000\\\/#article\",\"isPartOf\":{\"@id\":\"http:\\\/\\\/autosdelpodio.com\\\/autos\\\/gm-argentina-fabrico-el-chevrolet-cruze-150-000\\\/\"},\"author\":{\"name\":\"autosdelpodio\",\"@id\":\"http:\\\/\\\/autosdelpodio.com\\\/autos\\\/#\\\/schema\\\/person\\\/993527a4d01c3acdd3d6bce3770bc942\"},\"headline\":\"GM Argentina fabric\u00f3 el Chevrolet Cruze 150.000\",\"datePublished\":\"2021-03-30T22:29:08+00:00\",\"dateModified\":\"2021-03-30T22:29:09+00:00\",\"mainEntityOfPage\":{\"@id\":\"http:\\\/\\\/autosdelpodio.com\\\/autos\\\/gm-argentina-fabrico-el-chevrolet-cruze-150-000\\\/\"},\"wordCount\":410,\"commentCount\":0,\"publisher\":{\"@id\":\"http:\\\/\\\/autosdelpodio.com\\\/autos\\\/#organization\"},\"image\":{\"@id\":\"http:\\\/\\\/autosdelpodio.com\\\/autos\\\/gm-argentina-fabrico-el-chevrolet-cruze-150-000\\\/#primaryimage\"},\"thumbnailUrl\":\"http:\\\/\\\/autosdelpodio.com\\\/autos\\\/wp-content\\\/uploads\\\/2021\\\/03\\\/Chevrolet_Cruze-e1617143277846.jpg\",\"keywords\":[\"General Alvear\",\"General Motors\",\"Industria Automotriz\",\"Producci\u00f3n\",\"Republica Argentina\"],\"articleSection\":[\"Destacado\"],\"inLanguage\":\"es\",\"potentialAction\":[{\"@type\":\"CommentAction\",\"name\":\"Comment\",\"target\":[\"http:\\\/\\\/autosdelpodio.com\\\/autos\\\/gm-argentina-fabrico-el-chevrolet-cruze-150-000\\\/#respond\"]}]},{\"@type\":\"WebPage\",\"@id\":\"http:\\\/\\\/autosdelpodio.com\\\/autos\\\/gm-argentina-fabrico-el-chevrolet-cruze-150-000\\\/\",\"url\":\"http:\\\/\\\/autosdelpodio.com\\\/autos\\\/gm-argentina-fabrico-el-chevrolet-cruze-150-000\\\/\",\"name\":\"Autos del Podio | GM Argentina fabric\u00f3 el Chevrolet Cruze 150.000\",\"isPartOf\":{\"@id\":\"http:\\\/\\\/autosdelpodio.com\\\/autos\\\/#website\"},\"primaryImageOfPage\":{\"@id\":\"http:\\\/\\\/autosdelpodio.com\\\/autos\\\/gm-argentina-fabrico-el-chevrolet-cruze-150-000\\\/#primaryimage\"},\"image\":{\"@id\":\"http:\\\/\\\/autosdelpodio.com\\\/autos\\\/gm-argentina-fabrico-el-chevrolet-cruze-150-000\\\/#primaryimage\"},\"thumbnailUrl\":\"http:\\\/\\\/autosdelpodio.com\\\/autos\\\/wp-content\\\/uploads\\\/2021\\\/03\\\/Chevrolet_Cruze-e1617143277846.jpg\",\"datePublished\":\"2021-03-30T22:29:08+00:00\",\"dateModified\":\"2021-03-30T22:29:09+00:00\",\"description\":\"Autos del Podio El Complejo Automotor de GM ubicado en Alvear, provincia de Santa Fe, produjo la unidad 150.000 del Chevrolet Cruze\",\"breadcrumb\":{\"@id\":\"http:\\\/\\\/autosdelpodio.com\\\/autos\\\/gm-argentina-fabrico-el-chevrolet-cruze-150-000\\\/#breadcrumb\"},\"inLanguage\":\"es\",\"potentialAction\":[{\"@type\":\"ReadAction\",\"target\":[\"http:\\\/\\\/autosdelpodio.com\\\/autos\\\/gm-argentina-fabrico-el-chevrolet-cruze-150-000\\\/\"]}]},{\"@type\":\"ImageObject\",\"inLanguage\":\"es\",\"@id\":\"http:\\\/\\\/autosdelpodio.com\\\/autos\\\/gm-argentina-fabrico-el-chevrolet-cruze-150-000\\\/#primaryimage\",\"url\":\"http:\\\/\\\/autosdelpodio.com\\\/autos\\\/wp-content\\\/uploads\\\/2021\\\/03\\\/Chevrolet_Cruze-e1617143277846.jpg\",\"contentUrl\":\"http:\\\/\\\/autosdelpodio.com\\\/autos\\\/wp-content\\\/uploads\\\/2021\\\/03\\\/Chevrolet_Cruze-e1617143277846.jpg\",\"width\":500,\"height\":250},{\"@type\":\"BreadcrumbList\",\"@id\":\"http:\\\/\\\/autosdelpodio.com\\\/autos\\\/gm-argentina-fabrico-el-chevrolet-cruze-150-000\\\/#breadcrumb\",\"itemListElement\":[{\"@type\":\"ListItem\",\"position\":1,\"name\":\"Portada\",\"item\":\"http:\\\/\\\/autosdelpodio.com\\\/autos\\\/\"},{\"@type\":\"ListItem\",\"position\":2,\"name\":\"GM Argentina fabric\u00f3 el Chevrolet Cruze 150.000\"}]},{\"@type\":\"WebSite\",\"@id\":\"http:\\\/\\\/autosdelpodio.com\\\/autos\\\/#website\",\"url\":\"http:\\\/\\\/autosdelpodio.com\\\/autos\\\/\",\"name\":\"Autos del Podio\",\"description\":\"La sexta del deporte motor\",\"publisher\":{\"@id\":\"http:\\\/\\\/autosdelpodio.com\\\/autos\\\/#organization\"},\"potentialAction\":[{\"@type\":\"SearchAction\",\"target\":{\"@type\":\"EntryPoint\",\"urlTemplate\":\"http:\\\/\\\/autosdelpodio.com\\\/autos\\\/?s={search_term_string}\"},\"query-input\":{\"@type\":\"PropertyValueSpecification\",\"valueRequired\":true,\"valueName\":\"search_term_string\"}}],\"inLanguage\":\"es\"},{\"@type\":\"Organization\",\"@id\":\"http:\\\/\\\/autosdelpodio.com\\\/autos\\\/#organization\",\"name\":\"Autos del Podio\",\"url\":\"http:\\\/\\\/autosdelpodio.com\\\/autos\\\/\",\"logo\":{\"@type\":\"ImageObject\",\"inLanguage\":\"es\",\"@id\":\"http:\\\/\\\/autosdelpodio.com\\\/autos\\\/#\\\/schema\\\/logo\\\/image\\\/\",\"url\":\"http:\\\/\\\/autosdelpodio.com\\\/autos\\\/wp-content\\\/uploads\\\/2020\\\/08\\\/Logo_AR.jpg\",\"contentUrl\":\"http:\\\/\\\/autosdelpodio.com\\\/autos\\\/wp-content\\\/uploads\\\/2020\\\/08\\\/Logo_AR.jpg\",\"width\":1038,\"height\":1044,\"caption\":\"Autos del Podio\"},\"image\":{\"@id\":\"http:\\\/\\\/autosdelpodio.com\\\/autos\\\/#\\\/schema\\\/logo\\\/image\\\/\"},\"sameAs\":[\"https:\\\/\\\/www.facebook.com\\\/profile.php?id=100057192590976&amp;amp;amp;amp;amp;amp;amp;amp;amp;amp;amp;amp;amp;amp;amp;amp;amp;amp;ref=ts\",\"https:\\\/\\\/x.com\\\/autosdelpodio\",\"https:\\\/\\\/www.youtube.com\\\/user\\\/AutosdelPodio\"]},{\"@type\":\"Person\",\"@id\":\"http:\\\/\\\/autosdelpodio.com\\\/autos\\\/#\\\/schema\\\/person\\\/993527a4d01c3acdd3d6bce3770bc942\",\"name\":\"autosdelpodio\",\"image\":{\"@type\":\"ImageObject\",\"inLanguage\":\"es\",\"@id\":\"http:\\\/\\\/autosdelpodio.com\\\/autos\\\/wp-content\\\/litespeed\\\/avatar\\\/aa8f65cd201a80f6b844f63278aa84af.jpg?ver=1777403005\",\"url\":\"http:\\\/\\\/autosdelpodio.com\\\/autos\\\/wp-content\\\/litespeed\\\/avatar\\\/aa8f65cd201a80f6b844f63278aa84af.jpg?ver=1777403005\",\"contentUrl\":\"http:\\\/\\\/autosdelpodio.com\\\/autos\\\/wp-content\\\/litespeed\\\/avatar\\\/aa8f65cd201a80f6b844f63278aa84af.jpg?ver=1777403005\",\"caption\":\"autosdelpodio\"}}]}<\/script>\n<!-- \/ Yoast SEO plugin. -->","yoast_head_json":{"title":"Autos del Podio | GM Argentina fabric\u00f3 el Chevrolet Cruze 150.000","description":"Autos del Podio El Complejo Automotor de GM ubicado en Alvear, provincia de Santa Fe, produjo la unidad 150.000 del Chevrolet Cruze","robots":{"index":"index","follow":"follow","max-snippet":"max-snippet:-1","max-image-preview":"max-image-preview:large","max-video-preview":"max-video-preview:-1"},"canonical":"http:\/\/autosdelpodio.com\/autos\/gm-argentina-fabrico-el-chevrolet-cruze-150-000\/","og_locale":"es_ES","og_type":"article","og_title":"Autos del Podio | GM Argentina fabric\u00f3 el Chevrolet Cruze 150.000","og_description":"Autos del Podio El Complejo Automotor de GM ubicado en Alvear, provincia de Santa Fe, produjo la unidad 150.000 del Chevrolet Cruze","og_url":"http:\/\/autosdelpodio.com\/autos\/gm-argentina-fabrico-el-chevrolet-cruze-150-000\/","og_site_name":"Autos del Podio","article_publisher":"https:\/\/www.facebook.com\/profile.php?id=100057192590976&amp%3bamp%3bamp%3bamp%3bamp%3bamp%3bamp%3bamp%3bamp%3bamp%3bamp%3bamp%3bamp%3bamp%3bamp%3bamp%3bamp%3bamp%3bref=ts","article_published_time":"2021-03-30T22:29:08+00:00","article_modified_time":"2021-03-30T22:29:09+00:00","og_image":[{"width":500,"height":250,"url":"http:\/\/autosdelpodio.com\/autos\/wp-content\/uploads\/2021\/03\/Chevrolet_Cruze-e1617143277846.jpg","type":"image\/jpeg"}],"author":"autosdelpodio","twitter_card":"summary_large_image","twitter_creator":"@autosdelpodio","twitter_site":"@autosdelpodio","twitter_misc":{"Escrito por":"autosdelpodio","Tiempo de lectura":"2 minutos"},"schema":{"@context":"https:\/\/schema.org","@graph":[{"@type":"Article","@id":"http:\/\/autosdelpodio.com\/autos\/gm-argentina-fabrico-el-chevrolet-cruze-150-000\/#article","isPartOf":{"@id":"http:\/\/autosdelpodio.com\/autos\/gm-argentina-fabrico-el-chevrolet-cruze-150-000\/"},"author":{"name":"autosdelpodio","@id":"http:\/\/autosdelpodio.com\/autos\/#\/schema\/person\/993527a4d01c3acdd3d6bce3770bc942"},"headline":"GM Argentina fabric\u00f3 el Chevrolet Cruze 150.000","datePublished":"2021-03-30T22:29:08+00:00","dateModified":"2021-03-30T22:29:09+00:00","mainEntityOfPage":{"@id":"http:\/\/autosdelpodio.com\/autos\/gm-argentina-fabrico-el-chevrolet-cruze-150-000\/"},"wordCount":410,"commentCount":0,"publisher":{"@id":"http:\/\/autosdelpodio.com\/autos\/#organization"},"image":{"@id":"http:\/\/autosdelpodio.com\/autos\/gm-argentina-fabrico-el-chevrolet-cruze-150-000\/#primaryimage"},"thumbnailUrl":"http:\/\/autosdelpodio.com\/autos\/wp-content\/uploads\/2021\/03\/Chevrolet_Cruze-e1617143277846.jpg","keywords":["General Alvear","General Motors","Industria Automotriz","Producci\u00f3n","Republica Argentina"],"articleSection":["Destacado"],"inLanguage":"es","potentialAction":[{"@type":"CommentAction","name":"Comment","target":["http:\/\/autosdelpodio.com\/autos\/gm-argentina-fabrico-el-chevrolet-cruze-150-000\/#respond"]}]},{"@type":"WebPage","@id":"http:\/\/autosdelpodio.com\/autos\/gm-argentina-fabrico-el-chevrolet-cruze-150-000\/","url":"http:\/\/autosdelpodio.com\/autos\/gm-argentina-fabrico-el-chevrolet-cruze-150-000\/","name":"Autos del Podio | GM Argentina fabric\u00f3 el Chevrolet Cruze 150.000","isPartOf":{"@id":"http:\/\/autosdelpodio.com\/autos\/#website"},"primaryImageOfPage":{"@id":"http:\/\/autosdelpodio.com\/autos\/gm-argentina-fabrico-el-chevrolet-cruze-150-000\/#primaryimage"},"image":{"@id":"http:\/\/autosdelpodio.com\/autos\/gm-argentina-fabrico-el-chevrolet-cruze-150-000\/#primaryimage"},"thumbnailUrl":"http:\/\/autosdelpodio.com\/autos\/wp-content\/uploads\/2021\/03\/Chevrolet_Cruze-e1617143277846.jpg","datePublished":"2021-03-30T22:29:08+00:00","dateModified":"2021-03-30T22:29:09+00:00","description":"Autos del Podio El Complejo Automotor de GM ubicado en Alvear, provincia de Santa Fe, produjo la unidad 150.000 del Chevrolet Cruze","breadcrumb":{"@id":"http:\/\/autosdelpodio.com\/autos\/gm-argentina-fabrico-el-chevrolet-cruze-150-000\/#breadcrumb"},"inLanguage":"es","potentialAction":[{"@type":"ReadAction","target":["http:\/\/autosdelpodio.com\/autos\/gm-argentina-fabrico-el-chevrolet-cruze-150-000\/"]}]},{"@type":"ImageObject","inLanguage":"es","@id":"http:\/\/autosdelpodio.com\/autos\/gm-argentina-fabrico-el-chevrolet-cruze-150-000\/#primaryimage","url":"http:\/\/autosdelpodio.com\/autos\/wp-content\/uploads\/2021\/03\/Chevrolet_Cruze-e1617143277846.jpg","contentUrl":"http:\/\/autosdelpodio.com\/autos\/wp-content\/uploads\/2021\/03\/Chevrolet_Cruze-e1617143277846.jpg","width":500,"height":250},{"@type":"BreadcrumbList","@id":"http:\/\/autosdelpodio.com\/autos\/gm-argentina-fabrico-el-chevrolet-cruze-150-000\/#breadcrumb","itemListElement":[{"@type":"ListItem","position":1,"name":"Portada","item":"http:\/\/autosdelpodio.com\/autos\/"},{"@type":"ListItem","position":2,"name":"GM Argentina fabric\u00f3 el Chevrolet Cruze 150.000"}]},{"@type":"WebSite","@id":"http:\/\/autosdelpodio.com\/autos\/#website","url":"http:\/\/autosdelpodio.com\/autos\/","name":"Autos del Podio","description":"La sexta del deporte motor","publisher":{"@id":"http:\/\/autosdelpodio.com\/autos\/#organization"},"potentialAction":[{"@type":"SearchAction","target":{"@type":"EntryPoint","urlTemplate":"http:\/\/autosdelpodio.com\/autos\/?s={search_term_string}"},"query-input":{"@type":"PropertyValueSpecification","valueRequired":true,"valueName":"search_term_string"}}],"inLanguage":"es"},{"@type":"Organization","@id":"http:\/\/autosdelpodio.com\/autos\/#organization","name":"Autos del Podio","url":"http:\/\/autosdelpodio.com\/autos\/","logo":{"@type":"ImageObject","inLanguage":"es","@id":"http:\/\/autosdelpodio.com\/autos\/#\/schema\/logo\/image\/","url":"http:\/\/autosdelpodio.com\/autos\/wp-content\/uploads\/2020\/08\/Logo_AR.jpg","contentUrl":"http:\/\/autosdelpodio.com\/autos\/wp-content\/uploads\/2020\/08\/Logo_AR.jpg","width":1038,"height":1044,"caption":"Autos del Podio"},"image":{"@id":"http:\/\/autosdelpodio.com\/autos\/#\/schema\/logo\/image\/"},"sameAs":["https:\/\/www.facebook.com\/profile.php?id=100057192590976&amp;amp;amp;amp;amp;amp;amp;amp;amp;amp;amp;amp;amp;amp;amp;amp;amp;amp;ref=ts","https:\/\/x.com\/autosdelpodio","https:\/\/www.youtube.com\/user\/AutosdelPodio"]},{"@type":"Person","@id":"http:\/\/autosdelpodio.com\/autos\/#\/schema\/person\/993527a4d01c3acdd3d6bce3770bc942","name":"autosdelpodio","image":{"@type":"ImageObject","inLanguage":"es","@id":"http:\/\/autosdelpodio.com\/autos\/wp-content\/litespeed\/avatar\/aa8f65cd201a80f6b844f63278aa84af.jpg?ver=1777403005","url":"http:\/\/autosdelpodio.com\/autos\/wp-content\/litespeed\/avatar\/aa8f65cd201a80f6b844f63278aa84af.jpg?ver=1777403005","contentUrl":"http:\/\/autosdelpodio.com\/autos\/wp-content\/litespeed\/avatar\/aa8f65cd201a80f6b844f63278aa84af.jpg?ver=1777403005","caption":"autosdelpodio"}}]}},"views":697,"_links":{"self":[{"href":"http:\/\/autosdelpodio.com\/autos\/wp-json\/wp\/v2\/posts\/4097","targetHints":{"allow":["GET"]}}],"collection":[{"href":"http:\/\/autosdelpodio.com\/autos\/wp-json\/wp\/v2\/posts"}],"about":[{"href":"http:\/\/autosdelpodio.com\/autos\/wp-json\/wp\/v2\/types\/post"}],"author":[{"embeddable":true,"href":"http:\/\/autosdelpodio.com\/autos\/wp-json\/wp\/v2\/users\/3"}],"replies":[{"embeddable":true,"href":"http:\/\/autosdelpodio.com\/autos\/wp-json\/wp\/v2\/comments?post=4097"}],"version-history":[{"count":1,"href":"http:\/\/autosdelpodio.com\/autos\/wp-json\/wp\/v2\/posts\/4097\/revisions"}],"predecessor-version":[{"id":4099,"href":"http:\/\/autosdelpodio.com\/autos\/wp-json\/wp\/v2\/posts\/4097\/revisions\/4099"}],"wp:featuredmedia":[{"embeddable":true,"href":"http:\/\/autosdelpodio.com\/autos\/wp-json\/wp\/v2\/media\/4098"}],"wp:attachment":[{"href":"http:\/\/autosdelpodio.com\/autos\/wp-json\/wp\/v2\/media?parent=4097"}],"wp:term":[{"taxonomy":"category","embeddable":true,"href":"http:\/\/autosdelpodio.com\/autos\/wp-json\/wp\/v2\/categories?post=4097"},{"taxonomy":"post_tag","embeddable":true,"href":"http:\/\/autosdelpodio.com\/autos\/wp-json\/wp\/v2\/tags?post=4097"}],"curies":[{"name":"wp","href":"https:\/\/api.w.org\/{rel}","templated":true}]}}