{"id":41,"date":"2010-10-16T19:24:11","date_gmt":"2010-10-16T19:24:11","guid":{"rendered":"http:\/\/autosdelpodio.com\/autos\/2010\/10\/16\/iquienes-los-sabian-itodos-los-sabiamos\/"},"modified":"2010-10-16T19:24:11","modified_gmt":"2010-10-16T19:24:11","slug":"iquienes-los-sabian-itodos-los-sabiamos","status":"publish","type":"post","link":"http:\/\/autosdelpodio.com\/autos\/iquienes-los-sabian-itodos-los-sabiamos\/","title":{"rendered":"\u00bfQuienes lo sab\u00edan? \u00bfTodos lo sab\u00edamos?"},"content":{"rendered":"<p style=\"text-align: justify;\">Las noticias circulaban a ritmo vertiginoso, los aciertos, los errores, las diferencias de dinero, los sponsors ca\u00eddos, las ayudas y todo el enjambre de situaciones que le aportaron al tema un clima de expectaci\u00f3n constante durante mucho tiempo; pensando que todo eso era pasado, y el presente anunciaba que Argentina volv\u00eda a tener un representante en la m\u00e1xima categor\u00eda del automovilismo mundial despu\u00e9s de la participaci\u00f3n de Gast\u00f3n Mazzacane en las temporadas 2000 y 2001.<\/p>\n<p>  <!--more-->  <\/p>\n<p>Desde su regreso a la Argentina, Lopez obtuvo reconocimiento y la popularidad de la gran masa que no lo segu\u00eda de cerca en los tiempos de Europa.Fue bicampe\u00f3n en el TC 2000 (2008 Y 2009), campe\u00f3n en su a\u00f1o debut en la TRV6, y de no ser por la mancha de aceite que no pudo esquivar con el Torino de TC en el curvon salotto del Galvez faltando un par de vueltas en la ultima carrera, hoy estar\u00edamos hablando de la in\u00e9dita triple corona.<\/p>\n<p>La uni\u00f3n hizo la fuerza y en total la cifra que trascendi\u00f3 para que L\u00f3pez corra en F\u00f3rmula 1 rondaba los 8.000.000 de d\u00f3lares. En el contrato, 2.000.000 los aportaba el Gobierno Nacional por intermedio de la Secretar\u00eda de Turismo, mientras que el resto lo acercar\u00edan, en diferentes proporciones, una empresa de telefon\u00eda, Lo Jack, Tafirol, una constructora del Sur del pa\u00eds ,la categor\u00eda TRV6, Revista Corsa y Pauny, la firma de tractores del padre de \u201cPechito\u201d L\u00f3pez.<\/p>\n<p>Y as\u00ed fue Jos\u00e9 Mar\u00eda L\u00f3pez en los papeles lleg\u00f3 a la F\u00f3rmula 1con avales, contratos, licencia en tr\u00e1mite&#8230;y, nada m\u00e1s. Tras el frustrado contrato con el US F1, el piloto argentino intent\u00f3 sumarse como tester al equipo espa\u00f1ol del Hispania Racing Team (Campos Meta), pero este Plan B tampoco prosper\u00f3.<\/p>\n<p>Lejos de ser lo que se negocio desde un principio, poder seguir entre los pocos que tienen la chance en F1, pintaba como una buena alternativa.<\/p>\n<p>En el 2009, Windsor y Ken Anderson del USF1 (anunciaron p\u00fablicamente desde Estados Unidos su pretensi\u00f3n de crear un equipo para participar en F\u00f3rmula 1 a partir de 2010. Aquello ocurri\u00f3 antes de que Max Mosley, en ese tiempo presidente de la Federaci\u00f3n Internacional del Autom\u00f3vil, impulsara el tope presupuestario de 40 millones de libras esterlinas al a\u00f1o que estuvo a punto de provocar un quiebre en la categor\u00eda. Al emprendimiento se uni\u00f3 luego Chad Hurley (cofundador de YouTube), quien despu\u00e9s se bajo del proyecto.<\/p>\n<p>Con el resultado puesto, las voces se empezaron a alzar.En definitiva subidos a la ilusi\u00f3n deso\u00edmos la mas importante, la del jefe del circo Bernard Ecclestone, cuando manifestaba que la escuder\u00eda espa\u00f1ola Campos Meta y la norteamericana no estaban en condiciones de arrancar el mundial 2010: \u00abCampos y el equipo americano (USF1) tienen problemas financieros, no t\u00e9cnicos\u00bb.<\/p>\n<p>Compramos espejitos de colores, invocando los tiempos de Fangio. No es cr\u00edtica, pero como esta planteado el automovilismo nacional hoy, con 4 categor\u00edas nacionales de Turismos y sin una categor\u00eda fuerte en monopostos desde la extinci\u00f3n de la F3 sudamericana, habr\u00e1 que pensar en autos con techo, y participar seriamente en categor\u00edas como la FIA GT por ejemplo.<\/p>\n<p>\u00a0<\/p>\n","protected":false},"excerpt":{"rendered":"<p>Las noticias circulaban a ritmo vertiginoso, los aciertos, los errores, las diferencias de dinero, los sponsors ca\u00eddos, las ayudas y<\/p>\n","protected":false},"author":1,"featured_media":0,"comment_status":"open","ping_status":"open","sticky":false,"template":"","format":"standard","meta":{"colormag_page_container_layout":"default_layout","colormag_page_sidebar_layout":"default_layout","footnotes":""},"categories":[15],"tags":[],"class_list":["post-41","post","type-post","status-publish","format-standard","hentry","category-opinion"],"yoast_head":"<!-- This site is optimized with the Yoast SEO plugin v27.4 - https:\/\/yoast.com\/product\/yoast-seo-wordpress\/ -->\n<title>Autos del Podio | \u00bfQuienes lo sab\u00edan? \u00bfTodos lo sab\u00edamos?<\/title>\n<meta name=\"description\" content=\"Autos del Podio\" \/>\n<meta name=\"robots\" content=\"index, follow, max-snippet:-1, max-image-preview:large, max-video-preview:-1\" \/>\n<link rel=\"canonical\" href=\"http:\/\/autosdelpodio.com\/autos\/iquienes-los-sabian-itodos-los-sabiamos\/\" \/>\n<meta property=\"og:locale\" content=\"es_ES\" \/>\n<meta property=\"og:type\" content=\"article\" \/>\n<meta property=\"og:title\" content=\"Autos del Podio | \u00bfQuienes lo sab\u00edan? \u00bfTodos lo sab\u00edamos?\" \/>\n<meta property=\"og:description\" content=\"Autos del Podio\" \/>\n<meta property=\"og:url\" content=\"http:\/\/autosdelpodio.com\/autos\/iquienes-los-sabian-itodos-los-sabiamos\/\" \/>\n<meta property=\"og:site_name\" content=\"Autos del Podio\" \/>\n<meta property=\"article:publisher\" content=\"https:\/\/www.facebook.com\/profile.php?id=100057192590976&amp;amp%3bamp%3bamp%3bamp%3bamp%3bamp%3bamp%3bamp%3bamp%3bamp%3bamp%3bamp%3bamp%3bamp%3bamp%3bamp%3bamp%3bamp%3bref=ts\" \/>\n<meta property=\"article:published_time\" content=\"2010-10-16T19:24:11+00:00\" \/>\n<meta name=\"author\" content=\"wi022230\" \/>\n<meta name=\"twitter:card\" content=\"summary_large_image\" \/>\n<meta name=\"twitter:creator\" content=\"@autosdelpodio\" \/>\n<meta name=\"twitter:site\" content=\"@autosdelpodio\" \/>\n<meta name=\"twitter:label1\" content=\"Escrito por\" \/>\n\t<meta name=\"twitter:data1\" content=\"wi022230\" \/>\n\t<meta name=\"twitter:label2\" content=\"Tiempo de lectura\" \/>\n\t<meta name=\"twitter:data2\" content=\"3 minutos\" \/>\n<script type=\"application\/ld+json\" class=\"yoast-schema-graph\">{\"@context\":\"https:\\\/\\\/schema.org\",\"@graph\":[{\"@type\":\"Article\",\"@id\":\"http:\\\/\\\/autosdelpodio.com\\\/autos\\\/iquienes-los-sabian-itodos-los-sabiamos\\\/#article\",\"isPartOf\":{\"@id\":\"http:\\\/\\\/autosdelpodio.com\\\/autos\\\/iquienes-los-sabian-itodos-los-sabiamos\\\/\"},\"author\":{\"name\":\"wi022230\",\"@id\":\"http:\\\/\\\/autosdelpodio.com\\\/autos\\\/#\\\/schema\\\/person\\\/e88353cabf768863fdf874e30120f3ba\"},\"headline\":\"\u00bfQuienes lo sab\u00edan? \u00bfTodos lo sab\u00edamos?\",\"datePublished\":\"2010-10-16T19:24:11+00:00\",\"mainEntityOfPage\":{\"@id\":\"http:\\\/\\\/autosdelpodio.com\\\/autos\\\/iquienes-los-sabian-itodos-los-sabiamos\\\/\"},\"wordCount\":559,\"commentCount\":0,\"publisher\":{\"@id\":\"http:\\\/\\\/autosdelpodio.com\\\/autos\\\/#organization\"},\"articleSection\":[\"Opini\u00f3n\"],\"inLanguage\":\"es\",\"potentialAction\":[{\"@type\":\"CommentAction\",\"name\":\"Comment\",\"target\":[\"http:\\\/\\\/autosdelpodio.com\\\/autos\\\/iquienes-los-sabian-itodos-los-sabiamos\\\/#respond\"]}]},{\"@type\":\"WebPage\",\"@id\":\"http:\\\/\\\/autosdelpodio.com\\\/autos\\\/iquienes-los-sabian-itodos-los-sabiamos\\\/\",\"url\":\"http:\\\/\\\/autosdelpodio.com\\\/autos\\\/iquienes-los-sabian-itodos-los-sabiamos\\\/\",\"name\":\"Autos del Podio | \u00bfQuienes lo sab\u00edan? \u00bfTodos lo sab\u00edamos?\",\"isPartOf\":{\"@id\":\"http:\\\/\\\/autosdelpodio.com\\\/autos\\\/#website\"},\"datePublished\":\"2010-10-16T19:24:11+00:00\",\"description\":\"Autos del Podio\",\"breadcrumb\":{\"@id\":\"http:\\\/\\\/autosdelpodio.com\\\/autos\\\/iquienes-los-sabian-itodos-los-sabiamos\\\/#breadcrumb\"},\"inLanguage\":\"es\",\"potentialAction\":[{\"@type\":\"ReadAction\",\"target\":[\"http:\\\/\\\/autosdelpodio.com\\\/autos\\\/iquienes-los-sabian-itodos-los-sabiamos\\\/\"]}]},{\"@type\":\"BreadcrumbList\",\"@id\":\"http:\\\/\\\/autosdelpodio.com\\\/autos\\\/iquienes-los-sabian-itodos-los-sabiamos\\\/#breadcrumb\",\"itemListElement\":[{\"@type\":\"ListItem\",\"position\":1,\"name\":\"Portada\",\"item\":\"http:\\\/\\\/autosdelpodio.com\\\/autos\\\/\"},{\"@type\":\"ListItem\",\"position\":2,\"name\":\"\u00bfQuienes lo sab\u00edan? \u00bfTodos lo sab\u00edamos?\"}]},{\"@type\":\"WebSite\",\"@id\":\"http:\\\/\\\/autosdelpodio.com\\\/autos\\\/#website\",\"url\":\"http:\\\/\\\/autosdelpodio.com\\\/autos\\\/\",\"name\":\"Autos del Podio\",\"description\":\"La sexta del deporte motor\",\"publisher\":{\"@id\":\"http:\\\/\\\/autosdelpodio.com\\\/autos\\\/#organization\"},\"potentialAction\":[{\"@type\":\"SearchAction\",\"target\":{\"@type\":\"EntryPoint\",\"urlTemplate\":\"http:\\\/\\\/autosdelpodio.com\\\/autos\\\/?s={search_term_string}\"},\"query-input\":{\"@type\":\"PropertyValueSpecification\",\"valueRequired\":true,\"valueName\":\"search_term_string\"}}],\"inLanguage\":\"es\"},{\"@type\":\"Organization\",\"@id\":\"http:\\\/\\\/autosdelpodio.com\\\/autos\\\/#organization\",\"name\":\"Autos del Podio\",\"url\":\"http:\\\/\\\/autosdelpodio.com\\\/autos\\\/\",\"logo\":{\"@type\":\"ImageObject\",\"inLanguage\":\"es\",\"@id\":\"http:\\\/\\\/autosdelpodio.com\\\/autos\\\/#\\\/schema\\\/logo\\\/image\\\/\",\"url\":\"http:\\\/\\\/autosdelpodio.com\\\/autos\\\/wp-content\\\/uploads\\\/2020\\\/08\\\/Logo_AR.jpg\",\"contentUrl\":\"http:\\\/\\\/autosdelpodio.com\\\/autos\\\/wp-content\\\/uploads\\\/2020\\\/08\\\/Logo_AR.jpg\",\"width\":1038,\"height\":1044,\"caption\":\"Autos del Podio\"},\"image\":{\"@id\":\"http:\\\/\\\/autosdelpodio.com\\\/autos\\\/#\\\/schema\\\/logo\\\/image\\\/\"},\"sameAs\":[\"https:\\\/\\\/www.facebook.com\\\/profile.php?id=100057192590976&amp;amp;amp;amp;amp;amp;amp;amp;amp;amp;amp;amp;amp;amp;amp;amp;amp;amp;ref=ts\",\"https:\\\/\\\/x.com\\\/autosdelpodio\",\"https:\\\/\\\/www.youtube.com\\\/user\\\/AutosdelPodio\"]},{\"@type\":\"Person\",\"@id\":\"http:\\\/\\\/autosdelpodio.com\\\/autos\\\/#\\\/schema\\\/person\\\/e88353cabf768863fdf874e30120f3ba\",\"name\":\"wi022230\",\"image\":{\"@type\":\"ImageObject\",\"inLanguage\":\"es\",\"@id\":\"http:\\\/\\\/autosdelpodio.com\\\/autos\\\/wp-content\\\/litespeed\\\/avatar\\\/453fc9bdbb11d766ba4c7f14d0bd0aa9.jpg?ver=1776800006\",\"url\":\"http:\\\/\\\/autosdelpodio.com\\\/autos\\\/wp-content\\\/litespeed\\\/avatar\\\/453fc9bdbb11d766ba4c7f14d0bd0aa9.jpg?ver=1776800006\",\"contentUrl\":\"http:\\\/\\\/autosdelpodio.com\\\/autos\\\/wp-content\\\/litespeed\\\/avatar\\\/453fc9bdbb11d766ba4c7f14d0bd0aa9.jpg?ver=1776800006\",\"caption\":\"wi022230\"}}]}<\/script>\n<!-- \/ Yoast SEO plugin. -->","yoast_head_json":{"title":"Autos del Podio | \u00bfQuienes lo sab\u00edan? \u00bfTodos lo sab\u00edamos?","description":"Autos del Podio","robots":{"index":"index","follow":"follow","max-snippet":"max-snippet:-1","max-image-preview":"max-image-preview:large","max-video-preview":"max-video-preview:-1"},"canonical":"http:\/\/autosdelpodio.com\/autos\/iquienes-los-sabian-itodos-los-sabiamos\/","og_locale":"es_ES","og_type":"article","og_title":"Autos del Podio | \u00bfQuienes lo sab\u00edan? \u00bfTodos lo sab\u00edamos?","og_description":"Autos del Podio","og_url":"http:\/\/autosdelpodio.com\/autos\/iquienes-los-sabian-itodos-los-sabiamos\/","og_site_name":"Autos del Podio","article_publisher":"https:\/\/www.facebook.com\/profile.php?id=100057192590976&amp%3bamp%3bamp%3bamp%3bamp%3bamp%3bamp%3bamp%3bamp%3bamp%3bamp%3bamp%3bamp%3bamp%3bamp%3bamp%3bamp%3bamp%3bref=ts","article_published_time":"2010-10-16T19:24:11+00:00","author":"wi022230","twitter_card":"summary_large_image","twitter_creator":"@autosdelpodio","twitter_site":"@autosdelpodio","twitter_misc":{"Escrito por":"wi022230","Tiempo de lectura":"3 minutos"},"schema":{"@context":"https:\/\/schema.org","@graph":[{"@type":"Article","@id":"http:\/\/autosdelpodio.com\/autos\/iquienes-los-sabian-itodos-los-sabiamos\/#article","isPartOf":{"@id":"http:\/\/autosdelpodio.com\/autos\/iquienes-los-sabian-itodos-los-sabiamos\/"},"author":{"name":"wi022230","@id":"http:\/\/autosdelpodio.com\/autos\/#\/schema\/person\/e88353cabf768863fdf874e30120f3ba"},"headline":"\u00bfQuienes lo sab\u00edan? \u00bfTodos lo sab\u00edamos?","datePublished":"2010-10-16T19:24:11+00:00","mainEntityOfPage":{"@id":"http:\/\/autosdelpodio.com\/autos\/iquienes-los-sabian-itodos-los-sabiamos\/"},"wordCount":559,"commentCount":0,"publisher":{"@id":"http:\/\/autosdelpodio.com\/autos\/#organization"},"articleSection":["Opini\u00f3n"],"inLanguage":"es","potentialAction":[{"@type":"CommentAction","name":"Comment","target":["http:\/\/autosdelpodio.com\/autos\/iquienes-los-sabian-itodos-los-sabiamos\/#respond"]}]},{"@type":"WebPage","@id":"http:\/\/autosdelpodio.com\/autos\/iquienes-los-sabian-itodos-los-sabiamos\/","url":"http:\/\/autosdelpodio.com\/autos\/iquienes-los-sabian-itodos-los-sabiamos\/","name":"Autos del Podio | \u00bfQuienes lo sab\u00edan? \u00bfTodos lo sab\u00edamos?","isPartOf":{"@id":"http:\/\/autosdelpodio.com\/autos\/#website"},"datePublished":"2010-10-16T19:24:11+00:00","description":"Autos del Podio","breadcrumb":{"@id":"http:\/\/autosdelpodio.com\/autos\/iquienes-los-sabian-itodos-los-sabiamos\/#breadcrumb"},"inLanguage":"es","potentialAction":[{"@type":"ReadAction","target":["http:\/\/autosdelpodio.com\/autos\/iquienes-los-sabian-itodos-los-sabiamos\/"]}]},{"@type":"BreadcrumbList","@id":"http:\/\/autosdelpodio.com\/autos\/iquienes-los-sabian-itodos-los-sabiamos\/#breadcrumb","itemListElement":[{"@type":"ListItem","position":1,"name":"Portada","item":"http:\/\/autosdelpodio.com\/autos\/"},{"@type":"ListItem","position":2,"name":"\u00bfQuienes lo sab\u00edan? \u00bfTodos lo sab\u00edamos?"}]},{"@type":"WebSite","@id":"http:\/\/autosdelpodio.com\/autos\/#website","url":"http:\/\/autosdelpodio.com\/autos\/","name":"Autos del Podio","description":"La sexta del deporte motor","publisher":{"@id":"http:\/\/autosdelpodio.com\/autos\/#organization"},"potentialAction":[{"@type":"SearchAction","target":{"@type":"EntryPoint","urlTemplate":"http:\/\/autosdelpodio.com\/autos\/?s={search_term_string}"},"query-input":{"@type":"PropertyValueSpecification","valueRequired":true,"valueName":"search_term_string"}}],"inLanguage":"es"},{"@type":"Organization","@id":"http:\/\/autosdelpodio.com\/autos\/#organization","name":"Autos del Podio","url":"http:\/\/autosdelpodio.com\/autos\/","logo":{"@type":"ImageObject","inLanguage":"es","@id":"http:\/\/autosdelpodio.com\/autos\/#\/schema\/logo\/image\/","url":"http:\/\/autosdelpodio.com\/autos\/wp-content\/uploads\/2020\/08\/Logo_AR.jpg","contentUrl":"http:\/\/autosdelpodio.com\/autos\/wp-content\/uploads\/2020\/08\/Logo_AR.jpg","width":1038,"height":1044,"caption":"Autos del Podio"},"image":{"@id":"http:\/\/autosdelpodio.com\/autos\/#\/schema\/logo\/image\/"},"sameAs":["https:\/\/www.facebook.com\/profile.php?id=100057192590976&amp;amp;amp;amp;amp;amp;amp;amp;amp;amp;amp;amp;amp;amp;amp;amp;amp;amp;ref=ts","https:\/\/x.com\/autosdelpodio","https:\/\/www.youtube.com\/user\/AutosdelPodio"]},{"@type":"Person","@id":"http:\/\/autosdelpodio.com\/autos\/#\/schema\/person\/e88353cabf768863fdf874e30120f3ba","name":"wi022230","image":{"@type":"ImageObject","inLanguage":"es","@id":"http:\/\/autosdelpodio.com\/autos\/wp-content\/litespeed\/avatar\/453fc9bdbb11d766ba4c7f14d0bd0aa9.jpg?ver=1776800006","url":"http:\/\/autosdelpodio.com\/autos\/wp-content\/litespeed\/avatar\/453fc9bdbb11d766ba4c7f14d0bd0aa9.jpg?ver=1776800006","contentUrl":"http:\/\/autosdelpodio.com\/autos\/wp-content\/litespeed\/avatar\/453fc9bdbb11d766ba4c7f14d0bd0aa9.jpg?ver=1776800006","caption":"wi022230"}}]}},"views":574,"_links":{"self":[{"href":"http:\/\/autosdelpodio.com\/autos\/wp-json\/wp\/v2\/posts\/41","targetHints":{"allow":["GET"]}}],"collection":[{"href":"http:\/\/autosdelpodio.com\/autos\/wp-json\/wp\/v2\/posts"}],"about":[{"href":"http:\/\/autosdelpodio.com\/autos\/wp-json\/wp\/v2\/types\/post"}],"author":[{"embeddable":true,"href":"http:\/\/autosdelpodio.com\/autos\/wp-json\/wp\/v2\/users\/1"}],"replies":[{"embeddable":true,"href":"http:\/\/autosdelpodio.com\/autos\/wp-json\/wp\/v2\/comments?post=41"}],"version-history":[{"count":0,"href":"http:\/\/autosdelpodio.com\/autos\/wp-json\/wp\/v2\/posts\/41\/revisions"}],"wp:attachment":[{"href":"http:\/\/autosdelpodio.com\/autos\/wp-json\/wp\/v2\/media?parent=41"}],"wp:term":[{"taxonomy":"category","embeddable":true,"href":"http:\/\/autosdelpodio.com\/autos\/wp-json\/wp\/v2\/categories?post=41"},{"taxonomy":"post_tag","embeddable":true,"href":"http:\/\/autosdelpodio.com\/autos\/wp-json\/wp\/v2\/tags?post=41"}],"curies":[{"name":"wp","href":"https:\/\/api.w.org\/{rel}","templated":true}]}}