{"id":4107,"date":"2021-04-01T15:54:40","date_gmt":"2021-04-01T18:54:40","guid":{"rendered":"http:\/\/autosdelpodio.com\/autos\/?p=4107"},"modified":"2021-04-01T22:27:54","modified_gmt":"2021-04-02T01:27:54","slug":"scania-argentina-lanzo-un-camion-edicion-limitada","status":"publish","type":"post","link":"http:\/\/autosdelpodio.com\/autos\/scania-argentina-lanzo-un-camion-edicion-limitada\/","title":{"rendered":"Scania Argentina lanz\u00f3 un cami\u00f3n edici\u00f3n limitada"},"content":{"rendered":"\n<p>Para celebrar su 45\u00ba aniversario de presencia ininterrumpida en el pa\u00eds, Scania Argentina lanz\u00f3 un cami\u00f3n que se convertir\u00e1 en el sue\u00f1o de todos los transportistas. Con una producci\u00f3n limitada a s\u00f3lo 45 unidades, una por cada a\u00f1o de historia, se comercializar\u00e1 de manera exclusiva en el mercado local. Posee una identidad visual \u00fanica y un equipamiento dise\u00f1ado para optimizar los costos operativos, el consumo de combustible, la seguridad y el confort.<\/p>\n\n\n\n<p>El incre\u00edble modelo incorpora los \u00faltimos avances y una gran novedad: la caja de cambios G33CM, desarrollada de forma especial para acoplarse perfectamente a la nueva plataforma de motores de Scania.<\/p>\n\n\n\n<p>En su exterior, el 45 a\u00f1os Limited Edition evidencia una imagen \u00fanica. A\u00fan con una tonalidad distintiva, su color blanco \u201cDistinct White\u201d le permite acoplarse a la est\u00e9tica de todas las flotas. La pintura combina de manera perfecta con las gr\u00e1ficas azul celeste, en homenaje a la bandera argentina. En ellas resalta, en ambos flancos, un Griffin novedoso y de l\u00edneas agresivas. Tambi\u00e9n se destacan la cifra 45 y la leyenda \u201cLimited Edition\u201d. A su vez, cada veh\u00edculo tiene inscripto su n\u00famero de serie exclusivo, del #01 al #45, que potencia su car\u00e1cter personalizado.<\/p>\n\n\n\n<p>El nuevo cami\u00f3n, pensado para trayectos regionales y de larga distancia, incorpora la amplia cabina R, una de las m\u00e1s confortables del mercado. Cuenta con tres versiones disponibles de motorizaci\u00f3n y configuraci\u00f3n de ejes: R 500 4&#215;2, R 500 6&#215;2 y R 540 6&#215;4. Las dos primeras entregan 500 hp y 2.550 Nm de torque, mientras que la restante ofrece 540 hp y 2.700 Nm de torque a bajas revoluciones. Todas se basan en la plataforma de motores euro 5 de 13 litros y 6 cilindros en l\u00ednea.<\/p>\n\n\n\n<p>La configuraci\u00f3n de ejes 6&#215;4 trae una novedad absoluta para nuestro pa\u00eds, ya que el tercer eje permite ser desacoplado y elevado. Eso reduce en gran medida el desgaste de las cubiertas y el consumo de combustible en comparaci\u00f3n con cualquier cami\u00f3n de doble tracci\u00f3n.<\/p>\n\n\n\n<p>La caja de cambios, fabricada en la planta industrial de Tucum\u00e1n y que ser\u00e1 exportada a todo el mundo, es completamente nueva: es m\u00e1s compacta que su predecesora, pesa 60 kilos menos y reduce 1% el consumo de combustible. Cuenta con 14 marchas automatizadas con sistema Scania Opticruise y overdrive, con hasta 4 marchas atr\u00e1s programables y 1 marcha ultralenta.<\/p>\n\n\n\n<p>El carenado lateral, el deflector delantero, los deflectores ajustables de forma el\u00e9ctrica y las luces traseras envolventes integradas al guardabarros ayudan a mejorar la aerodin\u00e1mica y minimizar el consumo de combustible. La capacidad de los tanques tambi\u00e9n fue maximizada: albergan, respectivamente, 890 litros de gasoil (en el 4&#215;2) y 800 litros (en los 6&#215;2 y 6&#215;4). Combinada con el bajo costo de operaci\u00f3n, su configuraci\u00f3n brinda la mayor autonom\u00eda posible.<\/p>\n\n\n\n<p>La seguridad tambi\u00e9n fue un aspecto prioritario al momento de especificar la unidad. Adem\u00e1s de los sistemas activos y pasivos que vienen de serie en todas las cabinas de la serie R, como Control de Crucero Adaptativo (AiCC, que ayuda a mantener un intervalo de tiempo constante en relaci\u00f3n al veh\u00edculo precedente), el Freno de Emergencia Avanzado (AEB, que evita accidentes con veh\u00edculos posicionados adelante por medio de una c\u00e1mara y un radar) y el Alerta de Cambio de Carril (LDW, que avisa cuando el cami\u00f3n desv\u00eda su trayectoria de forma involuntaria), el exclusivo modelo suma cintur\u00f3n de seguridad rojo (m\u00e1s visible desde fuera de la unidad), airbag de volante y airbag lateral de cortina. Scania es la \u00fanica marca del mundo que ofrece ese \u00faltimo dispositivo, que reduce un 25% la probabilidad de muerte ante un vuelco. A su vez, la totalidad de los espejos tienen regulaci\u00f3n el\u00e9ctrica.<\/p>\n\n\n\n<p>El confort interior es otro de los destacados de esta edici\u00f3n limitada: tablero de instrumentos tapizado completamente con materiales blandos, volante de cuero, mesa desplegable del lado del acompa\u00f1ante para uso del conductor y litera extensible hasta 1 metro de ancho (la m\u00e1s amplia del mercado), son algunos de los distintivos. En el exterior, la suspensi\u00f3n neum\u00e1tica en todos los ejes, incluido el delantero, incrementa el confort de conducci\u00f3n.<\/p>\n\n\n\n<p>El 26 de marzo de 1976, Scania comenz\u00f3 la producci\u00f3n en el pa\u00eds en la f\u00e1brica de Colombres, Tucum\u00e1n. Hoy, esa es una de las dos plantas de mecanizado de componentes de transmisi\u00f3n de la marca (la otra se localiza en Suecia) y sus productos equipan los veh\u00edculos Scania de todo el mundo.<\/p>\n\n\n\n<p><em>Fuente: Prensa Scania Argentina<\/em><\/p>\n","protected":false},"excerpt":{"rendered":"<p>Para celebrar su 45\u00ba aniversario de presencia ininterrumpida en el pa\u00eds, Scania Argentina lanz\u00f3 un cami\u00f3n que se convertir\u00e1 en<\/p>\n","protected":false},"author":3,"featured_media":4108,"comment_status":"open","ping_status":"open","sticky":false,"template":"","format":"standard","meta":{"colormag_page_container_layout":"default_layout","colormag_page_sidebar_layout":"default_layout","footnotes":""},"categories":[6],"tags":[166,32,208,163],"class_list":["post-4107","post","type-post","status-publish","format-standard","has-post-thumbnail","hentry","category-newsflash","tag-camiones","tag-industria-automotriz","tag-produccion","tag-scania"],"yoast_head":"<!-- This site is optimized with the Yoast SEO plugin v27.4 - https:\/\/yoast.com\/product\/yoast-seo-wordpress\/ -->\n<title>Autos del Podio | Scania Argentina lanz\u00f3 un cami\u00f3n edici\u00f3n limitada<\/title>\n<meta name=\"description\" content=\"Autos del Podio Para celebrar los 45 a\u00f1os de Scania en el pa\u00eds, la marca lanz\u00f3 una nueva edici\u00f3n limitada, un cami\u00f3n dise\u00f1ado para optimizar los costos operativos, la seguridad y el confort. Habr\u00e1 s\u00f3lo 45 unidades disponibles.\" \/>\n<meta name=\"robots\" content=\"index, follow, max-snippet:-1, max-image-preview:large, max-video-preview:-1\" \/>\n<link rel=\"canonical\" href=\"https:\/\/autosdelpodio.com\/autos\/scania-argentina-lanzo-un-camion-edicion-limitada\/\" \/>\n<meta property=\"og:locale\" content=\"es_ES\" \/>\n<meta property=\"og:type\" content=\"article\" \/>\n<meta property=\"og:title\" content=\"Autos del Podio | Scania Argentina lanz\u00f3 un cami\u00f3n edici\u00f3n limitada\" \/>\n<meta property=\"og:description\" content=\"Autos del Podio Para celebrar los 45 a\u00f1os de Scania en el pa\u00eds, la marca lanz\u00f3 una nueva edici\u00f3n limitada, un cami\u00f3n dise\u00f1ado para optimizar los costos operativos, la seguridad y el confort. Habr\u00e1 s\u00f3lo 45 unidades disponibles.\" \/>\n<meta property=\"og:url\" content=\"https:\/\/autosdelpodio.com\/autos\/scania-argentina-lanzo-un-camion-edicion-limitada\/\" \/>\n<meta property=\"og:site_name\" content=\"Autos del Podio\" \/>\n<meta property=\"article:publisher\" content=\"https:\/\/www.facebook.com\/profile.php?id=100057192590976&amp;amp%3bamp%3bamp%3bamp%3bamp%3bamp%3bamp%3bamp%3bamp%3bamp%3bamp%3bamp%3bamp%3bamp%3bamp%3bamp%3bamp%3bamp%3bref=ts\" \/>\n<meta property=\"article:published_time\" content=\"2021-04-01T18:54:40+00:00\" \/>\n<meta property=\"article:modified_time\" content=\"2021-04-02T01:27:54+00:00\" \/>\n<meta property=\"og:image\" content=\"https:\/\/autosdelpodio.com\/autos\/wp-content\/uploads\/2021\/04\/Scania_Camion_45Aniv-scaled-e1617303263609.jpg\" \/>\n\t<meta property=\"og:image:width\" content=\"500\" \/>\n\t<meta property=\"og:image:height\" content=\"333\" \/>\n\t<meta property=\"og:image:type\" content=\"image\/jpeg\" \/>\n<meta name=\"author\" content=\"autosdelpodio\" \/>\n<meta name=\"twitter:card\" content=\"summary_large_image\" \/>\n<meta name=\"twitter:creator\" content=\"@autosdelpodio\" \/>\n<meta name=\"twitter:site\" content=\"@autosdelpodio\" \/>\n<meta name=\"twitter:label1\" content=\"Escrito por\" \/>\n\t<meta name=\"twitter:data1\" content=\"autosdelpodio\" \/>\n\t<meta name=\"twitter:label2\" content=\"Tiempo de lectura\" \/>\n\t<meta name=\"twitter:data2\" content=\"4 minutos\" \/>\n<script type=\"application\/ld+json\" class=\"yoast-schema-graph\">{\"@context\":\"https:\\\/\\\/schema.org\",\"@graph\":[{\"@type\":\"Article\",\"@id\":\"https:\\\/\\\/autosdelpodio.com\\\/autos\\\/scania-argentina-lanzo-un-camion-edicion-limitada\\\/#article\",\"isPartOf\":{\"@id\":\"https:\\\/\\\/autosdelpodio.com\\\/autos\\\/scania-argentina-lanzo-un-camion-edicion-limitada\\\/\"},\"author\":{\"name\":\"autosdelpodio\",\"@id\":\"http:\\\/\\\/autosdelpodio.com\\\/autos\\\/#\\\/schema\\\/person\\\/993527a4d01c3acdd3d6bce3770bc942\"},\"headline\":\"Scania Argentina lanz\u00f3 un cami\u00f3n edici\u00f3n limitada\",\"datePublished\":\"2021-04-01T18:54:40+00:00\",\"dateModified\":\"2021-04-02T01:27:54+00:00\",\"mainEntityOfPage\":{\"@id\":\"https:\\\/\\\/autosdelpodio.com\\\/autos\\\/scania-argentina-lanzo-un-camion-edicion-limitada\\\/\"},\"wordCount\":778,\"commentCount\":0,\"publisher\":{\"@id\":\"http:\\\/\\\/autosdelpodio.com\\\/autos\\\/#organization\"},\"image\":{\"@id\":\"https:\\\/\\\/autosdelpodio.com\\\/autos\\\/scania-argentina-lanzo-un-camion-edicion-limitada\\\/#primaryimage\"},\"thumbnailUrl\":\"http:\\\/\\\/autosdelpodio.com\\\/autos\\\/wp-content\\\/uploads\\\/2021\\\/04\\\/Scania_Camion_45Aniv-scaled-e1617303263609.jpg\",\"keywords\":[\"Camiones\",\"Industria Automotriz\",\"Producci\u00f3n\",\"Scania\"],\"articleSection\":[\"Destacado\"],\"inLanguage\":\"es\",\"potentialAction\":[{\"@type\":\"CommentAction\",\"name\":\"Comment\",\"target\":[\"https:\\\/\\\/autosdelpodio.com\\\/autos\\\/scania-argentina-lanzo-un-camion-edicion-limitada\\\/#respond\"]}]},{\"@type\":\"WebPage\",\"@id\":\"https:\\\/\\\/autosdelpodio.com\\\/autos\\\/scania-argentina-lanzo-un-camion-edicion-limitada\\\/\",\"url\":\"https:\\\/\\\/autosdelpodio.com\\\/autos\\\/scania-argentina-lanzo-un-camion-edicion-limitada\\\/\",\"name\":\"Autos del Podio | Scania Argentina lanz\u00f3 un cami\u00f3n edici\u00f3n limitada\",\"isPartOf\":{\"@id\":\"http:\\\/\\\/autosdelpodio.com\\\/autos\\\/#website\"},\"primaryImageOfPage\":{\"@id\":\"https:\\\/\\\/autosdelpodio.com\\\/autos\\\/scania-argentina-lanzo-un-camion-edicion-limitada\\\/#primaryimage\"},\"image\":{\"@id\":\"https:\\\/\\\/autosdelpodio.com\\\/autos\\\/scania-argentina-lanzo-un-camion-edicion-limitada\\\/#primaryimage\"},\"thumbnailUrl\":\"http:\\\/\\\/autosdelpodio.com\\\/autos\\\/wp-content\\\/uploads\\\/2021\\\/04\\\/Scania_Camion_45Aniv-scaled-e1617303263609.jpg\",\"datePublished\":\"2021-04-01T18:54:40+00:00\",\"dateModified\":\"2021-04-02T01:27:54+00:00\",\"description\":\"Autos del Podio Para celebrar los 45 a\u00f1os de Scania en el pa\u00eds, la marca lanz\u00f3 una nueva edici\u00f3n limitada, un cami\u00f3n dise\u00f1ado para optimizar los costos operativos, la seguridad y el confort. Habr\u00e1 s\u00f3lo 45 unidades disponibles.\",\"breadcrumb\":{\"@id\":\"https:\\\/\\\/autosdelpodio.com\\\/autos\\\/scania-argentina-lanzo-un-camion-edicion-limitada\\\/#breadcrumb\"},\"inLanguage\":\"es\",\"potentialAction\":[{\"@type\":\"ReadAction\",\"target\":[\"https:\\\/\\\/autosdelpodio.com\\\/autos\\\/scania-argentina-lanzo-un-camion-edicion-limitada\\\/\"]}]},{\"@type\":\"ImageObject\",\"inLanguage\":\"es\",\"@id\":\"https:\\\/\\\/autosdelpodio.com\\\/autos\\\/scania-argentina-lanzo-un-camion-edicion-limitada\\\/#primaryimage\",\"url\":\"http:\\\/\\\/autosdelpodio.com\\\/autos\\\/wp-content\\\/uploads\\\/2021\\\/04\\\/Scania_Camion_45Aniv-scaled-e1617303263609.jpg\",\"contentUrl\":\"http:\\\/\\\/autosdelpodio.com\\\/autos\\\/wp-content\\\/uploads\\\/2021\\\/04\\\/Scania_Camion_45Aniv-scaled-e1617303263609.jpg\",\"width\":500,\"height\":333},{\"@type\":\"BreadcrumbList\",\"@id\":\"https:\\\/\\\/autosdelpodio.com\\\/autos\\\/scania-argentina-lanzo-un-camion-edicion-limitada\\\/#breadcrumb\",\"itemListElement\":[{\"@type\":\"ListItem\",\"position\":1,\"name\":\"Portada\",\"item\":\"http:\\\/\\\/autosdelpodio.com\\\/autos\\\/\"},{\"@type\":\"ListItem\",\"position\":2,\"name\":\"Scania Argentina lanz\u00f3 un cami\u00f3n edici\u00f3n limitada\"}]},{\"@type\":\"WebSite\",\"@id\":\"http:\\\/\\\/autosdelpodio.com\\\/autos\\\/#website\",\"url\":\"http:\\\/\\\/autosdelpodio.com\\\/autos\\\/\",\"name\":\"Autos del Podio\",\"description\":\"La sexta del deporte motor\",\"publisher\":{\"@id\":\"http:\\\/\\\/autosdelpodio.com\\\/autos\\\/#organization\"},\"potentialAction\":[{\"@type\":\"SearchAction\",\"target\":{\"@type\":\"EntryPoint\",\"urlTemplate\":\"http:\\\/\\\/autosdelpodio.com\\\/autos\\\/?s={search_term_string}\"},\"query-input\":{\"@type\":\"PropertyValueSpecification\",\"valueRequired\":true,\"valueName\":\"search_term_string\"}}],\"inLanguage\":\"es\"},{\"@type\":\"Organization\",\"@id\":\"http:\\\/\\\/autosdelpodio.com\\\/autos\\\/#organization\",\"name\":\"Autos del Podio\",\"url\":\"http:\\\/\\\/autosdelpodio.com\\\/autos\\\/\",\"logo\":{\"@type\":\"ImageObject\",\"inLanguage\":\"es\",\"@id\":\"http:\\\/\\\/autosdelpodio.com\\\/autos\\\/#\\\/schema\\\/logo\\\/image\\\/\",\"url\":\"http:\\\/\\\/autosdelpodio.com\\\/autos\\\/wp-content\\\/uploads\\\/2020\\\/08\\\/Logo_AR.jpg\",\"contentUrl\":\"http:\\\/\\\/autosdelpodio.com\\\/autos\\\/wp-content\\\/uploads\\\/2020\\\/08\\\/Logo_AR.jpg\",\"width\":1038,\"height\":1044,\"caption\":\"Autos del Podio\"},\"image\":{\"@id\":\"http:\\\/\\\/autosdelpodio.com\\\/autos\\\/#\\\/schema\\\/logo\\\/image\\\/\"},\"sameAs\":[\"https:\\\/\\\/www.facebook.com\\\/profile.php?id=100057192590976&amp;amp;amp;amp;amp;amp;amp;amp;amp;amp;amp;amp;amp;amp;amp;amp;amp;amp;ref=ts\",\"https:\\\/\\\/x.com\\\/autosdelpodio\",\"https:\\\/\\\/www.youtube.com\\\/user\\\/AutosdelPodio\"]},{\"@type\":\"Person\",\"@id\":\"http:\\\/\\\/autosdelpodio.com\\\/autos\\\/#\\\/schema\\\/person\\\/993527a4d01c3acdd3d6bce3770bc942\",\"name\":\"autosdelpodio\",\"image\":{\"@type\":\"ImageObject\",\"inLanguage\":\"es\",\"@id\":\"http:\\\/\\\/autosdelpodio.com\\\/autos\\\/wp-content\\\/litespeed\\\/avatar\\\/aa8f65cd201a80f6b844f63278aa84af.jpg?ver=1776798175\",\"url\":\"http:\\\/\\\/autosdelpodio.com\\\/autos\\\/wp-content\\\/litespeed\\\/avatar\\\/aa8f65cd201a80f6b844f63278aa84af.jpg?ver=1776798175\",\"contentUrl\":\"http:\\\/\\\/autosdelpodio.com\\\/autos\\\/wp-content\\\/litespeed\\\/avatar\\\/aa8f65cd201a80f6b844f63278aa84af.jpg?ver=1776798175\",\"caption\":\"autosdelpodio\"}}]}<\/script>\n<!-- \/ Yoast SEO plugin. -->","yoast_head_json":{"title":"Autos del Podio | Scania Argentina lanz\u00f3 un cami\u00f3n edici\u00f3n limitada","description":"Autos del Podio Para celebrar los 45 a\u00f1os de Scania en el pa\u00eds, la marca lanz\u00f3 una nueva edici\u00f3n limitada, un cami\u00f3n dise\u00f1ado para optimizar los costos operativos, la seguridad y el confort. Habr\u00e1 s\u00f3lo 45 unidades disponibles.","robots":{"index":"index","follow":"follow","max-snippet":"max-snippet:-1","max-image-preview":"max-image-preview:large","max-video-preview":"max-video-preview:-1"},"canonical":"https:\/\/autosdelpodio.com\/autos\/scania-argentina-lanzo-un-camion-edicion-limitada\/","og_locale":"es_ES","og_type":"article","og_title":"Autos del Podio | Scania Argentina lanz\u00f3 un cami\u00f3n edici\u00f3n limitada","og_description":"Autos del Podio Para celebrar los 45 a\u00f1os de Scania en el pa\u00eds, la marca lanz\u00f3 una nueva edici\u00f3n limitada, un cami\u00f3n dise\u00f1ado para optimizar los costos operativos, la seguridad y el confort. Habr\u00e1 s\u00f3lo 45 unidades disponibles.","og_url":"https:\/\/autosdelpodio.com\/autos\/scania-argentina-lanzo-un-camion-edicion-limitada\/","og_site_name":"Autos del Podio","article_publisher":"https:\/\/www.facebook.com\/profile.php?id=100057192590976&amp%3bamp%3bamp%3bamp%3bamp%3bamp%3bamp%3bamp%3bamp%3bamp%3bamp%3bamp%3bamp%3bamp%3bamp%3bamp%3bamp%3bamp%3bref=ts","article_published_time":"2021-04-01T18:54:40+00:00","article_modified_time":"2021-04-02T01:27:54+00:00","og_image":[{"width":500,"height":333,"url":"https:\/\/autosdelpodio.com\/autos\/wp-content\/uploads\/2021\/04\/Scania_Camion_45Aniv-scaled-e1617303263609.jpg","type":"image\/jpeg"}],"author":"autosdelpodio","twitter_card":"summary_large_image","twitter_creator":"@autosdelpodio","twitter_site":"@autosdelpodio","twitter_misc":{"Escrito por":"autosdelpodio","Tiempo de lectura":"4 minutos"},"schema":{"@context":"https:\/\/schema.org","@graph":[{"@type":"Article","@id":"https:\/\/autosdelpodio.com\/autos\/scania-argentina-lanzo-un-camion-edicion-limitada\/#article","isPartOf":{"@id":"https:\/\/autosdelpodio.com\/autos\/scania-argentina-lanzo-un-camion-edicion-limitada\/"},"author":{"name":"autosdelpodio","@id":"http:\/\/autosdelpodio.com\/autos\/#\/schema\/person\/993527a4d01c3acdd3d6bce3770bc942"},"headline":"Scania Argentina lanz\u00f3 un cami\u00f3n edici\u00f3n limitada","datePublished":"2021-04-01T18:54:40+00:00","dateModified":"2021-04-02T01:27:54+00:00","mainEntityOfPage":{"@id":"https:\/\/autosdelpodio.com\/autos\/scania-argentina-lanzo-un-camion-edicion-limitada\/"},"wordCount":778,"commentCount":0,"publisher":{"@id":"http:\/\/autosdelpodio.com\/autos\/#organization"},"image":{"@id":"https:\/\/autosdelpodio.com\/autos\/scania-argentina-lanzo-un-camion-edicion-limitada\/#primaryimage"},"thumbnailUrl":"http:\/\/autosdelpodio.com\/autos\/wp-content\/uploads\/2021\/04\/Scania_Camion_45Aniv-scaled-e1617303263609.jpg","keywords":["Camiones","Industria Automotriz","Producci\u00f3n","Scania"],"articleSection":["Destacado"],"inLanguage":"es","potentialAction":[{"@type":"CommentAction","name":"Comment","target":["https:\/\/autosdelpodio.com\/autos\/scania-argentina-lanzo-un-camion-edicion-limitada\/#respond"]}]},{"@type":"WebPage","@id":"https:\/\/autosdelpodio.com\/autos\/scania-argentina-lanzo-un-camion-edicion-limitada\/","url":"https:\/\/autosdelpodio.com\/autos\/scania-argentina-lanzo-un-camion-edicion-limitada\/","name":"Autos del Podio | Scania Argentina lanz\u00f3 un cami\u00f3n edici\u00f3n limitada","isPartOf":{"@id":"http:\/\/autosdelpodio.com\/autos\/#website"},"primaryImageOfPage":{"@id":"https:\/\/autosdelpodio.com\/autos\/scania-argentina-lanzo-un-camion-edicion-limitada\/#primaryimage"},"image":{"@id":"https:\/\/autosdelpodio.com\/autos\/scania-argentina-lanzo-un-camion-edicion-limitada\/#primaryimage"},"thumbnailUrl":"http:\/\/autosdelpodio.com\/autos\/wp-content\/uploads\/2021\/04\/Scania_Camion_45Aniv-scaled-e1617303263609.jpg","datePublished":"2021-04-01T18:54:40+00:00","dateModified":"2021-04-02T01:27:54+00:00","description":"Autos del Podio Para celebrar los 45 a\u00f1os de Scania en el pa\u00eds, la marca lanz\u00f3 una nueva edici\u00f3n limitada, un cami\u00f3n dise\u00f1ado para optimizar los costos operativos, la seguridad y el confort. Habr\u00e1 s\u00f3lo 45 unidades disponibles.","breadcrumb":{"@id":"https:\/\/autosdelpodio.com\/autos\/scania-argentina-lanzo-un-camion-edicion-limitada\/#breadcrumb"},"inLanguage":"es","potentialAction":[{"@type":"ReadAction","target":["https:\/\/autosdelpodio.com\/autos\/scania-argentina-lanzo-un-camion-edicion-limitada\/"]}]},{"@type":"ImageObject","inLanguage":"es","@id":"https:\/\/autosdelpodio.com\/autos\/scania-argentina-lanzo-un-camion-edicion-limitada\/#primaryimage","url":"http:\/\/autosdelpodio.com\/autos\/wp-content\/uploads\/2021\/04\/Scania_Camion_45Aniv-scaled-e1617303263609.jpg","contentUrl":"http:\/\/autosdelpodio.com\/autos\/wp-content\/uploads\/2021\/04\/Scania_Camion_45Aniv-scaled-e1617303263609.jpg","width":500,"height":333},{"@type":"BreadcrumbList","@id":"https:\/\/autosdelpodio.com\/autos\/scania-argentina-lanzo-un-camion-edicion-limitada\/#breadcrumb","itemListElement":[{"@type":"ListItem","position":1,"name":"Portada","item":"http:\/\/autosdelpodio.com\/autos\/"},{"@type":"ListItem","position":2,"name":"Scania Argentina lanz\u00f3 un cami\u00f3n edici\u00f3n limitada"}]},{"@type":"WebSite","@id":"http:\/\/autosdelpodio.com\/autos\/#website","url":"http:\/\/autosdelpodio.com\/autos\/","name":"Autos del Podio","description":"La sexta del deporte motor","publisher":{"@id":"http:\/\/autosdelpodio.com\/autos\/#organization"},"potentialAction":[{"@type":"SearchAction","target":{"@type":"EntryPoint","urlTemplate":"http:\/\/autosdelpodio.com\/autos\/?s={search_term_string}"},"query-input":{"@type":"PropertyValueSpecification","valueRequired":true,"valueName":"search_term_string"}}],"inLanguage":"es"},{"@type":"Organization","@id":"http:\/\/autosdelpodio.com\/autos\/#organization","name":"Autos del Podio","url":"http:\/\/autosdelpodio.com\/autos\/","logo":{"@type":"ImageObject","inLanguage":"es","@id":"http:\/\/autosdelpodio.com\/autos\/#\/schema\/logo\/image\/","url":"http:\/\/autosdelpodio.com\/autos\/wp-content\/uploads\/2020\/08\/Logo_AR.jpg","contentUrl":"http:\/\/autosdelpodio.com\/autos\/wp-content\/uploads\/2020\/08\/Logo_AR.jpg","width":1038,"height":1044,"caption":"Autos del Podio"},"image":{"@id":"http:\/\/autosdelpodio.com\/autos\/#\/schema\/logo\/image\/"},"sameAs":["https:\/\/www.facebook.com\/profile.php?id=100057192590976&amp;amp;amp;amp;amp;amp;amp;amp;amp;amp;amp;amp;amp;amp;amp;amp;amp;amp;ref=ts","https:\/\/x.com\/autosdelpodio","https:\/\/www.youtube.com\/user\/AutosdelPodio"]},{"@type":"Person","@id":"http:\/\/autosdelpodio.com\/autos\/#\/schema\/person\/993527a4d01c3acdd3d6bce3770bc942","name":"autosdelpodio","image":{"@type":"ImageObject","inLanguage":"es","@id":"http:\/\/autosdelpodio.com\/autos\/wp-content\/litespeed\/avatar\/aa8f65cd201a80f6b844f63278aa84af.jpg?ver=1776798175","url":"http:\/\/autosdelpodio.com\/autos\/wp-content\/litespeed\/avatar\/aa8f65cd201a80f6b844f63278aa84af.jpg?ver=1776798175","contentUrl":"http:\/\/autosdelpodio.com\/autos\/wp-content\/litespeed\/avatar\/aa8f65cd201a80f6b844f63278aa84af.jpg?ver=1776798175","caption":"autosdelpodio"}}]}},"views":679,"_links":{"self":[{"href":"http:\/\/autosdelpodio.com\/autos\/wp-json\/wp\/v2\/posts\/4107","targetHints":{"allow":["GET"]}}],"collection":[{"href":"http:\/\/autosdelpodio.com\/autos\/wp-json\/wp\/v2\/posts"}],"about":[{"href":"http:\/\/autosdelpodio.com\/autos\/wp-json\/wp\/v2\/types\/post"}],"author":[{"embeddable":true,"href":"http:\/\/autosdelpodio.com\/autos\/wp-json\/wp\/v2\/users\/3"}],"replies":[{"embeddable":true,"href":"http:\/\/autosdelpodio.com\/autos\/wp-json\/wp\/v2\/comments?post=4107"}],"version-history":[{"count":1,"href":"http:\/\/autosdelpodio.com\/autos\/wp-json\/wp\/v2\/posts\/4107\/revisions"}],"predecessor-version":[{"id":4109,"href":"http:\/\/autosdelpodio.com\/autos\/wp-json\/wp\/v2\/posts\/4107\/revisions\/4109"}],"wp:featuredmedia":[{"embeddable":true,"href":"http:\/\/autosdelpodio.com\/autos\/wp-json\/wp\/v2\/media\/4108"}],"wp:attachment":[{"href":"http:\/\/autosdelpodio.com\/autos\/wp-json\/wp\/v2\/media?parent=4107"}],"wp:term":[{"taxonomy":"category","embeddable":true,"href":"http:\/\/autosdelpodio.com\/autos\/wp-json\/wp\/v2\/categories?post=4107"},{"taxonomy":"post_tag","embeddable":true,"href":"http:\/\/autosdelpodio.com\/autos\/wp-json\/wp\/v2\/tags?post=4107"}],"curies":[{"name":"wp","href":"https:\/\/api.w.org\/{rel}","templated":true}]}}