{"id":4114,"date":"2021-04-04T19:07:54","date_gmt":"2021-04-04T22:07:54","guid":{"rendered":"http:\/\/autosdelpodio.com\/autos\/?p=4114"},"modified":"2021-04-04T22:29:48","modified_gmt":"2021-04-05T01:29:48","slug":"puso-el-focus","status":"publish","type":"post","link":"http:\/\/autosdelpodio.com\/autos\/puso-el-focus\/","title":{"rendered":"Puso el Focus"},"content":{"rendered":"\n<p>Leonel Pernia retorn\u00f3 al triunfo en lo que fue la segunda fecha del TN en San Nicol\u00e1s.Al ex campe\u00f3n de la Clase 3 lo escoltaron Matias Mu\u00f1oz Marchesi y Carlos Merlo.<\/p>\n\n\n\n<p>En la Clase 2 Christian Bodrato Mionetto hizo lo propio en forma primeriza al comando del Toyota Etios.<br>La pr\u00f3xima fecha ser\u00e1 en la capital de Entre Rios , cuando el 25 de abril visiten el Autodromo Ciudad de Paran\u00e1<\/p>\n\n\n\n<p><strong>Final C3 del TN &#8211; Fecha 2<\/strong><\/p>\n\n\n\n<figure class=\"wp-block-table\"><table><tbody><tr><td>1<\/td><td>12<\/td><td>LEONEL PERNIA<\/td><td>FORD FOCUS<\/td><td>21<\/td><td>36:30.817<\/td><td><\/td><\/tr><tr><td>2<\/td><td>4<\/td><td>MATIAS MU\u00d1OZ MARCHESI<\/td><td>FORD FOCUS<\/td><td>21<\/td><td>36:34.124<\/td><td>3.307<\/td><\/tr><tr><td>3<\/td><td>63<\/td><td>CARLOS JAVIER MERLO<\/td><td>TOYOTA COROLLA<\/td><td>21<\/td><td>36:34.511<\/td><td>3.694<\/td><\/tr><tr><td>4<\/td><td>11<\/td><td>JERONIMO TETI<\/td><td>CHEVROLET CRUZE<\/td><td>21<\/td><td>36:35.369<\/td><td>4.552<\/td><\/tr><tr><td>5<\/td><td>68<\/td><td>JULIAN SANTERO<\/td><td>TOYOTA COROLLA<\/td><td>21<\/td><td>36:39.508<\/td><td>8.691<\/td><\/tr><tr><td>6<\/td><td>8<\/td><td>ALFONSO DOMENECH<\/td><td>TOYOTA COROLLA<\/td><td>21<\/td><td>36:44.098<\/td><td>13.281<\/td><\/tr><tr><td>7<\/td><td>118<\/td><td>ANTONINO GARCIA<\/td><td>FORD FOCUS<\/td><td>21<\/td><td>36:45.619<\/td><td>14.802<\/td><\/tr><tr><td>8<\/td><td>14<\/td><td>FABRICIO PEZZINI<\/td><td>TOYOTA COROLLA<\/td><td>21<\/td><td>36:45.664<\/td><td>14.847<\/td><\/tr><tr><td>9<\/td><td>3<\/td><td>FACUNDO CHAPUR<\/td><td>FORD FOCUS<\/td><td>21<\/td><td>36:46.389<\/td><td>15.572<\/td><\/tr><tr><td>10<\/td><td>123<\/td><td>ANDRES JAKOS<\/td><td>TOYOTA COROLLA<\/td><td>21<\/td><td>36:47.786<\/td><td>16.969<\/td><\/tr><tr><td>11<\/td><td>69<\/td><td>MARTIN CHIALVO<\/td><td>FORD FOCUS<\/td><td>21<\/td><td>36:48.473<\/td><td>17.656<\/td><\/tr><tr><td>12<\/td><td>7<\/td><td>LEONEL LARRAURI<\/td><td>HONDA CIVIC<\/td><td>21<\/td><td>36:49.015<\/td><td>18.198<\/td><\/tr><tr><td>13<\/td><td>16<\/td><td>JONATAN CASTELLANO<\/td><td>CHEVROLET CRUZE<\/td><td>21<\/td><td>36:49.312<\/td><td>18.495<\/td><\/tr><tr><td>14<\/td><td>109<\/td><td>LUCAS VICINO<\/td><td>FIAT TIPO<\/td><td>21<\/td><td>36:50.531<\/td><td>19.714<\/td><\/tr><tr><td>15<\/td><td>50<\/td><td>DAMIAN MARKEL<\/td><td>FORD FOCUS<\/td><td>21<\/td><td>36:51.189<\/td><td>20.372<\/td><\/tr><tr><td>16<\/td><td>9<\/td><td>LEANDRO CARDUCCI<\/td><td>FORD FOCUS<\/td><td>21<\/td><td>36:56.515<\/td><td>25.698<\/td><\/tr><tr><td>17<\/td><td>34<\/td><td>MATIAS COHEN<\/td><td>FORD FOCUS<\/td><td>21<\/td><td>36:56.880<\/td><td>26.063<\/td><\/tr><tr><td>18<\/td><td>55<\/td><td>MANUEL MALLO<\/td><td>CHEVROLET CRUZE<\/td><td>21<\/td><td>36:57.346<\/td><td>26.529<\/td><\/tr><tr><td>19<\/td><td>40<\/td><td>SEBASTIAN GOMEZ<\/td><td>CHEVROLET CRUZE<\/td><td>21<\/td><td>36:57.347<\/td><td>26.530<\/td><\/tr><tr><td>20<\/td><td>13<\/td><td>MARIANO PERNIA<\/td><td>VW VENTO<\/td><td>21<\/td><td>37:44.941<\/td><td>1:14.124<\/td><\/tr><tr><td>21<\/td><td>100<\/td><td>RICARDO RISATTI<\/td><td>HONDA CIVIC<\/td><td>17<\/td><td>30:14.092<\/td><td>4 Vueltas<\/td><\/tr><tr><td>22<\/td><td>66<\/td><td>ADRIAN PERCAZ<\/td><td>FORD FOCUS<\/td><td>17<\/td><td>30:18.500<\/td><td>4 Vueltas<\/td><\/tr><tr><td>23<\/td><td>33<\/td><td>MATIAS MENVIELLE<\/td><td>CHEVROLET CRUZE<\/td><td>17<\/td><td>30:27.698<\/td><td>4 Vueltas<\/td><\/tr><tr><td>24<\/td><td>111<\/td><td>JOEL GASSMAN<\/td><td>CHEVROLET CRUZE<\/td><td>16<\/td><td>28:35.284<\/td><td>5 Vueltas<\/td><\/tr><tr><td><strong>S\/C<\/strong><\/td><td><\/td><td><\/td><td><\/td><td><\/td><td><\/td><td><\/td><\/tr><tr><td><\/td><td>155<\/td><td>GASTON IANSA<\/td><td>TOYOTA COROLLA<\/td><td>15<\/td><td>27:27.316<\/td><td>6 Vueltas<\/td><\/tr><tr><td><\/td><td>56<\/td><td>GERMAN TODINO<\/td><td>TOYOTA COROLLA<\/td><td>12<\/td><td>22:00.162<\/td><td>9 Vueltas<\/td><\/tr><tr><td><\/td><td>57<\/td><td>JUAN P. PASTORI<\/td><td>CHEVROLET CRUZE<\/td><td>11<\/td><td>20:38.759<\/td><td>10 Vueltas<\/td><\/tr><tr><td><\/td><td>44<\/td><td>Mariano WERNER<\/td><td>C4 LOUNGE<\/td><td>8<\/td><td>14:25.146<\/td><td>13 Vueltas<\/td><\/tr><tr><td><\/td><td>110<\/td><td>FABIAN YANNANTUONI<\/td><td>FIAT TIPO<\/td><td>8<\/td><td>14:28.954<\/td><td>13 Vueltas<\/td><\/tr><tr><td><\/td><td>114<\/td><td>EVER FRANETOVICH<\/td><td>FORD FOCUS<\/td><td>7<\/td><td>12:48.350<\/td><td>14 Vueltas<\/td><\/tr><tr><td><\/td><td>121<\/td><td>NICOLAS POSCO<\/td><td>FORD FOCUS<\/td><td>6<\/td><td>11:46.825<\/td><td>15 Vueltas<\/td><\/tr><tr><td><\/td><td>137<\/td><td>JUAN JOSE GARRIZ<\/td><td>C4 LOUNGE<\/td><td>5<\/td><td>9:36.586<\/td><td>16 Vueltas<\/td><\/tr><tr><td><\/td><td>82<\/td><td>MAURICIO LAMBIRIS<\/td><td>VW VENTO<\/td><td>2<\/td><td>3:20.797<\/td><td>19 Vueltas<\/td><\/tr><tr><td><\/td><td>95<\/td><td>PABLO OTERO<\/td><td>NISSAN SENTRA<\/td><td>1<\/td><td>2:20.599<\/td><td>20 Vueltas<\/td><\/tr><tr><td><\/td><td>41<\/td><td>MAURO SCHENONE<\/td><td>CHEVROLET CRUZE<\/td><td><\/td><td><\/td><td><\/td><\/tr><tr><td>PROMEDIO: 136,581 Km\/h.<\/td><\/tr><tr><td>R\u00c9CORD DE VUELTA: PERN\u00cdA, 1;35.581, a 148,583 Km\/h.<\/td><\/tr><tr><td>No largo Auto Nro. 21. FACUNDO CONTA<\/td><\/tr><tr><td>Auto Nro. 40 Recargado con 3 puestos por maniobra peligrosa al Auto Nro. 55.<\/td><\/tr><\/tbody><\/table><\/figure>\n","protected":false},"excerpt":{"rendered":"<p>Leonel Pernia retorn\u00f3 al triunfo en lo que fue la segunda fecha del TN en San Nicol\u00e1s.Al ex campe\u00f3n de<\/p>\n","protected":false},"author":3,"featured_media":1614,"comment_status":"open","ping_status":"open","sticky":false,"template":"","format":"standard","meta":{"colormag_page_container_layout":"default_layout","colormag_page_sidebar_layout":"default_layout","footnotes":""},"categories":[6],"tags":[407,515,356,78],"class_list":["post-4114","post","type-post","status-publish","format-standard","has-post-thumbnail","hentry","category-newsflash","tag-ford-focus","tag-leonel-pernia","tag-san-nicolas","tag-turismo-nacional"],"yoast_head":"<!-- This site is optimized with the Yoast SEO plugin v27.5 - https:\/\/yoast.com\/product\/yoast-seo-wordpress\/ -->\n<title>Autos del Podio | Puso el Focus<\/title>\n<meta name=\"description\" content=\"Autos del Podio Leo Pernia recuper\u00f3 la memoria en el TN\" \/>\n<meta name=\"robots\" content=\"index, follow, max-snippet:-1, max-image-preview:large, max-video-preview:-1\" \/>\n<link rel=\"canonical\" href=\"http:\/\/autosdelpodio.com\/autos\/puso-el-focus\/\" \/>\n<meta property=\"og:locale\" content=\"es_ES\" \/>\n<meta property=\"og:type\" content=\"article\" \/>\n<meta property=\"og:title\" content=\"Autos del Podio | Puso el Focus\" \/>\n<meta property=\"og:description\" content=\"Autos del Podio Leo Pernia recuper\u00f3 la memoria en el TN\" \/>\n<meta property=\"og:url\" content=\"http:\/\/autosdelpodio.com\/autos\/puso-el-focus\/\" \/>\n<meta property=\"og:site_name\" content=\"Autos del Podio\" \/>\n<meta property=\"article:publisher\" content=\"https:\/\/www.facebook.com\/profile.php?id=100057192590976&amp;amp%3bamp%3bamp%3bamp%3bamp%3bamp%3bamp%3bamp%3bamp%3bamp%3bamp%3bamp%3bamp%3bamp%3bamp%3bamp%3bamp%3bamp%3bref=ts\" \/>\n<meta property=\"article:published_time\" content=\"2021-04-04T22:07:54+00:00\" \/>\n<meta property=\"article:modified_time\" content=\"2021-04-05T01:29:48+00:00\" \/>\n<meta property=\"og:image\" content=\"http:\/\/autosdelpodio.com\/autos\/wp-content\/uploads\/2020\/04\/Logo_Turismo_Nacional.jpg\" \/>\n\t<meta property=\"og:image:width\" content=\"420\" \/>\n\t<meta property=\"og:image:height\" content=\"192\" \/>\n\t<meta property=\"og:image:type\" content=\"image\/jpeg\" \/>\n<meta name=\"author\" content=\"autosdelpodio\" \/>\n<meta name=\"twitter:card\" content=\"summary_large_image\" \/>\n<meta name=\"twitter:creator\" content=\"@autosdelpodio\" \/>\n<meta name=\"twitter:site\" content=\"@autosdelpodio\" \/>\n<meta name=\"twitter:label1\" content=\"Escrito por\" \/>\n\t<meta name=\"twitter:data1\" content=\"autosdelpodio\" \/>\n\t<meta name=\"twitter:label2\" content=\"Tiempo de lectura\" \/>\n\t<meta name=\"twitter:data2\" content=\"2 minutos\" \/>\n<script type=\"application\/ld+json\" class=\"yoast-schema-graph\">{\"@context\":\"https:\\\/\\\/schema.org\",\"@graph\":[{\"@type\":\"Article\",\"@id\":\"http:\\\/\\\/autosdelpodio.com\\\/autos\\\/puso-el-focus\\\/#article\",\"isPartOf\":{\"@id\":\"http:\\\/\\\/autosdelpodio.com\\\/autos\\\/puso-el-focus\\\/\"},\"author\":{\"name\":\"autosdelpodio\",\"@id\":\"http:\\\/\\\/autosdelpodio.com\\\/autos\\\/#\\\/schema\\\/person\\\/993527a4d01c3acdd3d6bce3770bc942\"},\"headline\":\"Puso el Focus\",\"datePublished\":\"2021-04-04T22:07:54+00:00\",\"dateModified\":\"2021-04-05T01:29:48+00:00\",\"mainEntityOfPage\":{\"@id\":\"http:\\\/\\\/autosdelpodio.com\\\/autos\\\/puso-el-focus\\\/\"},\"wordCount\":271,\"commentCount\":1,\"publisher\":{\"@id\":\"http:\\\/\\\/autosdelpodio.com\\\/autos\\\/#organization\"},\"image\":{\"@id\":\"http:\\\/\\\/autosdelpodio.com\\\/autos\\\/puso-el-focus\\\/#primaryimage\"},\"thumbnailUrl\":\"http:\\\/\\\/autosdelpodio.com\\\/autos\\\/wp-content\\\/uploads\\\/2020\\\/04\\\/Logo_Turismo_Nacional.jpg\",\"keywords\":[\"Ford Focus\",\"Leonel Pernia\",\"San Nicol\u00e1s\",\"Turismo Nacional\"],\"articleSection\":[\"Destacado\"],\"inLanguage\":\"es\",\"potentialAction\":[{\"@type\":\"CommentAction\",\"name\":\"Comment\",\"target\":[\"http:\\\/\\\/autosdelpodio.com\\\/autos\\\/puso-el-focus\\\/#respond\"]}]},{\"@type\":\"WebPage\",\"@id\":\"http:\\\/\\\/autosdelpodio.com\\\/autos\\\/puso-el-focus\\\/\",\"url\":\"http:\\\/\\\/autosdelpodio.com\\\/autos\\\/puso-el-focus\\\/\",\"name\":\"Autos del Podio | Puso el Focus\",\"isPartOf\":{\"@id\":\"http:\\\/\\\/autosdelpodio.com\\\/autos\\\/#website\"},\"primaryImageOfPage\":{\"@id\":\"http:\\\/\\\/autosdelpodio.com\\\/autos\\\/puso-el-focus\\\/#primaryimage\"},\"image\":{\"@id\":\"http:\\\/\\\/autosdelpodio.com\\\/autos\\\/puso-el-focus\\\/#primaryimage\"},\"thumbnailUrl\":\"http:\\\/\\\/autosdelpodio.com\\\/autos\\\/wp-content\\\/uploads\\\/2020\\\/04\\\/Logo_Turismo_Nacional.jpg\",\"datePublished\":\"2021-04-04T22:07:54+00:00\",\"dateModified\":\"2021-04-05T01:29:48+00:00\",\"description\":\"Autos del Podio Leo Pernia recuper\u00f3 la memoria en el TN\",\"breadcrumb\":{\"@id\":\"http:\\\/\\\/autosdelpodio.com\\\/autos\\\/puso-el-focus\\\/#breadcrumb\"},\"inLanguage\":\"es\",\"potentialAction\":[{\"@type\":\"ReadAction\",\"target\":[\"http:\\\/\\\/autosdelpodio.com\\\/autos\\\/puso-el-focus\\\/\"]}]},{\"@type\":\"ImageObject\",\"inLanguage\":\"es\",\"@id\":\"http:\\\/\\\/autosdelpodio.com\\\/autos\\\/puso-el-focus\\\/#primaryimage\",\"url\":\"http:\\\/\\\/autosdelpodio.com\\\/autos\\\/wp-content\\\/uploads\\\/2020\\\/04\\\/Logo_Turismo_Nacional.jpg\",\"contentUrl\":\"http:\\\/\\\/autosdelpodio.com\\\/autos\\\/wp-content\\\/uploads\\\/2020\\\/04\\\/Logo_Turismo_Nacional.jpg\",\"width\":420,\"height\":192},{\"@type\":\"BreadcrumbList\",\"@id\":\"http:\\\/\\\/autosdelpodio.com\\\/autos\\\/puso-el-focus\\\/#breadcrumb\",\"itemListElement\":[{\"@type\":\"ListItem\",\"position\":1,\"name\":\"Portada\",\"item\":\"http:\\\/\\\/autosdelpodio.com\\\/autos\\\/\"},{\"@type\":\"ListItem\",\"position\":2,\"name\":\"Puso el Focus\"}]},{\"@type\":\"WebSite\",\"@id\":\"http:\\\/\\\/autosdelpodio.com\\\/autos\\\/#website\",\"url\":\"http:\\\/\\\/autosdelpodio.com\\\/autos\\\/\",\"name\":\"Autos del Podio\",\"description\":\"La sexta del deporte motor\",\"publisher\":{\"@id\":\"http:\\\/\\\/autosdelpodio.com\\\/autos\\\/#organization\"},\"potentialAction\":[{\"@type\":\"SearchAction\",\"target\":{\"@type\":\"EntryPoint\",\"urlTemplate\":\"http:\\\/\\\/autosdelpodio.com\\\/autos\\\/?s={search_term_string}\"},\"query-input\":{\"@type\":\"PropertyValueSpecification\",\"valueRequired\":true,\"valueName\":\"search_term_string\"}}],\"inLanguage\":\"es\"},{\"@type\":\"Organization\",\"@id\":\"http:\\\/\\\/autosdelpodio.com\\\/autos\\\/#organization\",\"name\":\"Autos del Podio\",\"url\":\"http:\\\/\\\/autosdelpodio.com\\\/autos\\\/\",\"logo\":{\"@type\":\"ImageObject\",\"inLanguage\":\"es\",\"@id\":\"http:\\\/\\\/autosdelpodio.com\\\/autos\\\/#\\\/schema\\\/logo\\\/image\\\/\",\"url\":\"http:\\\/\\\/autosdelpodio.com\\\/autos\\\/wp-content\\\/uploads\\\/2020\\\/08\\\/Logo_AR.jpg\",\"contentUrl\":\"http:\\\/\\\/autosdelpodio.com\\\/autos\\\/wp-content\\\/uploads\\\/2020\\\/08\\\/Logo_AR.jpg\",\"width\":1038,\"height\":1044,\"caption\":\"Autos del Podio\"},\"image\":{\"@id\":\"http:\\\/\\\/autosdelpodio.com\\\/autos\\\/#\\\/schema\\\/logo\\\/image\\\/\"},\"sameAs\":[\"https:\\\/\\\/www.facebook.com\\\/profile.php?id=100057192590976&amp;amp;amp;amp;amp;amp;amp;amp;amp;amp;amp;amp;amp;amp;amp;amp;amp;amp;ref=ts\",\"https:\\\/\\\/x.com\\\/autosdelpodio\",\"https:\\\/\\\/www.youtube.com\\\/user\\\/AutosdelPodio\"]},{\"@type\":\"Person\",\"@id\":\"http:\\\/\\\/autosdelpodio.com\\\/autos\\\/#\\\/schema\\\/person\\\/993527a4d01c3acdd3d6bce3770bc942\",\"name\":\"autosdelpodio\",\"image\":{\"@type\":\"ImageObject\",\"inLanguage\":\"es\",\"@id\":\"http:\\\/\\\/autosdelpodio.com\\\/autos\\\/wp-content\\\/litespeed\\\/avatar\\\/aa8f65cd201a80f6b844f63278aa84af.jpg?ver=1777403005\",\"url\":\"http:\\\/\\\/autosdelpodio.com\\\/autos\\\/wp-content\\\/litespeed\\\/avatar\\\/aa8f65cd201a80f6b844f63278aa84af.jpg?ver=1777403005\",\"contentUrl\":\"http:\\\/\\\/autosdelpodio.com\\\/autos\\\/wp-content\\\/litespeed\\\/avatar\\\/aa8f65cd201a80f6b844f63278aa84af.jpg?ver=1777403005\",\"caption\":\"autosdelpodio\"}}]}<\/script>\n<!-- \/ Yoast SEO plugin. -->","yoast_head_json":{"title":"Autos del Podio | Puso el Focus","description":"Autos del Podio Leo Pernia recuper\u00f3 la memoria en el TN","robots":{"index":"index","follow":"follow","max-snippet":"max-snippet:-1","max-image-preview":"max-image-preview:large","max-video-preview":"max-video-preview:-1"},"canonical":"http:\/\/autosdelpodio.com\/autos\/puso-el-focus\/","og_locale":"es_ES","og_type":"article","og_title":"Autos del Podio | Puso el Focus","og_description":"Autos del Podio Leo Pernia recuper\u00f3 la memoria en el TN","og_url":"http:\/\/autosdelpodio.com\/autos\/puso-el-focus\/","og_site_name":"Autos del Podio","article_publisher":"https:\/\/www.facebook.com\/profile.php?id=100057192590976&amp%3bamp%3bamp%3bamp%3bamp%3bamp%3bamp%3bamp%3bamp%3bamp%3bamp%3bamp%3bamp%3bamp%3bamp%3bamp%3bamp%3bamp%3bref=ts","article_published_time":"2021-04-04T22:07:54+00:00","article_modified_time":"2021-04-05T01:29:48+00:00","og_image":[{"width":420,"height":192,"url":"http:\/\/autosdelpodio.com\/autos\/wp-content\/uploads\/2020\/04\/Logo_Turismo_Nacional.jpg","type":"image\/jpeg"}],"author":"autosdelpodio","twitter_card":"summary_large_image","twitter_creator":"@autosdelpodio","twitter_site":"@autosdelpodio","twitter_misc":{"Escrito por":"autosdelpodio","Tiempo de lectura":"2 minutos"},"schema":{"@context":"https:\/\/schema.org","@graph":[{"@type":"Article","@id":"http:\/\/autosdelpodio.com\/autos\/puso-el-focus\/#article","isPartOf":{"@id":"http:\/\/autosdelpodio.com\/autos\/puso-el-focus\/"},"author":{"name":"autosdelpodio","@id":"http:\/\/autosdelpodio.com\/autos\/#\/schema\/person\/993527a4d01c3acdd3d6bce3770bc942"},"headline":"Puso el Focus","datePublished":"2021-04-04T22:07:54+00:00","dateModified":"2021-04-05T01:29:48+00:00","mainEntityOfPage":{"@id":"http:\/\/autosdelpodio.com\/autos\/puso-el-focus\/"},"wordCount":271,"commentCount":1,"publisher":{"@id":"http:\/\/autosdelpodio.com\/autos\/#organization"},"image":{"@id":"http:\/\/autosdelpodio.com\/autos\/puso-el-focus\/#primaryimage"},"thumbnailUrl":"http:\/\/autosdelpodio.com\/autos\/wp-content\/uploads\/2020\/04\/Logo_Turismo_Nacional.jpg","keywords":["Ford Focus","Leonel Pernia","San Nicol\u00e1s","Turismo Nacional"],"articleSection":["Destacado"],"inLanguage":"es","potentialAction":[{"@type":"CommentAction","name":"Comment","target":["http:\/\/autosdelpodio.com\/autos\/puso-el-focus\/#respond"]}]},{"@type":"WebPage","@id":"http:\/\/autosdelpodio.com\/autos\/puso-el-focus\/","url":"http:\/\/autosdelpodio.com\/autos\/puso-el-focus\/","name":"Autos del Podio | Puso el Focus","isPartOf":{"@id":"http:\/\/autosdelpodio.com\/autos\/#website"},"primaryImageOfPage":{"@id":"http:\/\/autosdelpodio.com\/autos\/puso-el-focus\/#primaryimage"},"image":{"@id":"http:\/\/autosdelpodio.com\/autos\/puso-el-focus\/#primaryimage"},"thumbnailUrl":"http:\/\/autosdelpodio.com\/autos\/wp-content\/uploads\/2020\/04\/Logo_Turismo_Nacional.jpg","datePublished":"2021-04-04T22:07:54+00:00","dateModified":"2021-04-05T01:29:48+00:00","description":"Autos del Podio Leo Pernia recuper\u00f3 la memoria en el TN","breadcrumb":{"@id":"http:\/\/autosdelpodio.com\/autos\/puso-el-focus\/#breadcrumb"},"inLanguage":"es","potentialAction":[{"@type":"ReadAction","target":["http:\/\/autosdelpodio.com\/autos\/puso-el-focus\/"]}]},{"@type":"ImageObject","inLanguage":"es","@id":"http:\/\/autosdelpodio.com\/autos\/puso-el-focus\/#primaryimage","url":"http:\/\/autosdelpodio.com\/autos\/wp-content\/uploads\/2020\/04\/Logo_Turismo_Nacional.jpg","contentUrl":"http:\/\/autosdelpodio.com\/autos\/wp-content\/uploads\/2020\/04\/Logo_Turismo_Nacional.jpg","width":420,"height":192},{"@type":"BreadcrumbList","@id":"http:\/\/autosdelpodio.com\/autos\/puso-el-focus\/#breadcrumb","itemListElement":[{"@type":"ListItem","position":1,"name":"Portada","item":"http:\/\/autosdelpodio.com\/autos\/"},{"@type":"ListItem","position":2,"name":"Puso el Focus"}]},{"@type":"WebSite","@id":"http:\/\/autosdelpodio.com\/autos\/#website","url":"http:\/\/autosdelpodio.com\/autos\/","name":"Autos del Podio","description":"La sexta del deporte motor","publisher":{"@id":"http:\/\/autosdelpodio.com\/autos\/#organization"},"potentialAction":[{"@type":"SearchAction","target":{"@type":"EntryPoint","urlTemplate":"http:\/\/autosdelpodio.com\/autos\/?s={search_term_string}"},"query-input":{"@type":"PropertyValueSpecification","valueRequired":true,"valueName":"search_term_string"}}],"inLanguage":"es"},{"@type":"Organization","@id":"http:\/\/autosdelpodio.com\/autos\/#organization","name":"Autos del Podio","url":"http:\/\/autosdelpodio.com\/autos\/","logo":{"@type":"ImageObject","inLanguage":"es","@id":"http:\/\/autosdelpodio.com\/autos\/#\/schema\/logo\/image\/","url":"http:\/\/autosdelpodio.com\/autos\/wp-content\/uploads\/2020\/08\/Logo_AR.jpg","contentUrl":"http:\/\/autosdelpodio.com\/autos\/wp-content\/uploads\/2020\/08\/Logo_AR.jpg","width":1038,"height":1044,"caption":"Autos del Podio"},"image":{"@id":"http:\/\/autosdelpodio.com\/autos\/#\/schema\/logo\/image\/"},"sameAs":["https:\/\/www.facebook.com\/profile.php?id=100057192590976&amp;amp;amp;amp;amp;amp;amp;amp;amp;amp;amp;amp;amp;amp;amp;amp;amp;amp;ref=ts","https:\/\/x.com\/autosdelpodio","https:\/\/www.youtube.com\/user\/AutosdelPodio"]},{"@type":"Person","@id":"http:\/\/autosdelpodio.com\/autos\/#\/schema\/person\/993527a4d01c3acdd3d6bce3770bc942","name":"autosdelpodio","image":{"@type":"ImageObject","inLanguage":"es","@id":"http:\/\/autosdelpodio.com\/autos\/wp-content\/litespeed\/avatar\/aa8f65cd201a80f6b844f63278aa84af.jpg?ver=1777403005","url":"http:\/\/autosdelpodio.com\/autos\/wp-content\/litespeed\/avatar\/aa8f65cd201a80f6b844f63278aa84af.jpg?ver=1777403005","contentUrl":"http:\/\/autosdelpodio.com\/autos\/wp-content\/litespeed\/avatar\/aa8f65cd201a80f6b844f63278aa84af.jpg?ver=1777403005","caption":"autosdelpodio"}}]}},"views":1109,"_links":{"self":[{"href":"http:\/\/autosdelpodio.com\/autos\/wp-json\/wp\/v2\/posts\/4114","targetHints":{"allow":["GET"]}}],"collection":[{"href":"http:\/\/autosdelpodio.com\/autos\/wp-json\/wp\/v2\/posts"}],"about":[{"href":"http:\/\/autosdelpodio.com\/autos\/wp-json\/wp\/v2\/types\/post"}],"author":[{"embeddable":true,"href":"http:\/\/autosdelpodio.com\/autos\/wp-json\/wp\/v2\/users\/3"}],"replies":[{"embeddable":true,"href":"http:\/\/autosdelpodio.com\/autos\/wp-json\/wp\/v2\/comments?post=4114"}],"version-history":[{"count":3,"href":"http:\/\/autosdelpodio.com\/autos\/wp-json\/wp\/v2\/posts\/4114\/revisions"}],"predecessor-version":[{"id":4119,"href":"http:\/\/autosdelpodio.com\/autos\/wp-json\/wp\/v2\/posts\/4114\/revisions\/4119"}],"wp:featuredmedia":[{"embeddable":true,"href":"http:\/\/autosdelpodio.com\/autos\/wp-json\/wp\/v2\/media\/1614"}],"wp:attachment":[{"href":"http:\/\/autosdelpodio.com\/autos\/wp-json\/wp\/v2\/media?parent=4114"}],"wp:term":[{"taxonomy":"category","embeddable":true,"href":"http:\/\/autosdelpodio.com\/autos\/wp-json\/wp\/v2\/categories?post=4114"},{"taxonomy":"post_tag","embeddable":true,"href":"http:\/\/autosdelpodio.com\/autos\/wp-json\/wp\/v2\/tags?post=4114"}],"curies":[{"name":"wp","href":"https:\/\/api.w.org\/{rel}","templated":true}]}}