{"id":4137,"date":"2021-04-11T13:49:34","date_gmt":"2021-04-11T16:49:34","guid":{"rendered":"http:\/\/autosdelpodio.com\/autos\/?p=4137"},"modified":"2021-04-11T19:50:16","modified_gmt":"2021-04-11T22:50:16","slug":"super-toyota-2000","status":"publish","type":"post","link":"http:\/\/autosdelpodio.com\/autos\/super-toyota-2000\/","title":{"rendered":"Super Toyota 2000"},"content":{"rendered":"\n<p>Mat\u00edas Rossi gan\u00f3 la tercera final del calendario con cita en el Oscar Caabalen de Alta Gracia.El camp\u00e9on vigente sell\u00f3 junto a Franco Vivian el 1-2 para la marca y Bernardo Llaver complet\u00f3 el podio.<br>Fin de semana ideal para el Toyota Gazoo Racing ya que en primera instancia <a href=\"http:\/\/autosdelpodio.com\/autos\/triunfo-arquitectonico\/\" target=\"_blank\" rel=\"noreferrer noopener\">Franco Vivian hizo Pole y Carrera clasificatoria el Sabado<\/a> y posteriormente el piloto de Del Viso, ausente por Covid positivo en el compromiso anterior, gan\u00f3 sin objeci\u00f3n alguna.Adem\u00e1s Toyota meti\u00f3 3 pilotos en el Top Five, ya que<a href=\"http:\/\/autosdelpodio.com\/autos\/vuelve-el-emi\/\" target=\"_blank\" rel=\"noreferrer noopener\"> Emiliano Spataro, en su regreso a la categor\u00eda<\/a> alcanz\u00f3 la quinta colocaci\u00f3n.<br>Al STC2000, que se presenta en compa\u00f1ia junto al TC2000 y Formula Renault 2.0 el paso por el Cabalen arroj\u00f3 las victorias de Rodrigo Aramendia (C4 Lounge) y de Jorge Barrio respectivamente.<br>El proximo compromiso para las 3 categor\u00edas ser\u00e1 del 30 de Abril al 2 de Mayo en el Autodromo San Nicol\u00e1s Ciudad.<\/p>\n\n\n\n<p><strong>Final STC2000 &#8211; Fecha 3<\/strong><\/p>\n\n\n\n<figure class=\"wp-block-table\"><table><tbody><tr><td>1<\/td><td>1<\/td><td>ROSSI<\/td><td>24<\/td><td>41;38.109<\/td><td><\/td><\/tr><tr><td>2<\/td><td>57<\/td><td>VIVIAN<\/td><td>24<\/td><td>41;39.189<\/td><td>1.080<\/td><\/tr><tr><td>3<\/td><td>2<\/td><td>LLAVER<\/td><td>24<\/td><td>41;41.542<\/td><td>3.433<\/td><\/tr><tr><td>4<\/td><td>3<\/td><td>PERNIA<\/td><td>24<\/td><td>41;41.781<\/td><td>3.672<\/td><\/tr><tr><td>5<\/td><td>16<\/td><td>SPATARO<\/td><td>24<\/td><td>41;42.729<\/td><td>4.620<\/td><\/tr><tr><td>6<\/td><td>83<\/td><td>ARDUSSO<\/td><td>24<\/td><td>41;43.305<\/td><td>5.196<\/td><\/tr><tr><td>7<\/td><td>86<\/td><td>CANAPINO<\/td><td>24<\/td><td>41;43.724<\/td><td>5.615<\/td><\/tr><tr><td>8<\/td><td>68<\/td><td>SANTERO<\/td><td>24<\/td><td>41;44.105<\/td><td>5.996<\/td><\/tr><tr><td>9<\/td><td>36<\/td><td>FINESCHI<\/td><td>24<\/td><td>41;44.715<\/td><td>6.606<\/td><\/tr><tr><td>10<\/td><td>97<\/td><td>CINGOLANI<\/td><td>24<\/td><td>41;46.273<\/td><td>8.164<\/td><\/tr><tr><td>11<\/td><td>30<\/td><td>GAGLIARDI G.<\/td><td>24<\/td><td>41;48.934<\/td><td>10.825<\/td><\/tr><tr><td>12<\/td><td>8<\/td><td>MILLA<\/td><td>24<\/td><td>41;49.656<\/td><td>11.547<\/td><\/tr><tr><td>13<\/td><td>33<\/td><td>SAPAG<\/td><td>24<\/td><td>41;50.122<\/td><td>12.013<\/td><\/tr><tr><td>14<\/td><td>100<\/td><td>REUTEMANN<\/td><td>24<\/td><td>41;56.486<\/td><td>18.377<\/td><\/tr><tr><td>15<\/td><td>22<\/td><td>GARRIZ<\/td><td>22<\/td><td>38;35.561<\/td><td>2 vtas<\/td><\/tr><tr><td>16<\/td><td>9<\/td><td>MOSCARDINI<\/td><td>21<\/td><td>38;34.267<\/td><td>3 vtas<\/td><\/tr><tr><td>17<\/td><td>34<\/td><td>ROSSO<\/td><td>18<\/td><td>29;01.636<\/td><td>6 vtas<\/td><\/tr><tr><td>18<\/td><td>25<\/td><td>CIARROCCHI<\/td><td>14<\/td><td>22;59.899<\/td><td>10 vtas<\/td><\/tr><tr><td>19<\/td><td>5<\/td><td>YANNANTUONI<\/td><td>2<\/td><td>3;12.941<\/td><td>22 vtas<\/td><\/tr><\/tbody><\/table><\/figure>\n","protected":false},"excerpt":{"rendered":"<p>Mat\u00edas Rossi gan\u00f3 la tercera final del calendario con cita en el Oscar Caabalen de Alta Gracia.El camp\u00e9on vigente sell\u00f3<\/p>\n","protected":false},"author":3,"featured_media":1613,"comment_status":"open","ping_status":"open","sticky":false,"template":"","format":"standard","meta":{"colormag_page_container_layout":"default_layout","colormag_page_sidebar_layout":"default_layout","footnotes":""},"categories":[6],"tags":[379,111,366,77,326],"class_list":["post-4137","post","type-post","status-publish","format-standard","has-post-thumbnail","hentry","category-newsflash","tag-autodromo-cabalen","tag-cordoba","tag-matias-rossi","tag-supertc2000","tag-toyota"],"yoast_head":"<!-- This site is optimized with the Yoast SEO plugin v27.4 - https:\/\/yoast.com\/product\/yoast-seo-wordpress\/ -->\n<title>Autos del Podio | Super Toyota 2000<\/title>\n<meta name=\"description\" content=\"Autos del Podio Nuevo triunfo para Mat\u00edas Rossi en Alta Gracia al mando del Toyota Corolla\" \/>\n<meta name=\"robots\" content=\"index, follow, max-snippet:-1, max-image-preview:large, max-video-preview:-1\" \/>\n<link rel=\"canonical\" href=\"https:\/\/autosdelpodio.com\/autos\/super-toyota-2000\/\" \/>\n<meta property=\"og:locale\" content=\"es_ES\" \/>\n<meta property=\"og:type\" content=\"article\" \/>\n<meta property=\"og:title\" content=\"Autos del Podio | Super Toyota 2000\" \/>\n<meta property=\"og:description\" content=\"Autos del Podio Nuevo triunfo para Mat\u00edas Rossi en Alta Gracia al mando del Toyota Corolla\" \/>\n<meta property=\"og:url\" content=\"https:\/\/autosdelpodio.com\/autos\/super-toyota-2000\/\" \/>\n<meta property=\"og:site_name\" content=\"Autos del Podio\" \/>\n<meta property=\"article:publisher\" content=\"https:\/\/www.facebook.com\/profile.php?id=100057192590976&amp;amp%3bamp%3bamp%3bamp%3bamp%3bamp%3bamp%3bamp%3bamp%3bamp%3bamp%3bamp%3bamp%3bamp%3bamp%3bamp%3bamp%3bamp%3bref=ts\" \/>\n<meta property=\"article:published_time\" content=\"2021-04-11T16:49:34+00:00\" \/>\n<meta property=\"article:modified_time\" content=\"2021-04-11T22:50:16+00:00\" \/>\n<meta property=\"og:image\" content=\"https:\/\/autosdelpodio.com\/autos\/wp-content\/uploads\/2020\/04\/STC2000.jpg\" \/>\n\t<meta property=\"og:image:width\" content=\"350\" \/>\n\t<meta property=\"og:image:height\" content=\"189\" \/>\n\t<meta property=\"og:image:type\" content=\"image\/jpeg\" \/>\n<meta name=\"author\" content=\"autosdelpodio\" \/>\n<meta name=\"twitter:card\" content=\"summary_large_image\" \/>\n<meta name=\"twitter:creator\" content=\"@autosdelpodio\" \/>\n<meta name=\"twitter:site\" content=\"@autosdelpodio\" \/>\n<meta name=\"twitter:label1\" content=\"Escrito por\" \/>\n\t<meta name=\"twitter:data1\" content=\"autosdelpodio\" \/>\n\t<meta name=\"twitter:label2\" content=\"Tiempo de lectura\" \/>\n\t<meta name=\"twitter:data2\" content=\"2 minutos\" \/>\n<script type=\"application\/ld+json\" class=\"yoast-schema-graph\">{\"@context\":\"https:\\\/\\\/schema.org\",\"@graph\":[{\"@type\":\"Article\",\"@id\":\"https:\\\/\\\/autosdelpodio.com\\\/autos\\\/super-toyota-2000\\\/#article\",\"isPartOf\":{\"@id\":\"https:\\\/\\\/autosdelpodio.com\\\/autos\\\/super-toyota-2000\\\/\"},\"author\":{\"name\":\"autosdelpodio\",\"@id\":\"http:\\\/\\\/autosdelpodio.com\\\/autos\\\/#\\\/schema\\\/person\\\/993527a4d01c3acdd3d6bce3770bc942\"},\"headline\":\"Super Toyota 2000\",\"datePublished\":\"2021-04-11T16:49:34+00:00\",\"dateModified\":\"2021-04-11T22:50:16+00:00\",\"mainEntityOfPage\":{\"@id\":\"https:\\\/\\\/autosdelpodio.com\\\/autos\\\/super-toyota-2000\\\/\"},\"wordCount\":190,\"commentCount\":0,\"publisher\":{\"@id\":\"http:\\\/\\\/autosdelpodio.com\\\/autos\\\/#organization\"},\"image\":{\"@id\":\"https:\\\/\\\/autosdelpodio.com\\\/autos\\\/super-toyota-2000\\\/#primaryimage\"},\"thumbnailUrl\":\"http:\\\/\\\/autosdelpodio.com\\\/autos\\\/wp-content\\\/uploads\\\/2020\\\/04\\\/STC2000.jpg\",\"keywords\":[\"Autodromo Cabalen\",\"Cordoba\",\"Matias Rossi\",\"SuperTC2000\",\"Toyota\"],\"articleSection\":[\"Destacado\"],\"inLanguage\":\"es\",\"potentialAction\":[{\"@type\":\"CommentAction\",\"name\":\"Comment\",\"target\":[\"https:\\\/\\\/autosdelpodio.com\\\/autos\\\/super-toyota-2000\\\/#respond\"]}]},{\"@type\":\"WebPage\",\"@id\":\"https:\\\/\\\/autosdelpodio.com\\\/autos\\\/super-toyota-2000\\\/\",\"url\":\"https:\\\/\\\/autosdelpodio.com\\\/autos\\\/super-toyota-2000\\\/\",\"name\":\"Autos del Podio | Super Toyota 2000\",\"isPartOf\":{\"@id\":\"http:\\\/\\\/autosdelpodio.com\\\/autos\\\/#website\"},\"primaryImageOfPage\":{\"@id\":\"https:\\\/\\\/autosdelpodio.com\\\/autos\\\/super-toyota-2000\\\/#primaryimage\"},\"image\":{\"@id\":\"https:\\\/\\\/autosdelpodio.com\\\/autos\\\/super-toyota-2000\\\/#primaryimage\"},\"thumbnailUrl\":\"http:\\\/\\\/autosdelpodio.com\\\/autos\\\/wp-content\\\/uploads\\\/2020\\\/04\\\/STC2000.jpg\",\"datePublished\":\"2021-04-11T16:49:34+00:00\",\"dateModified\":\"2021-04-11T22:50:16+00:00\",\"description\":\"Autos del Podio Nuevo triunfo para Mat\u00edas Rossi en Alta Gracia al mando del Toyota Corolla\",\"breadcrumb\":{\"@id\":\"https:\\\/\\\/autosdelpodio.com\\\/autos\\\/super-toyota-2000\\\/#breadcrumb\"},\"inLanguage\":\"es\",\"potentialAction\":[{\"@type\":\"ReadAction\",\"target\":[\"https:\\\/\\\/autosdelpodio.com\\\/autos\\\/super-toyota-2000\\\/\"]}]},{\"@type\":\"ImageObject\",\"inLanguage\":\"es\",\"@id\":\"https:\\\/\\\/autosdelpodio.com\\\/autos\\\/super-toyota-2000\\\/#primaryimage\",\"url\":\"http:\\\/\\\/autosdelpodio.com\\\/autos\\\/wp-content\\\/uploads\\\/2020\\\/04\\\/STC2000.jpg\",\"contentUrl\":\"http:\\\/\\\/autosdelpodio.com\\\/autos\\\/wp-content\\\/uploads\\\/2020\\\/04\\\/STC2000.jpg\",\"width\":350,\"height\":189},{\"@type\":\"BreadcrumbList\",\"@id\":\"https:\\\/\\\/autosdelpodio.com\\\/autos\\\/super-toyota-2000\\\/#breadcrumb\",\"itemListElement\":[{\"@type\":\"ListItem\",\"position\":1,\"name\":\"Portada\",\"item\":\"http:\\\/\\\/autosdelpodio.com\\\/autos\\\/\"},{\"@type\":\"ListItem\",\"position\":2,\"name\":\"Super Toyota 2000\"}]},{\"@type\":\"WebSite\",\"@id\":\"http:\\\/\\\/autosdelpodio.com\\\/autos\\\/#website\",\"url\":\"http:\\\/\\\/autosdelpodio.com\\\/autos\\\/\",\"name\":\"Autos del Podio\",\"description\":\"La sexta del deporte motor\",\"publisher\":{\"@id\":\"http:\\\/\\\/autosdelpodio.com\\\/autos\\\/#organization\"},\"potentialAction\":[{\"@type\":\"SearchAction\",\"target\":{\"@type\":\"EntryPoint\",\"urlTemplate\":\"http:\\\/\\\/autosdelpodio.com\\\/autos\\\/?s={search_term_string}\"},\"query-input\":{\"@type\":\"PropertyValueSpecification\",\"valueRequired\":true,\"valueName\":\"search_term_string\"}}],\"inLanguage\":\"es\"},{\"@type\":\"Organization\",\"@id\":\"http:\\\/\\\/autosdelpodio.com\\\/autos\\\/#organization\",\"name\":\"Autos del Podio\",\"url\":\"http:\\\/\\\/autosdelpodio.com\\\/autos\\\/\",\"logo\":{\"@type\":\"ImageObject\",\"inLanguage\":\"es\",\"@id\":\"http:\\\/\\\/autosdelpodio.com\\\/autos\\\/#\\\/schema\\\/logo\\\/image\\\/\",\"url\":\"http:\\\/\\\/autosdelpodio.com\\\/autos\\\/wp-content\\\/uploads\\\/2020\\\/08\\\/Logo_AR.jpg\",\"contentUrl\":\"http:\\\/\\\/autosdelpodio.com\\\/autos\\\/wp-content\\\/uploads\\\/2020\\\/08\\\/Logo_AR.jpg\",\"width\":1038,\"height\":1044,\"caption\":\"Autos del Podio\"},\"image\":{\"@id\":\"http:\\\/\\\/autosdelpodio.com\\\/autos\\\/#\\\/schema\\\/logo\\\/image\\\/\"},\"sameAs\":[\"https:\\\/\\\/www.facebook.com\\\/profile.php?id=100057192590976&amp;amp;amp;amp;amp;amp;amp;amp;amp;amp;amp;amp;amp;amp;amp;amp;amp;amp;ref=ts\",\"https:\\\/\\\/x.com\\\/autosdelpodio\",\"https:\\\/\\\/www.youtube.com\\\/user\\\/AutosdelPodio\"]},{\"@type\":\"Person\",\"@id\":\"http:\\\/\\\/autosdelpodio.com\\\/autos\\\/#\\\/schema\\\/person\\\/993527a4d01c3acdd3d6bce3770bc942\",\"name\":\"autosdelpodio\",\"image\":{\"@type\":\"ImageObject\",\"inLanguage\":\"es\",\"@id\":\"http:\\\/\\\/autosdelpodio.com\\\/autos\\\/wp-content\\\/litespeed\\\/avatar\\\/aa8f65cd201a80f6b844f63278aa84af.jpg?ver=1776798175\",\"url\":\"http:\\\/\\\/autosdelpodio.com\\\/autos\\\/wp-content\\\/litespeed\\\/avatar\\\/aa8f65cd201a80f6b844f63278aa84af.jpg?ver=1776798175\",\"contentUrl\":\"http:\\\/\\\/autosdelpodio.com\\\/autos\\\/wp-content\\\/litespeed\\\/avatar\\\/aa8f65cd201a80f6b844f63278aa84af.jpg?ver=1776798175\",\"caption\":\"autosdelpodio\"}}]}<\/script>\n<!-- \/ Yoast SEO plugin. -->","yoast_head_json":{"title":"Autos del Podio | Super Toyota 2000","description":"Autos del Podio Nuevo triunfo para Mat\u00edas Rossi en Alta Gracia al mando del Toyota Corolla","robots":{"index":"index","follow":"follow","max-snippet":"max-snippet:-1","max-image-preview":"max-image-preview:large","max-video-preview":"max-video-preview:-1"},"canonical":"https:\/\/autosdelpodio.com\/autos\/super-toyota-2000\/","og_locale":"es_ES","og_type":"article","og_title":"Autos del Podio | Super Toyota 2000","og_description":"Autos del Podio Nuevo triunfo para Mat\u00edas Rossi en Alta Gracia al mando del Toyota Corolla","og_url":"https:\/\/autosdelpodio.com\/autos\/super-toyota-2000\/","og_site_name":"Autos del Podio","article_publisher":"https:\/\/www.facebook.com\/profile.php?id=100057192590976&amp%3bamp%3bamp%3bamp%3bamp%3bamp%3bamp%3bamp%3bamp%3bamp%3bamp%3bamp%3bamp%3bamp%3bamp%3bamp%3bamp%3bamp%3bref=ts","article_published_time":"2021-04-11T16:49:34+00:00","article_modified_time":"2021-04-11T22:50:16+00:00","og_image":[{"width":350,"height":189,"url":"https:\/\/autosdelpodio.com\/autos\/wp-content\/uploads\/2020\/04\/STC2000.jpg","type":"image\/jpeg"}],"author":"autosdelpodio","twitter_card":"summary_large_image","twitter_creator":"@autosdelpodio","twitter_site":"@autosdelpodio","twitter_misc":{"Escrito por":"autosdelpodio","Tiempo de lectura":"2 minutos"},"schema":{"@context":"https:\/\/schema.org","@graph":[{"@type":"Article","@id":"https:\/\/autosdelpodio.com\/autos\/super-toyota-2000\/#article","isPartOf":{"@id":"https:\/\/autosdelpodio.com\/autos\/super-toyota-2000\/"},"author":{"name":"autosdelpodio","@id":"http:\/\/autosdelpodio.com\/autos\/#\/schema\/person\/993527a4d01c3acdd3d6bce3770bc942"},"headline":"Super Toyota 2000","datePublished":"2021-04-11T16:49:34+00:00","dateModified":"2021-04-11T22:50:16+00:00","mainEntityOfPage":{"@id":"https:\/\/autosdelpodio.com\/autos\/super-toyota-2000\/"},"wordCount":190,"commentCount":0,"publisher":{"@id":"http:\/\/autosdelpodio.com\/autos\/#organization"},"image":{"@id":"https:\/\/autosdelpodio.com\/autos\/super-toyota-2000\/#primaryimage"},"thumbnailUrl":"http:\/\/autosdelpodio.com\/autos\/wp-content\/uploads\/2020\/04\/STC2000.jpg","keywords":["Autodromo Cabalen","Cordoba","Matias Rossi","SuperTC2000","Toyota"],"articleSection":["Destacado"],"inLanguage":"es","potentialAction":[{"@type":"CommentAction","name":"Comment","target":["https:\/\/autosdelpodio.com\/autos\/super-toyota-2000\/#respond"]}]},{"@type":"WebPage","@id":"https:\/\/autosdelpodio.com\/autos\/super-toyota-2000\/","url":"https:\/\/autosdelpodio.com\/autos\/super-toyota-2000\/","name":"Autos del Podio | Super Toyota 2000","isPartOf":{"@id":"http:\/\/autosdelpodio.com\/autos\/#website"},"primaryImageOfPage":{"@id":"https:\/\/autosdelpodio.com\/autos\/super-toyota-2000\/#primaryimage"},"image":{"@id":"https:\/\/autosdelpodio.com\/autos\/super-toyota-2000\/#primaryimage"},"thumbnailUrl":"http:\/\/autosdelpodio.com\/autos\/wp-content\/uploads\/2020\/04\/STC2000.jpg","datePublished":"2021-04-11T16:49:34+00:00","dateModified":"2021-04-11T22:50:16+00:00","description":"Autos del Podio Nuevo triunfo para Mat\u00edas Rossi en Alta Gracia al mando del Toyota Corolla","breadcrumb":{"@id":"https:\/\/autosdelpodio.com\/autos\/super-toyota-2000\/#breadcrumb"},"inLanguage":"es","potentialAction":[{"@type":"ReadAction","target":["https:\/\/autosdelpodio.com\/autos\/super-toyota-2000\/"]}]},{"@type":"ImageObject","inLanguage":"es","@id":"https:\/\/autosdelpodio.com\/autos\/super-toyota-2000\/#primaryimage","url":"http:\/\/autosdelpodio.com\/autos\/wp-content\/uploads\/2020\/04\/STC2000.jpg","contentUrl":"http:\/\/autosdelpodio.com\/autos\/wp-content\/uploads\/2020\/04\/STC2000.jpg","width":350,"height":189},{"@type":"BreadcrumbList","@id":"https:\/\/autosdelpodio.com\/autos\/super-toyota-2000\/#breadcrumb","itemListElement":[{"@type":"ListItem","position":1,"name":"Portada","item":"http:\/\/autosdelpodio.com\/autos\/"},{"@type":"ListItem","position":2,"name":"Super Toyota 2000"}]},{"@type":"WebSite","@id":"http:\/\/autosdelpodio.com\/autos\/#website","url":"http:\/\/autosdelpodio.com\/autos\/","name":"Autos del Podio","description":"La sexta del deporte motor","publisher":{"@id":"http:\/\/autosdelpodio.com\/autos\/#organization"},"potentialAction":[{"@type":"SearchAction","target":{"@type":"EntryPoint","urlTemplate":"http:\/\/autosdelpodio.com\/autos\/?s={search_term_string}"},"query-input":{"@type":"PropertyValueSpecification","valueRequired":true,"valueName":"search_term_string"}}],"inLanguage":"es"},{"@type":"Organization","@id":"http:\/\/autosdelpodio.com\/autos\/#organization","name":"Autos del Podio","url":"http:\/\/autosdelpodio.com\/autos\/","logo":{"@type":"ImageObject","inLanguage":"es","@id":"http:\/\/autosdelpodio.com\/autos\/#\/schema\/logo\/image\/","url":"http:\/\/autosdelpodio.com\/autos\/wp-content\/uploads\/2020\/08\/Logo_AR.jpg","contentUrl":"http:\/\/autosdelpodio.com\/autos\/wp-content\/uploads\/2020\/08\/Logo_AR.jpg","width":1038,"height":1044,"caption":"Autos del Podio"},"image":{"@id":"http:\/\/autosdelpodio.com\/autos\/#\/schema\/logo\/image\/"},"sameAs":["https:\/\/www.facebook.com\/profile.php?id=100057192590976&amp;amp;amp;amp;amp;amp;amp;amp;amp;amp;amp;amp;amp;amp;amp;amp;amp;amp;ref=ts","https:\/\/x.com\/autosdelpodio","https:\/\/www.youtube.com\/user\/AutosdelPodio"]},{"@type":"Person","@id":"http:\/\/autosdelpodio.com\/autos\/#\/schema\/person\/993527a4d01c3acdd3d6bce3770bc942","name":"autosdelpodio","image":{"@type":"ImageObject","inLanguage":"es","@id":"http:\/\/autosdelpodio.com\/autos\/wp-content\/litespeed\/avatar\/aa8f65cd201a80f6b844f63278aa84af.jpg?ver=1776798175","url":"http:\/\/autosdelpodio.com\/autos\/wp-content\/litespeed\/avatar\/aa8f65cd201a80f6b844f63278aa84af.jpg?ver=1776798175","contentUrl":"http:\/\/autosdelpodio.com\/autos\/wp-content\/litespeed\/avatar\/aa8f65cd201a80f6b844f63278aa84af.jpg?ver=1776798175","caption":"autosdelpodio"}}]}},"views":620,"_links":{"self":[{"href":"http:\/\/autosdelpodio.com\/autos\/wp-json\/wp\/v2\/posts\/4137","targetHints":{"allow":["GET"]}}],"collection":[{"href":"http:\/\/autosdelpodio.com\/autos\/wp-json\/wp\/v2\/posts"}],"about":[{"href":"http:\/\/autosdelpodio.com\/autos\/wp-json\/wp\/v2\/types\/post"}],"author":[{"embeddable":true,"href":"http:\/\/autosdelpodio.com\/autos\/wp-json\/wp\/v2\/users\/3"}],"replies":[{"embeddable":true,"href":"http:\/\/autosdelpodio.com\/autos\/wp-json\/wp\/v2\/comments?post=4137"}],"version-history":[{"count":2,"href":"http:\/\/autosdelpodio.com\/autos\/wp-json\/wp\/v2\/posts\/4137\/revisions"}],"predecessor-version":[{"id":4141,"href":"http:\/\/autosdelpodio.com\/autos\/wp-json\/wp\/v2\/posts\/4137\/revisions\/4141"}],"wp:featuredmedia":[{"embeddable":true,"href":"http:\/\/autosdelpodio.com\/autos\/wp-json\/wp\/v2\/media\/1613"}],"wp:attachment":[{"href":"http:\/\/autosdelpodio.com\/autos\/wp-json\/wp\/v2\/media?parent=4137"}],"wp:term":[{"taxonomy":"category","embeddable":true,"href":"http:\/\/autosdelpodio.com\/autos\/wp-json\/wp\/v2\/categories?post=4137"},{"taxonomy":"post_tag","embeddable":true,"href":"http:\/\/autosdelpodio.com\/autos\/wp-json\/wp\/v2\/tags?post=4137"}],"curies":[{"name":"wp","href":"https:\/\/api.w.org\/{rel}","templated":true}]}}