{"id":415,"date":"2012-05-07T00:13:43","date_gmt":"2012-05-07T00:13:43","guid":{"rendered":"http:\/\/autosdelpodio.com\/autos\/2012\/05\/07\/el-triunfo-que-fue-y-el-que-no-fue\/"},"modified":"2012-05-07T00:13:43","modified_gmt":"2012-05-07T00:13:43","slug":"el-triunfo-que-fue-y-el-que-no-fue","status":"publish","type":"post","link":"http:\/\/autosdelpodio.com\/autos\/el-triunfo-que-fue-y-el-que-no-fue\/","title":{"rendered":"El triunfo que fue y el que no fue"},"content":{"rendered":"<p><span style=\"font-size: x-small;\"> <\/p>\n<p style=\"text-align: justify;\">Agust\u00edn Canapino (Mercedes) se qued\u00f3 finalmente con la final del Top Race V6 en Ober\u00e1, Misiones. Juan Cruz Alvarez (VWPassat) hab\u00eda sido el ganador en pista, pero recibi\u00f3 30 segundos de recargo por toque a Canapino. Emiliano Spataro (VW Passat) y Gustavo Tadei (Chevrolet Cruze) completaron el podio.<\/p>\n<p style=\"text-align: justify;\">La cuarta fecha fue la que le dio el cierre a la Etapa Verano, que qued\u00f3 en manos para Canapino. Los otros pilotos que se clasificaron a la fase que definir\u00e1 al campe\u00f3n son Emiliano Spataro,Juan Manuel Silva, Gustavo Tadei y Juan Cruz \u00c1lvarez.<\/p>\n<p>  <!--more-->  <span style=\"font-size: x-small;\"> <\/p>\n<p><p style=\"text-align: justify;\">Por otra parte, Fabi\u00e1n Yannantuoni se adjudic\u00f3 la final de la Clase 3 del Turismo Nacional en La Rioja en su debut con el Peugeot 308. Emmanuel Moriatis (Seat Leon) que finaliz\u00f3 segundo sigue como l\u00edder del campeonato, en tercer lugar arribo Carlos Okulovich, con Renault Fluence.<\/p>\n<\/p>\n<p> <\/span><\/span><\/p>\n<p>\u00a0<\/p>\n","protected":false},"excerpt":{"rendered":"<p>Agust\u00edn Canapino (Mercedes) se qued\u00f3 finalmente con la final del Top Race V6 en Ober\u00e1, Misiones. Juan Cruz Alvarez (VWPassat)<\/p>\n","protected":false},"author":1,"featured_media":0,"comment_status":"open","ping_status":"open","sticky":false,"template":"","format":"standard","meta":{"colormag_page_container_layout":"default_layout","colormag_page_sidebar_layout":"default_layout","footnotes":""},"categories":[5],"tags":[],"class_list":["post-415","post","type-post","status-publish","format-standard","hentry","category-latest-news"],"yoast_head":"<!-- This site is optimized with the Yoast SEO plugin v27.4 - https:\/\/yoast.com\/product\/yoast-seo-wordpress\/ -->\n<title>Autos del Podio | El triunfo que fue y el que no fue<\/title>\n<meta name=\"description\" content=\"Autos del Podio\" \/>\n<meta name=\"robots\" content=\"index, follow, max-snippet:-1, max-image-preview:large, max-video-preview:-1\" \/>\n<link rel=\"canonical\" href=\"https:\/\/autosdelpodio.com\/autos\/el-triunfo-que-fue-y-el-que-no-fue\/\" \/>\n<meta property=\"og:locale\" content=\"es_ES\" \/>\n<meta property=\"og:type\" content=\"article\" \/>\n<meta property=\"og:title\" content=\"Autos del Podio | El triunfo que fue y el que no fue\" \/>\n<meta property=\"og:description\" content=\"Autos del Podio\" \/>\n<meta property=\"og:url\" content=\"https:\/\/autosdelpodio.com\/autos\/el-triunfo-que-fue-y-el-que-no-fue\/\" \/>\n<meta property=\"og:site_name\" content=\"Autos del Podio\" \/>\n<meta property=\"article:publisher\" content=\"https:\/\/www.facebook.com\/profile.php?id=100057192590976&amp;amp%3bamp%3bamp%3bamp%3bamp%3bamp%3bamp%3bamp%3bamp%3bamp%3bamp%3bamp%3bamp%3bamp%3bamp%3bamp%3bamp%3bamp%3bref=ts\" \/>\n<meta property=\"article:published_time\" content=\"2012-05-07T00:13:43+00:00\" \/>\n<meta name=\"author\" content=\"wi022230\" \/>\n<meta name=\"twitter:card\" content=\"summary_large_image\" \/>\n<meta name=\"twitter:creator\" content=\"@autosdelpodio\" \/>\n<meta name=\"twitter:site\" content=\"@autosdelpodio\" \/>\n<meta name=\"twitter:label1\" content=\"Escrito por\" \/>\n\t<meta name=\"twitter:data1\" content=\"wi022230\" \/>\n\t<meta name=\"twitter:label2\" content=\"Tiempo de lectura\" \/>\n\t<meta name=\"twitter:data2\" content=\"1 minuto\" \/>\n<script type=\"application\/ld+json\" class=\"yoast-schema-graph\">{\"@context\":\"https:\\\/\\\/schema.org\",\"@graph\":[{\"@type\":\"Article\",\"@id\":\"https:\\\/\\\/autosdelpodio.com\\\/autos\\\/el-triunfo-que-fue-y-el-que-no-fue\\\/#article\",\"isPartOf\":{\"@id\":\"https:\\\/\\\/autosdelpodio.com\\\/autos\\\/el-triunfo-que-fue-y-el-que-no-fue\\\/\"},\"author\":{\"name\":\"wi022230\",\"@id\":\"http:\\\/\\\/autosdelpodio.com\\\/autos\\\/#\\\/schema\\\/person\\\/e88353cabf768863fdf874e30120f3ba\"},\"headline\":\"El triunfo que fue y el que no fue\",\"datePublished\":\"2012-05-07T00:13:43+00:00\",\"mainEntityOfPage\":{\"@id\":\"https:\\\/\\\/autosdelpodio.com\\\/autos\\\/el-triunfo-que-fue-y-el-que-no-fue\\\/\"},\"wordCount\":151,\"commentCount\":0,\"publisher\":{\"@id\":\"http:\\\/\\\/autosdelpodio.com\\\/autos\\\/#organization\"},\"articleSection\":[\"\u00daltimas noticias\"],\"inLanguage\":\"es\",\"potentialAction\":[{\"@type\":\"CommentAction\",\"name\":\"Comment\",\"target\":[\"https:\\\/\\\/autosdelpodio.com\\\/autos\\\/el-triunfo-que-fue-y-el-que-no-fue\\\/#respond\"]}]},{\"@type\":\"WebPage\",\"@id\":\"https:\\\/\\\/autosdelpodio.com\\\/autos\\\/el-triunfo-que-fue-y-el-que-no-fue\\\/\",\"url\":\"https:\\\/\\\/autosdelpodio.com\\\/autos\\\/el-triunfo-que-fue-y-el-que-no-fue\\\/\",\"name\":\"Autos del Podio | El triunfo que fue y el que no fue\",\"isPartOf\":{\"@id\":\"http:\\\/\\\/autosdelpodio.com\\\/autos\\\/#website\"},\"datePublished\":\"2012-05-07T00:13:43+00:00\",\"description\":\"Autos del Podio\",\"breadcrumb\":{\"@id\":\"https:\\\/\\\/autosdelpodio.com\\\/autos\\\/el-triunfo-que-fue-y-el-que-no-fue\\\/#breadcrumb\"},\"inLanguage\":\"es\",\"potentialAction\":[{\"@type\":\"ReadAction\",\"target\":[\"https:\\\/\\\/autosdelpodio.com\\\/autos\\\/el-triunfo-que-fue-y-el-que-no-fue\\\/\"]}]},{\"@type\":\"BreadcrumbList\",\"@id\":\"https:\\\/\\\/autosdelpodio.com\\\/autos\\\/el-triunfo-que-fue-y-el-que-no-fue\\\/#breadcrumb\",\"itemListElement\":[{\"@type\":\"ListItem\",\"position\":1,\"name\":\"Portada\",\"item\":\"http:\\\/\\\/autosdelpodio.com\\\/autos\\\/\"},{\"@type\":\"ListItem\",\"position\":2,\"name\":\"El triunfo que fue y el que no fue\"}]},{\"@type\":\"WebSite\",\"@id\":\"http:\\\/\\\/autosdelpodio.com\\\/autos\\\/#website\",\"url\":\"http:\\\/\\\/autosdelpodio.com\\\/autos\\\/\",\"name\":\"Autos del Podio\",\"description\":\"La sexta del deporte motor\",\"publisher\":{\"@id\":\"http:\\\/\\\/autosdelpodio.com\\\/autos\\\/#organization\"},\"potentialAction\":[{\"@type\":\"SearchAction\",\"target\":{\"@type\":\"EntryPoint\",\"urlTemplate\":\"http:\\\/\\\/autosdelpodio.com\\\/autos\\\/?s={search_term_string}\"},\"query-input\":{\"@type\":\"PropertyValueSpecification\",\"valueRequired\":true,\"valueName\":\"search_term_string\"}}],\"inLanguage\":\"es\"},{\"@type\":\"Organization\",\"@id\":\"http:\\\/\\\/autosdelpodio.com\\\/autos\\\/#organization\",\"name\":\"Autos del Podio\",\"url\":\"http:\\\/\\\/autosdelpodio.com\\\/autos\\\/\",\"logo\":{\"@type\":\"ImageObject\",\"inLanguage\":\"es\",\"@id\":\"http:\\\/\\\/autosdelpodio.com\\\/autos\\\/#\\\/schema\\\/logo\\\/image\\\/\",\"url\":\"http:\\\/\\\/autosdelpodio.com\\\/autos\\\/wp-content\\\/uploads\\\/2020\\\/08\\\/Logo_AR.jpg\",\"contentUrl\":\"http:\\\/\\\/autosdelpodio.com\\\/autos\\\/wp-content\\\/uploads\\\/2020\\\/08\\\/Logo_AR.jpg\",\"width\":1038,\"height\":1044,\"caption\":\"Autos del Podio\"},\"image\":{\"@id\":\"http:\\\/\\\/autosdelpodio.com\\\/autos\\\/#\\\/schema\\\/logo\\\/image\\\/\"},\"sameAs\":[\"https:\\\/\\\/www.facebook.com\\\/profile.php?id=100057192590976&amp;amp;amp;amp;amp;amp;amp;amp;amp;amp;amp;amp;amp;amp;amp;amp;amp;amp;ref=ts\",\"https:\\\/\\\/x.com\\\/autosdelpodio\",\"https:\\\/\\\/www.youtube.com\\\/user\\\/AutosdelPodio\"]},{\"@type\":\"Person\",\"@id\":\"http:\\\/\\\/autosdelpodio.com\\\/autos\\\/#\\\/schema\\\/person\\\/e88353cabf768863fdf874e30120f3ba\",\"name\":\"wi022230\",\"image\":{\"@type\":\"ImageObject\",\"inLanguage\":\"es\",\"@id\":\"http:\\\/\\\/autosdelpodio.com\\\/autos\\\/wp-content\\\/litespeed\\\/avatar\\\/453fc9bdbb11d766ba4c7f14d0bd0aa9.jpg?ver=1776800006\",\"url\":\"http:\\\/\\\/autosdelpodio.com\\\/autos\\\/wp-content\\\/litespeed\\\/avatar\\\/453fc9bdbb11d766ba4c7f14d0bd0aa9.jpg?ver=1776800006\",\"contentUrl\":\"http:\\\/\\\/autosdelpodio.com\\\/autos\\\/wp-content\\\/litespeed\\\/avatar\\\/453fc9bdbb11d766ba4c7f14d0bd0aa9.jpg?ver=1776800006\",\"caption\":\"wi022230\"}}]}<\/script>\n<!-- \/ Yoast SEO plugin. -->","yoast_head_json":{"title":"Autos del Podio | El triunfo que fue y el que no fue","description":"Autos del Podio","robots":{"index":"index","follow":"follow","max-snippet":"max-snippet:-1","max-image-preview":"max-image-preview:large","max-video-preview":"max-video-preview:-1"},"canonical":"https:\/\/autosdelpodio.com\/autos\/el-triunfo-que-fue-y-el-que-no-fue\/","og_locale":"es_ES","og_type":"article","og_title":"Autos del Podio | El triunfo que fue y el que no fue","og_description":"Autos del Podio","og_url":"https:\/\/autosdelpodio.com\/autos\/el-triunfo-que-fue-y-el-que-no-fue\/","og_site_name":"Autos del Podio","article_publisher":"https:\/\/www.facebook.com\/profile.php?id=100057192590976&amp%3bamp%3bamp%3bamp%3bamp%3bamp%3bamp%3bamp%3bamp%3bamp%3bamp%3bamp%3bamp%3bamp%3bamp%3bamp%3bamp%3bamp%3bref=ts","article_published_time":"2012-05-07T00:13:43+00:00","author":"wi022230","twitter_card":"summary_large_image","twitter_creator":"@autosdelpodio","twitter_site":"@autosdelpodio","twitter_misc":{"Escrito por":"wi022230","Tiempo de lectura":"1 minuto"},"schema":{"@context":"https:\/\/schema.org","@graph":[{"@type":"Article","@id":"https:\/\/autosdelpodio.com\/autos\/el-triunfo-que-fue-y-el-que-no-fue\/#article","isPartOf":{"@id":"https:\/\/autosdelpodio.com\/autos\/el-triunfo-que-fue-y-el-que-no-fue\/"},"author":{"name":"wi022230","@id":"http:\/\/autosdelpodio.com\/autos\/#\/schema\/person\/e88353cabf768863fdf874e30120f3ba"},"headline":"El triunfo que fue y el que no fue","datePublished":"2012-05-07T00:13:43+00:00","mainEntityOfPage":{"@id":"https:\/\/autosdelpodio.com\/autos\/el-triunfo-que-fue-y-el-que-no-fue\/"},"wordCount":151,"commentCount":0,"publisher":{"@id":"http:\/\/autosdelpodio.com\/autos\/#organization"},"articleSection":["\u00daltimas noticias"],"inLanguage":"es","potentialAction":[{"@type":"CommentAction","name":"Comment","target":["https:\/\/autosdelpodio.com\/autos\/el-triunfo-que-fue-y-el-que-no-fue\/#respond"]}]},{"@type":"WebPage","@id":"https:\/\/autosdelpodio.com\/autos\/el-triunfo-que-fue-y-el-que-no-fue\/","url":"https:\/\/autosdelpodio.com\/autos\/el-triunfo-que-fue-y-el-que-no-fue\/","name":"Autos del Podio | El triunfo que fue y el que no fue","isPartOf":{"@id":"http:\/\/autosdelpodio.com\/autos\/#website"},"datePublished":"2012-05-07T00:13:43+00:00","description":"Autos del Podio","breadcrumb":{"@id":"https:\/\/autosdelpodio.com\/autos\/el-triunfo-que-fue-y-el-que-no-fue\/#breadcrumb"},"inLanguage":"es","potentialAction":[{"@type":"ReadAction","target":["https:\/\/autosdelpodio.com\/autos\/el-triunfo-que-fue-y-el-que-no-fue\/"]}]},{"@type":"BreadcrumbList","@id":"https:\/\/autosdelpodio.com\/autos\/el-triunfo-que-fue-y-el-que-no-fue\/#breadcrumb","itemListElement":[{"@type":"ListItem","position":1,"name":"Portada","item":"http:\/\/autosdelpodio.com\/autos\/"},{"@type":"ListItem","position":2,"name":"El triunfo que fue y el que no fue"}]},{"@type":"WebSite","@id":"http:\/\/autosdelpodio.com\/autos\/#website","url":"http:\/\/autosdelpodio.com\/autos\/","name":"Autos del Podio","description":"La sexta del deporte motor","publisher":{"@id":"http:\/\/autosdelpodio.com\/autos\/#organization"},"potentialAction":[{"@type":"SearchAction","target":{"@type":"EntryPoint","urlTemplate":"http:\/\/autosdelpodio.com\/autos\/?s={search_term_string}"},"query-input":{"@type":"PropertyValueSpecification","valueRequired":true,"valueName":"search_term_string"}}],"inLanguage":"es"},{"@type":"Organization","@id":"http:\/\/autosdelpodio.com\/autos\/#organization","name":"Autos del Podio","url":"http:\/\/autosdelpodio.com\/autos\/","logo":{"@type":"ImageObject","inLanguage":"es","@id":"http:\/\/autosdelpodio.com\/autos\/#\/schema\/logo\/image\/","url":"http:\/\/autosdelpodio.com\/autos\/wp-content\/uploads\/2020\/08\/Logo_AR.jpg","contentUrl":"http:\/\/autosdelpodio.com\/autos\/wp-content\/uploads\/2020\/08\/Logo_AR.jpg","width":1038,"height":1044,"caption":"Autos del Podio"},"image":{"@id":"http:\/\/autosdelpodio.com\/autos\/#\/schema\/logo\/image\/"},"sameAs":["https:\/\/www.facebook.com\/profile.php?id=100057192590976&amp;amp;amp;amp;amp;amp;amp;amp;amp;amp;amp;amp;amp;amp;amp;amp;amp;amp;ref=ts","https:\/\/x.com\/autosdelpodio","https:\/\/www.youtube.com\/user\/AutosdelPodio"]},{"@type":"Person","@id":"http:\/\/autosdelpodio.com\/autos\/#\/schema\/person\/e88353cabf768863fdf874e30120f3ba","name":"wi022230","image":{"@type":"ImageObject","inLanguage":"es","@id":"http:\/\/autosdelpodio.com\/autos\/wp-content\/litespeed\/avatar\/453fc9bdbb11d766ba4c7f14d0bd0aa9.jpg?ver=1776800006","url":"http:\/\/autosdelpodio.com\/autos\/wp-content\/litespeed\/avatar\/453fc9bdbb11d766ba4c7f14d0bd0aa9.jpg?ver=1776800006","contentUrl":"http:\/\/autosdelpodio.com\/autos\/wp-content\/litespeed\/avatar\/453fc9bdbb11d766ba4c7f14d0bd0aa9.jpg?ver=1776800006","caption":"wi022230"}}]}},"views":710,"_links":{"self":[{"href":"http:\/\/autosdelpodio.com\/autos\/wp-json\/wp\/v2\/posts\/415","targetHints":{"allow":["GET"]}}],"collection":[{"href":"http:\/\/autosdelpodio.com\/autos\/wp-json\/wp\/v2\/posts"}],"about":[{"href":"http:\/\/autosdelpodio.com\/autos\/wp-json\/wp\/v2\/types\/post"}],"author":[{"embeddable":true,"href":"http:\/\/autosdelpodio.com\/autos\/wp-json\/wp\/v2\/users\/1"}],"replies":[{"embeddable":true,"href":"http:\/\/autosdelpodio.com\/autos\/wp-json\/wp\/v2\/comments?post=415"}],"version-history":[{"count":0,"href":"http:\/\/autosdelpodio.com\/autos\/wp-json\/wp\/v2\/posts\/415\/revisions"}],"wp:attachment":[{"href":"http:\/\/autosdelpodio.com\/autos\/wp-json\/wp\/v2\/media?parent=415"}],"wp:term":[{"taxonomy":"category","embeddable":true,"href":"http:\/\/autosdelpodio.com\/autos\/wp-json\/wp\/v2\/categories?post=415"},{"taxonomy":"post_tag","embeddable":true,"href":"http:\/\/autosdelpodio.com\/autos\/wp-json\/wp\/v2\/tags?post=415"}],"curies":[{"name":"wp","href":"https:\/\/api.w.org\/{rel}","templated":true}]}}