{"id":4162,"date":"2021-04-18T15:26:20","date_gmt":"2021-04-18T18:26:20","guid":{"rendered":"http:\/\/autosdelpodio.com\/autos\/?p=4162"},"modified":"2021-04-18T19:32:04","modified_gmt":"2021-04-18T22:32:04","slug":"el-turno-de-dodge-el-turno-del-pinchito","status":"publish","type":"post","link":"http:\/\/autosdelpodio.com\/autos\/el-turno-de-dodge-el-turno-del-pinchito\/","title":{"rendered":"El turno de Dodge, el turno del Pinchito"},"content":{"rendered":"\n<p>Jonatan Castellano se qued\u00f3 con la cuarta final del a\u00f1o en el circuito uruguayense de Concepci\u00f3n y la primera alegr\u00eda para la marca con el 1-2 junto a Diego Ciantini. Agust\u00edn Canapino lleg\u00f3 tercero y se afirma en el campeonato.<br>La Pole del S\u00e1bado para nada fue casualidad para el piloto de Loberia que tuvo que trabajar su vuelta al triunfo ya que en primera instancia Ciantini qued\u00f3 adelante maniobra \u00e1spera mediante seg\u00fan el criterio del comisariato deportivo que apercibi\u00f3 al joven de Balcarce.<br>Hasta que finalmente Castellano pudo ganar la posici\u00f3n promediando la competencia para nunca mas ceder el liderazgo.<br>La pr\u00f3xima fecha del TC ser\u00e1 en la misma provincia dentro de 3 semanas cuando el 9 de mayo se traslade al Autodromo de su capital en Paran\u00e1.<\/p>\n\n\n\n<p><strong>Final TC &#8211; Entre Rios I &#8211; Fecha 4<\/strong><\/p>\n\n\n\n<p><em>1\u00b0 8 CASTELLANO, JONATAN Dodge 20 32:14.552<br>2\u00b0 77 CIANTINI, DIEGO Dodge 20 32:15.056 0.504<br>3\u00b0 86 CANAPINO, AGUST\u00cdN Chevrolet 20 32:16.483 1.931<br>4\u00b0 83 ARDUSSO, FACUNDO Chevrolet 20 32:16.935 2.383<br>5\u00b0 11 LAMBIRIS, MAURICIO Ford 20 32:18.000 3.448<br>6\u00b0 16 MORIATIS, EMANUEL Ford 20 32:18.301 3.749<br>7\u00b0 51 GIANINI, JUAN PABLO Ford 20 32:18.567 4.015<br>8\u00b0 21 TRUCCO, JUAN MART\u00cdN Dodge 20 32:18.979 4.427<br>9\u00b0 95 LANDA, MARCOS Torino 20 32:19.300 4.748<br>10\u00b0 68 SANTERO, JULI\u00c1N Ford 20 32:20.293 5.741<br>11\u00b0 25 DI PALMA, LUIS JOS\u00c9 Ford 20 32:21.561 7.009<br>12\u00b0 157 DE BENEDICTIS, JUAN BAUTISTA Ford 20 32:22.133 7.581<br>13\u00b0 127 AGRELO, MARCELO Torino 20 32:22.729 8.177<br>14\u00b0 22 BONELLI, NICOL\u00c1S Ford 20 32:23.370 8.818<br>15\u00b0 36 COSTANZO, PABLO Torino 20 32:24.212 9.660<br>16\u00b0 29 CATAL\u00c1N MAGNI, JUAN TOM\u00c1S Ford 20 32:24.411 9.859<br>17\u00b0 122 JAKOS, ANDR\u00c9S Dodge 20 32:25.499 10.947<br>18\u00b0 114 FERRANTE, GAST\u00d3N Torino 20 32:25.772 11.220<br>19\u00b0 129 TROSSET, NICOL\u00c1S Ford 20 32:26.215 11.663<br>20\u00b0 116 RUGGIERO, ALAN Ford 20 32:26.531 11.979<br>21\u00b0 5 LEDESMA, CHRISTIAN Chevrolet 20 32:27.025 12.473<br>22\u00b0 34 EBARL\u00cdN, JUAN JOS\u00c9 Chevrolet 20 32:27.811 13.259<br>23\u00b0 88 PONTE, MART\u00cdN Dodge 20 32:28.357 13.805<br>24\u00b0 26 SPATARO, EMILIANO Torino 20 32:29.403 14.851<br>25\u00b0 75 ALAUX, SERGIO Chevrolet 20 32:30.554 16.002<br>26\u00b0 177 LONDERO, AYRTON Ford 20 32:30.794 16.242<br>27\u00b0 79 NOLESI, MATH\u00cdAS Ford 20 32:31.887 17.335<br>28\u00b0 20 PERN\u00cdA, LEONEL Torino 20 32:32.121 17.569<br>29\u00b0 28 FONTANA, NORBERTO Chevrolet 20 32:32.744 18.192<br>30\u00b0 3 URCERA, JOS\u00c9 MANUEL Chevrolet 20 32:33.064 18.512<br>31\u00b0 6 GINI, ESTEBAN Torino 20 32:34.350 19.798<br>32\u00b0 115 DE CARLO, DIEGO Chevrolet 20 32:36.179 21.627<br>33\u00b0 56 TODINO, GERM\u00c1N Torino 20 32:36.991 22.439<br>34\u00b0 1 WERNER, MARIANO Ford 20 32:42.606 28.054<br>35\u00b0 7 MAZZACANE, GAST\u00d3N Chevrolet 19 32:32.439 1 VTA<br>36\u00b0 100 OKULOVICH, CARLOS Torino 19 32:37.354 1 VTA<br>37\u00b0 10 MANGONI, SANTIAGO Chevrolet 19 32:41.495 1 VTA<br>38\u00b0 99 BRUNO, JUAN MART\u00cdN Dodge 19 32:43.412 1 VTA<br>39\u00b0 31 PONCE DE LE\u00d3N, GABRIEL Ford 18 29:48.170 2 VTAS<br>40\u00b0 37 COTIGNOLA, NICOL\u00c1S Torino 17 28:05.553 3 VTAS<br>41\u00b0 101 UGALDE, LIONEL Torino 17 33:03.021 3 VTAS<br>42\u00b0 27 DELLA MOTTA, FACUNDO Torino 13 19:55.660 7 VTAS<br>43\u00b0 133 AGUIRRE, VALENT\u00cdN Ford 12 18:30.571 8 VTAS<br>44\u00b0 93 RODR\u00cdGUEZ, MAT\u00cdAS Torino 10 15:19.004 10 VTAS<br>45\u00b0 91 ORTELLI, GUILLERMO Chevrolet 4 06:14.977 16 VTAS<br>46\u00b0 2 BENVENUTI, JUAN CRUZ Torino 1 02:31.872 19 VTAS<\/em><\/p>\n","protected":false},"excerpt":{"rendered":"<p>Jonatan Castellano se qued\u00f3 con la cuarta final del a\u00f1o en el circuito uruguayense de Concepci\u00f3n y la primera alegr\u00eda<\/p>\n","protected":false},"author":3,"featured_media":2651,"comment_status":"open","ping_status":"open","sticky":false,"template":"","format":"standard","meta":{"colormag_page_container_layout":"default_layout","colormag_page_sidebar_layout":"default_layout","footnotes":""},"categories":[6],"tags":[507,71,218,226,39],"class_list":["post-4162","post","type-post","status-publish","format-standard","has-post-thumbnail","hentry","category-newsflash","tag-autodromo-concepcion-u","tag-dodge","tag-entre-rios","tag-jonatan-castellano","tag-turismo-carretera"],"yoast_head":"<!-- This site is optimized with the Yoast SEO plugin v27.4 - https:\/\/yoast.com\/product\/yoast-seo-wordpress\/ -->\n<title>Autos del Podio | El turno de Dodge, el turno del Pinchito<\/title>\n<meta name=\"description\" content=\"Autos del Podio Jonatan Castellano gan\u00f3 en TC en su primera de las 3 visitas a la provincia de Entre Rios\" \/>\n<meta name=\"robots\" content=\"index, follow, max-snippet:-1, max-image-preview:large, max-video-preview:-1\" \/>\n<link rel=\"canonical\" href=\"https:\/\/autosdelpodio.com\/autos\/el-turno-de-dodge-el-turno-del-pinchito\/\" \/>\n<meta property=\"og:locale\" content=\"es_ES\" \/>\n<meta property=\"og:type\" content=\"article\" \/>\n<meta property=\"og:title\" content=\"Autos del Podio | El turno de Dodge, el turno del Pinchito\" \/>\n<meta property=\"og:description\" content=\"Autos del Podio Jonatan Castellano gan\u00f3 en TC en su primera de las 3 visitas a la provincia de Entre Rios\" \/>\n<meta property=\"og:url\" content=\"https:\/\/autosdelpodio.com\/autos\/el-turno-de-dodge-el-turno-del-pinchito\/\" \/>\n<meta property=\"og:site_name\" content=\"Autos del Podio\" \/>\n<meta property=\"article:publisher\" content=\"https:\/\/www.facebook.com\/profile.php?id=100057192590976&amp;amp%3bamp%3bamp%3bamp%3bamp%3bamp%3bamp%3bamp%3bamp%3bamp%3bamp%3bamp%3bamp%3bamp%3bamp%3bamp%3bamp%3bamp%3bref=ts\" \/>\n<meta property=\"article:published_time\" content=\"2021-04-18T18:26:20+00:00\" \/>\n<meta property=\"article:modified_time\" content=\"2021-04-18T22:32:04+00:00\" \/>\n<meta property=\"og:image\" content=\"https:\/\/autosdelpodio.com\/autos\/wp-content\/uploads\/2020\/09\/Logo_Dodge.jpg\" \/>\n\t<meta property=\"og:image:width\" content=\"563\" \/>\n\t<meta property=\"og:image:height\" content=\"419\" \/>\n\t<meta property=\"og:image:type\" content=\"image\/jpeg\" \/>\n<meta name=\"author\" content=\"autosdelpodio\" \/>\n<meta name=\"twitter:card\" content=\"summary_large_image\" \/>\n<meta name=\"twitter:creator\" content=\"@autosdelpodio\" \/>\n<meta name=\"twitter:site\" content=\"@autosdelpodio\" \/>\n<meta name=\"twitter:label1\" content=\"Escrito por\" \/>\n\t<meta name=\"twitter:data1\" content=\"autosdelpodio\" \/>\n\t<meta name=\"twitter:label2\" content=\"Tiempo de lectura\" \/>\n\t<meta name=\"twitter:data2\" content=\"3 minutos\" \/>\n<script type=\"application\/ld+json\" class=\"yoast-schema-graph\">{\"@context\":\"https:\\\/\\\/schema.org\",\"@graph\":[{\"@type\":\"Article\",\"@id\":\"https:\\\/\\\/autosdelpodio.com\\\/autos\\\/el-turno-de-dodge-el-turno-del-pinchito\\\/#article\",\"isPartOf\":{\"@id\":\"https:\\\/\\\/autosdelpodio.com\\\/autos\\\/el-turno-de-dodge-el-turno-del-pinchito\\\/\"},\"author\":{\"name\":\"autosdelpodio\",\"@id\":\"http:\\\/\\\/autosdelpodio.com\\\/autos\\\/#\\\/schema\\\/person\\\/993527a4d01c3acdd3d6bce3770bc942\"},\"headline\":\"El turno de Dodge, el turno del Pinchito\",\"datePublished\":\"2021-04-18T18:26:20+00:00\",\"dateModified\":\"2021-04-18T22:32:04+00:00\",\"mainEntityOfPage\":{\"@id\":\"https:\\\/\\\/autosdelpodio.com\\\/autos\\\/el-turno-de-dodge-el-turno-del-pinchito\\\/\"},\"wordCount\":338,\"commentCount\":0,\"publisher\":{\"@id\":\"http:\\\/\\\/autosdelpodio.com\\\/autos\\\/#organization\"},\"image\":{\"@id\":\"https:\\\/\\\/autosdelpodio.com\\\/autos\\\/el-turno-de-dodge-el-turno-del-pinchito\\\/#primaryimage\"},\"thumbnailUrl\":\"http:\\\/\\\/autosdelpodio.com\\\/autos\\\/wp-content\\\/uploads\\\/2020\\\/09\\\/Logo_Dodge.jpg\",\"keywords\":[\"Autodromo Concepci\u00f3n U\",\"Dodge\",\"Entre Rios\",\"Jonatan Castellano\",\"Turismo Carretera\"],\"articleSection\":[\"Destacado\"],\"inLanguage\":\"es\",\"potentialAction\":[{\"@type\":\"CommentAction\",\"name\":\"Comment\",\"target\":[\"https:\\\/\\\/autosdelpodio.com\\\/autos\\\/el-turno-de-dodge-el-turno-del-pinchito\\\/#respond\"]}]},{\"@type\":\"WebPage\",\"@id\":\"https:\\\/\\\/autosdelpodio.com\\\/autos\\\/el-turno-de-dodge-el-turno-del-pinchito\\\/\",\"url\":\"https:\\\/\\\/autosdelpodio.com\\\/autos\\\/el-turno-de-dodge-el-turno-del-pinchito\\\/\",\"name\":\"Autos del Podio | El turno de Dodge, el turno del Pinchito\",\"isPartOf\":{\"@id\":\"http:\\\/\\\/autosdelpodio.com\\\/autos\\\/#website\"},\"primaryImageOfPage\":{\"@id\":\"https:\\\/\\\/autosdelpodio.com\\\/autos\\\/el-turno-de-dodge-el-turno-del-pinchito\\\/#primaryimage\"},\"image\":{\"@id\":\"https:\\\/\\\/autosdelpodio.com\\\/autos\\\/el-turno-de-dodge-el-turno-del-pinchito\\\/#primaryimage\"},\"thumbnailUrl\":\"http:\\\/\\\/autosdelpodio.com\\\/autos\\\/wp-content\\\/uploads\\\/2020\\\/09\\\/Logo_Dodge.jpg\",\"datePublished\":\"2021-04-18T18:26:20+00:00\",\"dateModified\":\"2021-04-18T22:32:04+00:00\",\"description\":\"Autos del Podio Jonatan Castellano gan\u00f3 en TC en su primera de las 3 visitas a la provincia de Entre Rios\",\"breadcrumb\":{\"@id\":\"https:\\\/\\\/autosdelpodio.com\\\/autos\\\/el-turno-de-dodge-el-turno-del-pinchito\\\/#breadcrumb\"},\"inLanguage\":\"es\",\"potentialAction\":[{\"@type\":\"ReadAction\",\"target\":[\"https:\\\/\\\/autosdelpodio.com\\\/autos\\\/el-turno-de-dodge-el-turno-del-pinchito\\\/\"]}]},{\"@type\":\"ImageObject\",\"inLanguage\":\"es\",\"@id\":\"https:\\\/\\\/autosdelpodio.com\\\/autos\\\/el-turno-de-dodge-el-turno-del-pinchito\\\/#primaryimage\",\"url\":\"http:\\\/\\\/autosdelpodio.com\\\/autos\\\/wp-content\\\/uploads\\\/2020\\\/09\\\/Logo_Dodge.jpg\",\"contentUrl\":\"http:\\\/\\\/autosdelpodio.com\\\/autos\\\/wp-content\\\/uploads\\\/2020\\\/09\\\/Logo_Dodge.jpg\",\"width\":563,\"height\":419},{\"@type\":\"BreadcrumbList\",\"@id\":\"https:\\\/\\\/autosdelpodio.com\\\/autos\\\/el-turno-de-dodge-el-turno-del-pinchito\\\/#breadcrumb\",\"itemListElement\":[{\"@type\":\"ListItem\",\"position\":1,\"name\":\"Portada\",\"item\":\"http:\\\/\\\/autosdelpodio.com\\\/autos\\\/\"},{\"@type\":\"ListItem\",\"position\":2,\"name\":\"El turno de Dodge, el turno del Pinchito\"}]},{\"@type\":\"WebSite\",\"@id\":\"http:\\\/\\\/autosdelpodio.com\\\/autos\\\/#website\",\"url\":\"http:\\\/\\\/autosdelpodio.com\\\/autos\\\/\",\"name\":\"Autos del Podio\",\"description\":\"La sexta del deporte motor\",\"publisher\":{\"@id\":\"http:\\\/\\\/autosdelpodio.com\\\/autos\\\/#organization\"},\"potentialAction\":[{\"@type\":\"SearchAction\",\"target\":{\"@type\":\"EntryPoint\",\"urlTemplate\":\"http:\\\/\\\/autosdelpodio.com\\\/autos\\\/?s={search_term_string}\"},\"query-input\":{\"@type\":\"PropertyValueSpecification\",\"valueRequired\":true,\"valueName\":\"search_term_string\"}}],\"inLanguage\":\"es\"},{\"@type\":\"Organization\",\"@id\":\"http:\\\/\\\/autosdelpodio.com\\\/autos\\\/#organization\",\"name\":\"Autos del Podio\",\"url\":\"http:\\\/\\\/autosdelpodio.com\\\/autos\\\/\",\"logo\":{\"@type\":\"ImageObject\",\"inLanguage\":\"es\",\"@id\":\"http:\\\/\\\/autosdelpodio.com\\\/autos\\\/#\\\/schema\\\/logo\\\/image\\\/\",\"url\":\"http:\\\/\\\/autosdelpodio.com\\\/autos\\\/wp-content\\\/uploads\\\/2020\\\/08\\\/Logo_AR.jpg\",\"contentUrl\":\"http:\\\/\\\/autosdelpodio.com\\\/autos\\\/wp-content\\\/uploads\\\/2020\\\/08\\\/Logo_AR.jpg\",\"width\":1038,\"height\":1044,\"caption\":\"Autos del Podio\"},\"image\":{\"@id\":\"http:\\\/\\\/autosdelpodio.com\\\/autos\\\/#\\\/schema\\\/logo\\\/image\\\/\"},\"sameAs\":[\"https:\\\/\\\/www.facebook.com\\\/profile.php?id=100057192590976&amp;amp;amp;amp;amp;amp;amp;amp;amp;amp;amp;amp;amp;amp;amp;amp;amp;amp;ref=ts\",\"https:\\\/\\\/x.com\\\/autosdelpodio\",\"https:\\\/\\\/www.youtube.com\\\/user\\\/AutosdelPodio\"]},{\"@type\":\"Person\",\"@id\":\"http:\\\/\\\/autosdelpodio.com\\\/autos\\\/#\\\/schema\\\/person\\\/993527a4d01c3acdd3d6bce3770bc942\",\"name\":\"autosdelpodio\",\"image\":{\"@type\":\"ImageObject\",\"inLanguage\":\"es\",\"@id\":\"http:\\\/\\\/autosdelpodio.com\\\/autos\\\/wp-content\\\/litespeed\\\/avatar\\\/aa8f65cd201a80f6b844f63278aa84af.jpg?ver=1776798175\",\"url\":\"http:\\\/\\\/autosdelpodio.com\\\/autos\\\/wp-content\\\/litespeed\\\/avatar\\\/aa8f65cd201a80f6b844f63278aa84af.jpg?ver=1776798175\",\"contentUrl\":\"http:\\\/\\\/autosdelpodio.com\\\/autos\\\/wp-content\\\/litespeed\\\/avatar\\\/aa8f65cd201a80f6b844f63278aa84af.jpg?ver=1776798175\",\"caption\":\"autosdelpodio\"}}]}<\/script>\n<!-- \/ Yoast SEO plugin. -->","yoast_head_json":{"title":"Autos del Podio | El turno de Dodge, el turno del Pinchito","description":"Autos del Podio Jonatan Castellano gan\u00f3 en TC en su primera de las 3 visitas a la provincia de Entre Rios","robots":{"index":"index","follow":"follow","max-snippet":"max-snippet:-1","max-image-preview":"max-image-preview:large","max-video-preview":"max-video-preview:-1"},"canonical":"https:\/\/autosdelpodio.com\/autos\/el-turno-de-dodge-el-turno-del-pinchito\/","og_locale":"es_ES","og_type":"article","og_title":"Autos del Podio | El turno de Dodge, el turno del Pinchito","og_description":"Autos del Podio Jonatan Castellano gan\u00f3 en TC en su primera de las 3 visitas a la provincia de Entre Rios","og_url":"https:\/\/autosdelpodio.com\/autos\/el-turno-de-dodge-el-turno-del-pinchito\/","og_site_name":"Autos del Podio","article_publisher":"https:\/\/www.facebook.com\/profile.php?id=100057192590976&amp%3bamp%3bamp%3bamp%3bamp%3bamp%3bamp%3bamp%3bamp%3bamp%3bamp%3bamp%3bamp%3bamp%3bamp%3bamp%3bamp%3bamp%3bref=ts","article_published_time":"2021-04-18T18:26:20+00:00","article_modified_time":"2021-04-18T22:32:04+00:00","og_image":[{"width":563,"height":419,"url":"https:\/\/autosdelpodio.com\/autos\/wp-content\/uploads\/2020\/09\/Logo_Dodge.jpg","type":"image\/jpeg"}],"author":"autosdelpodio","twitter_card":"summary_large_image","twitter_creator":"@autosdelpodio","twitter_site":"@autosdelpodio","twitter_misc":{"Escrito por":"autosdelpodio","Tiempo de lectura":"3 minutos"},"schema":{"@context":"https:\/\/schema.org","@graph":[{"@type":"Article","@id":"https:\/\/autosdelpodio.com\/autos\/el-turno-de-dodge-el-turno-del-pinchito\/#article","isPartOf":{"@id":"https:\/\/autosdelpodio.com\/autos\/el-turno-de-dodge-el-turno-del-pinchito\/"},"author":{"name":"autosdelpodio","@id":"http:\/\/autosdelpodio.com\/autos\/#\/schema\/person\/993527a4d01c3acdd3d6bce3770bc942"},"headline":"El turno de Dodge, el turno del Pinchito","datePublished":"2021-04-18T18:26:20+00:00","dateModified":"2021-04-18T22:32:04+00:00","mainEntityOfPage":{"@id":"https:\/\/autosdelpodio.com\/autos\/el-turno-de-dodge-el-turno-del-pinchito\/"},"wordCount":338,"commentCount":0,"publisher":{"@id":"http:\/\/autosdelpodio.com\/autos\/#organization"},"image":{"@id":"https:\/\/autosdelpodio.com\/autos\/el-turno-de-dodge-el-turno-del-pinchito\/#primaryimage"},"thumbnailUrl":"http:\/\/autosdelpodio.com\/autos\/wp-content\/uploads\/2020\/09\/Logo_Dodge.jpg","keywords":["Autodromo Concepci\u00f3n U","Dodge","Entre Rios","Jonatan Castellano","Turismo Carretera"],"articleSection":["Destacado"],"inLanguage":"es","potentialAction":[{"@type":"CommentAction","name":"Comment","target":["https:\/\/autosdelpodio.com\/autos\/el-turno-de-dodge-el-turno-del-pinchito\/#respond"]}]},{"@type":"WebPage","@id":"https:\/\/autosdelpodio.com\/autos\/el-turno-de-dodge-el-turno-del-pinchito\/","url":"https:\/\/autosdelpodio.com\/autos\/el-turno-de-dodge-el-turno-del-pinchito\/","name":"Autos del Podio | El turno de Dodge, el turno del Pinchito","isPartOf":{"@id":"http:\/\/autosdelpodio.com\/autos\/#website"},"primaryImageOfPage":{"@id":"https:\/\/autosdelpodio.com\/autos\/el-turno-de-dodge-el-turno-del-pinchito\/#primaryimage"},"image":{"@id":"https:\/\/autosdelpodio.com\/autos\/el-turno-de-dodge-el-turno-del-pinchito\/#primaryimage"},"thumbnailUrl":"http:\/\/autosdelpodio.com\/autos\/wp-content\/uploads\/2020\/09\/Logo_Dodge.jpg","datePublished":"2021-04-18T18:26:20+00:00","dateModified":"2021-04-18T22:32:04+00:00","description":"Autos del Podio Jonatan Castellano gan\u00f3 en TC en su primera de las 3 visitas a la provincia de Entre Rios","breadcrumb":{"@id":"https:\/\/autosdelpodio.com\/autos\/el-turno-de-dodge-el-turno-del-pinchito\/#breadcrumb"},"inLanguage":"es","potentialAction":[{"@type":"ReadAction","target":["https:\/\/autosdelpodio.com\/autos\/el-turno-de-dodge-el-turno-del-pinchito\/"]}]},{"@type":"ImageObject","inLanguage":"es","@id":"https:\/\/autosdelpodio.com\/autos\/el-turno-de-dodge-el-turno-del-pinchito\/#primaryimage","url":"http:\/\/autosdelpodio.com\/autos\/wp-content\/uploads\/2020\/09\/Logo_Dodge.jpg","contentUrl":"http:\/\/autosdelpodio.com\/autos\/wp-content\/uploads\/2020\/09\/Logo_Dodge.jpg","width":563,"height":419},{"@type":"BreadcrumbList","@id":"https:\/\/autosdelpodio.com\/autos\/el-turno-de-dodge-el-turno-del-pinchito\/#breadcrumb","itemListElement":[{"@type":"ListItem","position":1,"name":"Portada","item":"http:\/\/autosdelpodio.com\/autos\/"},{"@type":"ListItem","position":2,"name":"El turno de Dodge, el turno del Pinchito"}]},{"@type":"WebSite","@id":"http:\/\/autosdelpodio.com\/autos\/#website","url":"http:\/\/autosdelpodio.com\/autos\/","name":"Autos del Podio","description":"La sexta del deporte motor","publisher":{"@id":"http:\/\/autosdelpodio.com\/autos\/#organization"},"potentialAction":[{"@type":"SearchAction","target":{"@type":"EntryPoint","urlTemplate":"http:\/\/autosdelpodio.com\/autos\/?s={search_term_string}"},"query-input":{"@type":"PropertyValueSpecification","valueRequired":true,"valueName":"search_term_string"}}],"inLanguage":"es"},{"@type":"Organization","@id":"http:\/\/autosdelpodio.com\/autos\/#organization","name":"Autos del Podio","url":"http:\/\/autosdelpodio.com\/autos\/","logo":{"@type":"ImageObject","inLanguage":"es","@id":"http:\/\/autosdelpodio.com\/autos\/#\/schema\/logo\/image\/","url":"http:\/\/autosdelpodio.com\/autos\/wp-content\/uploads\/2020\/08\/Logo_AR.jpg","contentUrl":"http:\/\/autosdelpodio.com\/autos\/wp-content\/uploads\/2020\/08\/Logo_AR.jpg","width":1038,"height":1044,"caption":"Autos del Podio"},"image":{"@id":"http:\/\/autosdelpodio.com\/autos\/#\/schema\/logo\/image\/"},"sameAs":["https:\/\/www.facebook.com\/profile.php?id=100057192590976&amp;amp;amp;amp;amp;amp;amp;amp;amp;amp;amp;amp;amp;amp;amp;amp;amp;amp;ref=ts","https:\/\/x.com\/autosdelpodio","https:\/\/www.youtube.com\/user\/AutosdelPodio"]},{"@type":"Person","@id":"http:\/\/autosdelpodio.com\/autos\/#\/schema\/person\/993527a4d01c3acdd3d6bce3770bc942","name":"autosdelpodio","image":{"@type":"ImageObject","inLanguage":"es","@id":"http:\/\/autosdelpodio.com\/autos\/wp-content\/litespeed\/avatar\/aa8f65cd201a80f6b844f63278aa84af.jpg?ver=1776798175","url":"http:\/\/autosdelpodio.com\/autos\/wp-content\/litespeed\/avatar\/aa8f65cd201a80f6b844f63278aa84af.jpg?ver=1776798175","contentUrl":"http:\/\/autosdelpodio.com\/autos\/wp-content\/litespeed\/avatar\/aa8f65cd201a80f6b844f63278aa84af.jpg?ver=1776798175","caption":"autosdelpodio"}}]}},"views":664,"_links":{"self":[{"href":"http:\/\/autosdelpodio.com\/autos\/wp-json\/wp\/v2\/posts\/4162","targetHints":{"allow":["GET"]}}],"collection":[{"href":"http:\/\/autosdelpodio.com\/autos\/wp-json\/wp\/v2\/posts"}],"about":[{"href":"http:\/\/autosdelpodio.com\/autos\/wp-json\/wp\/v2\/types\/post"}],"author":[{"embeddable":true,"href":"http:\/\/autosdelpodio.com\/autos\/wp-json\/wp\/v2\/users\/3"}],"replies":[{"embeddable":true,"href":"http:\/\/autosdelpodio.com\/autos\/wp-json\/wp\/v2\/comments?post=4162"}],"version-history":[{"count":2,"href":"http:\/\/autosdelpodio.com\/autos\/wp-json\/wp\/v2\/posts\/4162\/revisions"}],"predecessor-version":[{"id":4164,"href":"http:\/\/autosdelpodio.com\/autos\/wp-json\/wp\/v2\/posts\/4162\/revisions\/4164"}],"wp:featuredmedia":[{"embeddable":true,"href":"http:\/\/autosdelpodio.com\/autos\/wp-json\/wp\/v2\/media\/2651"}],"wp:attachment":[{"href":"http:\/\/autosdelpodio.com\/autos\/wp-json\/wp\/v2\/media?parent=4162"}],"wp:term":[{"taxonomy":"category","embeddable":true,"href":"http:\/\/autosdelpodio.com\/autos\/wp-json\/wp\/v2\/categories?post=4162"},{"taxonomy":"post_tag","embeddable":true,"href":"http:\/\/autosdelpodio.com\/autos\/wp-json\/wp\/v2\/tags?post=4162"}],"curies":[{"name":"wp","href":"https:\/\/api.w.org\/{rel}","templated":true}]}}