{"id":4182,"date":"2021-04-25T14:29:14","date_gmt":"2021-04-25T17:29:14","guid":{"rendered":"http:\/\/autosdelpodio.com\/autos\/?p=4182"},"modified":"2021-04-25T14:38:59","modified_gmt":"2021-04-25T17:38:59","slug":"dos-en-fila","status":"publish","type":"post","link":"http:\/\/autosdelpodio.com\/autos\/dos-en-fila\/","title":{"rendered":"Dos en fila"},"content":{"rendered":"\n<p>El oportunismo para saltar a la punta en el momento justo le permiti\u00f3 a <a href=\"http:\/\/autosdelpodio.com\/autos\/puso-el-focus\/\" target=\"_blank\" rel=\"noreferrer noopener\">Leonel Pernia volver a ganar<\/a> en la Clase mayor del Turismo Nacional.Julian Santero y Mat\u00edas Mu\u00f1oz Marchesi cerraron el podio en la capital entrerriana.<br>En primer turno en una apretada definici\u00f3n que dur\u00f3 hasta la ultima vuelta Emanuel Abdala se qued\u00f3 con la final de la Clase 2 del Turismo Nacional en el Autodromo de Paran\u00e1. Miguel Ciaurro y Alejo Borgiani completaron el podio.<br>El cuarto y pr\u00f3ximo capitulo del TN <a href=\"http:\/\/autosdelpodio.com\/autos\/el-tn-vuelve-al-galvez\/\" target=\"_blank\" rel=\"noreferrer noopener\">marcar\u00e1 el regreso de la categor\u00eda al Autodromo Oscar y Juan Galvez <\/a>de la Ciudad de Buenos Aires del 14 al 16 de Mayo.<\/p>\n\n\n\n<p><strong>Final C3 del TN<\/strong><\/p>\n\n\n\n<p><em>1 12 TN CLASE 3 LEONEL PERNIA FORD FOCUS 1:34.142<br>2 68 TN CLASE 3 JULIAN SANTERO TOYOTA COROLLA 1:34.163 0.418<br>3 4 TN CLASE 3 MATIAS MU\u00d1OZ MARCHESI FORD FOCUS 1:34.276 7.438<br>4 44 TN CLASE 3 Mariano WERNER C4 LOUNGE 1:34.419 8.839<br>5 1 TN CLASE 3 JOSE M. URCERA HONDA CIVIC 1:34.888 11.105<br>6 63 TN CLASE 3 CARLOS JAVIER MERLO TOYOTA COROLLA 1:34.528 11.336<br>7 14 TN CLASE 3 FABRICIO PEZZINI TOYOTA COROLLA 1:34.709 13.411<br>8 3 TN CLASE 3 FACUNDO CHAPUR FORD FOCUS 1:34.539 15.471<br>9 56 TN CLASE 3 GERMAN TODINO TOYOTA COROLLA 1:34.962 16.958<br>10 155 TN CLASE 3 GASTON IANSA TOYOTA COROLLA 1:34.937 17.371<br>11 16 TN CLASE 3 JONATAN CASTELLANO CHEVROLET CRUZE 1:34.929 18.681<br>12 118 TN CLASE 3 ANTONINO GARCIA FORD FOCUS 1:34.955 19.788<br>13 197 TN CLASE 3 MARCOS QUIJADA TOYOTA COROLLA 1:34.959 20.048<br>14 7 TN CLASE 3 LEONEL LARRAURI HONDA CIVIC 1:35.167 27.029<br>15 116 TN CLASE 3 YAMIL APUD CHEVROLET CRUZE 1:34.841 31.013<br>16 33 TN CLASE 3 MATIAS MENVIELLE CHEVROLET CRUZE 1:35.382 31.480<br>17 34 TN CLASE 3 MATIAS COHEN FORD FOCUS 1:35.689 31.749<br>18 21 TN CLASE 3 FACUNDO CONTA FORD FOCUS 1:35.323 32.144<br>19 69 TN CLASE 3 MARTIN CHIALVO FORD FOCUS 1:34.705 32.422<br>20 50 TN CLASE 3 DAMIAN MARKEL FORD FOCUS 1:35.496 32.630<br>21 9 TN CLASE 3 LEANDRO CARDUCCI FORD FOCUS 1:34.619 33.133<br>22 57 TN CLASE 3 JUAN P. PASTORI CHEVROLET CRUZE 1:35.989 33.433<br>23 22 TN CLASE 3 SANTIAGO MALLO CHEVROLET CRUZE 1:36.700 40.404<br>24 11 TN CLASE 3 JERONIMO TETI CHEVROLET CRUZE 1:35.947 45.817<br>25 109 TN CLASE 3 LUCAS VICINO FIAT TIPO 1:35.194 1 Vuelta<br>26 66 TN CLASE 3 ADRIAN PERCAZ FORD FOCUS 1:35.293 1 Vuelta<br>27 114 TN CLASE 3 EVER FRANETOVICH FORD FOCUS 1:34.499 2 Vueltas<br>28 41 TN CLASE 3 MAURO SCHENONE CHEVROLET CRUZE 1:37.826 2 Vueltas<br>29 137 TN CLASE 3 JUAN JOSE GARRIZ C4 LOUNGE 1:35.226 3 Vueltas<br>82 TN CLASE 3 MAURICIO LAMBIRIS VW VENTO 1:35.171 8 Vueltas<br>95 TN CLASE 3 PABLO OTERO NISSAN SENTRA 1:37.336 14 Vueltas<br>40 TN CLASE 3 SEBASTIAN GOMEZ CHEVROLET CRUZE 1:46.394 18 Vueltas<br>111 TN CLASE 3 JOEL GASSMAN CHEVROLET CRUZE 19 Vueltas<br>8 TN CLASE 3 ALFONSO DOMENECH TOYOTA COROLLA 19 Vuel<\/em>tas<\/p>\n","protected":false},"excerpt":{"rendered":"<p>El oportunismo para saltar a la punta en el momento justo le permiti\u00f3 a Leonel Pernia volver a ganar en<\/p>\n","protected":false},"author":3,"featured_media":1614,"comment_status":"open","ping_status":"open","sticky":false,"template":"","format":"standard","meta":{"colormag_page_container_layout":"default_layout","colormag_page_sidebar_layout":"default_layout","footnotes":""},"categories":[6,5],"tags":[503,511,512,407,515,78],"class_list":["post-4182","post","type-post","status-publish","format-standard","has-post-thumbnail","hentry","category-newsflash","category-latest-news","tag-autodromo-parana","tag-clase-2","tag-clase-3","tag-ford-focus","tag-leonel-pernia","tag-turismo-nacional"],"yoast_head":"<!-- This site is optimized with the Yoast SEO plugin v27.5 - https:\/\/yoast.com\/product\/yoast-seo-wordpress\/ -->\n<title>Autos del Podio | Dos en fila<\/title>\n<meta name=\"description\" content=\"Autos del Podio Victoria de Leo Pernia con Ford Focus en el Turismo Nacional\" \/>\n<meta name=\"robots\" content=\"index, follow, max-snippet:-1, max-image-preview:large, max-video-preview:-1\" \/>\n<link rel=\"canonical\" href=\"https:\/\/autosdelpodio.com\/autos\/dos-en-fila\/\" \/>\n<meta property=\"og:locale\" content=\"es_ES\" \/>\n<meta property=\"og:type\" content=\"article\" \/>\n<meta property=\"og:title\" content=\"Autos del Podio | Dos en fila\" \/>\n<meta property=\"og:description\" content=\"Autos del Podio Victoria de Leo Pernia con Ford Focus en el Turismo Nacional\" \/>\n<meta property=\"og:url\" content=\"https:\/\/autosdelpodio.com\/autos\/dos-en-fila\/\" \/>\n<meta property=\"og:site_name\" content=\"Autos del Podio\" \/>\n<meta property=\"article:publisher\" content=\"https:\/\/www.facebook.com\/profile.php?id=100057192590976&amp;amp%3bamp%3bamp%3bamp%3bamp%3bamp%3bamp%3bamp%3bamp%3bamp%3bamp%3bamp%3bamp%3bamp%3bamp%3bamp%3bamp%3bamp%3bref=ts\" \/>\n<meta property=\"article:published_time\" content=\"2021-04-25T17:29:14+00:00\" \/>\n<meta property=\"article:modified_time\" content=\"2021-04-25T17:38:59+00:00\" \/>\n<meta property=\"og:image\" content=\"https:\/\/autosdelpodio.com\/autos\/wp-content\/uploads\/2020\/04\/Logo_Turismo_Nacional.jpg\" \/>\n\t<meta property=\"og:image:width\" content=\"420\" \/>\n\t<meta property=\"og:image:height\" content=\"192\" \/>\n\t<meta property=\"og:image:type\" content=\"image\/jpeg\" \/>\n<meta name=\"author\" content=\"autosdelpodio\" \/>\n<meta name=\"twitter:card\" content=\"summary_large_image\" \/>\n<meta name=\"twitter:creator\" content=\"@autosdelpodio\" \/>\n<meta name=\"twitter:site\" content=\"@autosdelpodio\" \/>\n<meta name=\"twitter:label1\" content=\"Escrito por\" \/>\n\t<meta name=\"twitter:data1\" content=\"autosdelpodio\" \/>\n\t<meta name=\"twitter:label2\" content=\"Tiempo de lectura\" \/>\n\t<meta name=\"twitter:data2\" content=\"3 minutos\" \/>\n<script type=\"application\/ld+json\" class=\"yoast-schema-graph\">{\"@context\":\"https:\\\/\\\/schema.org\",\"@graph\":[{\"@type\":\"Article\",\"@id\":\"https:\\\/\\\/autosdelpodio.com\\\/autos\\\/dos-en-fila\\\/#article\",\"isPartOf\":{\"@id\":\"https:\\\/\\\/autosdelpodio.com\\\/autos\\\/dos-en-fila\\\/\"},\"author\":{\"name\":\"autosdelpodio\",\"@id\":\"http:\\\/\\\/autosdelpodio.com\\\/autos\\\/#\\\/schema\\\/person\\\/993527a4d01c3acdd3d6bce3770bc942\"},\"headline\":\"Dos en fila\",\"datePublished\":\"2021-04-25T17:29:14+00:00\",\"dateModified\":\"2021-04-25T17:38:59+00:00\",\"mainEntityOfPage\":{\"@id\":\"https:\\\/\\\/autosdelpodio.com\\\/autos\\\/dos-en-fila\\\/\"},\"wordCount\":339,\"commentCount\":0,\"publisher\":{\"@id\":\"http:\\\/\\\/autosdelpodio.com\\\/autos\\\/#organization\"},\"image\":{\"@id\":\"https:\\\/\\\/autosdelpodio.com\\\/autos\\\/dos-en-fila\\\/#primaryimage\"},\"thumbnailUrl\":\"http:\\\/\\\/autosdelpodio.com\\\/autos\\\/wp-content\\\/uploads\\\/2020\\\/04\\\/Logo_Turismo_Nacional.jpg\",\"keywords\":[\"Autodromo Paran\u00e1\",\"Clase 2\",\"Clase 3\",\"Ford Focus\",\"Leonel Pernia\",\"Turismo Nacional\"],\"articleSection\":[\"Destacado\",\"\u00daltimas noticias\"],\"inLanguage\":\"es\",\"potentialAction\":[{\"@type\":\"CommentAction\",\"name\":\"Comment\",\"target\":[\"https:\\\/\\\/autosdelpodio.com\\\/autos\\\/dos-en-fila\\\/#respond\"]}]},{\"@type\":\"WebPage\",\"@id\":\"https:\\\/\\\/autosdelpodio.com\\\/autos\\\/dos-en-fila\\\/\",\"url\":\"https:\\\/\\\/autosdelpodio.com\\\/autos\\\/dos-en-fila\\\/\",\"name\":\"Autos del Podio | Dos en fila\",\"isPartOf\":{\"@id\":\"http:\\\/\\\/autosdelpodio.com\\\/autos\\\/#website\"},\"primaryImageOfPage\":{\"@id\":\"https:\\\/\\\/autosdelpodio.com\\\/autos\\\/dos-en-fila\\\/#primaryimage\"},\"image\":{\"@id\":\"https:\\\/\\\/autosdelpodio.com\\\/autos\\\/dos-en-fila\\\/#primaryimage\"},\"thumbnailUrl\":\"http:\\\/\\\/autosdelpodio.com\\\/autos\\\/wp-content\\\/uploads\\\/2020\\\/04\\\/Logo_Turismo_Nacional.jpg\",\"datePublished\":\"2021-04-25T17:29:14+00:00\",\"dateModified\":\"2021-04-25T17:38:59+00:00\",\"description\":\"Autos del Podio Victoria de Leo Pernia con Ford Focus en el Turismo Nacional\",\"breadcrumb\":{\"@id\":\"https:\\\/\\\/autosdelpodio.com\\\/autos\\\/dos-en-fila\\\/#breadcrumb\"},\"inLanguage\":\"es\",\"potentialAction\":[{\"@type\":\"ReadAction\",\"target\":[\"https:\\\/\\\/autosdelpodio.com\\\/autos\\\/dos-en-fila\\\/\"]}]},{\"@type\":\"ImageObject\",\"inLanguage\":\"es\",\"@id\":\"https:\\\/\\\/autosdelpodio.com\\\/autos\\\/dos-en-fila\\\/#primaryimage\",\"url\":\"http:\\\/\\\/autosdelpodio.com\\\/autos\\\/wp-content\\\/uploads\\\/2020\\\/04\\\/Logo_Turismo_Nacional.jpg\",\"contentUrl\":\"http:\\\/\\\/autosdelpodio.com\\\/autos\\\/wp-content\\\/uploads\\\/2020\\\/04\\\/Logo_Turismo_Nacional.jpg\",\"width\":420,\"height\":192},{\"@type\":\"BreadcrumbList\",\"@id\":\"https:\\\/\\\/autosdelpodio.com\\\/autos\\\/dos-en-fila\\\/#breadcrumb\",\"itemListElement\":[{\"@type\":\"ListItem\",\"position\":1,\"name\":\"Portada\",\"item\":\"http:\\\/\\\/autosdelpodio.com\\\/autos\\\/\"},{\"@type\":\"ListItem\",\"position\":2,\"name\":\"Dos en fila\"}]},{\"@type\":\"WebSite\",\"@id\":\"http:\\\/\\\/autosdelpodio.com\\\/autos\\\/#website\",\"url\":\"http:\\\/\\\/autosdelpodio.com\\\/autos\\\/\",\"name\":\"Autos del Podio\",\"description\":\"La sexta del deporte motor\",\"publisher\":{\"@id\":\"http:\\\/\\\/autosdelpodio.com\\\/autos\\\/#organization\"},\"potentialAction\":[{\"@type\":\"SearchAction\",\"target\":{\"@type\":\"EntryPoint\",\"urlTemplate\":\"http:\\\/\\\/autosdelpodio.com\\\/autos\\\/?s={search_term_string}\"},\"query-input\":{\"@type\":\"PropertyValueSpecification\",\"valueRequired\":true,\"valueName\":\"search_term_string\"}}],\"inLanguage\":\"es\"},{\"@type\":\"Organization\",\"@id\":\"http:\\\/\\\/autosdelpodio.com\\\/autos\\\/#organization\",\"name\":\"Autos del Podio\",\"url\":\"http:\\\/\\\/autosdelpodio.com\\\/autos\\\/\",\"logo\":{\"@type\":\"ImageObject\",\"inLanguage\":\"es\",\"@id\":\"http:\\\/\\\/autosdelpodio.com\\\/autos\\\/#\\\/schema\\\/logo\\\/image\\\/\",\"url\":\"http:\\\/\\\/autosdelpodio.com\\\/autos\\\/wp-content\\\/uploads\\\/2020\\\/08\\\/Logo_AR.jpg\",\"contentUrl\":\"http:\\\/\\\/autosdelpodio.com\\\/autos\\\/wp-content\\\/uploads\\\/2020\\\/08\\\/Logo_AR.jpg\",\"width\":1038,\"height\":1044,\"caption\":\"Autos del Podio\"},\"image\":{\"@id\":\"http:\\\/\\\/autosdelpodio.com\\\/autos\\\/#\\\/schema\\\/logo\\\/image\\\/\"},\"sameAs\":[\"https:\\\/\\\/www.facebook.com\\\/profile.php?id=100057192590976&amp;amp;amp;amp;amp;amp;amp;amp;amp;amp;amp;amp;amp;amp;amp;amp;amp;amp;ref=ts\",\"https:\\\/\\\/x.com\\\/autosdelpodio\",\"https:\\\/\\\/www.youtube.com\\\/user\\\/AutosdelPodio\"]},{\"@type\":\"Person\",\"@id\":\"http:\\\/\\\/autosdelpodio.com\\\/autos\\\/#\\\/schema\\\/person\\\/993527a4d01c3acdd3d6bce3770bc942\",\"name\":\"autosdelpodio\",\"image\":{\"@type\":\"ImageObject\",\"inLanguage\":\"es\",\"@id\":\"http:\\\/\\\/autosdelpodio.com\\\/autos\\\/wp-content\\\/litespeed\\\/avatar\\\/aa8f65cd201a80f6b844f63278aa84af.jpg?ver=1777403005\",\"url\":\"http:\\\/\\\/autosdelpodio.com\\\/autos\\\/wp-content\\\/litespeed\\\/avatar\\\/aa8f65cd201a80f6b844f63278aa84af.jpg?ver=1777403005\",\"contentUrl\":\"http:\\\/\\\/autosdelpodio.com\\\/autos\\\/wp-content\\\/litespeed\\\/avatar\\\/aa8f65cd201a80f6b844f63278aa84af.jpg?ver=1777403005\",\"caption\":\"autosdelpodio\"}}]}<\/script>\n<!-- \/ Yoast SEO plugin. -->","yoast_head_json":{"title":"Autos del Podio | Dos en fila","description":"Autos del Podio Victoria de Leo Pernia con Ford Focus en el Turismo Nacional","robots":{"index":"index","follow":"follow","max-snippet":"max-snippet:-1","max-image-preview":"max-image-preview:large","max-video-preview":"max-video-preview:-1"},"canonical":"https:\/\/autosdelpodio.com\/autos\/dos-en-fila\/","og_locale":"es_ES","og_type":"article","og_title":"Autos del Podio | Dos en fila","og_description":"Autos del Podio Victoria de Leo Pernia con Ford Focus en el Turismo Nacional","og_url":"https:\/\/autosdelpodio.com\/autos\/dos-en-fila\/","og_site_name":"Autos del Podio","article_publisher":"https:\/\/www.facebook.com\/profile.php?id=100057192590976&amp%3bamp%3bamp%3bamp%3bamp%3bamp%3bamp%3bamp%3bamp%3bamp%3bamp%3bamp%3bamp%3bamp%3bamp%3bamp%3bamp%3bamp%3bref=ts","article_published_time":"2021-04-25T17:29:14+00:00","article_modified_time":"2021-04-25T17:38:59+00:00","og_image":[{"width":420,"height":192,"url":"https:\/\/autosdelpodio.com\/autos\/wp-content\/uploads\/2020\/04\/Logo_Turismo_Nacional.jpg","type":"image\/jpeg"}],"author":"autosdelpodio","twitter_card":"summary_large_image","twitter_creator":"@autosdelpodio","twitter_site":"@autosdelpodio","twitter_misc":{"Escrito por":"autosdelpodio","Tiempo de lectura":"3 minutos"},"schema":{"@context":"https:\/\/schema.org","@graph":[{"@type":"Article","@id":"https:\/\/autosdelpodio.com\/autos\/dos-en-fila\/#article","isPartOf":{"@id":"https:\/\/autosdelpodio.com\/autos\/dos-en-fila\/"},"author":{"name":"autosdelpodio","@id":"http:\/\/autosdelpodio.com\/autos\/#\/schema\/person\/993527a4d01c3acdd3d6bce3770bc942"},"headline":"Dos en fila","datePublished":"2021-04-25T17:29:14+00:00","dateModified":"2021-04-25T17:38:59+00:00","mainEntityOfPage":{"@id":"https:\/\/autosdelpodio.com\/autos\/dos-en-fila\/"},"wordCount":339,"commentCount":0,"publisher":{"@id":"http:\/\/autosdelpodio.com\/autos\/#organization"},"image":{"@id":"https:\/\/autosdelpodio.com\/autos\/dos-en-fila\/#primaryimage"},"thumbnailUrl":"http:\/\/autosdelpodio.com\/autos\/wp-content\/uploads\/2020\/04\/Logo_Turismo_Nacional.jpg","keywords":["Autodromo Paran\u00e1","Clase 2","Clase 3","Ford Focus","Leonel Pernia","Turismo Nacional"],"articleSection":["Destacado","\u00daltimas noticias"],"inLanguage":"es","potentialAction":[{"@type":"CommentAction","name":"Comment","target":["https:\/\/autosdelpodio.com\/autos\/dos-en-fila\/#respond"]}]},{"@type":"WebPage","@id":"https:\/\/autosdelpodio.com\/autos\/dos-en-fila\/","url":"https:\/\/autosdelpodio.com\/autos\/dos-en-fila\/","name":"Autos del Podio | Dos en fila","isPartOf":{"@id":"http:\/\/autosdelpodio.com\/autos\/#website"},"primaryImageOfPage":{"@id":"https:\/\/autosdelpodio.com\/autos\/dos-en-fila\/#primaryimage"},"image":{"@id":"https:\/\/autosdelpodio.com\/autos\/dos-en-fila\/#primaryimage"},"thumbnailUrl":"http:\/\/autosdelpodio.com\/autos\/wp-content\/uploads\/2020\/04\/Logo_Turismo_Nacional.jpg","datePublished":"2021-04-25T17:29:14+00:00","dateModified":"2021-04-25T17:38:59+00:00","description":"Autos del Podio Victoria de Leo Pernia con Ford Focus en el Turismo Nacional","breadcrumb":{"@id":"https:\/\/autosdelpodio.com\/autos\/dos-en-fila\/#breadcrumb"},"inLanguage":"es","potentialAction":[{"@type":"ReadAction","target":["https:\/\/autosdelpodio.com\/autos\/dos-en-fila\/"]}]},{"@type":"ImageObject","inLanguage":"es","@id":"https:\/\/autosdelpodio.com\/autos\/dos-en-fila\/#primaryimage","url":"http:\/\/autosdelpodio.com\/autos\/wp-content\/uploads\/2020\/04\/Logo_Turismo_Nacional.jpg","contentUrl":"http:\/\/autosdelpodio.com\/autos\/wp-content\/uploads\/2020\/04\/Logo_Turismo_Nacional.jpg","width":420,"height":192},{"@type":"BreadcrumbList","@id":"https:\/\/autosdelpodio.com\/autos\/dos-en-fila\/#breadcrumb","itemListElement":[{"@type":"ListItem","position":1,"name":"Portada","item":"http:\/\/autosdelpodio.com\/autos\/"},{"@type":"ListItem","position":2,"name":"Dos en fila"}]},{"@type":"WebSite","@id":"http:\/\/autosdelpodio.com\/autos\/#website","url":"http:\/\/autosdelpodio.com\/autos\/","name":"Autos del Podio","description":"La sexta del deporte motor","publisher":{"@id":"http:\/\/autosdelpodio.com\/autos\/#organization"},"potentialAction":[{"@type":"SearchAction","target":{"@type":"EntryPoint","urlTemplate":"http:\/\/autosdelpodio.com\/autos\/?s={search_term_string}"},"query-input":{"@type":"PropertyValueSpecification","valueRequired":true,"valueName":"search_term_string"}}],"inLanguage":"es"},{"@type":"Organization","@id":"http:\/\/autosdelpodio.com\/autos\/#organization","name":"Autos del Podio","url":"http:\/\/autosdelpodio.com\/autos\/","logo":{"@type":"ImageObject","inLanguage":"es","@id":"http:\/\/autosdelpodio.com\/autos\/#\/schema\/logo\/image\/","url":"http:\/\/autosdelpodio.com\/autos\/wp-content\/uploads\/2020\/08\/Logo_AR.jpg","contentUrl":"http:\/\/autosdelpodio.com\/autos\/wp-content\/uploads\/2020\/08\/Logo_AR.jpg","width":1038,"height":1044,"caption":"Autos del Podio"},"image":{"@id":"http:\/\/autosdelpodio.com\/autos\/#\/schema\/logo\/image\/"},"sameAs":["https:\/\/www.facebook.com\/profile.php?id=100057192590976&amp;amp;amp;amp;amp;amp;amp;amp;amp;amp;amp;amp;amp;amp;amp;amp;amp;amp;ref=ts","https:\/\/x.com\/autosdelpodio","https:\/\/www.youtube.com\/user\/AutosdelPodio"]},{"@type":"Person","@id":"http:\/\/autosdelpodio.com\/autos\/#\/schema\/person\/993527a4d01c3acdd3d6bce3770bc942","name":"autosdelpodio","image":{"@type":"ImageObject","inLanguage":"es","@id":"http:\/\/autosdelpodio.com\/autos\/wp-content\/litespeed\/avatar\/aa8f65cd201a80f6b844f63278aa84af.jpg?ver=1777403005","url":"http:\/\/autosdelpodio.com\/autos\/wp-content\/litespeed\/avatar\/aa8f65cd201a80f6b844f63278aa84af.jpg?ver=1777403005","contentUrl":"http:\/\/autosdelpodio.com\/autos\/wp-content\/litespeed\/avatar\/aa8f65cd201a80f6b844f63278aa84af.jpg?ver=1777403005","caption":"autosdelpodio"}}]}},"views":633,"_links":{"self":[{"href":"http:\/\/autosdelpodio.com\/autos\/wp-json\/wp\/v2\/posts\/4182","targetHints":{"allow":["GET"]}}],"collection":[{"href":"http:\/\/autosdelpodio.com\/autos\/wp-json\/wp\/v2\/posts"}],"about":[{"href":"http:\/\/autosdelpodio.com\/autos\/wp-json\/wp\/v2\/types\/post"}],"author":[{"embeddable":true,"href":"http:\/\/autosdelpodio.com\/autos\/wp-json\/wp\/v2\/users\/3"}],"replies":[{"embeddable":true,"href":"http:\/\/autosdelpodio.com\/autos\/wp-json\/wp\/v2\/comments?post=4182"}],"version-history":[{"count":1,"href":"http:\/\/autosdelpodio.com\/autos\/wp-json\/wp\/v2\/posts\/4182\/revisions"}],"predecessor-version":[{"id":4183,"href":"http:\/\/autosdelpodio.com\/autos\/wp-json\/wp\/v2\/posts\/4182\/revisions\/4183"}],"wp:featuredmedia":[{"embeddable":true,"href":"http:\/\/autosdelpodio.com\/autos\/wp-json\/wp\/v2\/media\/1614"}],"wp:attachment":[{"href":"http:\/\/autosdelpodio.com\/autos\/wp-json\/wp\/v2\/media?parent=4182"}],"wp:term":[{"taxonomy":"category","embeddable":true,"href":"http:\/\/autosdelpodio.com\/autos\/wp-json\/wp\/v2\/categories?post=4182"},{"taxonomy":"post_tag","embeddable":true,"href":"http:\/\/autosdelpodio.com\/autos\/wp-json\/wp\/v2\/tags?post=4182"}],"curies":[{"name":"wp","href":"https:\/\/api.w.org\/{rel}","templated":true}]}}