{"id":4205,"date":"2021-04-30T15:02:16","date_gmt":"2021-04-30T18:02:16","guid":{"rendered":"http:\/\/autosdelpodio.com\/autos\/?p=4205"},"modified":"2021-04-30T15:02:16","modified_gmt":"2021-04-30T18:02:16","slug":"el-volkswagen-taos-ya-se-produce-argentina","status":"publish","type":"post","link":"http:\/\/autosdelpodio.com\/autos\/el-volkswagen-taos-ya-se-produce-argentina\/","title":{"rendered":"El Volkswagen Taos ya se produce Argentina"},"content":{"rendered":"\n<p>El Volkswagen Taos ya se produce Argentina. El SUV de Volkswagen es un nuevo modelo -luego de 10 a\u00f1os- en salir de la l\u00ednea de producci\u00f3n de la planta bonaerense de Pacheco, sum\u00e1ndose as\u00ed a la exitosa pick-up Amarok que all\u00ed se produce.<\/p>\n\n\n\n<p><em>\u201cVer concretado este proyecto, que nos llev\u00f3 muchos a\u00f1os de negociaciones y desarrollo, es un motivo de orgullo muy grande para todo Volkswagen. Hoy no s\u00f3lo a\u00f1adimos un nuevo producto a la l\u00ednea de producci\u00f3n nacional, sino que demostramos que nuestras plantas est\u00e1n a la altura de los desaf\u00edos globales que demanda el grupo. Esto es el resultado del esfuerzo y el compromiso de todos nuestros colaboradores en conjunto con los representantes de los trabajadores y el Gobierno\u201d, afirm\u00f3 Pablo Di Si.<\/em><\/p>\n\n\n\n<p><em>\u201cPara Volkswagen Group Argentina es una gran alegr\u00eda dar inicio a la producci\u00f3n del Taos, un SUV made in Argentina, que contribuye a la generaci\u00f3n de industria automotriz nacional. Este nuevo hito viene a confirmar la confianza que nuestra casa matriz tiene en Argentina y su visi\u00f3n de nosotros como un jugador estrat\u00e9gico para el desarrollo del negocio en la regi\u00f3n\u201d, sostuvo Thomas Owsianski.<\/em><\/p>\n\n\n\n<h5 class=\"wp-block-heading\"><strong>Primera SUV nacional de Volkswagen<\/strong><\/h5>\n\n\n\n<p>Taos es el primer SUV que la marca produce en Argentina y ser\u00e1 exportado a toda la regi\u00f3n. Dicho modelo implic\u00f3 una inversi\u00f3n de u$s 650 millones para el Centro Industrial Pacheco, destinada a la modernizaci\u00f3n en tecnolog\u00eda e infraestructura de sus plantas productivas, la implementaci\u00f3n de la nueva plataforma global MQB A, y una nueva planta de pintura con tecnolog\u00eda a base de agua \u00fanica en el pa\u00eds que permite realizar significativos ahorros de agua y energ\u00eda, adem\u00e1s de sus bajos niveles de emisi\u00f3n de part\u00edculas (700 veces por debajo de lo que demanda la ley). Con Taos, Volkswagen completar\u00e1 una serie de nuevos modelos como Nivus, T-Cross, Tiguan y Touareg, en Am\u00e9rica latina bajo la estrategia de la \u201cofensiva SUV\u201d. Con esta nueva plataforma, la compa\u00f1\u00eda asegura la sustentabilidad del negocio en el pa\u00eds, pudiendo incorporar a futuro m\u00e1s modelos a la fabricaci\u00f3n local.<\/p>\n\n\n\n<p>Esta inversi\u00f3n se encuentra en l\u00ednea con la estrategia del Grupo Volkswagen, que tiene como uno de sus objetivos principales aumentar la oferta de SUV del Grupo en el mundo junto con un proceso de regionalizaci\u00f3n de la marca Volkswagen, que apunta a estar cada d\u00eda m\u00e1s cerca de sus clientes en los diferentes mercados.<\/p>\n\n\n\n<p>Con este importante hito, la compa\u00f1\u00eda se encuentra muy cerca de concluir el plan de inversiones anunciados por el Grupo de m\u00e1s casi USD 1.000 millones para la modernizaci\u00f3n de sus dos Centros Industriales en Argentina y la renovaci\u00f3n de sus productos, con un claro foco en la exportaci\u00f3n. Gracias a ella se logr\u00f3 un salto tecnol\u00f3gico no s\u00f3lo a nivel producto sino tambi\u00e9n en los procesos productivos de las plantas de Volkswagen Group Argentina para los pr\u00f3ximos a\u00f1os.<\/p>\n\n\n\n<p><em>Fuente: prensa Volkswagen Group Argentina<\/em><\/p>\n","protected":false},"excerpt":{"rendered":"<p>El Volkswagen Taos ya se produce Argentina. El SUV de Volkswagen es un nuevo modelo -luego de 10 a\u00f1os- en<\/p>\n","protected":false},"author":3,"featured_media":4206,"comment_status":"open","ping_status":"open","sticky":false,"template":"","format":"standard","meta":{"colormag_page_container_layout":"default_layout","colormag_page_sidebar_layout":"default_layout","footnotes":""},"categories":[6,16],"tags":[535,369,552,90],"class_list":["post-4205","post","type-post","status-publish","format-standard","has-post-thumbnail","hentry","category-newsflash","category-recta-principal","tag-centro-industrial-pacheco","tag-suv","tag-taos","tag-volkswagen"],"yoast_head":"<!-- This site is optimized with the Yoast SEO plugin v27.5 - https:\/\/yoast.com\/product\/yoast-seo-wordpress\/ -->\n<title>Autos del Podio | El Volkswagen Taos ya se produce Argentina<\/title>\n<meta name=\"description\" content=\"Autos del Podio El Taos es el primer nuevo Volkswagen que se produce en Pacheco en 10 a\u00f1os. Comparte l\u00ednea con la pick up Amarok.\" \/>\n<meta name=\"robots\" content=\"index, follow, max-snippet:-1, max-image-preview:large, max-video-preview:-1\" \/>\n<link rel=\"canonical\" href=\"http:\/\/autosdelpodio.com\/autos\/el-volkswagen-taos-ya-se-produce-argentina\/\" \/>\n<meta property=\"og:locale\" content=\"es_ES\" \/>\n<meta property=\"og:type\" content=\"article\" \/>\n<meta property=\"og:title\" content=\"Autos del Podio | El Volkswagen Taos ya se produce Argentina\" \/>\n<meta property=\"og:description\" content=\"Autos del Podio El Taos es el primer nuevo Volkswagen que se produce en Pacheco en 10 a\u00f1os. Comparte l\u00ednea con la pick up Amarok.\" \/>\n<meta property=\"og:url\" content=\"http:\/\/autosdelpodio.com\/autos\/el-volkswagen-taos-ya-se-produce-argentina\/\" \/>\n<meta property=\"og:site_name\" content=\"Autos del Podio\" \/>\n<meta property=\"article:publisher\" content=\"https:\/\/www.facebook.com\/profile.php?id=100057192590976&amp;amp%3bamp%3bamp%3bamp%3bamp%3bamp%3bamp%3bamp%3bamp%3bamp%3bamp%3bamp%3bamp%3bamp%3bamp%3bamp%3bamp%3bamp%3bref=ts\" \/>\n<meta property=\"article:published_time\" content=\"2021-04-30T18:02:16+00:00\" \/>\n<meta property=\"og:image\" content=\"http:\/\/autosdelpodio.com\/autos\/wp-content\/uploads\/2021\/04\/VW_TAOS-e1619805684977.jpg\" \/>\n\t<meta property=\"og:image:width\" content=\"500\" \/>\n\t<meta property=\"og:image:height\" content=\"250\" \/>\n\t<meta property=\"og:image:type\" content=\"image\/jpeg\" \/>\n<meta name=\"author\" content=\"autosdelpodio\" \/>\n<meta name=\"twitter:card\" content=\"summary_large_image\" \/>\n<meta name=\"twitter:creator\" content=\"@autosdelpodio\" \/>\n<meta name=\"twitter:site\" content=\"@autosdelpodio\" \/>\n<meta name=\"twitter:label1\" content=\"Escrito por\" \/>\n\t<meta name=\"twitter:data1\" content=\"autosdelpodio\" \/>\n\t<meta name=\"twitter:label2\" content=\"Tiempo de lectura\" \/>\n\t<meta name=\"twitter:data2\" content=\"3 minutos\" \/>\n<script type=\"application\/ld+json\" class=\"yoast-schema-graph\">{\"@context\":\"https:\\\/\\\/schema.org\",\"@graph\":[{\"@type\":\"Article\",\"@id\":\"http:\\\/\\\/autosdelpodio.com\\\/autos\\\/el-volkswagen-taos-ya-se-produce-argentina\\\/#article\",\"isPartOf\":{\"@id\":\"http:\\\/\\\/autosdelpodio.com\\\/autos\\\/el-volkswagen-taos-ya-se-produce-argentina\\\/\"},\"author\":{\"name\":\"autosdelpodio\",\"@id\":\"http:\\\/\\\/autosdelpodio.com\\\/autos\\\/#\\\/schema\\\/person\\\/993527a4d01c3acdd3d6bce3770bc942\"},\"headline\":\"El Volkswagen Taos ya se produce Argentina\",\"datePublished\":\"2021-04-30T18:02:16+00:00\",\"mainEntityOfPage\":{\"@id\":\"http:\\\/\\\/autosdelpodio.com\\\/autos\\\/el-volkswagen-taos-ya-se-produce-argentina\\\/\"},\"wordCount\":531,\"commentCount\":0,\"publisher\":{\"@id\":\"http:\\\/\\\/autosdelpodio.com\\\/autos\\\/#organization\"},\"image\":{\"@id\":\"http:\\\/\\\/autosdelpodio.com\\\/autos\\\/el-volkswagen-taos-ya-se-produce-argentina\\\/#primaryimage\"},\"thumbnailUrl\":\"http:\\\/\\\/autosdelpodio.com\\\/autos\\\/wp-content\\\/uploads\\\/2021\\\/04\\\/VW_TAOS-e1619805684977.jpg\",\"keywords\":[\"Centro Industrial Pacheco\",\"SUV\",\"Taos\",\"Volkswagen\"],\"articleSection\":[\"Destacado\",\"Recta Principal\"],\"inLanguage\":\"es\",\"potentialAction\":[{\"@type\":\"CommentAction\",\"name\":\"Comment\",\"target\":[\"http:\\\/\\\/autosdelpodio.com\\\/autos\\\/el-volkswagen-taos-ya-se-produce-argentina\\\/#respond\"]}]},{\"@type\":\"WebPage\",\"@id\":\"http:\\\/\\\/autosdelpodio.com\\\/autos\\\/el-volkswagen-taos-ya-se-produce-argentina\\\/\",\"url\":\"http:\\\/\\\/autosdelpodio.com\\\/autos\\\/el-volkswagen-taos-ya-se-produce-argentina\\\/\",\"name\":\"Autos del Podio | El Volkswagen Taos ya se produce Argentina\",\"isPartOf\":{\"@id\":\"http:\\\/\\\/autosdelpodio.com\\\/autos\\\/#website\"},\"primaryImageOfPage\":{\"@id\":\"http:\\\/\\\/autosdelpodio.com\\\/autos\\\/el-volkswagen-taos-ya-se-produce-argentina\\\/#primaryimage\"},\"image\":{\"@id\":\"http:\\\/\\\/autosdelpodio.com\\\/autos\\\/el-volkswagen-taos-ya-se-produce-argentina\\\/#primaryimage\"},\"thumbnailUrl\":\"http:\\\/\\\/autosdelpodio.com\\\/autos\\\/wp-content\\\/uploads\\\/2021\\\/04\\\/VW_TAOS-e1619805684977.jpg\",\"datePublished\":\"2021-04-30T18:02:16+00:00\",\"description\":\"Autos del Podio El Taos es el primer nuevo Volkswagen que se produce en Pacheco en 10 a\u00f1os. Comparte l\u00ednea con la pick up Amarok.\",\"breadcrumb\":{\"@id\":\"http:\\\/\\\/autosdelpodio.com\\\/autos\\\/el-volkswagen-taos-ya-se-produce-argentina\\\/#breadcrumb\"},\"inLanguage\":\"es\",\"potentialAction\":[{\"@type\":\"ReadAction\",\"target\":[\"http:\\\/\\\/autosdelpodio.com\\\/autos\\\/el-volkswagen-taos-ya-se-produce-argentina\\\/\"]}]},{\"@type\":\"ImageObject\",\"inLanguage\":\"es\",\"@id\":\"http:\\\/\\\/autosdelpodio.com\\\/autos\\\/el-volkswagen-taos-ya-se-produce-argentina\\\/#primaryimage\",\"url\":\"http:\\\/\\\/autosdelpodio.com\\\/autos\\\/wp-content\\\/uploads\\\/2021\\\/04\\\/VW_TAOS-e1619805684977.jpg\",\"contentUrl\":\"http:\\\/\\\/autosdelpodio.com\\\/autos\\\/wp-content\\\/uploads\\\/2021\\\/04\\\/VW_TAOS-e1619805684977.jpg\",\"width\":500,\"height\":250},{\"@type\":\"BreadcrumbList\",\"@id\":\"http:\\\/\\\/autosdelpodio.com\\\/autos\\\/el-volkswagen-taos-ya-se-produce-argentina\\\/#breadcrumb\",\"itemListElement\":[{\"@type\":\"ListItem\",\"position\":1,\"name\":\"Portada\",\"item\":\"http:\\\/\\\/autosdelpodio.com\\\/autos\\\/\"},{\"@type\":\"ListItem\",\"position\":2,\"name\":\"El Volkswagen Taos ya se produce Argentina\"}]},{\"@type\":\"WebSite\",\"@id\":\"http:\\\/\\\/autosdelpodio.com\\\/autos\\\/#website\",\"url\":\"http:\\\/\\\/autosdelpodio.com\\\/autos\\\/\",\"name\":\"Autos del Podio\",\"description\":\"La sexta del deporte motor\",\"publisher\":{\"@id\":\"http:\\\/\\\/autosdelpodio.com\\\/autos\\\/#organization\"},\"potentialAction\":[{\"@type\":\"SearchAction\",\"target\":{\"@type\":\"EntryPoint\",\"urlTemplate\":\"http:\\\/\\\/autosdelpodio.com\\\/autos\\\/?s={search_term_string}\"},\"query-input\":{\"@type\":\"PropertyValueSpecification\",\"valueRequired\":true,\"valueName\":\"search_term_string\"}}],\"inLanguage\":\"es\"},{\"@type\":\"Organization\",\"@id\":\"http:\\\/\\\/autosdelpodio.com\\\/autos\\\/#organization\",\"name\":\"Autos del Podio\",\"url\":\"http:\\\/\\\/autosdelpodio.com\\\/autos\\\/\",\"logo\":{\"@type\":\"ImageObject\",\"inLanguage\":\"es\",\"@id\":\"http:\\\/\\\/autosdelpodio.com\\\/autos\\\/#\\\/schema\\\/logo\\\/image\\\/\",\"url\":\"http:\\\/\\\/autosdelpodio.com\\\/autos\\\/wp-content\\\/uploads\\\/2020\\\/08\\\/Logo_AR.jpg\",\"contentUrl\":\"http:\\\/\\\/autosdelpodio.com\\\/autos\\\/wp-content\\\/uploads\\\/2020\\\/08\\\/Logo_AR.jpg\",\"width\":1038,\"height\":1044,\"caption\":\"Autos del Podio\"},\"image\":{\"@id\":\"http:\\\/\\\/autosdelpodio.com\\\/autos\\\/#\\\/schema\\\/logo\\\/image\\\/\"},\"sameAs\":[\"https:\\\/\\\/www.facebook.com\\\/profile.php?id=100057192590976&amp;amp;amp;amp;amp;amp;amp;amp;amp;amp;amp;amp;amp;amp;amp;amp;amp;amp;ref=ts\",\"https:\\\/\\\/x.com\\\/autosdelpodio\",\"https:\\\/\\\/www.youtube.com\\\/user\\\/AutosdelPodio\"]},{\"@type\":\"Person\",\"@id\":\"http:\\\/\\\/autosdelpodio.com\\\/autos\\\/#\\\/schema\\\/person\\\/993527a4d01c3acdd3d6bce3770bc942\",\"name\":\"autosdelpodio\",\"image\":{\"@type\":\"ImageObject\",\"inLanguage\":\"es\",\"@id\":\"http:\\\/\\\/autosdelpodio.com\\\/autos\\\/wp-content\\\/litespeed\\\/avatar\\\/aa8f65cd201a80f6b844f63278aa84af.jpg?ver=1777403005\",\"url\":\"http:\\\/\\\/autosdelpodio.com\\\/autos\\\/wp-content\\\/litespeed\\\/avatar\\\/aa8f65cd201a80f6b844f63278aa84af.jpg?ver=1777403005\",\"contentUrl\":\"http:\\\/\\\/autosdelpodio.com\\\/autos\\\/wp-content\\\/litespeed\\\/avatar\\\/aa8f65cd201a80f6b844f63278aa84af.jpg?ver=1777403005\",\"caption\":\"autosdelpodio\"}}]}<\/script>\n<!-- \/ Yoast SEO plugin. -->","yoast_head_json":{"title":"Autos del Podio | El Volkswagen Taos ya se produce Argentina","description":"Autos del Podio El Taos es el primer nuevo Volkswagen que se produce en Pacheco en 10 a\u00f1os. Comparte l\u00ednea con la pick up Amarok.","robots":{"index":"index","follow":"follow","max-snippet":"max-snippet:-1","max-image-preview":"max-image-preview:large","max-video-preview":"max-video-preview:-1"},"canonical":"http:\/\/autosdelpodio.com\/autos\/el-volkswagen-taos-ya-se-produce-argentina\/","og_locale":"es_ES","og_type":"article","og_title":"Autos del Podio | El Volkswagen Taos ya se produce Argentina","og_description":"Autos del Podio El Taos es el primer nuevo Volkswagen que se produce en Pacheco en 10 a\u00f1os. Comparte l\u00ednea con la pick up Amarok.","og_url":"http:\/\/autosdelpodio.com\/autos\/el-volkswagen-taos-ya-se-produce-argentina\/","og_site_name":"Autos del Podio","article_publisher":"https:\/\/www.facebook.com\/profile.php?id=100057192590976&amp%3bamp%3bamp%3bamp%3bamp%3bamp%3bamp%3bamp%3bamp%3bamp%3bamp%3bamp%3bamp%3bamp%3bamp%3bamp%3bamp%3bamp%3bref=ts","article_published_time":"2021-04-30T18:02:16+00:00","og_image":[{"width":500,"height":250,"url":"http:\/\/autosdelpodio.com\/autos\/wp-content\/uploads\/2021\/04\/VW_TAOS-e1619805684977.jpg","type":"image\/jpeg"}],"author":"autosdelpodio","twitter_card":"summary_large_image","twitter_creator":"@autosdelpodio","twitter_site":"@autosdelpodio","twitter_misc":{"Escrito por":"autosdelpodio","Tiempo de lectura":"3 minutos"},"schema":{"@context":"https:\/\/schema.org","@graph":[{"@type":"Article","@id":"http:\/\/autosdelpodio.com\/autos\/el-volkswagen-taos-ya-se-produce-argentina\/#article","isPartOf":{"@id":"http:\/\/autosdelpodio.com\/autos\/el-volkswagen-taos-ya-se-produce-argentina\/"},"author":{"name":"autosdelpodio","@id":"http:\/\/autosdelpodio.com\/autos\/#\/schema\/person\/993527a4d01c3acdd3d6bce3770bc942"},"headline":"El Volkswagen Taos ya se produce Argentina","datePublished":"2021-04-30T18:02:16+00:00","mainEntityOfPage":{"@id":"http:\/\/autosdelpodio.com\/autos\/el-volkswagen-taos-ya-se-produce-argentina\/"},"wordCount":531,"commentCount":0,"publisher":{"@id":"http:\/\/autosdelpodio.com\/autos\/#organization"},"image":{"@id":"http:\/\/autosdelpodio.com\/autos\/el-volkswagen-taos-ya-se-produce-argentina\/#primaryimage"},"thumbnailUrl":"http:\/\/autosdelpodio.com\/autos\/wp-content\/uploads\/2021\/04\/VW_TAOS-e1619805684977.jpg","keywords":["Centro Industrial Pacheco","SUV","Taos","Volkswagen"],"articleSection":["Destacado","Recta Principal"],"inLanguage":"es","potentialAction":[{"@type":"CommentAction","name":"Comment","target":["http:\/\/autosdelpodio.com\/autos\/el-volkswagen-taos-ya-se-produce-argentina\/#respond"]}]},{"@type":"WebPage","@id":"http:\/\/autosdelpodio.com\/autos\/el-volkswagen-taos-ya-se-produce-argentina\/","url":"http:\/\/autosdelpodio.com\/autos\/el-volkswagen-taos-ya-se-produce-argentina\/","name":"Autos del Podio | El Volkswagen Taos ya se produce Argentina","isPartOf":{"@id":"http:\/\/autosdelpodio.com\/autos\/#website"},"primaryImageOfPage":{"@id":"http:\/\/autosdelpodio.com\/autos\/el-volkswagen-taos-ya-se-produce-argentina\/#primaryimage"},"image":{"@id":"http:\/\/autosdelpodio.com\/autos\/el-volkswagen-taos-ya-se-produce-argentina\/#primaryimage"},"thumbnailUrl":"http:\/\/autosdelpodio.com\/autos\/wp-content\/uploads\/2021\/04\/VW_TAOS-e1619805684977.jpg","datePublished":"2021-04-30T18:02:16+00:00","description":"Autos del Podio El Taos es el primer nuevo Volkswagen que se produce en Pacheco en 10 a\u00f1os. Comparte l\u00ednea con la pick up Amarok.","breadcrumb":{"@id":"http:\/\/autosdelpodio.com\/autos\/el-volkswagen-taos-ya-se-produce-argentina\/#breadcrumb"},"inLanguage":"es","potentialAction":[{"@type":"ReadAction","target":["http:\/\/autosdelpodio.com\/autos\/el-volkswagen-taos-ya-se-produce-argentina\/"]}]},{"@type":"ImageObject","inLanguage":"es","@id":"http:\/\/autosdelpodio.com\/autos\/el-volkswagen-taos-ya-se-produce-argentina\/#primaryimage","url":"http:\/\/autosdelpodio.com\/autos\/wp-content\/uploads\/2021\/04\/VW_TAOS-e1619805684977.jpg","contentUrl":"http:\/\/autosdelpodio.com\/autos\/wp-content\/uploads\/2021\/04\/VW_TAOS-e1619805684977.jpg","width":500,"height":250},{"@type":"BreadcrumbList","@id":"http:\/\/autosdelpodio.com\/autos\/el-volkswagen-taos-ya-se-produce-argentina\/#breadcrumb","itemListElement":[{"@type":"ListItem","position":1,"name":"Portada","item":"http:\/\/autosdelpodio.com\/autos\/"},{"@type":"ListItem","position":2,"name":"El Volkswagen Taos ya se produce Argentina"}]},{"@type":"WebSite","@id":"http:\/\/autosdelpodio.com\/autos\/#website","url":"http:\/\/autosdelpodio.com\/autos\/","name":"Autos del Podio","description":"La sexta del deporte motor","publisher":{"@id":"http:\/\/autosdelpodio.com\/autos\/#organization"},"potentialAction":[{"@type":"SearchAction","target":{"@type":"EntryPoint","urlTemplate":"http:\/\/autosdelpodio.com\/autos\/?s={search_term_string}"},"query-input":{"@type":"PropertyValueSpecification","valueRequired":true,"valueName":"search_term_string"}}],"inLanguage":"es"},{"@type":"Organization","@id":"http:\/\/autosdelpodio.com\/autos\/#organization","name":"Autos del Podio","url":"http:\/\/autosdelpodio.com\/autos\/","logo":{"@type":"ImageObject","inLanguage":"es","@id":"http:\/\/autosdelpodio.com\/autos\/#\/schema\/logo\/image\/","url":"http:\/\/autosdelpodio.com\/autos\/wp-content\/uploads\/2020\/08\/Logo_AR.jpg","contentUrl":"http:\/\/autosdelpodio.com\/autos\/wp-content\/uploads\/2020\/08\/Logo_AR.jpg","width":1038,"height":1044,"caption":"Autos del Podio"},"image":{"@id":"http:\/\/autosdelpodio.com\/autos\/#\/schema\/logo\/image\/"},"sameAs":["https:\/\/www.facebook.com\/profile.php?id=100057192590976&amp;amp;amp;amp;amp;amp;amp;amp;amp;amp;amp;amp;amp;amp;amp;amp;amp;amp;ref=ts","https:\/\/x.com\/autosdelpodio","https:\/\/www.youtube.com\/user\/AutosdelPodio"]},{"@type":"Person","@id":"http:\/\/autosdelpodio.com\/autos\/#\/schema\/person\/993527a4d01c3acdd3d6bce3770bc942","name":"autosdelpodio","image":{"@type":"ImageObject","inLanguage":"es","@id":"http:\/\/autosdelpodio.com\/autos\/wp-content\/litespeed\/avatar\/aa8f65cd201a80f6b844f63278aa84af.jpg?ver=1777403005","url":"http:\/\/autosdelpodio.com\/autos\/wp-content\/litespeed\/avatar\/aa8f65cd201a80f6b844f63278aa84af.jpg?ver=1777403005","contentUrl":"http:\/\/autosdelpodio.com\/autos\/wp-content\/litespeed\/avatar\/aa8f65cd201a80f6b844f63278aa84af.jpg?ver=1777403005","caption":"autosdelpodio"}}]}},"views":869,"_links":{"self":[{"href":"http:\/\/autosdelpodio.com\/autos\/wp-json\/wp\/v2\/posts\/4205","targetHints":{"allow":["GET"]}}],"collection":[{"href":"http:\/\/autosdelpodio.com\/autos\/wp-json\/wp\/v2\/posts"}],"about":[{"href":"http:\/\/autosdelpodio.com\/autos\/wp-json\/wp\/v2\/types\/post"}],"author":[{"embeddable":true,"href":"http:\/\/autosdelpodio.com\/autos\/wp-json\/wp\/v2\/users\/3"}],"replies":[{"embeddable":true,"href":"http:\/\/autosdelpodio.com\/autos\/wp-json\/wp\/v2\/comments?post=4205"}],"version-history":[{"count":1,"href":"http:\/\/autosdelpodio.com\/autos\/wp-json\/wp\/v2\/posts\/4205\/revisions"}],"predecessor-version":[{"id":4207,"href":"http:\/\/autosdelpodio.com\/autos\/wp-json\/wp\/v2\/posts\/4205\/revisions\/4207"}],"wp:featuredmedia":[{"embeddable":true,"href":"http:\/\/autosdelpodio.com\/autos\/wp-json\/wp\/v2\/media\/4206"}],"wp:attachment":[{"href":"http:\/\/autosdelpodio.com\/autos\/wp-json\/wp\/v2\/media?parent=4205"}],"wp:term":[{"taxonomy":"category","embeddable":true,"href":"http:\/\/autosdelpodio.com\/autos\/wp-json\/wp\/v2\/categories?post=4205"},{"taxonomy":"post_tag","embeddable":true,"href":"http:\/\/autosdelpodio.com\/autos\/wp-json\/wp\/v2\/tags?post=4205"}],"curies":[{"name":"wp","href":"https:\/\/api.w.org\/{rel}","templated":true}]}}