{"id":4222,"date":"2021-05-02T14:50:57","date_gmt":"2021-05-02T17:50:57","guid":{"rendered":"http:\/\/autosdelpodio.com\/autos\/?p=4222"},"modified":"2021-05-02T14:55:00","modified_gmt":"2021-05-02T17:55:00","slug":"triunfo-no-97-para-el-de-mercedes","status":"publish","type":"post","link":"http:\/\/autosdelpodio.com\/autos\/triunfo-no-97-para-el-de-mercedes\/","title":{"rendered":"Triunfo n\u00ba 97 para el de Mercedes"},"content":{"rendered":"\n<p>A pura mu\u00f1eca, Lewis Hamilton se llev\u00f3 el Gran Premio de Portugal de Formula 1 transcurridas las 66 vueltas al imponerse a sus primeros escoltas Max Verstappen (Red Bull) y su compa\u00f1ero de equipo y due\u00f1o de la Pole Position Valtteri Bottas.<\/p>\n\n\n\n<p>Hamilton lidera el campeonato con 69 puntos, Verstappen tiene 61 y bastante atr\u00e1s aparece Lando Norris con 37.<\/p>\n\n\n\n<p>La pr\u00f3xima fecha se disputar\u00e1 en el circuito de Barcelona del 7 al 9 de mayo, en lo que ser\u00e1 una nueva edici\u00f3n del Gran Premio de Espa\u00f1a.<\/p>\n\n\n\n<p><strong>Final F1 &#8211; Portimao<\/strong><\/p>\n\n\n\n<figure class=\"wp-block-table\"><table><tbody><tr><\/tr><tr><td>1<\/td><td>44<\/td><td>Lewis Hamilton<\/td><td>Mercedes<\/td><td>66<\/td><td>1:34\u201931.421<\/td><td><\/td><\/tr><tr><td>2<\/td><td>33<\/td><td>Max Verstappen<\/td><td>Red Bull<\/td><td>66<\/td><td>1:35\u201900.569<\/td><td>29.148<\/td><\/tr><tr><td>3<\/td><td>77<\/td><td>Valtteri Bottas<\/td><td>Mercedes<\/td><td>66<\/td><td>1:35\u201904.951<\/td><td>33.530<\/td><\/tr><tr><td>4<\/td><td>11<\/td><td>Sergio P\u00e9rez<\/td><td>Red Bull<\/td><td>66<\/td><td>1:35\u201911.156<\/td><td>39.735<\/td><\/tr><tr><td>5<\/td><td>4<\/td><td>Lando Norris<\/td><td>McLaren<\/td><td>66<\/td><td>1:35\u201922.790<\/td><td>51.369<\/td><\/tr><tr><td>6<\/td><td>16<\/td><td>Charles Leclerc<\/td><td>Ferrari<\/td><td>66<\/td><td>1:35\u201927.202<\/td><td>55.781<\/td><\/tr><tr><td>7<\/td><td>31<\/td><td>Esteban Ocon<\/td><td>Alpine<\/td><td>66<\/td><td>1:35\u201935.170<\/td><td>1\u201903.749<\/td><\/tr><tr><td>8<\/td><td>14<\/td><td>Fernando Alonso<\/td><td>Alpine<\/td><td>66<\/td><td>1:35\u201936.229<\/td><td>1\u201904.808<\/td><\/tr><tr><td>9<\/td><td>3<\/td><td>Daniel Ricciardo<\/td><td>McLaren<\/td><td>66<\/td><td>1:35\u201946.790<\/td><td>1\u201915.369<\/td><\/tr><tr><td>10<\/td><td>10<\/td><td>Pierre Gasly<\/td><td>AlphaTauri<\/td><td>66<\/td><td>1:35\u201947.884<\/td><td>1\u201916.463<\/td><\/tr><tr><td>11<\/td><td>55<\/td><td>Carlos Sainz<\/td><td>Ferrari<\/td><td>66<\/td><td>1:35\u201950.376<\/td><td>1\u201918.955<\/td><\/tr><tr><td>12<\/td><td>99<\/td><td>Antonio Giovinazzi<\/td><td>Alfa Romeo<\/td><td>65<\/td><td>1 Vuelta<\/td><td><\/td><\/tr><tr><td>13<\/td><td>5<\/td><td>Sebastian Vettel<\/td><td>Aston Martin<\/td><td>65<\/td><td>1 Vuelta<\/td><td><\/td><\/tr><tr><td>14<\/td><td>18<\/td><td>Lance Stroll<\/td><td>Aston Martin<\/td><td>65<\/td><td>1 Vuelta<\/td><td><\/td><\/tr><tr><td>15<\/td><td>22<\/td><td>Yuki Tsunoda<\/td><td>AlphaTauri<\/td><td>65<\/td><td>1 Vuelta<\/td><td><\/td><\/tr><tr><td>16<\/td><td>63<\/td><td>George Russell<\/td><td>Williams<\/td><td>65<\/td><td>1 Vuelta<\/td><td><\/td><\/tr><tr><td>17<\/td><td>47<\/td><td>Mick Schumacher<\/td><td>Haas<\/td><td>64<\/td><td>2 Vueltas<\/td><td><\/td><\/tr><tr><td>18<\/td><td>6<\/td><td>Nicholas Latifi<\/td><td>Williams<\/td><td>64<\/td><td>2 Vueltas<\/td><td><\/td><\/tr><tr><td>19<\/td><td>9<\/td><td>Nikita Mazepin<\/td><td>Haas<\/td><td>64<\/td><td>2 Vueltas<\/td><td><\/td><\/tr><tr><td><\/td><td>7<\/td><td>Kimi R\u00e4ikk\u00f6nen<\/td><td>Alfa Romeo<\/td><td>1<\/td><\/tr><\/tbody><\/table><\/figure>\n","protected":false},"excerpt":{"rendered":"<p>A pura mu\u00f1eca, Lewis Hamilton se llev\u00f3 el Gran Premio de Portugal de Formula 1 transcurridas las 66 vueltas al<\/p>\n","protected":false},"author":3,"featured_media":1751,"comment_status":"open","ping_status":"open","sticky":false,"template":"","format":"standard","meta":{"colormag_page_container_layout":"default_layout","colormag_page_sidebar_layout":"default_layout","footnotes":""},"categories":[6],"tags":[148,75,392,289,233],"class_list":["post-4222","post","type-post","status-publish","format-standard","has-post-thumbnail","hentry","category-newsflash","tag-fia","tag-formula-1","tag-gp-portugal","tag-lewis-hamilton","tag-mercedes-benz"],"yoast_head":"<!-- This site is optimized with the Yoast SEO plugin v27.5 - https:\/\/yoast.com\/product\/yoast-seo-wordpress\/ -->\n<title>Autos del Podio | Triunfo n\u00ba 97 para el de Mercedes<\/title>\n<meta name=\"description\" content=\"Autos del Podio El pr\u00f3ximo fin de semana la F1 continuar\u00e1 su itinerario con su visita a Catalunya\" \/>\n<meta name=\"robots\" content=\"index, follow, max-snippet:-1, max-image-preview:large, max-video-preview:-1\" \/>\n<link rel=\"canonical\" href=\"http:\/\/autosdelpodio.com\/autos\/triunfo-no-97-para-el-de-mercedes\/\" \/>\n<meta property=\"og:locale\" content=\"es_ES\" \/>\n<meta property=\"og:type\" content=\"article\" \/>\n<meta property=\"og:title\" content=\"Autos del Podio | Triunfo n\u00ba 97 para el de Mercedes\" \/>\n<meta property=\"og:description\" content=\"Autos del Podio El pr\u00f3ximo fin de semana la F1 continuar\u00e1 su itinerario con su visita a Catalunya\" \/>\n<meta property=\"og:url\" content=\"http:\/\/autosdelpodio.com\/autos\/triunfo-no-97-para-el-de-mercedes\/\" \/>\n<meta property=\"og:site_name\" content=\"Autos del Podio\" \/>\n<meta property=\"article:publisher\" content=\"https:\/\/www.facebook.com\/profile.php?id=100057192590976&amp;amp%3bamp%3bamp%3bamp%3bamp%3bamp%3bamp%3bamp%3bamp%3bamp%3bamp%3bamp%3bamp%3bamp%3bamp%3bamp%3bamp%3bamp%3bref=ts\" \/>\n<meta property=\"article:published_time\" content=\"2021-05-02T17:50:57+00:00\" \/>\n<meta property=\"article:modified_time\" content=\"2021-05-02T17:55:00+00:00\" \/>\n<meta property=\"og:image\" content=\"http:\/\/autosdelpodio.com\/autos\/wp-content\/uploads\/2020\/04\/Logo_F1_-e1621029352226.jpg\" \/>\n\t<meta property=\"og:image:width\" content=\"500\" \/>\n\t<meta property=\"og:image:height\" content=\"278\" \/>\n\t<meta property=\"og:image:type\" content=\"image\/jpeg\" \/>\n<meta name=\"author\" content=\"autosdelpodio\" \/>\n<meta name=\"twitter:card\" content=\"summary_large_image\" \/>\n<meta name=\"twitter:creator\" content=\"@autosdelpodio\" \/>\n<meta name=\"twitter:site\" content=\"@autosdelpodio\" \/>\n<meta name=\"twitter:label1\" content=\"Escrito por\" \/>\n\t<meta name=\"twitter:data1\" content=\"autosdelpodio\" \/>\n\t<meta name=\"twitter:label2\" content=\"Tiempo de lectura\" \/>\n\t<meta name=\"twitter:data2\" content=\"2 minutos\" \/>\n<script type=\"application\/ld+json\" class=\"yoast-schema-graph\">{\"@context\":\"https:\\\/\\\/schema.org\",\"@graph\":[{\"@type\":\"Article\",\"@id\":\"http:\\\/\\\/autosdelpodio.com\\\/autos\\\/triunfo-no-97-para-el-de-mercedes\\\/#article\",\"isPartOf\":{\"@id\":\"http:\\\/\\\/autosdelpodio.com\\\/autos\\\/triunfo-no-97-para-el-de-mercedes\\\/\"},\"author\":{\"name\":\"autosdelpodio\",\"@id\":\"http:\\\/\\\/autosdelpodio.com\\\/autos\\\/#\\\/schema\\\/person\\\/993527a4d01c3acdd3d6bce3770bc942\"},\"headline\":\"Triunfo n\u00ba 97 para el de Mercedes\",\"datePublished\":\"2021-05-02T17:50:57+00:00\",\"dateModified\":\"2021-05-02T17:55:00+00:00\",\"mainEntityOfPage\":{\"@id\":\"http:\\\/\\\/autosdelpodio.com\\\/autos\\\/triunfo-no-97-para-el-de-mercedes\\\/\"},\"wordCount\":175,\"commentCount\":0,\"publisher\":{\"@id\":\"http:\\\/\\\/autosdelpodio.com\\\/autos\\\/#organization\"},\"image\":{\"@id\":\"http:\\\/\\\/autosdelpodio.com\\\/autos\\\/triunfo-no-97-para-el-de-mercedes\\\/#primaryimage\"},\"thumbnailUrl\":\"http:\\\/\\\/autosdelpodio.com\\\/autos\\\/wp-content\\\/uploads\\\/2020\\\/04\\\/Logo_F1_-e1621029352226.jpg\",\"keywords\":[\"FIA\",\"Formula 1\",\"GP Portugal\",\"Lewis Hamilton\",\"Mercedes Benz\"],\"articleSection\":[\"Destacado\"],\"inLanguage\":\"es\",\"potentialAction\":[{\"@type\":\"CommentAction\",\"name\":\"Comment\",\"target\":[\"http:\\\/\\\/autosdelpodio.com\\\/autos\\\/triunfo-no-97-para-el-de-mercedes\\\/#respond\"]}]},{\"@type\":\"WebPage\",\"@id\":\"http:\\\/\\\/autosdelpodio.com\\\/autos\\\/triunfo-no-97-para-el-de-mercedes\\\/\",\"url\":\"http:\\\/\\\/autosdelpodio.com\\\/autos\\\/triunfo-no-97-para-el-de-mercedes\\\/\",\"name\":\"Autos del Podio | Triunfo n\u00ba 97 para el de Mercedes\",\"isPartOf\":{\"@id\":\"http:\\\/\\\/autosdelpodio.com\\\/autos\\\/#website\"},\"primaryImageOfPage\":{\"@id\":\"http:\\\/\\\/autosdelpodio.com\\\/autos\\\/triunfo-no-97-para-el-de-mercedes\\\/#primaryimage\"},\"image\":{\"@id\":\"http:\\\/\\\/autosdelpodio.com\\\/autos\\\/triunfo-no-97-para-el-de-mercedes\\\/#primaryimage\"},\"thumbnailUrl\":\"http:\\\/\\\/autosdelpodio.com\\\/autos\\\/wp-content\\\/uploads\\\/2020\\\/04\\\/Logo_F1_-e1621029352226.jpg\",\"datePublished\":\"2021-05-02T17:50:57+00:00\",\"dateModified\":\"2021-05-02T17:55:00+00:00\",\"description\":\"Autos del Podio El pr\u00f3ximo fin de semana la F1 continuar\u00e1 su itinerario con su visita a Catalunya\",\"breadcrumb\":{\"@id\":\"http:\\\/\\\/autosdelpodio.com\\\/autos\\\/triunfo-no-97-para-el-de-mercedes\\\/#breadcrumb\"},\"inLanguage\":\"es\",\"potentialAction\":[{\"@type\":\"ReadAction\",\"target\":[\"http:\\\/\\\/autosdelpodio.com\\\/autos\\\/triunfo-no-97-para-el-de-mercedes\\\/\"]}]},{\"@type\":\"ImageObject\",\"inLanguage\":\"es\",\"@id\":\"http:\\\/\\\/autosdelpodio.com\\\/autos\\\/triunfo-no-97-para-el-de-mercedes\\\/#primaryimage\",\"url\":\"http:\\\/\\\/autosdelpodio.com\\\/autos\\\/wp-content\\\/uploads\\\/2020\\\/04\\\/Logo_F1_-e1621029352226.jpg\",\"contentUrl\":\"http:\\\/\\\/autosdelpodio.com\\\/autos\\\/wp-content\\\/uploads\\\/2020\\\/04\\\/Logo_F1_-e1621029352226.jpg\",\"width\":500,\"height\":278},{\"@type\":\"BreadcrumbList\",\"@id\":\"http:\\\/\\\/autosdelpodio.com\\\/autos\\\/triunfo-no-97-para-el-de-mercedes\\\/#breadcrumb\",\"itemListElement\":[{\"@type\":\"ListItem\",\"position\":1,\"name\":\"Portada\",\"item\":\"http:\\\/\\\/autosdelpodio.com\\\/autos\\\/\"},{\"@type\":\"ListItem\",\"position\":2,\"name\":\"Triunfo n\u00ba 97 para el de Mercedes\"}]},{\"@type\":\"WebSite\",\"@id\":\"http:\\\/\\\/autosdelpodio.com\\\/autos\\\/#website\",\"url\":\"http:\\\/\\\/autosdelpodio.com\\\/autos\\\/\",\"name\":\"Autos del Podio\",\"description\":\"La sexta del deporte motor\",\"publisher\":{\"@id\":\"http:\\\/\\\/autosdelpodio.com\\\/autos\\\/#organization\"},\"potentialAction\":[{\"@type\":\"SearchAction\",\"target\":{\"@type\":\"EntryPoint\",\"urlTemplate\":\"http:\\\/\\\/autosdelpodio.com\\\/autos\\\/?s={search_term_string}\"},\"query-input\":{\"@type\":\"PropertyValueSpecification\",\"valueRequired\":true,\"valueName\":\"search_term_string\"}}],\"inLanguage\":\"es\"},{\"@type\":\"Organization\",\"@id\":\"http:\\\/\\\/autosdelpodio.com\\\/autos\\\/#organization\",\"name\":\"Autos del Podio\",\"url\":\"http:\\\/\\\/autosdelpodio.com\\\/autos\\\/\",\"logo\":{\"@type\":\"ImageObject\",\"inLanguage\":\"es\",\"@id\":\"http:\\\/\\\/autosdelpodio.com\\\/autos\\\/#\\\/schema\\\/logo\\\/image\\\/\",\"url\":\"http:\\\/\\\/autosdelpodio.com\\\/autos\\\/wp-content\\\/uploads\\\/2020\\\/08\\\/Logo_AR.jpg\",\"contentUrl\":\"http:\\\/\\\/autosdelpodio.com\\\/autos\\\/wp-content\\\/uploads\\\/2020\\\/08\\\/Logo_AR.jpg\",\"width\":1038,\"height\":1044,\"caption\":\"Autos del Podio\"},\"image\":{\"@id\":\"http:\\\/\\\/autosdelpodio.com\\\/autos\\\/#\\\/schema\\\/logo\\\/image\\\/\"},\"sameAs\":[\"https:\\\/\\\/www.facebook.com\\\/profile.php?id=100057192590976&amp;amp;amp;amp;amp;amp;amp;amp;amp;amp;amp;amp;amp;amp;amp;amp;amp;amp;ref=ts\",\"https:\\\/\\\/x.com\\\/autosdelpodio\",\"https:\\\/\\\/www.youtube.com\\\/user\\\/AutosdelPodio\"]},{\"@type\":\"Person\",\"@id\":\"http:\\\/\\\/autosdelpodio.com\\\/autos\\\/#\\\/schema\\\/person\\\/993527a4d01c3acdd3d6bce3770bc942\",\"name\":\"autosdelpodio\",\"image\":{\"@type\":\"ImageObject\",\"inLanguage\":\"es\",\"@id\":\"http:\\\/\\\/autosdelpodio.com\\\/autos\\\/wp-content\\\/litespeed\\\/avatar\\\/aa8f65cd201a80f6b844f63278aa84af.jpg?ver=1776798175\",\"url\":\"http:\\\/\\\/autosdelpodio.com\\\/autos\\\/wp-content\\\/litespeed\\\/avatar\\\/aa8f65cd201a80f6b844f63278aa84af.jpg?ver=1776798175\",\"contentUrl\":\"http:\\\/\\\/autosdelpodio.com\\\/autos\\\/wp-content\\\/litespeed\\\/avatar\\\/aa8f65cd201a80f6b844f63278aa84af.jpg?ver=1776798175\",\"caption\":\"autosdelpodio\"}}]}<\/script>\n<!-- \/ Yoast SEO plugin. -->","yoast_head_json":{"title":"Autos del Podio | Triunfo n\u00ba 97 para el de Mercedes","description":"Autos del Podio El pr\u00f3ximo fin de semana la F1 continuar\u00e1 su itinerario con su visita a Catalunya","robots":{"index":"index","follow":"follow","max-snippet":"max-snippet:-1","max-image-preview":"max-image-preview:large","max-video-preview":"max-video-preview:-1"},"canonical":"http:\/\/autosdelpodio.com\/autos\/triunfo-no-97-para-el-de-mercedes\/","og_locale":"es_ES","og_type":"article","og_title":"Autos del Podio | Triunfo n\u00ba 97 para el de Mercedes","og_description":"Autos del Podio El pr\u00f3ximo fin de semana la F1 continuar\u00e1 su itinerario con su visita a Catalunya","og_url":"http:\/\/autosdelpodio.com\/autos\/triunfo-no-97-para-el-de-mercedes\/","og_site_name":"Autos del Podio","article_publisher":"https:\/\/www.facebook.com\/profile.php?id=100057192590976&amp%3bamp%3bamp%3bamp%3bamp%3bamp%3bamp%3bamp%3bamp%3bamp%3bamp%3bamp%3bamp%3bamp%3bamp%3bamp%3bamp%3bamp%3bref=ts","article_published_time":"2021-05-02T17:50:57+00:00","article_modified_time":"2021-05-02T17:55:00+00:00","og_image":[{"width":500,"height":278,"url":"http:\/\/autosdelpodio.com\/autos\/wp-content\/uploads\/2020\/04\/Logo_F1_-e1621029352226.jpg","type":"image\/jpeg"}],"author":"autosdelpodio","twitter_card":"summary_large_image","twitter_creator":"@autosdelpodio","twitter_site":"@autosdelpodio","twitter_misc":{"Escrito por":"autosdelpodio","Tiempo de lectura":"2 minutos"},"schema":{"@context":"https:\/\/schema.org","@graph":[{"@type":"Article","@id":"http:\/\/autosdelpodio.com\/autos\/triunfo-no-97-para-el-de-mercedes\/#article","isPartOf":{"@id":"http:\/\/autosdelpodio.com\/autos\/triunfo-no-97-para-el-de-mercedes\/"},"author":{"name":"autosdelpodio","@id":"http:\/\/autosdelpodio.com\/autos\/#\/schema\/person\/993527a4d01c3acdd3d6bce3770bc942"},"headline":"Triunfo n\u00ba 97 para el de Mercedes","datePublished":"2021-05-02T17:50:57+00:00","dateModified":"2021-05-02T17:55:00+00:00","mainEntityOfPage":{"@id":"http:\/\/autosdelpodio.com\/autos\/triunfo-no-97-para-el-de-mercedes\/"},"wordCount":175,"commentCount":0,"publisher":{"@id":"http:\/\/autosdelpodio.com\/autos\/#organization"},"image":{"@id":"http:\/\/autosdelpodio.com\/autos\/triunfo-no-97-para-el-de-mercedes\/#primaryimage"},"thumbnailUrl":"http:\/\/autosdelpodio.com\/autos\/wp-content\/uploads\/2020\/04\/Logo_F1_-e1621029352226.jpg","keywords":["FIA","Formula 1","GP Portugal","Lewis Hamilton","Mercedes Benz"],"articleSection":["Destacado"],"inLanguage":"es","potentialAction":[{"@type":"CommentAction","name":"Comment","target":["http:\/\/autosdelpodio.com\/autos\/triunfo-no-97-para-el-de-mercedes\/#respond"]}]},{"@type":"WebPage","@id":"http:\/\/autosdelpodio.com\/autos\/triunfo-no-97-para-el-de-mercedes\/","url":"http:\/\/autosdelpodio.com\/autos\/triunfo-no-97-para-el-de-mercedes\/","name":"Autos del Podio | Triunfo n\u00ba 97 para el de Mercedes","isPartOf":{"@id":"http:\/\/autosdelpodio.com\/autos\/#website"},"primaryImageOfPage":{"@id":"http:\/\/autosdelpodio.com\/autos\/triunfo-no-97-para-el-de-mercedes\/#primaryimage"},"image":{"@id":"http:\/\/autosdelpodio.com\/autos\/triunfo-no-97-para-el-de-mercedes\/#primaryimage"},"thumbnailUrl":"http:\/\/autosdelpodio.com\/autos\/wp-content\/uploads\/2020\/04\/Logo_F1_-e1621029352226.jpg","datePublished":"2021-05-02T17:50:57+00:00","dateModified":"2021-05-02T17:55:00+00:00","description":"Autos del Podio El pr\u00f3ximo fin de semana la F1 continuar\u00e1 su itinerario con su visita a Catalunya","breadcrumb":{"@id":"http:\/\/autosdelpodio.com\/autos\/triunfo-no-97-para-el-de-mercedes\/#breadcrumb"},"inLanguage":"es","potentialAction":[{"@type":"ReadAction","target":["http:\/\/autosdelpodio.com\/autos\/triunfo-no-97-para-el-de-mercedes\/"]}]},{"@type":"ImageObject","inLanguage":"es","@id":"http:\/\/autosdelpodio.com\/autos\/triunfo-no-97-para-el-de-mercedes\/#primaryimage","url":"http:\/\/autosdelpodio.com\/autos\/wp-content\/uploads\/2020\/04\/Logo_F1_-e1621029352226.jpg","contentUrl":"http:\/\/autosdelpodio.com\/autos\/wp-content\/uploads\/2020\/04\/Logo_F1_-e1621029352226.jpg","width":500,"height":278},{"@type":"BreadcrumbList","@id":"http:\/\/autosdelpodio.com\/autos\/triunfo-no-97-para-el-de-mercedes\/#breadcrumb","itemListElement":[{"@type":"ListItem","position":1,"name":"Portada","item":"http:\/\/autosdelpodio.com\/autos\/"},{"@type":"ListItem","position":2,"name":"Triunfo n\u00ba 97 para el de Mercedes"}]},{"@type":"WebSite","@id":"http:\/\/autosdelpodio.com\/autos\/#website","url":"http:\/\/autosdelpodio.com\/autos\/","name":"Autos del Podio","description":"La sexta del deporte motor","publisher":{"@id":"http:\/\/autosdelpodio.com\/autos\/#organization"},"potentialAction":[{"@type":"SearchAction","target":{"@type":"EntryPoint","urlTemplate":"http:\/\/autosdelpodio.com\/autos\/?s={search_term_string}"},"query-input":{"@type":"PropertyValueSpecification","valueRequired":true,"valueName":"search_term_string"}}],"inLanguage":"es"},{"@type":"Organization","@id":"http:\/\/autosdelpodio.com\/autos\/#organization","name":"Autos del Podio","url":"http:\/\/autosdelpodio.com\/autos\/","logo":{"@type":"ImageObject","inLanguage":"es","@id":"http:\/\/autosdelpodio.com\/autos\/#\/schema\/logo\/image\/","url":"http:\/\/autosdelpodio.com\/autos\/wp-content\/uploads\/2020\/08\/Logo_AR.jpg","contentUrl":"http:\/\/autosdelpodio.com\/autos\/wp-content\/uploads\/2020\/08\/Logo_AR.jpg","width":1038,"height":1044,"caption":"Autos del Podio"},"image":{"@id":"http:\/\/autosdelpodio.com\/autos\/#\/schema\/logo\/image\/"},"sameAs":["https:\/\/www.facebook.com\/profile.php?id=100057192590976&amp;amp;amp;amp;amp;amp;amp;amp;amp;amp;amp;amp;amp;amp;amp;amp;amp;amp;ref=ts","https:\/\/x.com\/autosdelpodio","https:\/\/www.youtube.com\/user\/AutosdelPodio"]},{"@type":"Person","@id":"http:\/\/autosdelpodio.com\/autos\/#\/schema\/person\/993527a4d01c3acdd3d6bce3770bc942","name":"autosdelpodio","image":{"@type":"ImageObject","inLanguage":"es","@id":"http:\/\/autosdelpodio.com\/autos\/wp-content\/litespeed\/avatar\/aa8f65cd201a80f6b844f63278aa84af.jpg?ver=1776798175","url":"http:\/\/autosdelpodio.com\/autos\/wp-content\/litespeed\/avatar\/aa8f65cd201a80f6b844f63278aa84af.jpg?ver=1776798175","contentUrl":"http:\/\/autosdelpodio.com\/autos\/wp-content\/litespeed\/avatar\/aa8f65cd201a80f6b844f63278aa84af.jpg?ver=1776798175","caption":"autosdelpodio"}}]}},"views":478,"_links":{"self":[{"href":"http:\/\/autosdelpodio.com\/autos\/wp-json\/wp\/v2\/posts\/4222","targetHints":{"allow":["GET"]}}],"collection":[{"href":"http:\/\/autosdelpodio.com\/autos\/wp-json\/wp\/v2\/posts"}],"about":[{"href":"http:\/\/autosdelpodio.com\/autos\/wp-json\/wp\/v2\/types\/post"}],"author":[{"embeddable":true,"href":"http:\/\/autosdelpodio.com\/autos\/wp-json\/wp\/v2\/users\/3"}],"replies":[{"embeddable":true,"href":"http:\/\/autosdelpodio.com\/autos\/wp-json\/wp\/v2\/comments?post=4222"}],"version-history":[{"count":2,"href":"http:\/\/autosdelpodio.com\/autos\/wp-json\/wp\/v2\/posts\/4222\/revisions"}],"predecessor-version":[{"id":4224,"href":"http:\/\/autosdelpodio.com\/autos\/wp-json\/wp\/v2\/posts\/4222\/revisions\/4224"}],"wp:featuredmedia":[{"embeddable":true,"href":"http:\/\/autosdelpodio.com\/autos\/wp-json\/wp\/v2\/media\/1751"}],"wp:attachment":[{"href":"http:\/\/autosdelpodio.com\/autos\/wp-json\/wp\/v2\/media?parent=4222"}],"wp:term":[{"taxonomy":"category","embeddable":true,"href":"http:\/\/autosdelpodio.com\/autos\/wp-json\/wp\/v2\/categories?post=4222"},{"taxonomy":"post_tag","embeddable":true,"href":"http:\/\/autosdelpodio.com\/autos\/wp-json\/wp\/v2\/tags?post=4222"}],"curies":[{"name":"wp","href":"https:\/\/api.w.org\/{rel}","templated":true}]}}