{"id":4227,"date":"2021-05-05T20:29:06","date_gmt":"2021-05-05T23:29:06","guid":{"rendered":"http:\/\/autosdelpodio.com\/autos\/?p=4227"},"modified":"2021-05-05T20:29:07","modified_gmt":"2021-05-05T23:29:07","slug":"cargo-bajo-y-furgon-las-nuevas-propuestas-de-sero-electric","status":"publish","type":"post","link":"http:\/\/autosdelpodio.com\/autos\/cargo-bajo-y-furgon-las-nuevas-propuestas-de-sero-electric\/","title":{"rendered":"Cargo Bajo y Furgon, las nuevas propuestas de Sero Electric"},"content":{"rendered":"\n<p>Seroelectric es la primera planta de Argentina y de Latinoam\u00e9rica habilitada como f\u00e1brica de autos el\u00e9ctricos urbanos con todos sus modelos homologados bajo la norma internacional L6e que los habilita para circular por la v\u00eda p\u00fablica. Luego de obtener recientemente la homologaci\u00f3n de sus modelos utilitarios, la f\u00e1brica de Mor\u00f3n puso en marcha la producci\u00f3n en serie de estas versiones.<\/p>\n\n\n\n<p>En el acto de lanzamiento se hicieron presente funcionarios nacionales, provinciales y municipales. Adem\u00e1s de Mat\u00edas Kulfas, participaron, por parte del Ministerio de Desarrollo Productivo de la Naci\u00f3n, los secretarios de la Peque\u00f1a y Mediana Empresa y los Emprendedores, Guillermo Merediz; de Industria, Econom\u00eda del Conocimiento y Gesti\u00f3n Comercial Externa, Ariel Schale; la subsecretaria de Econom\u00eda del Conocimiento, Mar\u00eda Ap\u00f3lito; la directora de Desarrollo Regional, Mercedes La Gioiosa; el ministro de Desarrollo Productivo de la provincia de Buenos Aires, Augusto Costa y el director provincial de Desarrollo Territorial y Pymes, Ariel Aguilar.<\/p>\n\n\n\n<p>Tambi\u00e9n participaron del lanzamiento el intendente de Mor\u00f3n, Lucas Ghi; el jefe de Gabinete Municipal, Hern\u00e1n Sabbatella; el secretario de Planificaci\u00f3n Estrat\u00e9gica, Pablo Itzcovich; el presidente de la Uni\u00f3n Industrial del Oeste, Edgardo G\u00e1mbaro; la presidenta de la SAPEM, Leticia Villanueva; y el gerente del PITAM, Diego Discoli.<\/p>\n\n\n\n<h5 class=\"wp-block-heading\">Pensados para la \u00faltima milla<\/h5>\n\n\n\n<p>Los <a href=\"http:\/\/autosdelpodio.com\/autos\/luz-verde-para-el-sero-electric\/\" target=\"_blank\" rel=\"noreferrer noopener\">Seroelectric<\/a> Cargo Bajo y Furg\u00f3n son utilizados por empresas de\u00a0<em>e-commerce<\/em>, correo, y alimentos y bebidas, para reparto en ciudad en la \u00faltima milla. Tienen una capacidad de carga de 350 kg y 2 m3.<\/p>\n\n\n\n<p>Los modelos poseen una autonom\u00eda de 100 km y desarrollan una velocidad de 55 km\/h. Se recargan en un enchufe dom\u00e9stico de 220 volts. El tempo de carga total es de 5 horas y se pueden recargar parcialmente.<\/p>\n\n\n\n<p>Para m\u00e1s info sobre los productos Seroelectric, consultar en&nbsp;<a href=\"http:\/\/www.sbustamante.com.ar\/\" target=\"_blank\" rel=\"noreferrer noopener\">www.sbustamante.com.ar<\/a><\/p>\n\n\n\n<p><em>Fuente: Alejandro Bustamante, Distribuidor Oficial Seroelectric.<\/em><\/p>\n","protected":false},"excerpt":{"rendered":"<p>Seroelectric es la primera planta de Argentina y de Latinoam\u00e9rica habilitada como f\u00e1brica de autos el\u00e9ctricos urbanos con todos sus<\/p>\n","protected":false},"author":3,"featured_media":4228,"comment_status":"open","ping_status":"open","sticky":false,"template":"","format":"standard","meta":{"colormag_page_container_layout":"default_layout","colormag_page_sidebar_layout":"default_layout","footnotes":""},"categories":[6,16],"tags":[60,108,554,61,59],"class_list":["post-4227","post","type-post","status-publish","format-standard","has-post-thumbnail","hentry","category-newsflash","category-recta-principal","tag-autos-electricos","tag-furgones","tag-moron","tag-pitam","tag-sero-electric"],"yoast_head":"<!-- This site is optimized with the Yoast SEO plugin v27.4 - https:\/\/yoast.com\/product\/yoast-seo-wordpress\/ -->\n<title>Autos del Podio | Cargo Bajo y Furgon, las nuevas propuestas de Sero Electric<\/title>\n<meta name=\"description\" content=\"Autos del Podio Se presentaron las 2 nuevas versiones de carga del auto el\u00e9ctrico fabricado en Argentina\" \/>\n<meta name=\"robots\" content=\"index, follow, max-snippet:-1, max-image-preview:large, max-video-preview:-1\" \/>\n<link rel=\"canonical\" href=\"http:\/\/autosdelpodio.com\/autos\/cargo-bajo-y-furgon-las-nuevas-propuestas-de-sero-electric\/\" \/>\n<meta property=\"og:locale\" content=\"es_ES\" \/>\n<meta property=\"og:type\" content=\"article\" \/>\n<meta property=\"og:title\" content=\"Autos del Podio | Cargo Bajo y Furgon, las nuevas propuestas de Sero Electric\" \/>\n<meta property=\"og:description\" content=\"Autos del Podio Se presentaron las 2 nuevas versiones de carga del auto el\u00e9ctrico fabricado en Argentina\" \/>\n<meta property=\"og:url\" content=\"http:\/\/autosdelpodio.com\/autos\/cargo-bajo-y-furgon-las-nuevas-propuestas-de-sero-electric\/\" \/>\n<meta property=\"og:site_name\" content=\"Autos del Podio\" \/>\n<meta property=\"article:publisher\" content=\"https:\/\/www.facebook.com\/profile.php?id=100057192590976&amp;amp%3bamp%3bamp%3bamp%3bamp%3bamp%3bamp%3bamp%3bamp%3bamp%3bamp%3bamp%3bamp%3bamp%3bamp%3bamp%3bamp%3bamp%3bref=ts\" \/>\n<meta property=\"article:published_time\" content=\"2021-05-05T23:29:06+00:00\" \/>\n<meta property=\"article:modified_time\" content=\"2021-05-05T23:29:07+00:00\" \/>\n<meta property=\"og:image\" content=\"http:\/\/autosdelpodio.com\/autos\/wp-content\/uploads\/2021\/05\/Cargo_Sero-e1620257327559.jpg\" \/>\n\t<meta property=\"og:image:width\" content=\"500\" \/>\n\t<meta property=\"og:image:height\" content=\"250\" \/>\n\t<meta property=\"og:image:type\" content=\"image\/jpeg\" \/>\n<meta name=\"author\" content=\"autosdelpodio\" \/>\n<meta name=\"twitter:card\" content=\"summary_large_image\" \/>\n<meta name=\"twitter:creator\" content=\"@autosdelpodio\" \/>\n<meta name=\"twitter:site\" content=\"@autosdelpodio\" \/>\n<meta name=\"twitter:label1\" content=\"Escrito por\" \/>\n\t<meta name=\"twitter:data1\" content=\"autosdelpodio\" \/>\n\t<meta name=\"twitter:label2\" content=\"Tiempo de lectura\" \/>\n\t<meta name=\"twitter:data2\" content=\"2 minutos\" \/>\n<script type=\"application\/ld+json\" class=\"yoast-schema-graph\">{\"@context\":\"https:\\\/\\\/schema.org\",\"@graph\":[{\"@type\":\"Article\",\"@id\":\"http:\\\/\\\/autosdelpodio.com\\\/autos\\\/cargo-bajo-y-furgon-las-nuevas-propuestas-de-sero-electric\\\/#article\",\"isPartOf\":{\"@id\":\"http:\\\/\\\/autosdelpodio.com\\\/autos\\\/cargo-bajo-y-furgon-las-nuevas-propuestas-de-sero-electric\\\/\"},\"author\":{\"name\":\"autosdelpodio\",\"@id\":\"http:\\\/\\\/autosdelpodio.com\\\/autos\\\/#\\\/schema\\\/person\\\/993527a4d01c3acdd3d6bce3770bc942\"},\"headline\":\"Cargo Bajo y Furgon, las nuevas propuestas de Sero Electric\",\"datePublished\":\"2021-05-05T23:29:06+00:00\",\"dateModified\":\"2021-05-05T23:29:07+00:00\",\"mainEntityOfPage\":{\"@id\":\"http:\\\/\\\/autosdelpodio.com\\\/autos\\\/cargo-bajo-y-furgon-las-nuevas-propuestas-de-sero-electric\\\/\"},\"wordCount\":334,\"commentCount\":0,\"publisher\":{\"@id\":\"http:\\\/\\\/autosdelpodio.com\\\/autos\\\/#organization\"},\"image\":{\"@id\":\"http:\\\/\\\/autosdelpodio.com\\\/autos\\\/cargo-bajo-y-furgon-las-nuevas-propuestas-de-sero-electric\\\/#primaryimage\"},\"thumbnailUrl\":\"http:\\\/\\\/autosdelpodio.com\\\/autos\\\/wp-content\\\/uploads\\\/2021\\\/05\\\/Cargo_Sero-e1620257327559.jpg\",\"keywords\":[\"Autos electricos\",\"Furgones\",\"Mor\u00f3n\",\"PITAM\",\"Sero Electric\"],\"articleSection\":[\"Destacado\",\"Recta Principal\"],\"inLanguage\":\"es\",\"potentialAction\":[{\"@type\":\"CommentAction\",\"name\":\"Comment\",\"target\":[\"http:\\\/\\\/autosdelpodio.com\\\/autos\\\/cargo-bajo-y-furgon-las-nuevas-propuestas-de-sero-electric\\\/#respond\"]}]},{\"@type\":\"WebPage\",\"@id\":\"http:\\\/\\\/autosdelpodio.com\\\/autos\\\/cargo-bajo-y-furgon-las-nuevas-propuestas-de-sero-electric\\\/\",\"url\":\"http:\\\/\\\/autosdelpodio.com\\\/autos\\\/cargo-bajo-y-furgon-las-nuevas-propuestas-de-sero-electric\\\/\",\"name\":\"Autos del Podio | Cargo Bajo y Furgon, las nuevas propuestas de Sero Electric\",\"isPartOf\":{\"@id\":\"http:\\\/\\\/autosdelpodio.com\\\/autos\\\/#website\"},\"primaryImageOfPage\":{\"@id\":\"http:\\\/\\\/autosdelpodio.com\\\/autos\\\/cargo-bajo-y-furgon-las-nuevas-propuestas-de-sero-electric\\\/#primaryimage\"},\"image\":{\"@id\":\"http:\\\/\\\/autosdelpodio.com\\\/autos\\\/cargo-bajo-y-furgon-las-nuevas-propuestas-de-sero-electric\\\/#primaryimage\"},\"thumbnailUrl\":\"http:\\\/\\\/autosdelpodio.com\\\/autos\\\/wp-content\\\/uploads\\\/2021\\\/05\\\/Cargo_Sero-e1620257327559.jpg\",\"datePublished\":\"2021-05-05T23:29:06+00:00\",\"dateModified\":\"2021-05-05T23:29:07+00:00\",\"description\":\"Autos del Podio Se presentaron las 2 nuevas versiones de carga del auto el\u00e9ctrico fabricado en Argentina\",\"breadcrumb\":{\"@id\":\"http:\\\/\\\/autosdelpodio.com\\\/autos\\\/cargo-bajo-y-furgon-las-nuevas-propuestas-de-sero-electric\\\/#breadcrumb\"},\"inLanguage\":\"es\",\"potentialAction\":[{\"@type\":\"ReadAction\",\"target\":[\"http:\\\/\\\/autosdelpodio.com\\\/autos\\\/cargo-bajo-y-furgon-las-nuevas-propuestas-de-sero-electric\\\/\"]}]},{\"@type\":\"ImageObject\",\"inLanguage\":\"es\",\"@id\":\"http:\\\/\\\/autosdelpodio.com\\\/autos\\\/cargo-bajo-y-furgon-las-nuevas-propuestas-de-sero-electric\\\/#primaryimage\",\"url\":\"http:\\\/\\\/autosdelpodio.com\\\/autos\\\/wp-content\\\/uploads\\\/2021\\\/05\\\/Cargo_Sero-e1620257327559.jpg\",\"contentUrl\":\"http:\\\/\\\/autosdelpodio.com\\\/autos\\\/wp-content\\\/uploads\\\/2021\\\/05\\\/Cargo_Sero-e1620257327559.jpg\",\"width\":500,\"height\":250},{\"@type\":\"BreadcrumbList\",\"@id\":\"http:\\\/\\\/autosdelpodio.com\\\/autos\\\/cargo-bajo-y-furgon-las-nuevas-propuestas-de-sero-electric\\\/#breadcrumb\",\"itemListElement\":[{\"@type\":\"ListItem\",\"position\":1,\"name\":\"Portada\",\"item\":\"http:\\\/\\\/autosdelpodio.com\\\/autos\\\/\"},{\"@type\":\"ListItem\",\"position\":2,\"name\":\"Cargo Bajo y Furgon, las nuevas propuestas de Sero Electric\"}]},{\"@type\":\"WebSite\",\"@id\":\"http:\\\/\\\/autosdelpodio.com\\\/autos\\\/#website\",\"url\":\"http:\\\/\\\/autosdelpodio.com\\\/autos\\\/\",\"name\":\"Autos del Podio\",\"description\":\"La sexta del deporte motor\",\"publisher\":{\"@id\":\"http:\\\/\\\/autosdelpodio.com\\\/autos\\\/#organization\"},\"potentialAction\":[{\"@type\":\"SearchAction\",\"target\":{\"@type\":\"EntryPoint\",\"urlTemplate\":\"http:\\\/\\\/autosdelpodio.com\\\/autos\\\/?s={search_term_string}\"},\"query-input\":{\"@type\":\"PropertyValueSpecification\",\"valueRequired\":true,\"valueName\":\"search_term_string\"}}],\"inLanguage\":\"es\"},{\"@type\":\"Organization\",\"@id\":\"http:\\\/\\\/autosdelpodio.com\\\/autos\\\/#organization\",\"name\":\"Autos del Podio\",\"url\":\"http:\\\/\\\/autosdelpodio.com\\\/autos\\\/\",\"logo\":{\"@type\":\"ImageObject\",\"inLanguage\":\"es\",\"@id\":\"http:\\\/\\\/autosdelpodio.com\\\/autos\\\/#\\\/schema\\\/logo\\\/image\\\/\",\"url\":\"http:\\\/\\\/autosdelpodio.com\\\/autos\\\/wp-content\\\/uploads\\\/2020\\\/08\\\/Logo_AR.jpg\",\"contentUrl\":\"http:\\\/\\\/autosdelpodio.com\\\/autos\\\/wp-content\\\/uploads\\\/2020\\\/08\\\/Logo_AR.jpg\",\"width\":1038,\"height\":1044,\"caption\":\"Autos del Podio\"},\"image\":{\"@id\":\"http:\\\/\\\/autosdelpodio.com\\\/autos\\\/#\\\/schema\\\/logo\\\/image\\\/\"},\"sameAs\":[\"https:\\\/\\\/www.facebook.com\\\/profile.php?id=100057192590976&amp;amp;amp;amp;amp;amp;amp;amp;amp;amp;amp;amp;amp;amp;amp;amp;amp;amp;ref=ts\",\"https:\\\/\\\/x.com\\\/autosdelpodio\",\"https:\\\/\\\/www.youtube.com\\\/user\\\/AutosdelPodio\"]},{\"@type\":\"Person\",\"@id\":\"http:\\\/\\\/autosdelpodio.com\\\/autos\\\/#\\\/schema\\\/person\\\/993527a4d01c3acdd3d6bce3770bc942\",\"name\":\"autosdelpodio\",\"image\":{\"@type\":\"ImageObject\",\"inLanguage\":\"es\",\"@id\":\"http:\\\/\\\/autosdelpodio.com\\\/autos\\\/wp-content\\\/litespeed\\\/avatar\\\/aa8f65cd201a80f6b844f63278aa84af.jpg?ver=1776798175\",\"url\":\"http:\\\/\\\/autosdelpodio.com\\\/autos\\\/wp-content\\\/litespeed\\\/avatar\\\/aa8f65cd201a80f6b844f63278aa84af.jpg?ver=1776798175\",\"contentUrl\":\"http:\\\/\\\/autosdelpodio.com\\\/autos\\\/wp-content\\\/litespeed\\\/avatar\\\/aa8f65cd201a80f6b844f63278aa84af.jpg?ver=1776798175\",\"caption\":\"autosdelpodio\"}}]}<\/script>\n<!-- \/ Yoast SEO plugin. -->","yoast_head_json":{"title":"Autos del Podio | Cargo Bajo y Furgon, las nuevas propuestas de Sero Electric","description":"Autos del Podio Se presentaron las 2 nuevas versiones de carga del auto el\u00e9ctrico fabricado en Argentina","robots":{"index":"index","follow":"follow","max-snippet":"max-snippet:-1","max-image-preview":"max-image-preview:large","max-video-preview":"max-video-preview:-1"},"canonical":"http:\/\/autosdelpodio.com\/autos\/cargo-bajo-y-furgon-las-nuevas-propuestas-de-sero-electric\/","og_locale":"es_ES","og_type":"article","og_title":"Autos del Podio | Cargo Bajo y Furgon, las nuevas propuestas de Sero Electric","og_description":"Autos del Podio Se presentaron las 2 nuevas versiones de carga del auto el\u00e9ctrico fabricado en Argentina","og_url":"http:\/\/autosdelpodio.com\/autos\/cargo-bajo-y-furgon-las-nuevas-propuestas-de-sero-electric\/","og_site_name":"Autos del Podio","article_publisher":"https:\/\/www.facebook.com\/profile.php?id=100057192590976&amp%3bamp%3bamp%3bamp%3bamp%3bamp%3bamp%3bamp%3bamp%3bamp%3bamp%3bamp%3bamp%3bamp%3bamp%3bamp%3bamp%3bamp%3bref=ts","article_published_time":"2021-05-05T23:29:06+00:00","article_modified_time":"2021-05-05T23:29:07+00:00","og_image":[{"width":500,"height":250,"url":"http:\/\/autosdelpodio.com\/autos\/wp-content\/uploads\/2021\/05\/Cargo_Sero-e1620257327559.jpg","type":"image\/jpeg"}],"author":"autosdelpodio","twitter_card":"summary_large_image","twitter_creator":"@autosdelpodio","twitter_site":"@autosdelpodio","twitter_misc":{"Escrito por":"autosdelpodio","Tiempo de lectura":"2 minutos"},"schema":{"@context":"https:\/\/schema.org","@graph":[{"@type":"Article","@id":"http:\/\/autosdelpodio.com\/autos\/cargo-bajo-y-furgon-las-nuevas-propuestas-de-sero-electric\/#article","isPartOf":{"@id":"http:\/\/autosdelpodio.com\/autos\/cargo-bajo-y-furgon-las-nuevas-propuestas-de-sero-electric\/"},"author":{"name":"autosdelpodio","@id":"http:\/\/autosdelpodio.com\/autos\/#\/schema\/person\/993527a4d01c3acdd3d6bce3770bc942"},"headline":"Cargo Bajo y Furgon, las nuevas propuestas de Sero Electric","datePublished":"2021-05-05T23:29:06+00:00","dateModified":"2021-05-05T23:29:07+00:00","mainEntityOfPage":{"@id":"http:\/\/autosdelpodio.com\/autos\/cargo-bajo-y-furgon-las-nuevas-propuestas-de-sero-electric\/"},"wordCount":334,"commentCount":0,"publisher":{"@id":"http:\/\/autosdelpodio.com\/autos\/#organization"},"image":{"@id":"http:\/\/autosdelpodio.com\/autos\/cargo-bajo-y-furgon-las-nuevas-propuestas-de-sero-electric\/#primaryimage"},"thumbnailUrl":"http:\/\/autosdelpodio.com\/autos\/wp-content\/uploads\/2021\/05\/Cargo_Sero-e1620257327559.jpg","keywords":["Autos electricos","Furgones","Mor\u00f3n","PITAM","Sero Electric"],"articleSection":["Destacado","Recta Principal"],"inLanguage":"es","potentialAction":[{"@type":"CommentAction","name":"Comment","target":["http:\/\/autosdelpodio.com\/autos\/cargo-bajo-y-furgon-las-nuevas-propuestas-de-sero-electric\/#respond"]}]},{"@type":"WebPage","@id":"http:\/\/autosdelpodio.com\/autos\/cargo-bajo-y-furgon-las-nuevas-propuestas-de-sero-electric\/","url":"http:\/\/autosdelpodio.com\/autos\/cargo-bajo-y-furgon-las-nuevas-propuestas-de-sero-electric\/","name":"Autos del Podio | Cargo Bajo y Furgon, las nuevas propuestas de Sero Electric","isPartOf":{"@id":"http:\/\/autosdelpodio.com\/autos\/#website"},"primaryImageOfPage":{"@id":"http:\/\/autosdelpodio.com\/autos\/cargo-bajo-y-furgon-las-nuevas-propuestas-de-sero-electric\/#primaryimage"},"image":{"@id":"http:\/\/autosdelpodio.com\/autos\/cargo-bajo-y-furgon-las-nuevas-propuestas-de-sero-electric\/#primaryimage"},"thumbnailUrl":"http:\/\/autosdelpodio.com\/autos\/wp-content\/uploads\/2021\/05\/Cargo_Sero-e1620257327559.jpg","datePublished":"2021-05-05T23:29:06+00:00","dateModified":"2021-05-05T23:29:07+00:00","description":"Autos del Podio Se presentaron las 2 nuevas versiones de carga del auto el\u00e9ctrico fabricado en Argentina","breadcrumb":{"@id":"http:\/\/autosdelpodio.com\/autos\/cargo-bajo-y-furgon-las-nuevas-propuestas-de-sero-electric\/#breadcrumb"},"inLanguage":"es","potentialAction":[{"@type":"ReadAction","target":["http:\/\/autosdelpodio.com\/autos\/cargo-bajo-y-furgon-las-nuevas-propuestas-de-sero-electric\/"]}]},{"@type":"ImageObject","inLanguage":"es","@id":"http:\/\/autosdelpodio.com\/autos\/cargo-bajo-y-furgon-las-nuevas-propuestas-de-sero-electric\/#primaryimage","url":"http:\/\/autosdelpodio.com\/autos\/wp-content\/uploads\/2021\/05\/Cargo_Sero-e1620257327559.jpg","contentUrl":"http:\/\/autosdelpodio.com\/autos\/wp-content\/uploads\/2021\/05\/Cargo_Sero-e1620257327559.jpg","width":500,"height":250},{"@type":"BreadcrumbList","@id":"http:\/\/autosdelpodio.com\/autos\/cargo-bajo-y-furgon-las-nuevas-propuestas-de-sero-electric\/#breadcrumb","itemListElement":[{"@type":"ListItem","position":1,"name":"Portada","item":"http:\/\/autosdelpodio.com\/autos\/"},{"@type":"ListItem","position":2,"name":"Cargo Bajo y Furgon, las nuevas propuestas de Sero Electric"}]},{"@type":"WebSite","@id":"http:\/\/autosdelpodio.com\/autos\/#website","url":"http:\/\/autosdelpodio.com\/autos\/","name":"Autos del Podio","description":"La sexta del deporte motor","publisher":{"@id":"http:\/\/autosdelpodio.com\/autos\/#organization"},"potentialAction":[{"@type":"SearchAction","target":{"@type":"EntryPoint","urlTemplate":"http:\/\/autosdelpodio.com\/autos\/?s={search_term_string}"},"query-input":{"@type":"PropertyValueSpecification","valueRequired":true,"valueName":"search_term_string"}}],"inLanguage":"es"},{"@type":"Organization","@id":"http:\/\/autosdelpodio.com\/autos\/#organization","name":"Autos del Podio","url":"http:\/\/autosdelpodio.com\/autos\/","logo":{"@type":"ImageObject","inLanguage":"es","@id":"http:\/\/autosdelpodio.com\/autos\/#\/schema\/logo\/image\/","url":"http:\/\/autosdelpodio.com\/autos\/wp-content\/uploads\/2020\/08\/Logo_AR.jpg","contentUrl":"http:\/\/autosdelpodio.com\/autos\/wp-content\/uploads\/2020\/08\/Logo_AR.jpg","width":1038,"height":1044,"caption":"Autos del Podio"},"image":{"@id":"http:\/\/autosdelpodio.com\/autos\/#\/schema\/logo\/image\/"},"sameAs":["https:\/\/www.facebook.com\/profile.php?id=100057192590976&amp;amp;amp;amp;amp;amp;amp;amp;amp;amp;amp;amp;amp;amp;amp;amp;amp;amp;ref=ts","https:\/\/x.com\/autosdelpodio","https:\/\/www.youtube.com\/user\/AutosdelPodio"]},{"@type":"Person","@id":"http:\/\/autosdelpodio.com\/autos\/#\/schema\/person\/993527a4d01c3acdd3d6bce3770bc942","name":"autosdelpodio","image":{"@type":"ImageObject","inLanguage":"es","@id":"http:\/\/autosdelpodio.com\/autos\/wp-content\/litespeed\/avatar\/aa8f65cd201a80f6b844f63278aa84af.jpg?ver=1776798175","url":"http:\/\/autosdelpodio.com\/autos\/wp-content\/litespeed\/avatar\/aa8f65cd201a80f6b844f63278aa84af.jpg?ver=1776798175","contentUrl":"http:\/\/autosdelpodio.com\/autos\/wp-content\/litespeed\/avatar\/aa8f65cd201a80f6b844f63278aa84af.jpg?ver=1776798175","caption":"autosdelpodio"}}]}},"views":572,"_links":{"self":[{"href":"http:\/\/autosdelpodio.com\/autos\/wp-json\/wp\/v2\/posts\/4227","targetHints":{"allow":["GET"]}}],"collection":[{"href":"http:\/\/autosdelpodio.com\/autos\/wp-json\/wp\/v2\/posts"}],"about":[{"href":"http:\/\/autosdelpodio.com\/autos\/wp-json\/wp\/v2\/types\/post"}],"author":[{"embeddable":true,"href":"http:\/\/autosdelpodio.com\/autos\/wp-json\/wp\/v2\/users\/3"}],"replies":[{"embeddable":true,"href":"http:\/\/autosdelpodio.com\/autos\/wp-json\/wp\/v2\/comments?post=4227"}],"version-history":[{"count":1,"href":"http:\/\/autosdelpodio.com\/autos\/wp-json\/wp\/v2\/posts\/4227\/revisions"}],"predecessor-version":[{"id":4229,"href":"http:\/\/autosdelpodio.com\/autos\/wp-json\/wp\/v2\/posts\/4227\/revisions\/4229"}],"wp:featuredmedia":[{"embeddable":true,"href":"http:\/\/autosdelpodio.com\/autos\/wp-json\/wp\/v2\/media\/4228"}],"wp:attachment":[{"href":"http:\/\/autosdelpodio.com\/autos\/wp-json\/wp\/v2\/media?parent=4227"}],"wp:term":[{"taxonomy":"category","embeddable":true,"href":"http:\/\/autosdelpodio.com\/autos\/wp-json\/wp\/v2\/categories?post=4227"},{"taxonomy":"post_tag","embeddable":true,"href":"http:\/\/autosdelpodio.com\/autos\/wp-json\/wp\/v2\/tags?post=4227"}],"curies":[{"name":"wp","href":"https:\/\/api.w.org\/{rel}","templated":true}]}}