{"id":4230,"date":"2021-05-06T14:45:57","date_gmt":"2021-05-06T17:45:57","guid":{"rendered":"http:\/\/autosdelpodio.com\/autos\/?p=4230"},"modified":"2021-05-06T14:47:08","modified_gmt":"2021-05-06T17:47:08","slug":"4230-2","status":"publish","type":"post","link":"http:\/\/autosdelpodio.com\/autos\/4230-2\/","title":{"rendered":"Proximo compromiso Paran\u00e1"},"content":{"rendered":"\n<p>El Turismo Carretera y TC Pista visitar\u00e1n el trazado de la capital entrerriana tras su ausencia forzada en 2020. Se mantiene el parque automotor del TC en 46 en tanto que en la telonera ir\u00e1n 35.<br>Con respecto a <a href=\"http:\/\/autosdelpodio.com\/autos\/el-turno-de-dodge-el-turno-del-pinchito\/\" target=\"_blank\" rel=\"noreferrer noopener\">la fecha pasada en Concepci\u00f3n del Uruguay<\/a> no se registran bajas ni altas en el Turismo Carretera.<br>En lo que respecta al Pista regresar\u00e1n Maximiliano L\u00f3pez, Lucas Panarotti, Mat\u00edas Frano y Ramiro Granara y con la \u00fanica ausencia de Sebasti\u00e1n Abella.<\/p>\n\n\n\n<p><strong>\u00daltimos ganadores del #TCenParan\u00e1<\/strong><\/p>\n\n\n\n<p><em>02\/08\/2015 MART\u00cdNEZ, Omar Ford<br>28\/08\/2016 ORTELLI, Guillermo Chevrolet<br>25\/06\/2017 CASTELLANO, Jonatan Dodge<br>09\/09\/2018 ROSSI, Mat\u00edas Ford<br>22\/09\/2019 LAMBIRIS, Mauricio Ford<\/em><\/p>\n\n\n\n<p><strong>Inscriptos TC<\/strong><\/p>\n\n\n\n<p>1 1 Mariano Werner Ford<br>2 2 Juan Cruz Benvenuti Torino<br>3 3 Jos\u00e9 Manuel Urcera Chevrolet<br>4 5 Christian Ledesma Chevrolet<br>5 6 Esteban Gini Torino<br>6 7 Gast\u00f3n Mazzacane Chevrolet<br>7 8 Jonatan Castellano Dodge<br>8 10 Santiago Mangoni Chevrolet<br>9 11 Mauricio Lambiris Ford<br>10 16 Emanuel Moriatis Ford<br>11 20 Leonel Pern\u00eda Torino<br>12 21 Juan Mart\u00edn Trucco Dodge<br>13 22 Nicol\u00e1s Bonelli Ford<br>14 25 Luis Jos\u00e9 Di Palma (h) Ford<br>15 26 Emiliano Spataro Torino<br>16 27 Facundo Della Motta Torino<br>17 28 Norberto Fontana Chevrolet<br>18 29 Juan Tom\u00e1s Catal\u00e1n Magni Ford<br>19 31 Gabriel Ponce de Le\u00f3n Ford<br>20 34 Juan Jos\u00e9 Ebarl\u00edn Chevrolet<br>21 36 Pablo Costanzo Torino<br>22 37 Nicol\u00e1s Cotignola Torino<br>23 51 Juan Pablo Gianini Ford<br>24 56 Germ\u00e1n Todino Torino<br>25 68 Juli\u00e1n Santero Ford<br>26 75 Sergio Alaux Chevrolet<br>27 77 Diego Ciantini Dodge<br>28 79 Math\u00edas Nolesi Ford<br>29 83 Facundo Ardusso Chevrolet<br>30 86 Agust\u00edn Canapino Chevrolet<br>31 88 Mart\u00edn Ponte Dodge<br>32 91 Guillermo Ortelli Chevrolet<br>33 93 Mat\u00edas Rodr\u00edguez Torino<br>34 95 Marcos Landa Torino<br>35 99 Juan Mart\u00edn Bruno Dodge<br>36 100 Carlos Okulovich Torino<br>37 101 Lionel Ugalde Torino<br>38 114 Gast\u00f3n Ferrante Torino<br>39 115 Diego De Carlo Chevrolet<br>40 116 Alan Ruggiero Ford<br>41 122 Andr\u00e9s Jakos Dodge<br>42 127 Marcelo Agrelo Torino<br>43 129 Nicol\u00e1s Trosset Ford<br>44 133 Valent\u00edn Aguirre Ford<br>45 157 Juan Bautista De Benedictis Ford<br>46 177 Ayrton Londero Ford<\/p>\n","protected":false},"excerpt":{"rendered":"<p>El Turismo Carretera y TC Pista visitar\u00e1n el trazado de la capital entrerriana tras su ausencia forzada en 2020. Se<\/p>\n","protected":false},"author":3,"featured_media":0,"comment_status":"open","ping_status":"open","sticky":false,"template":"","format":"standard","meta":{"colormag_page_container_layout":"default_layout","colormag_page_sidebar_layout":"default_layout","footnotes":""},"categories":[5],"tags":[503,218,349,39],"class_list":["post-4230","post","type-post","status-publish","format-standard","hentry","category-latest-news","tag-autodromo-parana","tag-entre-rios","tag-tc-pista","tag-turismo-carretera"],"yoast_head":"<!-- This site is optimized with the Yoast SEO plugin v27.4 - https:\/\/yoast.com\/product\/yoast-seo-wordpress\/ -->\n<title>Autos del Podio | Proximo compromiso Paran\u00e1<\/title>\n<meta name=\"description\" content=\"Autos del Podio Paran\u00e1 ser\u00e1 la sede de una nueva cita tcista\" \/>\n<meta name=\"robots\" content=\"index, follow, max-snippet:-1, max-image-preview:large, max-video-preview:-1\" \/>\n<link rel=\"canonical\" href=\"http:\/\/autosdelpodio.com\/autos\/4230-2\/\" \/>\n<meta property=\"og:locale\" content=\"es_ES\" \/>\n<meta property=\"og:type\" content=\"article\" \/>\n<meta property=\"og:title\" content=\"Autos del Podio | Proximo compromiso Paran\u00e1\" \/>\n<meta property=\"og:description\" content=\"Autos del Podio Paran\u00e1 ser\u00e1 la sede de una nueva cita tcista\" \/>\n<meta property=\"og:url\" content=\"http:\/\/autosdelpodio.com\/autos\/4230-2\/\" \/>\n<meta property=\"og:site_name\" content=\"Autos del Podio\" \/>\n<meta property=\"article:publisher\" content=\"https:\/\/www.facebook.com\/profile.php?id=100057192590976&amp;amp%3bamp%3bamp%3bamp%3bamp%3bamp%3bamp%3bamp%3bamp%3bamp%3bamp%3bamp%3bamp%3bamp%3bamp%3bamp%3bamp%3bamp%3bref=ts\" \/>\n<meta property=\"article:published_time\" content=\"2021-05-06T17:45:57+00:00\" \/>\n<meta property=\"article:modified_time\" content=\"2021-05-06T17:47:08+00:00\" \/>\n<meta name=\"author\" content=\"autosdelpodio\" \/>\n<meta name=\"twitter:card\" content=\"summary_large_image\" \/>\n<meta name=\"twitter:creator\" content=\"@autosdelpodio\" \/>\n<meta name=\"twitter:site\" content=\"@autosdelpodio\" \/>\n<meta name=\"twitter:label1\" content=\"Escrito por\" \/>\n\t<meta name=\"twitter:data1\" content=\"autosdelpodio\" \/>\n\t<meta name=\"twitter:label2\" content=\"Tiempo de lectura\" \/>\n\t<meta name=\"twitter:data2\" content=\"2 minutos\" \/>\n<script type=\"application\/ld+json\" class=\"yoast-schema-graph\">{\"@context\":\"https:\\\/\\\/schema.org\",\"@graph\":[{\"@type\":\"Article\",\"@id\":\"http:\\\/\\\/autosdelpodio.com\\\/autos\\\/4230-2\\\/#article\",\"isPartOf\":{\"@id\":\"http:\\\/\\\/autosdelpodio.com\\\/autos\\\/4230-2\\\/\"},\"author\":{\"name\":\"autosdelpodio\",\"@id\":\"http:\\\/\\\/autosdelpodio.com\\\/autos\\\/#\\\/schema\\\/person\\\/993527a4d01c3acdd3d6bce3770bc942\"},\"headline\":\"Proximo compromiso Paran\u00e1\",\"datePublished\":\"2021-05-06T17:45:57+00:00\",\"dateModified\":\"2021-05-06T17:47:08+00:00\",\"mainEntityOfPage\":{\"@id\":\"http:\\\/\\\/autosdelpodio.com\\\/autos\\\/4230-2\\\/\"},\"wordCount\":286,\"commentCount\":0,\"publisher\":{\"@id\":\"http:\\\/\\\/autosdelpodio.com\\\/autos\\\/#organization\"},\"keywords\":[\"Autodromo Paran\u00e1\",\"Entre Rios\",\"TC Pista\",\"Turismo Carretera\"],\"articleSection\":[\"\u00daltimas noticias\"],\"inLanguage\":\"es\",\"potentialAction\":[{\"@type\":\"CommentAction\",\"name\":\"Comment\",\"target\":[\"http:\\\/\\\/autosdelpodio.com\\\/autos\\\/4230-2\\\/#respond\"]}]},{\"@type\":\"WebPage\",\"@id\":\"http:\\\/\\\/autosdelpodio.com\\\/autos\\\/4230-2\\\/\",\"url\":\"http:\\\/\\\/autosdelpodio.com\\\/autos\\\/4230-2\\\/\",\"name\":\"Autos del Podio | Proximo compromiso Paran\u00e1\",\"isPartOf\":{\"@id\":\"http:\\\/\\\/autosdelpodio.com\\\/autos\\\/#website\"},\"datePublished\":\"2021-05-06T17:45:57+00:00\",\"dateModified\":\"2021-05-06T17:47:08+00:00\",\"description\":\"Autos del Podio Paran\u00e1 ser\u00e1 la sede de una nueva cita tcista\",\"breadcrumb\":{\"@id\":\"http:\\\/\\\/autosdelpodio.com\\\/autos\\\/4230-2\\\/#breadcrumb\"},\"inLanguage\":\"es\",\"potentialAction\":[{\"@type\":\"ReadAction\",\"target\":[\"http:\\\/\\\/autosdelpodio.com\\\/autos\\\/4230-2\\\/\"]}]},{\"@type\":\"BreadcrumbList\",\"@id\":\"http:\\\/\\\/autosdelpodio.com\\\/autos\\\/4230-2\\\/#breadcrumb\",\"itemListElement\":[{\"@type\":\"ListItem\",\"position\":1,\"name\":\"Portada\",\"item\":\"http:\\\/\\\/autosdelpodio.com\\\/autos\\\/\"},{\"@type\":\"ListItem\",\"position\":2,\"name\":\"Proximo compromiso Paran\u00e1\"}]},{\"@type\":\"WebSite\",\"@id\":\"http:\\\/\\\/autosdelpodio.com\\\/autos\\\/#website\",\"url\":\"http:\\\/\\\/autosdelpodio.com\\\/autos\\\/\",\"name\":\"Autos del Podio\",\"description\":\"La sexta del deporte motor\",\"publisher\":{\"@id\":\"http:\\\/\\\/autosdelpodio.com\\\/autos\\\/#organization\"},\"potentialAction\":[{\"@type\":\"SearchAction\",\"target\":{\"@type\":\"EntryPoint\",\"urlTemplate\":\"http:\\\/\\\/autosdelpodio.com\\\/autos\\\/?s={search_term_string}\"},\"query-input\":{\"@type\":\"PropertyValueSpecification\",\"valueRequired\":true,\"valueName\":\"search_term_string\"}}],\"inLanguage\":\"es\"},{\"@type\":\"Organization\",\"@id\":\"http:\\\/\\\/autosdelpodio.com\\\/autos\\\/#organization\",\"name\":\"Autos del Podio\",\"url\":\"http:\\\/\\\/autosdelpodio.com\\\/autos\\\/\",\"logo\":{\"@type\":\"ImageObject\",\"inLanguage\":\"es\",\"@id\":\"http:\\\/\\\/autosdelpodio.com\\\/autos\\\/#\\\/schema\\\/logo\\\/image\\\/\",\"url\":\"http:\\\/\\\/autosdelpodio.com\\\/autos\\\/wp-content\\\/uploads\\\/2020\\\/08\\\/Logo_AR.jpg\",\"contentUrl\":\"http:\\\/\\\/autosdelpodio.com\\\/autos\\\/wp-content\\\/uploads\\\/2020\\\/08\\\/Logo_AR.jpg\",\"width\":1038,\"height\":1044,\"caption\":\"Autos del Podio\"},\"image\":{\"@id\":\"http:\\\/\\\/autosdelpodio.com\\\/autos\\\/#\\\/schema\\\/logo\\\/image\\\/\"},\"sameAs\":[\"https:\\\/\\\/www.facebook.com\\\/profile.php?id=100057192590976&amp;amp;amp;amp;amp;amp;amp;amp;amp;amp;amp;amp;amp;amp;amp;amp;amp;amp;ref=ts\",\"https:\\\/\\\/x.com\\\/autosdelpodio\",\"https:\\\/\\\/www.youtube.com\\\/user\\\/AutosdelPodio\"]},{\"@type\":\"Person\",\"@id\":\"http:\\\/\\\/autosdelpodio.com\\\/autos\\\/#\\\/schema\\\/person\\\/993527a4d01c3acdd3d6bce3770bc942\",\"name\":\"autosdelpodio\",\"image\":{\"@type\":\"ImageObject\",\"inLanguage\":\"es\",\"@id\":\"http:\\\/\\\/autosdelpodio.com\\\/autos\\\/wp-content\\\/litespeed\\\/avatar\\\/aa8f65cd201a80f6b844f63278aa84af.jpg?ver=1776798175\",\"url\":\"http:\\\/\\\/autosdelpodio.com\\\/autos\\\/wp-content\\\/litespeed\\\/avatar\\\/aa8f65cd201a80f6b844f63278aa84af.jpg?ver=1776798175\",\"contentUrl\":\"http:\\\/\\\/autosdelpodio.com\\\/autos\\\/wp-content\\\/litespeed\\\/avatar\\\/aa8f65cd201a80f6b844f63278aa84af.jpg?ver=1776798175\",\"caption\":\"autosdelpodio\"}}]}<\/script>\n<!-- \/ Yoast SEO plugin. -->","yoast_head_json":{"title":"Autos del Podio | Proximo compromiso Paran\u00e1","description":"Autos del Podio Paran\u00e1 ser\u00e1 la sede de una nueva cita tcista","robots":{"index":"index","follow":"follow","max-snippet":"max-snippet:-1","max-image-preview":"max-image-preview:large","max-video-preview":"max-video-preview:-1"},"canonical":"http:\/\/autosdelpodio.com\/autos\/4230-2\/","og_locale":"es_ES","og_type":"article","og_title":"Autos del Podio | Proximo compromiso Paran\u00e1","og_description":"Autos del Podio Paran\u00e1 ser\u00e1 la sede de una nueva cita tcista","og_url":"http:\/\/autosdelpodio.com\/autos\/4230-2\/","og_site_name":"Autos del Podio","article_publisher":"https:\/\/www.facebook.com\/profile.php?id=100057192590976&amp%3bamp%3bamp%3bamp%3bamp%3bamp%3bamp%3bamp%3bamp%3bamp%3bamp%3bamp%3bamp%3bamp%3bamp%3bamp%3bamp%3bamp%3bref=ts","article_published_time":"2021-05-06T17:45:57+00:00","article_modified_time":"2021-05-06T17:47:08+00:00","author":"autosdelpodio","twitter_card":"summary_large_image","twitter_creator":"@autosdelpodio","twitter_site":"@autosdelpodio","twitter_misc":{"Escrito por":"autosdelpodio","Tiempo de lectura":"2 minutos"},"schema":{"@context":"https:\/\/schema.org","@graph":[{"@type":"Article","@id":"http:\/\/autosdelpodio.com\/autos\/4230-2\/#article","isPartOf":{"@id":"http:\/\/autosdelpodio.com\/autos\/4230-2\/"},"author":{"name":"autosdelpodio","@id":"http:\/\/autosdelpodio.com\/autos\/#\/schema\/person\/993527a4d01c3acdd3d6bce3770bc942"},"headline":"Proximo compromiso Paran\u00e1","datePublished":"2021-05-06T17:45:57+00:00","dateModified":"2021-05-06T17:47:08+00:00","mainEntityOfPage":{"@id":"http:\/\/autosdelpodio.com\/autos\/4230-2\/"},"wordCount":286,"commentCount":0,"publisher":{"@id":"http:\/\/autosdelpodio.com\/autos\/#organization"},"keywords":["Autodromo Paran\u00e1","Entre Rios","TC Pista","Turismo Carretera"],"articleSection":["\u00daltimas noticias"],"inLanguage":"es","potentialAction":[{"@type":"CommentAction","name":"Comment","target":["http:\/\/autosdelpodio.com\/autos\/4230-2\/#respond"]}]},{"@type":"WebPage","@id":"http:\/\/autosdelpodio.com\/autos\/4230-2\/","url":"http:\/\/autosdelpodio.com\/autos\/4230-2\/","name":"Autos del Podio | Proximo compromiso Paran\u00e1","isPartOf":{"@id":"http:\/\/autosdelpodio.com\/autos\/#website"},"datePublished":"2021-05-06T17:45:57+00:00","dateModified":"2021-05-06T17:47:08+00:00","description":"Autos del Podio Paran\u00e1 ser\u00e1 la sede de una nueva cita tcista","breadcrumb":{"@id":"http:\/\/autosdelpodio.com\/autos\/4230-2\/#breadcrumb"},"inLanguage":"es","potentialAction":[{"@type":"ReadAction","target":["http:\/\/autosdelpodio.com\/autos\/4230-2\/"]}]},{"@type":"BreadcrumbList","@id":"http:\/\/autosdelpodio.com\/autos\/4230-2\/#breadcrumb","itemListElement":[{"@type":"ListItem","position":1,"name":"Portada","item":"http:\/\/autosdelpodio.com\/autos\/"},{"@type":"ListItem","position":2,"name":"Proximo compromiso Paran\u00e1"}]},{"@type":"WebSite","@id":"http:\/\/autosdelpodio.com\/autos\/#website","url":"http:\/\/autosdelpodio.com\/autos\/","name":"Autos del Podio","description":"La sexta del deporte motor","publisher":{"@id":"http:\/\/autosdelpodio.com\/autos\/#organization"},"potentialAction":[{"@type":"SearchAction","target":{"@type":"EntryPoint","urlTemplate":"http:\/\/autosdelpodio.com\/autos\/?s={search_term_string}"},"query-input":{"@type":"PropertyValueSpecification","valueRequired":true,"valueName":"search_term_string"}}],"inLanguage":"es"},{"@type":"Organization","@id":"http:\/\/autosdelpodio.com\/autos\/#organization","name":"Autos del Podio","url":"http:\/\/autosdelpodio.com\/autos\/","logo":{"@type":"ImageObject","inLanguage":"es","@id":"http:\/\/autosdelpodio.com\/autos\/#\/schema\/logo\/image\/","url":"http:\/\/autosdelpodio.com\/autos\/wp-content\/uploads\/2020\/08\/Logo_AR.jpg","contentUrl":"http:\/\/autosdelpodio.com\/autos\/wp-content\/uploads\/2020\/08\/Logo_AR.jpg","width":1038,"height":1044,"caption":"Autos del Podio"},"image":{"@id":"http:\/\/autosdelpodio.com\/autos\/#\/schema\/logo\/image\/"},"sameAs":["https:\/\/www.facebook.com\/profile.php?id=100057192590976&amp;amp;amp;amp;amp;amp;amp;amp;amp;amp;amp;amp;amp;amp;amp;amp;amp;amp;ref=ts","https:\/\/x.com\/autosdelpodio","https:\/\/www.youtube.com\/user\/AutosdelPodio"]},{"@type":"Person","@id":"http:\/\/autosdelpodio.com\/autos\/#\/schema\/person\/993527a4d01c3acdd3d6bce3770bc942","name":"autosdelpodio","image":{"@type":"ImageObject","inLanguage":"es","@id":"http:\/\/autosdelpodio.com\/autos\/wp-content\/litespeed\/avatar\/aa8f65cd201a80f6b844f63278aa84af.jpg?ver=1776798175","url":"http:\/\/autosdelpodio.com\/autos\/wp-content\/litespeed\/avatar\/aa8f65cd201a80f6b844f63278aa84af.jpg?ver=1776798175","contentUrl":"http:\/\/autosdelpodio.com\/autos\/wp-content\/litespeed\/avatar\/aa8f65cd201a80f6b844f63278aa84af.jpg?ver=1776798175","caption":"autosdelpodio"}}]}},"views":446,"_links":{"self":[{"href":"http:\/\/autosdelpodio.com\/autos\/wp-json\/wp\/v2\/posts\/4230","targetHints":{"allow":["GET"]}}],"collection":[{"href":"http:\/\/autosdelpodio.com\/autos\/wp-json\/wp\/v2\/posts"}],"about":[{"href":"http:\/\/autosdelpodio.com\/autos\/wp-json\/wp\/v2\/types\/post"}],"author":[{"embeddable":true,"href":"http:\/\/autosdelpodio.com\/autos\/wp-json\/wp\/v2\/users\/3"}],"replies":[{"embeddable":true,"href":"http:\/\/autosdelpodio.com\/autos\/wp-json\/wp\/v2\/comments?post=4230"}],"version-history":[{"count":3,"href":"http:\/\/autosdelpodio.com\/autos\/wp-json\/wp\/v2\/posts\/4230\/revisions"}],"predecessor-version":[{"id":4233,"href":"http:\/\/autosdelpodio.com\/autos\/wp-json\/wp\/v2\/posts\/4230\/revisions\/4233"}],"wp:attachment":[{"href":"http:\/\/autosdelpodio.com\/autos\/wp-json\/wp\/v2\/media?parent=4230"}],"wp:term":[{"taxonomy":"category","embeddable":true,"href":"http:\/\/autosdelpodio.com\/autos\/wp-json\/wp\/v2\/categories?post=4230"},{"taxonomy":"post_tag","embeddable":true,"href":"http:\/\/autosdelpodio.com\/autos\/wp-json\/wp\/v2\/tags?post=4230"}],"curies":[{"name":"wp","href":"https:\/\/api.w.org\/{rel}","templated":true}]}}