{"id":4277,"date":"2021-05-23T12:10:47","date_gmt":"2021-05-23T15:10:47","guid":{"rendered":"http:\/\/autosdelpodio.com\/autos\/?p=4277"},"modified":"2021-05-23T12:16:33","modified_gmt":"2021-05-23T15:16:33","slug":"pico-en-punta-y-fue-inalcanzable","status":"publish","type":"post","link":"http:\/\/autosdelpodio.com\/autos\/pico-en-punta-y-fue-inalcanzable\/","title":{"rendered":"Pic\u00f3 en punta y fue inalcanzable"},"content":{"rendered":"\n<p>Max Verstappen gan\u00f3 en el circuito callejero de Montecarlo y producto de ello trep\u00f3 a la punta del campeonato.El de Red Bull fue escoltado por Carlos Sainz Jr (Ferrari) y Lando Norris (McLaren).<br>Al holand\u00e9s se le allan\u00f3 el camino de entrada ya que el Poleman y m\u00e1ximo candidato Charles Le Clerc no pudo ser de la partida producto del fuerte golpe que sufri\u00f3 la Ferrari sobre el cierre de la Q3 que le averi\u00f3 un semieje seg\u00fan lo informado por la Scuderia de Maranello.<br>En el mundial de pilotos Verstappen asoma como nuevo l\u00edder con 105 puntos, seguido por Lewis Hamilton con 101 y mucho mas atr\u00e1s Norris con 56.<br>La pr\u00f3xima fecha ser\u00e1 el 6 de junio correspondiente al Gran Premio de Azerbaiy\u00e1n.<\/p>\n\n\n\n<p><strong>Final F1 &#8211; GP de Monaco<\/strong><\/p>\n\n\n\n<figure class=\"wp-block-table\"><table><tbody><tr><td>1<\/td><td>33<\/td><td>Max&nbsp;Verstappen<\/td><td>RED BULL RACING HONDA<\/td><td>1:38:56.820<\/td><\/tr><tr><td>2<\/td><td>55<\/td><td>Carlos&nbsp;Sainz<\/td><td>FERRARI<\/td><td>+8.968s<\/td><\/tr><tr><td>3<\/td><td>4<\/td><td>Lando&nbsp;Norris<\/td><td>MCLAREN MERCEDES<\/td><td>+19.427s<\/td><\/tr><tr><td>4<\/td><td>11<\/td><td>Sergio&nbsp;Perez<\/td><td>RED BULL RACING HONDA<\/td><td>+20.490s<\/td><\/tr><tr><td>5<\/td><td>5<\/td><td>Sebastian&nbsp;Vettel<\/td><td>ASTON MARTIN MERCEDES<\/td><td>+52.591s<\/td><\/tr><tr><td>6<\/td><td>10<\/td><td>Pierre&nbsp;Gasly<\/td><td>ALPHATAURI HONDA<\/td><td>+53.896s<\/td><\/tr><tr><td>7<\/td><td>44<\/td><td>Lewis&nbsp;Hamilton<\/td><td>MERCEDES<\/td><td>+68.231s<\/td><\/tr><tr><td>8<\/td><td>18<\/td><td>Lance&nbsp;Stroll<\/td><td>ASTON MARTIN MERCEDES<\/td><td>+1&nbsp;lap<\/td><\/tr><tr><td>9<\/td><td>31<\/td><td>Esteban&nbsp;Ocon<\/td><td>ALPINE RENAULT<\/td><td>+1&nbsp;lap<\/td><\/tr><tr><td>10<\/td><td>99<\/td><td>Antonio&nbsp;Giovinazzi<\/td><td>ALFA ROMEO RACING FERRARI<\/td><td>+1&nbsp;lap<\/td><\/tr><tr><td>11<\/td><td>7<\/td><td>Kimi&nbsp;R\u00e4ikk\u00f6nen<\/td><td>ALFA ROMEO RACING FERRARI<\/td><td>+1&nbsp;lap<\/td><\/tr><tr><td>12<\/td><td>3<\/td><td>Daniel&nbsp;Ricciardo<\/td><td>MCLAREN MERCEDES<\/td><td>+1&nbsp;lap<\/td><\/tr><tr><td>13<\/td><td>14<\/td><td>Fernando&nbsp;Alonso<\/td><td>ALPINE RENAULT<\/td><td>+1&nbsp;lap<\/td><\/tr><tr><td>14<\/td><td>63<\/td><td>George&nbsp;Russell<\/td><td>WILLIAMS MERCEDES<\/td><td>+1&nbsp;lap<\/td><\/tr><tr><td>15<\/td><td>6<\/td><td>Nicholas&nbsp;Latifi<\/td><td>WILLIAMS MERCEDES<\/td><td>+1&nbsp;lap<\/td><\/tr><tr><td>16<\/td><td>22<\/td><td>Yuki&nbsp;Tsunoda<\/td><td>ALPHATAURI HONDA<\/td><td>+1&nbsp;lap<\/td><\/tr><tr><td>17<\/td><td>9<\/td><td>Nikita&nbsp;Mazepin<\/td><td>HAAS FERRARI<\/td><td>+3&nbsp;laps<\/td><\/tr><tr><td>18<\/td><td>47<\/td><td>Mick&nbsp;Schumacher<\/td><td>HAAS FERRARI<\/td><td>+3&nbsp;laps<\/td><\/tr><tr><td>NC<\/td><td>77<\/td><td>Valtteri&nbsp;Bottas<\/td><td>MERCEDES<\/td><td>DNF<\/td><\/tr><tr><td>NC<\/td><td>16<\/td><td>Charles&nbsp;Leclerc<\/td><td>FERRARI<\/td><td>DNS<\/td><\/tr><\/tbody><\/table><\/figure>\n","protected":false},"excerpt":{"rendered":"<p>Max Verstappen gan\u00f3 en el circuito callejero de Montecarlo y producto de ello trep\u00f3 a la punta del campeonato.El de<\/p>\n","protected":false},"author":3,"featured_media":1751,"comment_status":"open","ping_status":"open","sticky":false,"template":"","format":"standard","meta":{"colormag_page_container_layout":"default_layout","colormag_page_sidebar_layout":"default_layout","footnotes":""},"categories":[6],"tags":[75,562,310,311],"class_list":["post-4277","post","type-post","status-publish","format-standard","has-post-thumbnail","hentry","category-newsflash","tag-formula-1","tag-gp-monaco","tag-max-verstappen","tag-red-bull"],"yoast_head":"<!-- This site is optimized with the Yoast SEO plugin v27.5 - https:\/\/yoast.com\/product\/yoast-seo-wordpress\/ -->\n<title>Autos del Podio | Pic\u00f3 en punta y fue inalcanzable<\/title>\n<meta name=\"description\" content=\"Autos del Podio Max Verstappen logr\u00f3 su primer triunfo en Monaco, escenario que estuvo ausente en 2020.\" \/>\n<meta name=\"robots\" content=\"index, follow, max-snippet:-1, max-image-preview:large, max-video-preview:-1\" \/>\n<link rel=\"canonical\" href=\"https:\/\/autosdelpodio.com\/autos\/pico-en-punta-y-fue-inalcanzable\/\" \/>\n<meta property=\"og:locale\" content=\"es_ES\" \/>\n<meta property=\"og:type\" content=\"article\" \/>\n<meta property=\"og:title\" content=\"Autos del Podio | Pic\u00f3 en punta y fue inalcanzable\" \/>\n<meta property=\"og:description\" content=\"Autos del Podio Max Verstappen logr\u00f3 su primer triunfo en Monaco, escenario que estuvo ausente en 2020.\" \/>\n<meta property=\"og:url\" content=\"https:\/\/autosdelpodio.com\/autos\/pico-en-punta-y-fue-inalcanzable\/\" \/>\n<meta property=\"og:site_name\" content=\"Autos del Podio\" \/>\n<meta property=\"article:publisher\" content=\"https:\/\/www.facebook.com\/profile.php?id=100057192590976&amp;amp%3bamp%3bamp%3bamp%3bamp%3bamp%3bamp%3bamp%3bamp%3bamp%3bamp%3bamp%3bamp%3bamp%3bamp%3bamp%3bamp%3bamp%3bref=ts\" \/>\n<meta property=\"article:published_time\" content=\"2021-05-23T15:10:47+00:00\" \/>\n<meta property=\"article:modified_time\" content=\"2021-05-23T15:16:33+00:00\" \/>\n<meta property=\"og:image\" content=\"https:\/\/autosdelpodio.com\/autos\/wp-content\/uploads\/2020\/04\/Logo_F1_-e1621029352226.jpg\" \/>\n\t<meta property=\"og:image:width\" content=\"500\" \/>\n\t<meta property=\"og:image:height\" content=\"278\" \/>\n\t<meta property=\"og:image:type\" content=\"image\/jpeg\" \/>\n<meta name=\"author\" content=\"autosdelpodio\" \/>\n<meta name=\"twitter:card\" content=\"summary_large_image\" \/>\n<meta name=\"twitter:creator\" content=\"@autosdelpodio\" \/>\n<meta name=\"twitter:site\" content=\"@autosdelpodio\" \/>\n<meta name=\"twitter:label1\" content=\"Escrito por\" \/>\n\t<meta name=\"twitter:data1\" content=\"autosdelpodio\" \/>\n\t<meta name=\"twitter:label2\" content=\"Tiempo de lectura\" \/>\n\t<meta name=\"twitter:data2\" content=\"2 minutos\" \/>\n<script type=\"application\/ld+json\" class=\"yoast-schema-graph\">{\"@context\":\"https:\\\/\\\/schema.org\",\"@graph\":[{\"@type\":\"Article\",\"@id\":\"https:\\\/\\\/autosdelpodio.com\\\/autos\\\/pico-en-punta-y-fue-inalcanzable\\\/#article\",\"isPartOf\":{\"@id\":\"https:\\\/\\\/autosdelpodio.com\\\/autos\\\/pico-en-punta-y-fue-inalcanzable\\\/\"},\"author\":{\"name\":\"autosdelpodio\",\"@id\":\"http:\\\/\\\/autosdelpodio.com\\\/autos\\\/#\\\/schema\\\/person\\\/993527a4d01c3acdd3d6bce3770bc942\"},\"headline\":\"Pic\u00f3 en punta y fue inalcanzable\",\"datePublished\":\"2021-05-23T15:10:47+00:00\",\"dateModified\":\"2021-05-23T15:16:33+00:00\",\"mainEntityOfPage\":{\"@id\":\"https:\\\/\\\/autosdelpodio.com\\\/autos\\\/pico-en-punta-y-fue-inalcanzable\\\/\"},\"wordCount\":281,\"commentCount\":0,\"publisher\":{\"@id\":\"http:\\\/\\\/autosdelpodio.com\\\/autos\\\/#organization\"},\"image\":{\"@id\":\"https:\\\/\\\/autosdelpodio.com\\\/autos\\\/pico-en-punta-y-fue-inalcanzable\\\/#primaryimage\"},\"thumbnailUrl\":\"http:\\\/\\\/autosdelpodio.com\\\/autos\\\/wp-content\\\/uploads\\\/2020\\\/04\\\/Logo_F1_-e1621029352226.jpg\",\"keywords\":[\"Formula 1\",\"GP Monaco\",\"Max Verstappen\",\"Red Bull\"],\"articleSection\":[\"Destacado\"],\"inLanguage\":\"es\",\"potentialAction\":[{\"@type\":\"CommentAction\",\"name\":\"Comment\",\"target\":[\"https:\\\/\\\/autosdelpodio.com\\\/autos\\\/pico-en-punta-y-fue-inalcanzable\\\/#respond\"]}]},{\"@type\":\"WebPage\",\"@id\":\"https:\\\/\\\/autosdelpodio.com\\\/autos\\\/pico-en-punta-y-fue-inalcanzable\\\/\",\"url\":\"https:\\\/\\\/autosdelpodio.com\\\/autos\\\/pico-en-punta-y-fue-inalcanzable\\\/\",\"name\":\"Autos del Podio | Pic\u00f3 en punta y fue inalcanzable\",\"isPartOf\":{\"@id\":\"http:\\\/\\\/autosdelpodio.com\\\/autos\\\/#website\"},\"primaryImageOfPage\":{\"@id\":\"https:\\\/\\\/autosdelpodio.com\\\/autos\\\/pico-en-punta-y-fue-inalcanzable\\\/#primaryimage\"},\"image\":{\"@id\":\"https:\\\/\\\/autosdelpodio.com\\\/autos\\\/pico-en-punta-y-fue-inalcanzable\\\/#primaryimage\"},\"thumbnailUrl\":\"http:\\\/\\\/autosdelpodio.com\\\/autos\\\/wp-content\\\/uploads\\\/2020\\\/04\\\/Logo_F1_-e1621029352226.jpg\",\"datePublished\":\"2021-05-23T15:10:47+00:00\",\"dateModified\":\"2021-05-23T15:16:33+00:00\",\"description\":\"Autos del Podio Max Verstappen logr\u00f3 su primer triunfo en Monaco, escenario que estuvo ausente en 2020.\",\"breadcrumb\":{\"@id\":\"https:\\\/\\\/autosdelpodio.com\\\/autos\\\/pico-en-punta-y-fue-inalcanzable\\\/#breadcrumb\"},\"inLanguage\":\"es\",\"potentialAction\":[{\"@type\":\"ReadAction\",\"target\":[\"https:\\\/\\\/autosdelpodio.com\\\/autos\\\/pico-en-punta-y-fue-inalcanzable\\\/\"]}]},{\"@type\":\"ImageObject\",\"inLanguage\":\"es\",\"@id\":\"https:\\\/\\\/autosdelpodio.com\\\/autos\\\/pico-en-punta-y-fue-inalcanzable\\\/#primaryimage\",\"url\":\"http:\\\/\\\/autosdelpodio.com\\\/autos\\\/wp-content\\\/uploads\\\/2020\\\/04\\\/Logo_F1_-e1621029352226.jpg\",\"contentUrl\":\"http:\\\/\\\/autosdelpodio.com\\\/autos\\\/wp-content\\\/uploads\\\/2020\\\/04\\\/Logo_F1_-e1621029352226.jpg\",\"width\":500,\"height\":278},{\"@type\":\"BreadcrumbList\",\"@id\":\"https:\\\/\\\/autosdelpodio.com\\\/autos\\\/pico-en-punta-y-fue-inalcanzable\\\/#breadcrumb\",\"itemListElement\":[{\"@type\":\"ListItem\",\"position\":1,\"name\":\"Portada\",\"item\":\"http:\\\/\\\/autosdelpodio.com\\\/autos\\\/\"},{\"@type\":\"ListItem\",\"position\":2,\"name\":\"Pic\u00f3 en punta y fue inalcanzable\"}]},{\"@type\":\"WebSite\",\"@id\":\"http:\\\/\\\/autosdelpodio.com\\\/autos\\\/#website\",\"url\":\"http:\\\/\\\/autosdelpodio.com\\\/autos\\\/\",\"name\":\"Autos del Podio\",\"description\":\"La sexta del deporte motor\",\"publisher\":{\"@id\":\"http:\\\/\\\/autosdelpodio.com\\\/autos\\\/#organization\"},\"potentialAction\":[{\"@type\":\"SearchAction\",\"target\":{\"@type\":\"EntryPoint\",\"urlTemplate\":\"http:\\\/\\\/autosdelpodio.com\\\/autos\\\/?s={search_term_string}\"},\"query-input\":{\"@type\":\"PropertyValueSpecification\",\"valueRequired\":true,\"valueName\":\"search_term_string\"}}],\"inLanguage\":\"es\"},{\"@type\":\"Organization\",\"@id\":\"http:\\\/\\\/autosdelpodio.com\\\/autos\\\/#organization\",\"name\":\"Autos del Podio\",\"url\":\"http:\\\/\\\/autosdelpodio.com\\\/autos\\\/\",\"logo\":{\"@type\":\"ImageObject\",\"inLanguage\":\"es\",\"@id\":\"http:\\\/\\\/autosdelpodio.com\\\/autos\\\/#\\\/schema\\\/logo\\\/image\\\/\",\"url\":\"http:\\\/\\\/autosdelpodio.com\\\/autos\\\/wp-content\\\/uploads\\\/2020\\\/08\\\/Logo_AR.jpg\",\"contentUrl\":\"http:\\\/\\\/autosdelpodio.com\\\/autos\\\/wp-content\\\/uploads\\\/2020\\\/08\\\/Logo_AR.jpg\",\"width\":1038,\"height\":1044,\"caption\":\"Autos del Podio\"},\"image\":{\"@id\":\"http:\\\/\\\/autosdelpodio.com\\\/autos\\\/#\\\/schema\\\/logo\\\/image\\\/\"},\"sameAs\":[\"https:\\\/\\\/www.facebook.com\\\/profile.php?id=100057192590976&amp;amp;amp;amp;amp;amp;amp;amp;amp;amp;amp;amp;amp;amp;amp;amp;amp;amp;ref=ts\",\"https:\\\/\\\/x.com\\\/autosdelpodio\",\"https:\\\/\\\/www.youtube.com\\\/user\\\/AutosdelPodio\"]},{\"@type\":\"Person\",\"@id\":\"http:\\\/\\\/autosdelpodio.com\\\/autos\\\/#\\\/schema\\\/person\\\/993527a4d01c3acdd3d6bce3770bc942\",\"name\":\"autosdelpodio\",\"image\":{\"@type\":\"ImageObject\",\"inLanguage\":\"es\",\"@id\":\"http:\\\/\\\/autosdelpodio.com\\\/autos\\\/wp-content\\\/litespeed\\\/avatar\\\/aa8f65cd201a80f6b844f63278aa84af.jpg?ver=1777403005\",\"url\":\"http:\\\/\\\/autosdelpodio.com\\\/autos\\\/wp-content\\\/litespeed\\\/avatar\\\/aa8f65cd201a80f6b844f63278aa84af.jpg?ver=1777403005\",\"contentUrl\":\"http:\\\/\\\/autosdelpodio.com\\\/autos\\\/wp-content\\\/litespeed\\\/avatar\\\/aa8f65cd201a80f6b844f63278aa84af.jpg?ver=1777403005\",\"caption\":\"autosdelpodio\"}}]}<\/script>\n<!-- \/ Yoast SEO plugin. -->","yoast_head_json":{"title":"Autos del Podio | Pic\u00f3 en punta y fue inalcanzable","description":"Autos del Podio Max Verstappen logr\u00f3 su primer triunfo en Monaco, escenario que estuvo ausente en 2020.","robots":{"index":"index","follow":"follow","max-snippet":"max-snippet:-1","max-image-preview":"max-image-preview:large","max-video-preview":"max-video-preview:-1"},"canonical":"https:\/\/autosdelpodio.com\/autos\/pico-en-punta-y-fue-inalcanzable\/","og_locale":"es_ES","og_type":"article","og_title":"Autos del Podio | Pic\u00f3 en punta y fue inalcanzable","og_description":"Autos del Podio Max Verstappen logr\u00f3 su primer triunfo en Monaco, escenario que estuvo ausente en 2020.","og_url":"https:\/\/autosdelpodio.com\/autos\/pico-en-punta-y-fue-inalcanzable\/","og_site_name":"Autos del Podio","article_publisher":"https:\/\/www.facebook.com\/profile.php?id=100057192590976&amp%3bamp%3bamp%3bamp%3bamp%3bamp%3bamp%3bamp%3bamp%3bamp%3bamp%3bamp%3bamp%3bamp%3bamp%3bamp%3bamp%3bamp%3bref=ts","article_published_time":"2021-05-23T15:10:47+00:00","article_modified_time":"2021-05-23T15:16:33+00:00","og_image":[{"width":500,"height":278,"url":"https:\/\/autosdelpodio.com\/autos\/wp-content\/uploads\/2020\/04\/Logo_F1_-e1621029352226.jpg","type":"image\/jpeg"}],"author":"autosdelpodio","twitter_card":"summary_large_image","twitter_creator":"@autosdelpodio","twitter_site":"@autosdelpodio","twitter_misc":{"Escrito por":"autosdelpodio","Tiempo de lectura":"2 minutos"},"schema":{"@context":"https:\/\/schema.org","@graph":[{"@type":"Article","@id":"https:\/\/autosdelpodio.com\/autos\/pico-en-punta-y-fue-inalcanzable\/#article","isPartOf":{"@id":"https:\/\/autosdelpodio.com\/autos\/pico-en-punta-y-fue-inalcanzable\/"},"author":{"name":"autosdelpodio","@id":"http:\/\/autosdelpodio.com\/autos\/#\/schema\/person\/993527a4d01c3acdd3d6bce3770bc942"},"headline":"Pic\u00f3 en punta y fue inalcanzable","datePublished":"2021-05-23T15:10:47+00:00","dateModified":"2021-05-23T15:16:33+00:00","mainEntityOfPage":{"@id":"https:\/\/autosdelpodio.com\/autos\/pico-en-punta-y-fue-inalcanzable\/"},"wordCount":281,"commentCount":0,"publisher":{"@id":"http:\/\/autosdelpodio.com\/autos\/#organization"},"image":{"@id":"https:\/\/autosdelpodio.com\/autos\/pico-en-punta-y-fue-inalcanzable\/#primaryimage"},"thumbnailUrl":"http:\/\/autosdelpodio.com\/autos\/wp-content\/uploads\/2020\/04\/Logo_F1_-e1621029352226.jpg","keywords":["Formula 1","GP Monaco","Max Verstappen","Red Bull"],"articleSection":["Destacado"],"inLanguage":"es","potentialAction":[{"@type":"CommentAction","name":"Comment","target":["https:\/\/autosdelpodio.com\/autos\/pico-en-punta-y-fue-inalcanzable\/#respond"]}]},{"@type":"WebPage","@id":"https:\/\/autosdelpodio.com\/autos\/pico-en-punta-y-fue-inalcanzable\/","url":"https:\/\/autosdelpodio.com\/autos\/pico-en-punta-y-fue-inalcanzable\/","name":"Autos del Podio | Pic\u00f3 en punta y fue inalcanzable","isPartOf":{"@id":"http:\/\/autosdelpodio.com\/autos\/#website"},"primaryImageOfPage":{"@id":"https:\/\/autosdelpodio.com\/autos\/pico-en-punta-y-fue-inalcanzable\/#primaryimage"},"image":{"@id":"https:\/\/autosdelpodio.com\/autos\/pico-en-punta-y-fue-inalcanzable\/#primaryimage"},"thumbnailUrl":"http:\/\/autosdelpodio.com\/autos\/wp-content\/uploads\/2020\/04\/Logo_F1_-e1621029352226.jpg","datePublished":"2021-05-23T15:10:47+00:00","dateModified":"2021-05-23T15:16:33+00:00","description":"Autos del Podio Max Verstappen logr\u00f3 su primer triunfo en Monaco, escenario que estuvo ausente en 2020.","breadcrumb":{"@id":"https:\/\/autosdelpodio.com\/autos\/pico-en-punta-y-fue-inalcanzable\/#breadcrumb"},"inLanguage":"es","potentialAction":[{"@type":"ReadAction","target":["https:\/\/autosdelpodio.com\/autos\/pico-en-punta-y-fue-inalcanzable\/"]}]},{"@type":"ImageObject","inLanguage":"es","@id":"https:\/\/autosdelpodio.com\/autos\/pico-en-punta-y-fue-inalcanzable\/#primaryimage","url":"http:\/\/autosdelpodio.com\/autos\/wp-content\/uploads\/2020\/04\/Logo_F1_-e1621029352226.jpg","contentUrl":"http:\/\/autosdelpodio.com\/autos\/wp-content\/uploads\/2020\/04\/Logo_F1_-e1621029352226.jpg","width":500,"height":278},{"@type":"BreadcrumbList","@id":"https:\/\/autosdelpodio.com\/autos\/pico-en-punta-y-fue-inalcanzable\/#breadcrumb","itemListElement":[{"@type":"ListItem","position":1,"name":"Portada","item":"http:\/\/autosdelpodio.com\/autos\/"},{"@type":"ListItem","position":2,"name":"Pic\u00f3 en punta y fue inalcanzable"}]},{"@type":"WebSite","@id":"http:\/\/autosdelpodio.com\/autos\/#website","url":"http:\/\/autosdelpodio.com\/autos\/","name":"Autos del Podio","description":"La sexta del deporte motor","publisher":{"@id":"http:\/\/autosdelpodio.com\/autos\/#organization"},"potentialAction":[{"@type":"SearchAction","target":{"@type":"EntryPoint","urlTemplate":"http:\/\/autosdelpodio.com\/autos\/?s={search_term_string}"},"query-input":{"@type":"PropertyValueSpecification","valueRequired":true,"valueName":"search_term_string"}}],"inLanguage":"es"},{"@type":"Organization","@id":"http:\/\/autosdelpodio.com\/autos\/#organization","name":"Autos del Podio","url":"http:\/\/autosdelpodio.com\/autos\/","logo":{"@type":"ImageObject","inLanguage":"es","@id":"http:\/\/autosdelpodio.com\/autos\/#\/schema\/logo\/image\/","url":"http:\/\/autosdelpodio.com\/autos\/wp-content\/uploads\/2020\/08\/Logo_AR.jpg","contentUrl":"http:\/\/autosdelpodio.com\/autos\/wp-content\/uploads\/2020\/08\/Logo_AR.jpg","width":1038,"height":1044,"caption":"Autos del Podio"},"image":{"@id":"http:\/\/autosdelpodio.com\/autos\/#\/schema\/logo\/image\/"},"sameAs":["https:\/\/www.facebook.com\/profile.php?id=100057192590976&amp;amp;amp;amp;amp;amp;amp;amp;amp;amp;amp;amp;amp;amp;amp;amp;amp;amp;ref=ts","https:\/\/x.com\/autosdelpodio","https:\/\/www.youtube.com\/user\/AutosdelPodio"]},{"@type":"Person","@id":"http:\/\/autosdelpodio.com\/autos\/#\/schema\/person\/993527a4d01c3acdd3d6bce3770bc942","name":"autosdelpodio","image":{"@type":"ImageObject","inLanguage":"es","@id":"http:\/\/autosdelpodio.com\/autos\/wp-content\/litespeed\/avatar\/aa8f65cd201a80f6b844f63278aa84af.jpg?ver=1777403005","url":"http:\/\/autosdelpodio.com\/autos\/wp-content\/litespeed\/avatar\/aa8f65cd201a80f6b844f63278aa84af.jpg?ver=1777403005","contentUrl":"http:\/\/autosdelpodio.com\/autos\/wp-content\/litespeed\/avatar\/aa8f65cd201a80f6b844f63278aa84af.jpg?ver=1777403005","caption":"autosdelpodio"}}]}},"views":732,"_links":{"self":[{"href":"http:\/\/autosdelpodio.com\/autos\/wp-json\/wp\/v2\/posts\/4277","targetHints":{"allow":["GET"]}}],"collection":[{"href":"http:\/\/autosdelpodio.com\/autos\/wp-json\/wp\/v2\/posts"}],"about":[{"href":"http:\/\/autosdelpodio.com\/autos\/wp-json\/wp\/v2\/types\/post"}],"author":[{"embeddable":true,"href":"http:\/\/autosdelpodio.com\/autos\/wp-json\/wp\/v2\/users\/3"}],"replies":[{"embeddable":true,"href":"http:\/\/autosdelpodio.com\/autos\/wp-json\/wp\/v2\/comments?post=4277"}],"version-history":[{"count":2,"href":"http:\/\/autosdelpodio.com\/autos\/wp-json\/wp\/v2\/posts\/4277\/revisions"}],"predecessor-version":[{"id":4280,"href":"http:\/\/autosdelpodio.com\/autos\/wp-json\/wp\/v2\/posts\/4277\/revisions\/4280"}],"wp:featuredmedia":[{"embeddable":true,"href":"http:\/\/autosdelpodio.com\/autos\/wp-json\/wp\/v2\/media\/1751"}],"wp:attachment":[{"href":"http:\/\/autosdelpodio.com\/autos\/wp-json\/wp\/v2\/media?parent=4277"}],"wp:term":[{"taxonomy":"category","embeddable":true,"href":"http:\/\/autosdelpodio.com\/autos\/wp-json\/wp\/v2\/categories?post=4277"},{"taxonomy":"post_tag","embeddable":true,"href":"http:\/\/autosdelpodio.com\/autos\/wp-json\/wp\/v2\/tags?post=4277"}],"curies":[{"name":"wp","href":"https:\/\/api.w.org\/{rel}","templated":true}]}}