{"id":430,"date":"2012-05-27T20:10:28","date_gmt":"2012-05-27T20:10:28","guid":{"rendered":"http:\/\/autosdelpodio.com\/autos\/2012\/05\/27\/juan-manuel-qcochitoq-lopez-gano-la-segunda-carrera-de-gt-open-en-nurburgring\/"},"modified":"2012-05-27T20:10:28","modified_gmt":"2012-05-27T20:10:28","slug":"juan-manuel-qcochitoq-lopez-gano-la-segunda-carrera-de-gt-open-en-nurburgring","status":"publish","type":"post","link":"http:\/\/autosdelpodio.com\/autos\/juan-manuel-qcochitoq-lopez-gano-la-segunda-carrera-de-gt-open-en-nurburgring\/","title":{"rendered":"Juan Manuel \u00abCochito\u00bb Lopez gan\u00f3 la segunda carrera de GT Open en Nurburgring."},"content":{"rendered":"<p><span style=\"font-size: x-small;\"> <\/p>\n<p style=\"text-align: justify;\">La revancha lleg\u00f3 de inmediato ya que el d\u00eda s\u00e1bado Juan Manuel L\u00f3pez y su compa\u00f1ero, el italiano Andrea Montermini, tuvieron que abandonar por un problema el\u00e9ctrico en la primera carrera de GT Open en Alemania. La competencia la gan\u00f3 el binomio conformado por los italianos Gianmar\u00eda Bruni y Federico Leo.<\/p>\n<p>  <!--more-->  <span style=\"font-size: x-small;\"> <\/p>\n<p><p style=\"text-align: justify;\">Ya enfocados en el d\u00eda Domingo, donde el binomio largo desde la 3era posici\u00f3n y a base de un gran rendimiento de la Ferrari F458 supo quedarse con la victoria en el \u00abInfierno verde\u00bb escoltados por escoltados por las duplas Michael Broniszewski &#8211; Phillipp Peter y Miguel Ramos &#8211; Raffaelle Giammaria redondeando adem\u00e1s un 1-2-3 de autos Ferrari.<\/p>\n<p style=\"text-align: justify;\">Consumadas 4 fechas, Cochito Lopez y Montermini ocupan la novena posici\u00f3n del campeonato con 29 puntos, donde lideran Marco Holzer y Nick Tandy con 54 unidades.<\/p>\n<p style=\"text-align: justify;\">La tercera fecha ser\u00e1 el 23 y 24 de junio en Spa-Francorchamps, B\u00e9lgica.<\/p>\n<\/p>\n<p> <\/span><\/span><\/p>\n<p>\u00a0<\/p>\n","protected":false},"excerpt":{"rendered":"<p>La revancha lleg\u00f3 de inmediato ya que el d\u00eda s\u00e1bado Juan Manuel L\u00f3pez y su compa\u00f1ero, el italiano Andrea Montermini,<\/p>\n","protected":false},"author":1,"featured_media":0,"comment_status":"open","ping_status":"open","sticky":false,"template":"","format":"standard","meta":{"colormag_page_container_layout":"default_layout","colormag_page_sidebar_layout":"default_layout","footnotes":""},"categories":[5],"tags":[],"class_list":["post-430","post","type-post","status-publish","format-standard","hentry","category-latest-news"],"yoast_head":"<!-- This site is optimized with the Yoast SEO plugin v27.5 - https:\/\/yoast.com\/product\/yoast-seo-wordpress\/ -->\n<title>Autos del Podio | Juan Manuel &quot;Cochito&quot; Lopez gan\u00f3 la segunda carrera de GT Open en Nurburgring.<\/title>\n<meta name=\"description\" content=\"Autos del Podio\" \/>\n<meta name=\"robots\" content=\"index, follow, max-snippet:-1, max-image-preview:large, max-video-preview:-1\" \/>\n<link rel=\"canonical\" href=\"https:\/\/autosdelpodio.com\/autos\/juan-manuel-qcochitoq-lopez-gano-la-segunda-carrera-de-gt-open-en-nurburgring\/\" \/>\n<meta property=\"og:locale\" content=\"es_ES\" \/>\n<meta property=\"og:type\" content=\"article\" \/>\n<meta property=\"og:title\" content=\"Autos del Podio | Juan Manuel &quot;Cochito&quot; Lopez gan\u00f3 la segunda carrera de GT Open en Nurburgring.\" \/>\n<meta property=\"og:description\" content=\"Autos del Podio\" \/>\n<meta property=\"og:url\" content=\"https:\/\/autosdelpodio.com\/autos\/juan-manuel-qcochitoq-lopez-gano-la-segunda-carrera-de-gt-open-en-nurburgring\/\" \/>\n<meta property=\"og:site_name\" content=\"Autos del Podio\" \/>\n<meta property=\"article:publisher\" content=\"https:\/\/www.facebook.com\/profile.php?id=100057192590976&amp;amp%3bamp%3bamp%3bamp%3bamp%3bamp%3bamp%3bamp%3bamp%3bamp%3bamp%3bamp%3bamp%3bamp%3bamp%3bamp%3bamp%3bamp%3bref=ts\" \/>\n<meta property=\"article:published_time\" content=\"2012-05-27T20:10:28+00:00\" \/>\n<meta name=\"author\" content=\"wi022230\" \/>\n<meta name=\"twitter:card\" content=\"summary_large_image\" \/>\n<meta name=\"twitter:creator\" content=\"@autosdelpodio\" \/>\n<meta name=\"twitter:site\" content=\"@autosdelpodio\" \/>\n<meta name=\"twitter:label1\" content=\"Escrito por\" \/>\n\t<meta name=\"twitter:data1\" content=\"wi022230\" \/>\n\t<meta name=\"twitter:label2\" content=\"Tiempo de lectura\" \/>\n\t<meta name=\"twitter:data2\" content=\"1 minuto\" \/>\n<script type=\"application\/ld+json\" class=\"yoast-schema-graph\">{\"@context\":\"https:\\\/\\\/schema.org\",\"@graph\":[{\"@type\":\"Article\",\"@id\":\"https:\\\/\\\/autosdelpodio.com\\\/autos\\\/juan-manuel-qcochitoq-lopez-gano-la-segunda-carrera-de-gt-open-en-nurburgring\\\/#article\",\"isPartOf\":{\"@id\":\"https:\\\/\\\/autosdelpodio.com\\\/autos\\\/juan-manuel-qcochitoq-lopez-gano-la-segunda-carrera-de-gt-open-en-nurburgring\\\/\"},\"author\":{\"name\":\"wi022230\",\"@id\":\"http:\\\/\\\/autosdelpodio.com\\\/autos\\\/#\\\/schema\\\/person\\\/e88353cabf768863fdf874e30120f3ba\"},\"headline\":\"Juan Manuel \u00abCochito\u00bb Lopez gan\u00f3 la segunda carrera de GT Open en Nurburgring.\",\"datePublished\":\"2012-05-27T20:10:28+00:00\",\"mainEntityOfPage\":{\"@id\":\"https:\\\/\\\/autosdelpodio.com\\\/autos\\\/juan-manuel-qcochitoq-lopez-gano-la-segunda-carrera-de-gt-open-en-nurburgring\\\/\"},\"wordCount\":168,\"commentCount\":0,\"publisher\":{\"@id\":\"http:\\\/\\\/autosdelpodio.com\\\/autos\\\/#organization\"},\"articleSection\":[\"\u00daltimas noticias\"],\"inLanguage\":\"es\",\"potentialAction\":[{\"@type\":\"CommentAction\",\"name\":\"Comment\",\"target\":[\"https:\\\/\\\/autosdelpodio.com\\\/autos\\\/juan-manuel-qcochitoq-lopez-gano-la-segunda-carrera-de-gt-open-en-nurburgring\\\/#respond\"]}]},{\"@type\":\"WebPage\",\"@id\":\"https:\\\/\\\/autosdelpodio.com\\\/autos\\\/juan-manuel-qcochitoq-lopez-gano-la-segunda-carrera-de-gt-open-en-nurburgring\\\/\",\"url\":\"https:\\\/\\\/autosdelpodio.com\\\/autos\\\/juan-manuel-qcochitoq-lopez-gano-la-segunda-carrera-de-gt-open-en-nurburgring\\\/\",\"name\":\"Autos del Podio | Juan Manuel \\\"Cochito\\\" Lopez gan\u00f3 la segunda carrera de GT Open en Nurburgring.\",\"isPartOf\":{\"@id\":\"http:\\\/\\\/autosdelpodio.com\\\/autos\\\/#website\"},\"datePublished\":\"2012-05-27T20:10:28+00:00\",\"description\":\"Autos del Podio\",\"breadcrumb\":{\"@id\":\"https:\\\/\\\/autosdelpodio.com\\\/autos\\\/juan-manuel-qcochitoq-lopez-gano-la-segunda-carrera-de-gt-open-en-nurburgring\\\/#breadcrumb\"},\"inLanguage\":\"es\",\"potentialAction\":[{\"@type\":\"ReadAction\",\"target\":[\"https:\\\/\\\/autosdelpodio.com\\\/autos\\\/juan-manuel-qcochitoq-lopez-gano-la-segunda-carrera-de-gt-open-en-nurburgring\\\/\"]}]},{\"@type\":\"BreadcrumbList\",\"@id\":\"https:\\\/\\\/autosdelpodio.com\\\/autos\\\/juan-manuel-qcochitoq-lopez-gano-la-segunda-carrera-de-gt-open-en-nurburgring\\\/#breadcrumb\",\"itemListElement\":[{\"@type\":\"ListItem\",\"position\":1,\"name\":\"Portada\",\"item\":\"http:\\\/\\\/autosdelpodio.com\\\/autos\\\/\"},{\"@type\":\"ListItem\",\"position\":2,\"name\":\"Juan Manuel \u00abCochito\u00bb Lopez gan\u00f3 la segunda carrera de GT Open en Nurburgring.\"}]},{\"@type\":\"WebSite\",\"@id\":\"http:\\\/\\\/autosdelpodio.com\\\/autos\\\/#website\",\"url\":\"http:\\\/\\\/autosdelpodio.com\\\/autos\\\/\",\"name\":\"Autos del Podio\",\"description\":\"La sexta del deporte motor\",\"publisher\":{\"@id\":\"http:\\\/\\\/autosdelpodio.com\\\/autos\\\/#organization\"},\"potentialAction\":[{\"@type\":\"SearchAction\",\"target\":{\"@type\":\"EntryPoint\",\"urlTemplate\":\"http:\\\/\\\/autosdelpodio.com\\\/autos\\\/?s={search_term_string}\"},\"query-input\":{\"@type\":\"PropertyValueSpecification\",\"valueRequired\":true,\"valueName\":\"search_term_string\"}}],\"inLanguage\":\"es\"},{\"@type\":\"Organization\",\"@id\":\"http:\\\/\\\/autosdelpodio.com\\\/autos\\\/#organization\",\"name\":\"Autos del Podio\",\"url\":\"http:\\\/\\\/autosdelpodio.com\\\/autos\\\/\",\"logo\":{\"@type\":\"ImageObject\",\"inLanguage\":\"es\",\"@id\":\"http:\\\/\\\/autosdelpodio.com\\\/autos\\\/#\\\/schema\\\/logo\\\/image\\\/\",\"url\":\"http:\\\/\\\/autosdelpodio.com\\\/autos\\\/wp-content\\\/uploads\\\/2020\\\/08\\\/Logo_AR.jpg\",\"contentUrl\":\"http:\\\/\\\/autosdelpodio.com\\\/autos\\\/wp-content\\\/uploads\\\/2020\\\/08\\\/Logo_AR.jpg\",\"width\":1038,\"height\":1044,\"caption\":\"Autos del Podio\"},\"image\":{\"@id\":\"http:\\\/\\\/autosdelpodio.com\\\/autos\\\/#\\\/schema\\\/logo\\\/image\\\/\"},\"sameAs\":[\"https:\\\/\\\/www.facebook.com\\\/profile.php?id=100057192590976&amp;amp;amp;amp;amp;amp;amp;amp;amp;amp;amp;amp;amp;amp;amp;amp;amp;amp;ref=ts\",\"https:\\\/\\\/x.com\\\/autosdelpodio\",\"https:\\\/\\\/www.youtube.com\\\/user\\\/AutosdelPodio\"]},{\"@type\":\"Person\",\"@id\":\"http:\\\/\\\/autosdelpodio.com\\\/autos\\\/#\\\/schema\\\/person\\\/e88353cabf768863fdf874e30120f3ba\",\"name\":\"wi022230\",\"image\":{\"@type\":\"ImageObject\",\"inLanguage\":\"es\",\"@id\":\"http:\\\/\\\/autosdelpodio.com\\\/autos\\\/wp-content\\\/litespeed\\\/avatar\\\/453fc9bdbb11d766ba4c7f14d0bd0aa9.jpg?ver=1777404874\",\"url\":\"http:\\\/\\\/autosdelpodio.com\\\/autos\\\/wp-content\\\/litespeed\\\/avatar\\\/453fc9bdbb11d766ba4c7f14d0bd0aa9.jpg?ver=1777404874\",\"contentUrl\":\"http:\\\/\\\/autosdelpodio.com\\\/autos\\\/wp-content\\\/litespeed\\\/avatar\\\/453fc9bdbb11d766ba4c7f14d0bd0aa9.jpg?ver=1777404874\",\"caption\":\"wi022230\"}}]}<\/script>\n<!-- \/ Yoast SEO plugin. -->","yoast_head_json":{"title":"Autos del Podio | Juan Manuel \"Cochito\" Lopez gan\u00f3 la segunda carrera de GT Open en Nurburgring.","description":"Autos del Podio","robots":{"index":"index","follow":"follow","max-snippet":"max-snippet:-1","max-image-preview":"max-image-preview:large","max-video-preview":"max-video-preview:-1"},"canonical":"https:\/\/autosdelpodio.com\/autos\/juan-manuel-qcochitoq-lopez-gano-la-segunda-carrera-de-gt-open-en-nurburgring\/","og_locale":"es_ES","og_type":"article","og_title":"Autos del Podio | Juan Manuel \"Cochito\" Lopez gan\u00f3 la segunda carrera de GT Open en Nurburgring.","og_description":"Autos del Podio","og_url":"https:\/\/autosdelpodio.com\/autos\/juan-manuel-qcochitoq-lopez-gano-la-segunda-carrera-de-gt-open-en-nurburgring\/","og_site_name":"Autos del Podio","article_publisher":"https:\/\/www.facebook.com\/profile.php?id=100057192590976&amp%3bamp%3bamp%3bamp%3bamp%3bamp%3bamp%3bamp%3bamp%3bamp%3bamp%3bamp%3bamp%3bamp%3bamp%3bamp%3bamp%3bamp%3bref=ts","article_published_time":"2012-05-27T20:10:28+00:00","author":"wi022230","twitter_card":"summary_large_image","twitter_creator":"@autosdelpodio","twitter_site":"@autosdelpodio","twitter_misc":{"Escrito por":"wi022230","Tiempo de lectura":"1 minuto"},"schema":{"@context":"https:\/\/schema.org","@graph":[{"@type":"Article","@id":"https:\/\/autosdelpodio.com\/autos\/juan-manuel-qcochitoq-lopez-gano-la-segunda-carrera-de-gt-open-en-nurburgring\/#article","isPartOf":{"@id":"https:\/\/autosdelpodio.com\/autos\/juan-manuel-qcochitoq-lopez-gano-la-segunda-carrera-de-gt-open-en-nurburgring\/"},"author":{"name":"wi022230","@id":"http:\/\/autosdelpodio.com\/autos\/#\/schema\/person\/e88353cabf768863fdf874e30120f3ba"},"headline":"Juan Manuel \u00abCochito\u00bb Lopez gan\u00f3 la segunda carrera de GT Open en Nurburgring.","datePublished":"2012-05-27T20:10:28+00:00","mainEntityOfPage":{"@id":"https:\/\/autosdelpodio.com\/autos\/juan-manuel-qcochitoq-lopez-gano-la-segunda-carrera-de-gt-open-en-nurburgring\/"},"wordCount":168,"commentCount":0,"publisher":{"@id":"http:\/\/autosdelpodio.com\/autos\/#organization"},"articleSection":["\u00daltimas noticias"],"inLanguage":"es","potentialAction":[{"@type":"CommentAction","name":"Comment","target":["https:\/\/autosdelpodio.com\/autos\/juan-manuel-qcochitoq-lopez-gano-la-segunda-carrera-de-gt-open-en-nurburgring\/#respond"]}]},{"@type":"WebPage","@id":"https:\/\/autosdelpodio.com\/autos\/juan-manuel-qcochitoq-lopez-gano-la-segunda-carrera-de-gt-open-en-nurburgring\/","url":"https:\/\/autosdelpodio.com\/autos\/juan-manuel-qcochitoq-lopez-gano-la-segunda-carrera-de-gt-open-en-nurburgring\/","name":"Autos del Podio | Juan Manuel \"Cochito\" Lopez gan\u00f3 la segunda carrera de GT Open en Nurburgring.","isPartOf":{"@id":"http:\/\/autosdelpodio.com\/autos\/#website"},"datePublished":"2012-05-27T20:10:28+00:00","description":"Autos del Podio","breadcrumb":{"@id":"https:\/\/autosdelpodio.com\/autos\/juan-manuel-qcochitoq-lopez-gano-la-segunda-carrera-de-gt-open-en-nurburgring\/#breadcrumb"},"inLanguage":"es","potentialAction":[{"@type":"ReadAction","target":["https:\/\/autosdelpodio.com\/autos\/juan-manuel-qcochitoq-lopez-gano-la-segunda-carrera-de-gt-open-en-nurburgring\/"]}]},{"@type":"BreadcrumbList","@id":"https:\/\/autosdelpodio.com\/autos\/juan-manuel-qcochitoq-lopez-gano-la-segunda-carrera-de-gt-open-en-nurburgring\/#breadcrumb","itemListElement":[{"@type":"ListItem","position":1,"name":"Portada","item":"http:\/\/autosdelpodio.com\/autos\/"},{"@type":"ListItem","position":2,"name":"Juan Manuel \u00abCochito\u00bb Lopez gan\u00f3 la segunda carrera de GT Open en Nurburgring."}]},{"@type":"WebSite","@id":"http:\/\/autosdelpodio.com\/autos\/#website","url":"http:\/\/autosdelpodio.com\/autos\/","name":"Autos del Podio","description":"La sexta del deporte motor","publisher":{"@id":"http:\/\/autosdelpodio.com\/autos\/#organization"},"potentialAction":[{"@type":"SearchAction","target":{"@type":"EntryPoint","urlTemplate":"http:\/\/autosdelpodio.com\/autos\/?s={search_term_string}"},"query-input":{"@type":"PropertyValueSpecification","valueRequired":true,"valueName":"search_term_string"}}],"inLanguage":"es"},{"@type":"Organization","@id":"http:\/\/autosdelpodio.com\/autos\/#organization","name":"Autos del Podio","url":"http:\/\/autosdelpodio.com\/autos\/","logo":{"@type":"ImageObject","inLanguage":"es","@id":"http:\/\/autosdelpodio.com\/autos\/#\/schema\/logo\/image\/","url":"http:\/\/autosdelpodio.com\/autos\/wp-content\/uploads\/2020\/08\/Logo_AR.jpg","contentUrl":"http:\/\/autosdelpodio.com\/autos\/wp-content\/uploads\/2020\/08\/Logo_AR.jpg","width":1038,"height":1044,"caption":"Autos del Podio"},"image":{"@id":"http:\/\/autosdelpodio.com\/autos\/#\/schema\/logo\/image\/"},"sameAs":["https:\/\/www.facebook.com\/profile.php?id=100057192590976&amp;amp;amp;amp;amp;amp;amp;amp;amp;amp;amp;amp;amp;amp;amp;amp;amp;amp;ref=ts","https:\/\/x.com\/autosdelpodio","https:\/\/www.youtube.com\/user\/AutosdelPodio"]},{"@type":"Person","@id":"http:\/\/autosdelpodio.com\/autos\/#\/schema\/person\/e88353cabf768863fdf874e30120f3ba","name":"wi022230","image":{"@type":"ImageObject","inLanguage":"es","@id":"http:\/\/autosdelpodio.com\/autos\/wp-content\/litespeed\/avatar\/453fc9bdbb11d766ba4c7f14d0bd0aa9.jpg?ver=1777404874","url":"http:\/\/autosdelpodio.com\/autos\/wp-content\/litespeed\/avatar\/453fc9bdbb11d766ba4c7f14d0bd0aa9.jpg?ver=1777404874","contentUrl":"http:\/\/autosdelpodio.com\/autos\/wp-content\/litespeed\/avatar\/453fc9bdbb11d766ba4c7f14d0bd0aa9.jpg?ver=1777404874","caption":"wi022230"}}]}},"views":477,"_links":{"self":[{"href":"http:\/\/autosdelpodio.com\/autos\/wp-json\/wp\/v2\/posts\/430","targetHints":{"allow":["GET"]}}],"collection":[{"href":"http:\/\/autosdelpodio.com\/autos\/wp-json\/wp\/v2\/posts"}],"about":[{"href":"http:\/\/autosdelpodio.com\/autos\/wp-json\/wp\/v2\/types\/post"}],"author":[{"embeddable":true,"href":"http:\/\/autosdelpodio.com\/autos\/wp-json\/wp\/v2\/users\/1"}],"replies":[{"embeddable":true,"href":"http:\/\/autosdelpodio.com\/autos\/wp-json\/wp\/v2\/comments?post=430"}],"version-history":[{"count":0,"href":"http:\/\/autosdelpodio.com\/autos\/wp-json\/wp\/v2\/posts\/430\/revisions"}],"wp:attachment":[{"href":"http:\/\/autosdelpodio.com\/autos\/wp-json\/wp\/v2\/media?parent=430"}],"wp:term":[{"taxonomy":"category","embeddable":true,"href":"http:\/\/autosdelpodio.com\/autos\/wp-json\/wp\/v2\/categories?post=430"},{"taxonomy":"post_tag","embeddable":true,"href":"http:\/\/autosdelpodio.com\/autos\/wp-json\/wp\/v2\/tags?post=430"}],"curies":[{"name":"wp","href":"https:\/\/api.w.org\/{rel}","templated":true}]}}