{"id":4300,"date":"2021-05-31T16:00:40","date_gmt":"2021-05-31T19:00:40","guid":{"rendered":"http:\/\/autosdelpodio.com\/autos\/?p=4300"},"modified":"2021-05-31T16:08:42","modified_gmt":"2021-05-31T19:08:42","slug":"la-sede-portena-de-la-actc-funcionara-como-centro-de-vacunacion-covid-19","status":"publish","type":"post","link":"http:\/\/autosdelpodio.com\/autos\/la-sede-portena-de-la-actc-funcionara-como-centro-de-vacunacion-covid-19\/","title":{"rendered":"La sede porte\u00f1a de la ACTC funcionar\u00e1 como centro de vacunaci\u00f3n Covid-19"},"content":{"rendered":"\n<p>El edificio de la calle Bogot\u00e1 emplazado en el barrio de Caballito comenzar\u00e1 sus actividades a partir del 1 de Junio.Ser\u00e1 uno de los 35 espacios de vacunaci\u00f3n fuera del \u00e1mbito hospitalario con tal fin dentro de la Ciudad Aut\u00f3noma de Buenos Aires.<\/p>\n\n\n\n<p>1. El Centro de Vacunaci\u00f3n COVID-19 tendr\u00e1 una capacidad de aplicaci\u00f3n de 350 vacunas por d\u00eda.<\/p>\n\n\n\n<p>2. El edificio est\u00e1 ubicado en la calle Bogot\u00e1 166 dentro del barrio de Caballito, Comuna 6.<\/p>\n\n\n\n<p>3. El horario de atenci\u00f3n ser\u00e1 de 9 a 17 hs.<\/p>\n\n\n\n<p>4. Las personas deben asistir con turno obtenido mediante la web del Plan de Vacunaci\u00f3n COVID-19 del Gobierno de la Ciudad.<\/p>\n\n\n\n<p>5. Al ingresar el vacunatorio podr\u00e1n realizar el check-in en cualquiera de los tres puestos disponibles.<\/p>\n\n\n\n<p>6. La sala de espera tendr\u00e1 una capacidad de hasta catorce personas.<\/p>\n\n\n\n<p>7. Habr\u00e1 5 boxes de vacunaci\u00f3n.<\/p>\n\n\n\n<p>8. Cada persona vacunada deber\u00e1 cumplir con un per\u00edodo de observaci\u00f3n de quince minutos dentro de la sala.<\/p>\n\n\n\n<p>9. Al realizar el check out en cualquiera de los cuatro puestos para egresar, recibir\u00e1n el certificado correspondiente de vacunaci\u00f3n.<\/p>\n\n\n\n<p>10. El personal de salud brindar\u00e1 una serie de recomendaciones a tener en cuenta durante las primeras horas posteriores.<\/p>\n\n\n\n<p>11. Adem\u00e1s de contar con personal m\u00e9dico y administrativo, el centro cuenta con orientadores y voluntarios para acompa\u00f1ar y asistir a quienes vayan a vacunarse.<\/p>\n\n\n\n<p>12. La propuesta y puesta en funcionamiento del nuevo vacunatorio recibi\u00f3 el apoyo de la Sede Comunal 6.<\/p>\n\n\n\n<p>13. Este nuevo centro de vacunaci\u00f3n se suma a los m\u00e1s de 344 puestos en toda la Ciudad.<\/p>\n\n\n\n<p>14. El Plan de Vacunaci\u00f3n COVID-19 cuenta con distintas etapas definidas en base a criterios epidemiol\u00f3gicos espec\u00edficos, como la exposici\u00f3n al virus o el riesgo a enfermedad grave a causa del mismo.<\/p>\n\n\n\n<p>15. En este momento el Plan se encuentra en la etapa de empadronamiento a personas con condici\u00f3n de riesgo de entre 45 y 59 a\u00f1os.<\/p>\n","protected":false},"excerpt":{"rendered":"<p>El edificio de la calle Bogot\u00e1 emplazado en el barrio de Caballito comenzar\u00e1 sus actividades a partir del 1 de<\/p>\n","protected":false},"author":3,"featured_media":0,"comment_status":"open","ping_status":"open","sticky":false,"template":"","format":"standard","meta":{"colormag_page_container_layout":"default_layout","colormag_page_sidebar_layout":"default_layout","footnotes":""},"categories":[16,5],"tags":[143,371,125,155],"class_list":["post-4300","post","type-post","status-publish","format-standard","hentry","category-recta-principal","category-latest-news","tag-actc","tag-caba","tag-covid-19","tag-juan-galvez"],"yoast_head":"<!-- This site is optimized with the Yoast SEO plugin v27.5 - https:\/\/yoast.com\/product\/yoast-seo-wordpress\/ -->\n<title>Autos del Podio | La sede porte\u00f1a de la ACTC funcionar\u00e1 como centro de vacunaci\u00f3n Covid-19<\/title>\n<meta name=\"description\" content=\"Autos del Podio Las personas deben asistir con turno previo asignado mediante sitio web oficial del Gobierno de la Ciudad de Buenos Aires.\" \/>\n<meta name=\"robots\" content=\"index, follow, max-snippet:-1, max-image-preview:large, max-video-preview:-1\" \/>\n<link rel=\"canonical\" href=\"https:\/\/autosdelpodio.com\/autos\/la-sede-portena-de-la-actc-funcionara-como-centro-de-vacunacion-covid-19\/\" \/>\n<meta property=\"og:locale\" content=\"es_ES\" \/>\n<meta property=\"og:type\" content=\"article\" \/>\n<meta property=\"og:title\" content=\"Autos del Podio | La sede porte\u00f1a de la ACTC funcionar\u00e1 como centro de vacunaci\u00f3n Covid-19\" \/>\n<meta property=\"og:description\" content=\"Autos del Podio Las personas deben asistir con turno previo asignado mediante sitio web oficial del Gobierno de la Ciudad de Buenos Aires.\" \/>\n<meta property=\"og:url\" content=\"https:\/\/autosdelpodio.com\/autos\/la-sede-portena-de-la-actc-funcionara-como-centro-de-vacunacion-covid-19\/\" \/>\n<meta property=\"og:site_name\" content=\"Autos del Podio\" \/>\n<meta property=\"article:publisher\" content=\"https:\/\/www.facebook.com\/profile.php?id=100057192590976&amp;amp%3bamp%3bamp%3bamp%3bamp%3bamp%3bamp%3bamp%3bamp%3bamp%3bamp%3bamp%3bamp%3bamp%3bamp%3bamp%3bamp%3bamp%3bref=ts\" \/>\n<meta property=\"article:published_time\" content=\"2021-05-31T19:00:40+00:00\" \/>\n<meta property=\"article:modified_time\" content=\"2021-05-31T19:08:42+00:00\" \/>\n<meta name=\"author\" content=\"autosdelpodio\" \/>\n<meta name=\"twitter:card\" content=\"summary_large_image\" \/>\n<meta name=\"twitter:creator\" content=\"@autosdelpodio\" \/>\n<meta name=\"twitter:site\" content=\"@autosdelpodio\" \/>\n<meta name=\"twitter:label1\" content=\"Escrito por\" \/>\n\t<meta name=\"twitter:data1\" content=\"autosdelpodio\" \/>\n\t<meta name=\"twitter:label2\" content=\"Tiempo de lectura\" \/>\n\t<meta name=\"twitter:data2\" content=\"2 minutos\" \/>\n<script type=\"application\/ld+json\" class=\"yoast-schema-graph\">{\"@context\":\"https:\\\/\\\/schema.org\",\"@graph\":[{\"@type\":\"Article\",\"@id\":\"https:\\\/\\\/autosdelpodio.com\\\/autos\\\/la-sede-portena-de-la-actc-funcionara-como-centro-de-vacunacion-covid-19\\\/#article\",\"isPartOf\":{\"@id\":\"https:\\\/\\\/autosdelpodio.com\\\/autos\\\/la-sede-portena-de-la-actc-funcionara-como-centro-de-vacunacion-covid-19\\\/\"},\"author\":{\"name\":\"autosdelpodio\",\"@id\":\"http:\\\/\\\/autosdelpodio.com\\\/autos\\\/#\\\/schema\\\/person\\\/993527a4d01c3acdd3d6bce3770bc942\"},\"headline\":\"La sede porte\u00f1a de la ACTC funcionar\u00e1 como centro de vacunaci\u00f3n Covid-19\",\"datePublished\":\"2021-05-31T19:00:40+00:00\",\"dateModified\":\"2021-05-31T19:08:42+00:00\",\"mainEntityOfPage\":{\"@id\":\"https:\\\/\\\/autosdelpodio.com\\\/autos\\\/la-sede-portena-de-la-actc-funcionara-como-centro-de-vacunacion-covid-19\\\/\"},\"wordCount\":329,\"commentCount\":0,\"publisher\":{\"@id\":\"http:\\\/\\\/autosdelpodio.com\\\/autos\\\/#organization\"},\"keywords\":[\"ACTC\",\"CABA\",\"COVID-19\",\"Juan Galvez\"],\"articleSection\":[\"Recta Principal\",\"\u00daltimas noticias\"],\"inLanguage\":\"es\",\"potentialAction\":[{\"@type\":\"CommentAction\",\"name\":\"Comment\",\"target\":[\"https:\\\/\\\/autosdelpodio.com\\\/autos\\\/la-sede-portena-de-la-actc-funcionara-como-centro-de-vacunacion-covid-19\\\/#respond\"]}]},{\"@type\":\"WebPage\",\"@id\":\"https:\\\/\\\/autosdelpodio.com\\\/autos\\\/la-sede-portena-de-la-actc-funcionara-como-centro-de-vacunacion-covid-19\\\/\",\"url\":\"https:\\\/\\\/autosdelpodio.com\\\/autos\\\/la-sede-portena-de-la-actc-funcionara-como-centro-de-vacunacion-covid-19\\\/\",\"name\":\"Autos del Podio | La sede porte\u00f1a de la ACTC funcionar\u00e1 como centro de vacunaci\u00f3n Covid-19\",\"isPartOf\":{\"@id\":\"http:\\\/\\\/autosdelpodio.com\\\/autos\\\/#website\"},\"datePublished\":\"2021-05-31T19:00:40+00:00\",\"dateModified\":\"2021-05-31T19:08:42+00:00\",\"description\":\"Autos del Podio Las personas deben asistir con turno previo asignado mediante sitio web oficial del Gobierno de la Ciudad de Buenos Aires.\",\"breadcrumb\":{\"@id\":\"https:\\\/\\\/autosdelpodio.com\\\/autos\\\/la-sede-portena-de-la-actc-funcionara-como-centro-de-vacunacion-covid-19\\\/#breadcrumb\"},\"inLanguage\":\"es\",\"potentialAction\":[{\"@type\":\"ReadAction\",\"target\":[\"https:\\\/\\\/autosdelpodio.com\\\/autos\\\/la-sede-portena-de-la-actc-funcionara-como-centro-de-vacunacion-covid-19\\\/\"]}]},{\"@type\":\"BreadcrumbList\",\"@id\":\"https:\\\/\\\/autosdelpodio.com\\\/autos\\\/la-sede-portena-de-la-actc-funcionara-como-centro-de-vacunacion-covid-19\\\/#breadcrumb\",\"itemListElement\":[{\"@type\":\"ListItem\",\"position\":1,\"name\":\"Portada\",\"item\":\"http:\\\/\\\/autosdelpodio.com\\\/autos\\\/\"},{\"@type\":\"ListItem\",\"position\":2,\"name\":\"La sede porte\u00f1a de la ACTC funcionar\u00e1 como centro de vacunaci\u00f3n Covid-19\"}]},{\"@type\":\"WebSite\",\"@id\":\"http:\\\/\\\/autosdelpodio.com\\\/autos\\\/#website\",\"url\":\"http:\\\/\\\/autosdelpodio.com\\\/autos\\\/\",\"name\":\"Autos del Podio\",\"description\":\"La sexta del deporte motor\",\"publisher\":{\"@id\":\"http:\\\/\\\/autosdelpodio.com\\\/autos\\\/#organization\"},\"potentialAction\":[{\"@type\":\"SearchAction\",\"target\":{\"@type\":\"EntryPoint\",\"urlTemplate\":\"http:\\\/\\\/autosdelpodio.com\\\/autos\\\/?s={search_term_string}\"},\"query-input\":{\"@type\":\"PropertyValueSpecification\",\"valueRequired\":true,\"valueName\":\"search_term_string\"}}],\"inLanguage\":\"es\"},{\"@type\":\"Organization\",\"@id\":\"http:\\\/\\\/autosdelpodio.com\\\/autos\\\/#organization\",\"name\":\"Autos del Podio\",\"url\":\"http:\\\/\\\/autosdelpodio.com\\\/autos\\\/\",\"logo\":{\"@type\":\"ImageObject\",\"inLanguage\":\"es\",\"@id\":\"http:\\\/\\\/autosdelpodio.com\\\/autos\\\/#\\\/schema\\\/logo\\\/image\\\/\",\"url\":\"http:\\\/\\\/autosdelpodio.com\\\/autos\\\/wp-content\\\/uploads\\\/2020\\\/08\\\/Logo_AR.jpg\",\"contentUrl\":\"http:\\\/\\\/autosdelpodio.com\\\/autos\\\/wp-content\\\/uploads\\\/2020\\\/08\\\/Logo_AR.jpg\",\"width\":1038,\"height\":1044,\"caption\":\"Autos del Podio\"},\"image\":{\"@id\":\"http:\\\/\\\/autosdelpodio.com\\\/autos\\\/#\\\/schema\\\/logo\\\/image\\\/\"},\"sameAs\":[\"https:\\\/\\\/www.facebook.com\\\/profile.php?id=100057192590976&amp;amp;amp;amp;amp;amp;amp;amp;amp;amp;amp;amp;amp;amp;amp;amp;amp;amp;ref=ts\",\"https:\\\/\\\/x.com\\\/autosdelpodio\",\"https:\\\/\\\/www.youtube.com\\\/user\\\/AutosdelPodio\"]},{\"@type\":\"Person\",\"@id\":\"http:\\\/\\\/autosdelpodio.com\\\/autos\\\/#\\\/schema\\\/person\\\/993527a4d01c3acdd3d6bce3770bc942\",\"name\":\"autosdelpodio\",\"image\":{\"@type\":\"ImageObject\",\"inLanguage\":\"es\",\"@id\":\"http:\\\/\\\/autosdelpodio.com\\\/autos\\\/wp-content\\\/litespeed\\\/avatar\\\/aa8f65cd201a80f6b844f63278aa84af.jpg?ver=1777403005\",\"url\":\"http:\\\/\\\/autosdelpodio.com\\\/autos\\\/wp-content\\\/litespeed\\\/avatar\\\/aa8f65cd201a80f6b844f63278aa84af.jpg?ver=1777403005\",\"contentUrl\":\"http:\\\/\\\/autosdelpodio.com\\\/autos\\\/wp-content\\\/litespeed\\\/avatar\\\/aa8f65cd201a80f6b844f63278aa84af.jpg?ver=1777403005\",\"caption\":\"autosdelpodio\"}}]}<\/script>\n<!-- \/ Yoast SEO plugin. -->","yoast_head_json":{"title":"Autos del Podio | La sede porte\u00f1a de la ACTC funcionar\u00e1 como centro de vacunaci\u00f3n Covid-19","description":"Autos del Podio Las personas deben asistir con turno previo asignado mediante sitio web oficial del Gobierno de la Ciudad de Buenos Aires.","robots":{"index":"index","follow":"follow","max-snippet":"max-snippet:-1","max-image-preview":"max-image-preview:large","max-video-preview":"max-video-preview:-1"},"canonical":"https:\/\/autosdelpodio.com\/autos\/la-sede-portena-de-la-actc-funcionara-como-centro-de-vacunacion-covid-19\/","og_locale":"es_ES","og_type":"article","og_title":"Autos del Podio | La sede porte\u00f1a de la ACTC funcionar\u00e1 como centro de vacunaci\u00f3n Covid-19","og_description":"Autos del Podio Las personas deben asistir con turno previo asignado mediante sitio web oficial del Gobierno de la Ciudad de Buenos Aires.","og_url":"https:\/\/autosdelpodio.com\/autos\/la-sede-portena-de-la-actc-funcionara-como-centro-de-vacunacion-covid-19\/","og_site_name":"Autos del Podio","article_publisher":"https:\/\/www.facebook.com\/profile.php?id=100057192590976&amp%3bamp%3bamp%3bamp%3bamp%3bamp%3bamp%3bamp%3bamp%3bamp%3bamp%3bamp%3bamp%3bamp%3bamp%3bamp%3bamp%3bamp%3bref=ts","article_published_time":"2021-05-31T19:00:40+00:00","article_modified_time":"2021-05-31T19:08:42+00:00","author":"autosdelpodio","twitter_card":"summary_large_image","twitter_creator":"@autosdelpodio","twitter_site":"@autosdelpodio","twitter_misc":{"Escrito por":"autosdelpodio","Tiempo de lectura":"2 minutos"},"schema":{"@context":"https:\/\/schema.org","@graph":[{"@type":"Article","@id":"https:\/\/autosdelpodio.com\/autos\/la-sede-portena-de-la-actc-funcionara-como-centro-de-vacunacion-covid-19\/#article","isPartOf":{"@id":"https:\/\/autosdelpodio.com\/autos\/la-sede-portena-de-la-actc-funcionara-como-centro-de-vacunacion-covid-19\/"},"author":{"name":"autosdelpodio","@id":"http:\/\/autosdelpodio.com\/autos\/#\/schema\/person\/993527a4d01c3acdd3d6bce3770bc942"},"headline":"La sede porte\u00f1a de la ACTC funcionar\u00e1 como centro de vacunaci\u00f3n Covid-19","datePublished":"2021-05-31T19:00:40+00:00","dateModified":"2021-05-31T19:08:42+00:00","mainEntityOfPage":{"@id":"https:\/\/autosdelpodio.com\/autos\/la-sede-portena-de-la-actc-funcionara-como-centro-de-vacunacion-covid-19\/"},"wordCount":329,"commentCount":0,"publisher":{"@id":"http:\/\/autosdelpodio.com\/autos\/#organization"},"keywords":["ACTC","CABA","COVID-19","Juan Galvez"],"articleSection":["Recta Principal","\u00daltimas noticias"],"inLanguage":"es","potentialAction":[{"@type":"CommentAction","name":"Comment","target":["https:\/\/autosdelpodio.com\/autos\/la-sede-portena-de-la-actc-funcionara-como-centro-de-vacunacion-covid-19\/#respond"]}]},{"@type":"WebPage","@id":"https:\/\/autosdelpodio.com\/autos\/la-sede-portena-de-la-actc-funcionara-como-centro-de-vacunacion-covid-19\/","url":"https:\/\/autosdelpodio.com\/autos\/la-sede-portena-de-la-actc-funcionara-como-centro-de-vacunacion-covid-19\/","name":"Autos del Podio | La sede porte\u00f1a de la ACTC funcionar\u00e1 como centro de vacunaci\u00f3n Covid-19","isPartOf":{"@id":"http:\/\/autosdelpodio.com\/autos\/#website"},"datePublished":"2021-05-31T19:00:40+00:00","dateModified":"2021-05-31T19:08:42+00:00","description":"Autos del Podio Las personas deben asistir con turno previo asignado mediante sitio web oficial del Gobierno de la Ciudad de Buenos Aires.","breadcrumb":{"@id":"https:\/\/autosdelpodio.com\/autos\/la-sede-portena-de-la-actc-funcionara-como-centro-de-vacunacion-covid-19\/#breadcrumb"},"inLanguage":"es","potentialAction":[{"@type":"ReadAction","target":["https:\/\/autosdelpodio.com\/autos\/la-sede-portena-de-la-actc-funcionara-como-centro-de-vacunacion-covid-19\/"]}]},{"@type":"BreadcrumbList","@id":"https:\/\/autosdelpodio.com\/autos\/la-sede-portena-de-la-actc-funcionara-como-centro-de-vacunacion-covid-19\/#breadcrumb","itemListElement":[{"@type":"ListItem","position":1,"name":"Portada","item":"http:\/\/autosdelpodio.com\/autos\/"},{"@type":"ListItem","position":2,"name":"La sede porte\u00f1a de la ACTC funcionar\u00e1 como centro de vacunaci\u00f3n Covid-19"}]},{"@type":"WebSite","@id":"http:\/\/autosdelpodio.com\/autos\/#website","url":"http:\/\/autosdelpodio.com\/autos\/","name":"Autos del Podio","description":"La sexta del deporte motor","publisher":{"@id":"http:\/\/autosdelpodio.com\/autos\/#organization"},"potentialAction":[{"@type":"SearchAction","target":{"@type":"EntryPoint","urlTemplate":"http:\/\/autosdelpodio.com\/autos\/?s={search_term_string}"},"query-input":{"@type":"PropertyValueSpecification","valueRequired":true,"valueName":"search_term_string"}}],"inLanguage":"es"},{"@type":"Organization","@id":"http:\/\/autosdelpodio.com\/autos\/#organization","name":"Autos del Podio","url":"http:\/\/autosdelpodio.com\/autos\/","logo":{"@type":"ImageObject","inLanguage":"es","@id":"http:\/\/autosdelpodio.com\/autos\/#\/schema\/logo\/image\/","url":"http:\/\/autosdelpodio.com\/autos\/wp-content\/uploads\/2020\/08\/Logo_AR.jpg","contentUrl":"http:\/\/autosdelpodio.com\/autos\/wp-content\/uploads\/2020\/08\/Logo_AR.jpg","width":1038,"height":1044,"caption":"Autos del Podio"},"image":{"@id":"http:\/\/autosdelpodio.com\/autos\/#\/schema\/logo\/image\/"},"sameAs":["https:\/\/www.facebook.com\/profile.php?id=100057192590976&amp;amp;amp;amp;amp;amp;amp;amp;amp;amp;amp;amp;amp;amp;amp;amp;amp;amp;ref=ts","https:\/\/x.com\/autosdelpodio","https:\/\/www.youtube.com\/user\/AutosdelPodio"]},{"@type":"Person","@id":"http:\/\/autosdelpodio.com\/autos\/#\/schema\/person\/993527a4d01c3acdd3d6bce3770bc942","name":"autosdelpodio","image":{"@type":"ImageObject","inLanguage":"es","@id":"http:\/\/autosdelpodio.com\/autos\/wp-content\/litespeed\/avatar\/aa8f65cd201a80f6b844f63278aa84af.jpg?ver=1777403005","url":"http:\/\/autosdelpodio.com\/autos\/wp-content\/litespeed\/avatar\/aa8f65cd201a80f6b844f63278aa84af.jpg?ver=1777403005","contentUrl":"http:\/\/autosdelpodio.com\/autos\/wp-content\/litespeed\/avatar\/aa8f65cd201a80f6b844f63278aa84af.jpg?ver=1777403005","caption":"autosdelpodio"}}]}},"views":527,"_links":{"self":[{"href":"http:\/\/autosdelpodio.com\/autos\/wp-json\/wp\/v2\/posts\/4300","targetHints":{"allow":["GET"]}}],"collection":[{"href":"http:\/\/autosdelpodio.com\/autos\/wp-json\/wp\/v2\/posts"}],"about":[{"href":"http:\/\/autosdelpodio.com\/autos\/wp-json\/wp\/v2\/types\/post"}],"author":[{"embeddable":true,"href":"http:\/\/autosdelpodio.com\/autos\/wp-json\/wp\/v2\/users\/3"}],"replies":[{"embeddable":true,"href":"http:\/\/autosdelpodio.com\/autos\/wp-json\/wp\/v2\/comments?post=4300"}],"version-history":[{"count":2,"href":"http:\/\/autosdelpodio.com\/autos\/wp-json\/wp\/v2\/posts\/4300\/revisions"}],"predecessor-version":[{"id":4302,"href":"http:\/\/autosdelpodio.com\/autos\/wp-json\/wp\/v2\/posts\/4300\/revisions\/4302"}],"wp:attachment":[{"href":"http:\/\/autosdelpodio.com\/autos\/wp-json\/wp\/v2\/media?parent=4300"}],"wp:term":[{"taxonomy":"category","embeddable":true,"href":"http:\/\/autosdelpodio.com\/autos\/wp-json\/wp\/v2\/categories?post=4300"},{"taxonomy":"post_tag","embeddable":true,"href":"http:\/\/autosdelpodio.com\/autos\/wp-json\/wp\/v2\/tags?post=4300"}],"curies":[{"name":"wp","href":"https:\/\/api.w.org\/{rel}","templated":true}]}}