{"id":4317,"date":"2021-06-04T20:13:47","date_gmt":"2021-06-04T23:13:47","guid":{"rendered":"http:\/\/autosdelpodio.com\/autos\/?p=4317"},"modified":"2021-06-04T20:13:48","modified_gmt":"2021-06-04T23:13:48","slug":"finales-anticipadas","status":"publish","type":"post","link":"http:\/\/autosdelpodio.com\/autos\/finales-anticipadas\/","title":{"rendered":"Finales anticipadas"},"content":{"rendered":"\n<p>En el Autodromo de La Plata se disputaron durante las jornadas de jueves y viernes las fechas correspondientes a las TC Pick Up, TC Mouras y TC Pista Mouras.En las camionetas tuvo su triunfo primerizo Diego Ciantini al igual que Diego Azar en el Mouras.<\/p>\n\n\n\n<p>Y en el TCPM Ramiro De Bonis se llev\u00f3 un triunfo clave que lo afianza como l\u00edder del campeonato. Ante la situaci\u00f3n sanitaria que atraviesa el pa\u00eds, en este caso la ACTC acomod\u00f3 el calendario y \u00a0pudo correr entre semana para poder el fin de llevar delante de manera optima los compromisos asumidos.E indudablemente no ser\u00e1 la unica categor\u00eda que opte por esta metodolog\u00eda, de hecho la semana venidera lo har\u00e1n <a href=\"http:\/\/autosdelpodio.com\/autos\/sede-y-fecha-confirmada\/\" target=\"_blank\" rel=\"noreferrer noopener\">el Super TC2000 junto al TRV6 en Buenos Aires<\/a> y el TN en La Plata.<\/p>\n\n\n\n<p>La pr\u00f3xima fecha del ser\u00e1 del 25 al 27 de junio en el mismo escenario platense.<\/p>\n\n\n\n<p><strong>Final TC Pick Up<\/strong><\/p>\n\n\n\n<p>1\u00b0 21 CIANTINI, DIEGO Toyota 15 28:43.565<\/p>\n\n\n\n<p>2\u00b0 122 JAKOS, ANDR\u00c9S Toyota 15 28:45.032 1.467<\/p>\n\n\n\n<p>3\u00b0 1 GIANINI, JUAN PABLO Ford 15 28:45.346 1.781<\/p>\n\n\n\n<p>4\u00b0 10 P\u00c9REZ, FEDERICO Ford 15 28:50.312 6.747<\/p>\n\n\n\n<p>5\u00b0 11 PEZZUCCHI, NICOL\u00c1S Nissan 15 28:50.612 7.047<\/p>\n\n\n\n<p>6\u00b0 83 JALAF, MAT\u00cdAS Toyota 15 28:51.120 7.555<\/p>\n\n\n\n<p>7\u00b0 27 ROSSI, GAST\u00d3N Fiat 15 28:51.276 7.711<\/p>\n\n\n\n<p>8\u00b0 152 ABASCIANO, FRANCO Toyota 15 28:54.292 10.727<\/p>\n\n\n\n<p>9\u00b0 4 MAZZACANE, GAST\u00d3N Volkswagen 15 28:55.483 11.918<\/p>\n\n\n\n<p>10\u00b0 121 DE BENEDICTIS, FRANCO Ford 15 28:56.020 12.455<\/p>\n\n\n\n<p>11\u00b0 33 MISERDA, AYRTON Volkswagen 15 28:57.427 13.862<\/p>\n\n\n\n<p>12\u00b0 2 RODR\u00cdGUEZ, MAT\u00cdAS Toyota 15 28:57.830 14.265<\/p>\n\n\n\n<p>13\u00b0 77 CARINELLI, AUGUSTO Toyota 15 29:00.202 16.637<\/p>\n\n\n\n<p>14\u00b0 188 TROSSET, NICOL\u00c1S Toyota 15 29:00.667 17.102<\/p>\n\n\n\n<p>15\u00b0 3 WERNER, MARIANO Toyota 15 29:02.483 18.918<\/p>\n\n\n\n<p>16\u00b0 157 LIMA CAPITAO, AGUST\u00cdN Fiat 15 29:05.861 22.296<\/p>\n\n\n\n<p>17\u00b0 115 DE CARLO, DIEGO Volkswagen 15 29:05.951 22.386<\/p>\n\n\n\n<p>18\u00b0 64 MORILLO, FRANCO Fiat 15 29:12.812 29.247<\/p>\n\n\n\n<p>19\u00b0 14 DOSE, CHRISTIAN Chevrolet 15 29:44.358 1:00.793<\/p>\n\n\n\n<p>20\u00b0 22 OYHANART, MARIANO Ford 15 30:25.957 1:42.392<\/p>\n\n\n\n<p>21\u00b0 69 MION, EDDY Ford 15 30:29.179 1:45.614<\/p>\n\n\n\n<p>22\u00b0 74 MART\u00cdNEZ , DIEGO Ford 14 28:52.732 1 VTA<\/p>\n\n\n\n<p>23\u00b0 88 CHIRIANO, ADRI\u00c1N Ford 14 29:22.781 1 VTA<\/p>\n\n\n\n<p>24\u00b0 126 MONTANS, FEDERICO Chevrolet 14 29:54.730 1 VTA<\/p>\n\n\n\n<p>25\u00b0 72 \u00c1LVAREZ , SANTIAGO Toyota 11 23:03.177 4 VTAS<\/p>\n\n\n\n<p>26\u00b0 79 CHAPUR, FACUNDO Nissan 8 17:22.853 7 VTAS<\/p>\n\n\n\n<p>27\u00b0 6 MART\u00cdNEZ, OMAR Ford 7 18:33.238 8 VTAS<\/p>\n\n\n\n<p>28\u00b0 12 ROSSOTTI, JUAN PABLO Nissan 2 04:50.774 13 VTAS<\/p>\n\n\n\n<p>29\u00b0 18 FERRANDO, MARIO Toyota 2 04:51.218 13 VTAS<\/p>\n\n\n\n<p><strong>Final TC Mouras<\/strong><\/p>\n\n\n\n<p>1\u00b0 110 AZAR, DIEGO Chevrolet 16 24:41.747<\/p>\n\n\n\n<p>2\u00b0 107 MART\u00cdNEZ, TOB\u00cdAS Chevrolet 16 24:43.889 2.142<\/p>\n\n\n\n<p>3\u00b0 16 GANDULIA, GABRIEL Ford 16 24:44.491 2.744<\/p>\n\n\n\n<p>4\u00b0 105 ESQUIVEL, IGNACIO Ford 16 24:55.851 14.104<\/p>\n\n\n\n<p>5\u00b0 177 PILO, JUAN PABLO Chevrolet 16 24:56.693 14.946<\/p>\n\n\n\n<p>6\u00b0 54 COTIGNOLA, LUCIANO Dodge 16 24:57.516 15.769<\/p>\n\n\n\n<p>7\u00b0 101 VALLE, LUCAS Dodge 16 25:00.656 18.909<\/p>\n\n\n\n<p>8\u00b0 71 BREZZO, TOM\u00c1S Chevrolet 16 25:06.225 24.478<\/p>\n\n\n\n<p>9\u00b0 21 BUNDZIAK, RUDI Ford 16 25:06.706 24.959<\/p>\n\n\n\n<p>10\u00b0 172 GRANJA, LUCAS Chevrolet 16 25:07.954 26.207<\/p>\n\n\n\n<p>11\u00b0 88 VICINO, LUCAS Dodge 16 25:16.145 34.398<\/p>\n\n\n\n<p>12\u00b0 129 BOCCANERA, BRUNO Chevrolet 16 25:16.526 34.779<\/p>\n\n\n\n<p>13\u00b0 108 CONTA, GREGORIO Torino 16 25:18.146 36.399<\/p>\n\n\n\n<p>14\u00b0 116 MICHELOUD, THOMAS Ford 16 25:18.799 37.052<\/p>\n\n\n\n<p>15\u00b0 197 QUIJADA, MARCOS Dodge 16 25:19.624 37.877<\/p>\n\n\n\n<p>16\u00b0 98 REINOSO, BRAIAN Ford 16 25:19.958 38.211<\/p>\n\n\n\n<p>17\u00b0 30 ABDALA, TOM\u00c1S Ford 16 25:21.222 39.475<\/p>\n\n\n\n<p>18\u00b0 113 LUG\u00d3N, RODRIGO Ford 16 25:30.431 48.684<\/p>\n\n\n\n<p>19\u00b0 46 OLIVER, AMILCAR Ford 16 25:33.717 51.970<\/p>\n\n\n\n<p>20\u00b0 146 OLMEDO, JEREM\u00cdAS Ford 16 25:39.323 57.576<\/p>\n\n\n\n<p>21\u00b0 120 FEITO , MAXIMILIANO Ford 16 26:06.659 1:24.912<\/p>\n\n\n\n<p>22\u00b0 95 MONTENEGRO, GONZALO Chevrolet 15 24:38.006 1 VTA<\/p>\n\n\n\n<p>23\u00b0 33 L\u00d3PEZ, JOS\u00c9 LUIS Ford 15 24:23.453 1 VTA<\/p>\n\n\n\n<p>24\u00b0 34 TETI, JER\u00d3NIMO Torino 15 24:51.125 1 VTA<\/p>\n\n\n\n<p>25\u00b0 28 NOWAK, LEONARDO Chevrolet 11 17:22.919 5 VTAS<\/p>\n\n\n\n<p>26\u00b0 77 MACEIRA, JUAN IGNACIO Torino 10 16:17.052 6 VTAS<\/p>\n\n\n\n<p>27\u00b0 7 VIVOT, MAXIMILIANO Chevrolet 8 12:49.058 8 VTAS<\/p>\n\n\n\n<p><strong>Final TC Pista Mouras<\/strong><\/p>\n\n\n\n<p>1\u00b0 78 DE BONIS, RAMIRO Ford 14 23:14.980<\/p>\n\n\n\n<p>2\u00b0 54 OCHOA, JOAQU\u00cdN Ford 14 23:15.952 0.972<\/p>\n\n\n\n<p>3\u00b0 123 GONNET, GER\u00d3NIMO Torino 14 23:16.493 1.513<\/p>\n\n\n\n<p>4\u00b0 101 TESTA, RENZO Ford 14 23:19.585 4.605<\/p>\n\n\n\n<p>5\u00b0 129 MEICHTRI, NICOLAS Ford 14 23:20.030 5.050<\/p>\n\n\n\n<p>6\u00b0 152 ABASCIANO, FRANCO Torino 14 23:20.961 5.981<\/p>\n\n\n\n<p>7\u00b0 88 DEAMBROSI, FRANCO Ford 14 23:21.258 6.278<\/p>\n\n\n\n<p>8\u00b0 5 BRACCO, EDUARDO Dodge 14 23:25.552 10.572<\/p>\n\n\n\n<p>9\u00b0 94 PI\u00d1EIRO, LAUTARO Dodge 14 23:26.660 11.680<\/p>\n\n\n\n<p>10\u00b0 68 PIOVANO, SANTIAGO Chevrolet 14 23:27.498 12.518<\/p>\n\n\n\n<p>11\u00b0 8 MOR\u00c1N, NICOL\u00c1S Ford 14 23:27.760 12.780<\/p>\n\n\n\n<p>12\u00b0 124 PALOTINI, LEONARDO Chevrolet 14 23:28.747 13.767<\/p>\n\n\n\n<p>13\u00b0 139 FINELLI, NICOL\u00c1S Chevrolet 14 23:32.146 17.166<\/p>\n\n\n\n<p>14\u00b0 132 BEN\u00cdTEZ, FABRIZIO Dodge 14 23:32.437 17.457<\/p>\n\n\n\n<p>15\u00b0 59 GOYA, N\u00c9STOR OMAR Ford 14 23:33.735 18.755<\/p>\n\n\n\n<p>16\u00b0 191 MART\u00cdNEZ, LUCIANO Chevrolet 14 23:34.209 19.229<\/p>\n\n\n\n<p>17\u00b0 99 EGU\u00cdA, JUAN JOS\u00c9 Ford 14 23:34.686 19.706<\/p>\n\n\n\n<p>18\u00b0 50 GUARDIA, JUAN MANUEL Dodge 14 23:37.217 22.237<\/p>\n\n\n\n<p>19\u00b0 141 SERNA, TOM\u00c1S Chevrolet 14 23:49.448 34.468<\/p>\n\n\n\n<p>20\u00b0 137 SCIALCHI, JEREM\u00cdAS Chevrolet 10 16:22.721 4 VTAS<\/p>\n\n\n\n<p>21\u00b0 55 NIMO , JUAN Chevrolet 10 23:42.205 4 VTAS<\/p>\n\n\n\n<p>22\u00b0 140 CHANSARD, GASPAR Dodge 8 12:24.638 6 VTAS<\/p>\n\n\n\n<p>23\u00b0 188 JAIME, ALBERTO DANIEL Dodge 4 06:45.720 10 VTAS<\/p>\n","protected":false},"excerpt":{"rendered":"<p>En el Autodromo de La Plata se disputaron durante las jornadas de jueves y viernes las fechas correspondientes a las<\/p>\n","protected":false},"author":3,"featured_media":0,"comment_status":"open","ping_status":"open","sticky":false,"template":"","format":"standard","meta":{"colormag_page_container_layout":"default_layout","colormag_page_sidebar_layout":"default_layout","footnotes":""},"categories":[5],"tags":[143,302,86,322,145,323],"class_list":["post-4317","post","type-post","status-publish","format-standard","hentry","category-latest-news","tag-actc","tag-la-plata","tag-pilotos-y-categorias","tag-tc-mouras","tag-tc-pick-up","tag-tcpm"],"yoast_head":"<!-- This site is optimized with the Yoast SEO plugin v27.5 - https:\/\/yoast.com\/product\/yoast-seo-wordpress\/ -->\n<title>Autos del Podio | Finales anticipadas<\/title>\n<meta name=\"description\" content=\"Autos del Podio Ante las restricciones vigentes impuestas por el DNU hubo actividad antes del fin de semana en La Plata\" \/>\n<meta name=\"robots\" content=\"index, follow, max-snippet:-1, max-image-preview:large, max-video-preview:-1\" \/>\n<link rel=\"canonical\" href=\"https:\/\/autosdelpodio.com\/autos\/finales-anticipadas\/\" \/>\n<meta property=\"og:locale\" content=\"es_ES\" \/>\n<meta property=\"og:type\" content=\"article\" \/>\n<meta property=\"og:title\" content=\"Autos del Podio | Finales anticipadas\" \/>\n<meta property=\"og:description\" content=\"Autos del Podio Ante las restricciones vigentes impuestas por el DNU hubo actividad antes del fin de semana en La Plata\" \/>\n<meta property=\"og:url\" content=\"https:\/\/autosdelpodio.com\/autos\/finales-anticipadas\/\" \/>\n<meta property=\"og:site_name\" content=\"Autos del Podio\" \/>\n<meta property=\"article:publisher\" content=\"https:\/\/www.facebook.com\/profile.php?id=100057192590976&amp;amp%3bamp%3bamp%3bamp%3bamp%3bamp%3bamp%3bamp%3bamp%3bamp%3bamp%3bamp%3bamp%3bamp%3bamp%3bamp%3bamp%3bamp%3bref=ts\" \/>\n<meta property=\"article:published_time\" content=\"2021-06-04T23:13:47+00:00\" \/>\n<meta property=\"article:modified_time\" content=\"2021-06-04T23:13:48+00:00\" \/>\n<meta name=\"author\" content=\"autosdelpodio\" \/>\n<meta name=\"twitter:card\" content=\"summary_large_image\" \/>\n<meta name=\"twitter:creator\" content=\"@autosdelpodio\" \/>\n<meta name=\"twitter:site\" content=\"@autosdelpodio\" \/>\n<meta name=\"twitter:label1\" content=\"Escrito por\" \/>\n\t<meta name=\"twitter:data1\" content=\"autosdelpodio\" \/>\n\t<meta name=\"twitter:label2\" content=\"Tiempo de lectura\" \/>\n\t<meta name=\"twitter:data2\" content=\"4 minutos\" \/>\n<script type=\"application\/ld+json\" class=\"yoast-schema-graph\">{\"@context\":\"https:\\\/\\\/schema.org\",\"@graph\":[{\"@type\":\"Article\",\"@id\":\"https:\\\/\\\/autosdelpodio.com\\\/autos\\\/finales-anticipadas\\\/#article\",\"isPartOf\":{\"@id\":\"https:\\\/\\\/autosdelpodio.com\\\/autos\\\/finales-anticipadas\\\/\"},\"author\":{\"name\":\"autosdelpodio\",\"@id\":\"http:\\\/\\\/autosdelpodio.com\\\/autos\\\/#\\\/schema\\\/person\\\/993527a4d01c3acdd3d6bce3770bc942\"},\"headline\":\"Finales anticipadas\",\"datePublished\":\"2021-06-04T23:13:47+00:00\",\"dateModified\":\"2021-06-04T23:13:48+00:00\",\"mainEntityOfPage\":{\"@id\":\"https:\\\/\\\/autosdelpodio.com\\\/autos\\\/finales-anticipadas\\\/\"},\"wordCount\":468,\"commentCount\":0,\"publisher\":{\"@id\":\"http:\\\/\\\/autosdelpodio.com\\\/autos\\\/#organization\"},\"keywords\":[\"ACTC\",\"La Plata\",\"Pilotos y Categorias\",\"TC Mouras\",\"TC Pick Up\",\"TCPM\"],\"articleSection\":[\"\u00daltimas noticias\"],\"inLanguage\":\"es\",\"potentialAction\":[{\"@type\":\"CommentAction\",\"name\":\"Comment\",\"target\":[\"https:\\\/\\\/autosdelpodio.com\\\/autos\\\/finales-anticipadas\\\/#respond\"]}]},{\"@type\":\"WebPage\",\"@id\":\"https:\\\/\\\/autosdelpodio.com\\\/autos\\\/finales-anticipadas\\\/\",\"url\":\"https:\\\/\\\/autosdelpodio.com\\\/autos\\\/finales-anticipadas\\\/\",\"name\":\"Autos del Podio | Finales anticipadas\",\"isPartOf\":{\"@id\":\"http:\\\/\\\/autosdelpodio.com\\\/autos\\\/#website\"},\"datePublished\":\"2021-06-04T23:13:47+00:00\",\"dateModified\":\"2021-06-04T23:13:48+00:00\",\"description\":\"Autos del Podio Ante las restricciones vigentes impuestas por el DNU hubo actividad antes del fin de semana en La Plata\",\"breadcrumb\":{\"@id\":\"https:\\\/\\\/autosdelpodio.com\\\/autos\\\/finales-anticipadas\\\/#breadcrumb\"},\"inLanguage\":\"es\",\"potentialAction\":[{\"@type\":\"ReadAction\",\"target\":[\"https:\\\/\\\/autosdelpodio.com\\\/autos\\\/finales-anticipadas\\\/\"]}]},{\"@type\":\"BreadcrumbList\",\"@id\":\"https:\\\/\\\/autosdelpodio.com\\\/autos\\\/finales-anticipadas\\\/#breadcrumb\",\"itemListElement\":[{\"@type\":\"ListItem\",\"position\":1,\"name\":\"Portada\",\"item\":\"http:\\\/\\\/autosdelpodio.com\\\/autos\\\/\"},{\"@type\":\"ListItem\",\"position\":2,\"name\":\"Finales anticipadas\"}]},{\"@type\":\"WebSite\",\"@id\":\"http:\\\/\\\/autosdelpodio.com\\\/autos\\\/#website\",\"url\":\"http:\\\/\\\/autosdelpodio.com\\\/autos\\\/\",\"name\":\"Autos del Podio\",\"description\":\"La sexta del deporte motor\",\"publisher\":{\"@id\":\"http:\\\/\\\/autosdelpodio.com\\\/autos\\\/#organization\"},\"potentialAction\":[{\"@type\":\"SearchAction\",\"target\":{\"@type\":\"EntryPoint\",\"urlTemplate\":\"http:\\\/\\\/autosdelpodio.com\\\/autos\\\/?s={search_term_string}\"},\"query-input\":{\"@type\":\"PropertyValueSpecification\",\"valueRequired\":true,\"valueName\":\"search_term_string\"}}],\"inLanguage\":\"es\"},{\"@type\":\"Organization\",\"@id\":\"http:\\\/\\\/autosdelpodio.com\\\/autos\\\/#organization\",\"name\":\"Autos del Podio\",\"url\":\"http:\\\/\\\/autosdelpodio.com\\\/autos\\\/\",\"logo\":{\"@type\":\"ImageObject\",\"inLanguage\":\"es\",\"@id\":\"http:\\\/\\\/autosdelpodio.com\\\/autos\\\/#\\\/schema\\\/logo\\\/image\\\/\",\"url\":\"http:\\\/\\\/autosdelpodio.com\\\/autos\\\/wp-content\\\/uploads\\\/2020\\\/08\\\/Logo_AR.jpg\",\"contentUrl\":\"http:\\\/\\\/autosdelpodio.com\\\/autos\\\/wp-content\\\/uploads\\\/2020\\\/08\\\/Logo_AR.jpg\",\"width\":1038,\"height\":1044,\"caption\":\"Autos del Podio\"},\"image\":{\"@id\":\"http:\\\/\\\/autosdelpodio.com\\\/autos\\\/#\\\/schema\\\/logo\\\/image\\\/\"},\"sameAs\":[\"https:\\\/\\\/www.facebook.com\\\/profile.php?id=100057192590976&amp;amp;amp;amp;amp;amp;amp;amp;amp;amp;amp;amp;amp;amp;amp;amp;amp;amp;ref=ts\",\"https:\\\/\\\/x.com\\\/autosdelpodio\",\"https:\\\/\\\/www.youtube.com\\\/user\\\/AutosdelPodio\"]},{\"@type\":\"Person\",\"@id\":\"http:\\\/\\\/autosdelpodio.com\\\/autos\\\/#\\\/schema\\\/person\\\/993527a4d01c3acdd3d6bce3770bc942\",\"name\":\"autosdelpodio\",\"image\":{\"@type\":\"ImageObject\",\"inLanguage\":\"es\",\"@id\":\"http:\\\/\\\/autosdelpodio.com\\\/autos\\\/wp-content\\\/litespeed\\\/avatar\\\/aa8f65cd201a80f6b844f63278aa84af.jpg?ver=1777403005\",\"url\":\"http:\\\/\\\/autosdelpodio.com\\\/autos\\\/wp-content\\\/litespeed\\\/avatar\\\/aa8f65cd201a80f6b844f63278aa84af.jpg?ver=1777403005\",\"contentUrl\":\"http:\\\/\\\/autosdelpodio.com\\\/autos\\\/wp-content\\\/litespeed\\\/avatar\\\/aa8f65cd201a80f6b844f63278aa84af.jpg?ver=1777403005\",\"caption\":\"autosdelpodio\"}}]}<\/script>\n<!-- \/ Yoast SEO plugin. -->","yoast_head_json":{"title":"Autos del Podio | Finales anticipadas","description":"Autos del Podio Ante las restricciones vigentes impuestas por el DNU hubo actividad antes del fin de semana en La Plata","robots":{"index":"index","follow":"follow","max-snippet":"max-snippet:-1","max-image-preview":"max-image-preview:large","max-video-preview":"max-video-preview:-1"},"canonical":"https:\/\/autosdelpodio.com\/autos\/finales-anticipadas\/","og_locale":"es_ES","og_type":"article","og_title":"Autos del Podio | Finales anticipadas","og_description":"Autos del Podio Ante las restricciones vigentes impuestas por el DNU hubo actividad antes del fin de semana en La Plata","og_url":"https:\/\/autosdelpodio.com\/autos\/finales-anticipadas\/","og_site_name":"Autos del Podio","article_publisher":"https:\/\/www.facebook.com\/profile.php?id=100057192590976&amp%3bamp%3bamp%3bamp%3bamp%3bamp%3bamp%3bamp%3bamp%3bamp%3bamp%3bamp%3bamp%3bamp%3bamp%3bamp%3bamp%3bamp%3bref=ts","article_published_time":"2021-06-04T23:13:47+00:00","article_modified_time":"2021-06-04T23:13:48+00:00","author":"autosdelpodio","twitter_card":"summary_large_image","twitter_creator":"@autosdelpodio","twitter_site":"@autosdelpodio","twitter_misc":{"Escrito por":"autosdelpodio","Tiempo de lectura":"4 minutos"},"schema":{"@context":"https:\/\/schema.org","@graph":[{"@type":"Article","@id":"https:\/\/autosdelpodio.com\/autos\/finales-anticipadas\/#article","isPartOf":{"@id":"https:\/\/autosdelpodio.com\/autos\/finales-anticipadas\/"},"author":{"name":"autosdelpodio","@id":"http:\/\/autosdelpodio.com\/autos\/#\/schema\/person\/993527a4d01c3acdd3d6bce3770bc942"},"headline":"Finales anticipadas","datePublished":"2021-06-04T23:13:47+00:00","dateModified":"2021-06-04T23:13:48+00:00","mainEntityOfPage":{"@id":"https:\/\/autosdelpodio.com\/autos\/finales-anticipadas\/"},"wordCount":468,"commentCount":0,"publisher":{"@id":"http:\/\/autosdelpodio.com\/autos\/#organization"},"keywords":["ACTC","La Plata","Pilotos y Categorias","TC Mouras","TC Pick Up","TCPM"],"articleSection":["\u00daltimas noticias"],"inLanguage":"es","potentialAction":[{"@type":"CommentAction","name":"Comment","target":["https:\/\/autosdelpodio.com\/autos\/finales-anticipadas\/#respond"]}]},{"@type":"WebPage","@id":"https:\/\/autosdelpodio.com\/autos\/finales-anticipadas\/","url":"https:\/\/autosdelpodio.com\/autos\/finales-anticipadas\/","name":"Autos del Podio | Finales anticipadas","isPartOf":{"@id":"http:\/\/autosdelpodio.com\/autos\/#website"},"datePublished":"2021-06-04T23:13:47+00:00","dateModified":"2021-06-04T23:13:48+00:00","description":"Autos del Podio Ante las restricciones vigentes impuestas por el DNU hubo actividad antes del fin de semana en La Plata","breadcrumb":{"@id":"https:\/\/autosdelpodio.com\/autos\/finales-anticipadas\/#breadcrumb"},"inLanguage":"es","potentialAction":[{"@type":"ReadAction","target":["https:\/\/autosdelpodio.com\/autos\/finales-anticipadas\/"]}]},{"@type":"BreadcrumbList","@id":"https:\/\/autosdelpodio.com\/autos\/finales-anticipadas\/#breadcrumb","itemListElement":[{"@type":"ListItem","position":1,"name":"Portada","item":"http:\/\/autosdelpodio.com\/autos\/"},{"@type":"ListItem","position":2,"name":"Finales anticipadas"}]},{"@type":"WebSite","@id":"http:\/\/autosdelpodio.com\/autos\/#website","url":"http:\/\/autosdelpodio.com\/autos\/","name":"Autos del Podio","description":"La sexta del deporte motor","publisher":{"@id":"http:\/\/autosdelpodio.com\/autos\/#organization"},"potentialAction":[{"@type":"SearchAction","target":{"@type":"EntryPoint","urlTemplate":"http:\/\/autosdelpodio.com\/autos\/?s={search_term_string}"},"query-input":{"@type":"PropertyValueSpecification","valueRequired":true,"valueName":"search_term_string"}}],"inLanguage":"es"},{"@type":"Organization","@id":"http:\/\/autosdelpodio.com\/autos\/#organization","name":"Autos del Podio","url":"http:\/\/autosdelpodio.com\/autos\/","logo":{"@type":"ImageObject","inLanguage":"es","@id":"http:\/\/autosdelpodio.com\/autos\/#\/schema\/logo\/image\/","url":"http:\/\/autosdelpodio.com\/autos\/wp-content\/uploads\/2020\/08\/Logo_AR.jpg","contentUrl":"http:\/\/autosdelpodio.com\/autos\/wp-content\/uploads\/2020\/08\/Logo_AR.jpg","width":1038,"height":1044,"caption":"Autos del Podio"},"image":{"@id":"http:\/\/autosdelpodio.com\/autos\/#\/schema\/logo\/image\/"},"sameAs":["https:\/\/www.facebook.com\/profile.php?id=100057192590976&amp;amp;amp;amp;amp;amp;amp;amp;amp;amp;amp;amp;amp;amp;amp;amp;amp;amp;ref=ts","https:\/\/x.com\/autosdelpodio","https:\/\/www.youtube.com\/user\/AutosdelPodio"]},{"@type":"Person","@id":"http:\/\/autosdelpodio.com\/autos\/#\/schema\/person\/993527a4d01c3acdd3d6bce3770bc942","name":"autosdelpodio","image":{"@type":"ImageObject","inLanguage":"es","@id":"http:\/\/autosdelpodio.com\/autos\/wp-content\/litespeed\/avatar\/aa8f65cd201a80f6b844f63278aa84af.jpg?ver=1777403005","url":"http:\/\/autosdelpodio.com\/autos\/wp-content\/litespeed\/avatar\/aa8f65cd201a80f6b844f63278aa84af.jpg?ver=1777403005","contentUrl":"http:\/\/autosdelpodio.com\/autos\/wp-content\/litespeed\/avatar\/aa8f65cd201a80f6b844f63278aa84af.jpg?ver=1777403005","caption":"autosdelpodio"}}]}},"views":454,"_links":{"self":[{"href":"http:\/\/autosdelpodio.com\/autos\/wp-json\/wp\/v2\/posts\/4317","targetHints":{"allow":["GET"]}}],"collection":[{"href":"http:\/\/autosdelpodio.com\/autos\/wp-json\/wp\/v2\/posts"}],"about":[{"href":"http:\/\/autosdelpodio.com\/autos\/wp-json\/wp\/v2\/types\/post"}],"author":[{"embeddable":true,"href":"http:\/\/autosdelpodio.com\/autos\/wp-json\/wp\/v2\/users\/3"}],"replies":[{"embeddable":true,"href":"http:\/\/autosdelpodio.com\/autos\/wp-json\/wp\/v2\/comments?post=4317"}],"version-history":[{"count":1,"href":"http:\/\/autosdelpodio.com\/autos\/wp-json\/wp\/v2\/posts\/4317\/revisions"}],"predecessor-version":[{"id":4318,"href":"http:\/\/autosdelpodio.com\/autos\/wp-json\/wp\/v2\/posts\/4317\/revisions\/4318"}],"wp:attachment":[{"href":"http:\/\/autosdelpodio.com\/autos\/wp-json\/wp\/v2\/media?parent=4317"}],"wp:term":[{"taxonomy":"category","embeddable":true,"href":"http:\/\/autosdelpodio.com\/autos\/wp-json\/wp\/v2\/categories?post=4317"},{"taxonomy":"post_tag","embeddable":true,"href":"http:\/\/autosdelpodio.com\/autos\/wp-json\/wp\/v2\/tags?post=4317"}],"curies":[{"name":"wp","href":"https:\/\/api.w.org\/{rel}","templated":true}]}}